{"id":3228,"date":"2022-02-22T10:40:21","date_gmt":"2022-02-22T09:40:21","guid":{"rendered":"https:\/\/www.fotografo-profesional.net\/diario\/?p=3228"},"modified":"2022-02-22T10:40:21","modified_gmt":"2022-02-22T09:40:21","slug":"sucesores-de-cuenca-muebles-antiguos","status":"publish","type":"post","link":"https:\/\/www.fotografo-profesional.net\/diario\/2022\/02\/22\/sucesores-de-cuenca-muebles-antiguos\/","title":{"rendered":"Sucesores de Cuenca. Muebles antiguos."},"content":{"rendered":"\r\n<h3>Estampas de Madrid (0104)<\/h3>\r\n<p>Sucesores de Cuenca es una tienda de muebles antiguos ubicada en el coraz\u00f3n del famoso Rastro madrile\u00f1o desde 1953. Su nombre proviene del apellido de su fundador, Blas Cuenca. Situada en el n\u00famero 13 de la Ribera de Curtidores, dicho edificio ser\u00eda construido inspirado en las famosas Galer\u00edas Piquer, ya existentes anteriormente en esa misma empinada calle. <\/p>\r\n<p>Jos\u00e9 Gonz\u00e1lez Pascual es el actual gerente de Sucesores de Cuenca; y nieto de su fundador. La diferencia de apellido de ambos se explica porque Blas Cuenca fue el segundo marido de Marta, abuela de Jos\u00e9 Gonz\u00e1lez Pascual y cuyo oficio era el de trapera. <a href=\"https:\/\/www.fotografo-profesional.net\/diario\/2021\/12\/15\/alfonso-mas-que-fotografo-una-marca\/\"><span style=\"color: #0000ff;\">Alfonso, el famoso fot\u00f3grafo<\/span><\/a>\u00a0profesional madrile\u00f1o, document\u00f3 ampliamente esta forma de ganarse la vida. <\/p>\r\n<p>Muchas personas solo conocen el Rastro de haberlo visitado y transitado durante las ma\u00f1anas de los fines de semana. Sin embargo, all\u00ed hay muchos negocios que abren todos los d\u00edas de la semana; y bastantes personas de los que los gestionan residen en el barrio. Acercarse en d\u00edas laborables te permite disfrutar con tranquilidad de los detalles que con el trasiego de gente del fin de semana te pueden pasar desapercibidos. Y disfrutar de la belleza y calidad de los muebles que Jos\u00e9 Gonz\u00e1lez Pascual vende en Sucesores de Cuenca. Tambi\u00e9n, de su conversaci\u00f3n, de escuchar sus an\u00e9cdotas, explicaciones y curiosidades relacionadas con su oficio y sus antepasados. <\/p>\r\n<p>As\u00ed, en una de las paredes hay una fotograf\u00eda de Telesforo Gonz\u00e1lez, padre de Jos\u00e9, quitando el barniz de una silla rasc\u00e1ndolo con un trozo de vidrio. Esta entretenida tarea la sigue realizando hoy en d\u00eda Jos\u00e9, quien lamenta no saber qui\u00e9n fue el fot\u00f3grafo profesional que tom\u00f3 esa fotograf\u00eda. \u201cMi padre trabaj\u00f3 duro. Muy duro\u201d, a\u00f1ade Jos\u00e9.<\/p>\r\n<p><br \/>En la entrada, el visitante se encuentra un letrero en que se le avisa de lo que no va a encontrar en Sucesores de Cuenca: <br \/><br \/><\/p>\r\n","protected":false},"excerpt":{"rendered":"<p>Estampas de Madrid (0104) Sucesores de Cuenca es una tienda de muebles antiguos ubicada en el coraz\u00f3n del famoso Rastro madrile\u00f1o desde 1953. Su nombre proviene del apellido de su fundador, Blas Cuenca. Situada en el n\u00famero 13 de la Ribera de Curtidores, dicho edificio ser\u00eda construido inspirado en las famosas Galer\u00edas Piquer, ya existentes [&hellip;]<\/p>\n","protected":false},"author":2,"featured_media":0,"comment_status":"closed","ping_status":"open","sticky":false,"template":"","format":"standard","meta":[],"categories":[46,209,48,45,406,189,172],"tags":[109,110,99,348,284,338],"yoast_head":"<!-- This site is optimized with the Yoast SEO plugin v20.8 - https:\/\/yoast.com\/wordpress\/plugins\/seo\/ -->\n<title>Sucesores de Cuenca. Muebles antiguos. - Luis Miguel del Campo<\/title>\n<meta name=\"description\" content=\"Sucesores de Cuenca es una tienda de muebles antiguos ubicada en pleno coraz\u00b4\u00f3n del Rastro madrile\u00f1o. Con calidad y buen precio\" \/>\n<meta name=\"robots\" content=\"index, follow, max-snippet:-1, max-image-preview:large, max-video-preview:-1\" \/>\n<link rel=\"canonical\" href=\"https:\/\/www.fotografo-profesional.net\/diario\/2022\/02\/22\/sucesores-de-cuenca-muebles-antiguos\/\" \/>\n<meta property=\"og:locale\" content=\"es_ES\" \/>\n<meta property=\"og:type\" content=\"article\" \/>\n<meta property=\"og:title\" content=\"Sucesores de Cuenca. Muebles antiguos. - Luis Miguel del Campo\" \/>\n<meta property=\"og:description\" content=\"Sucesores de Cuenca es una tienda de muebles antiguos ubicada en pleno coraz\u00b4\u00f3n del Rastro madrile\u00f1o. Con calidad y buen precio\" \/>\n<meta property=\"og:url\" content=\"https:\/\/www.fotografo-profesional.net\/diario\/2022\/02\/22\/sucesores-de-cuenca-muebles-antiguos\/\" \/>\n<meta property=\"og:site_name\" content=\"Luis Miguel del Campo\" \/>\n<meta property=\"article:published_time\" content=\"2022-02-22T09:40:21+00:00\" \/>\n<meta name=\"author\" content=\"Luis Miguel del Campo\" \/>\n<meta name=\"twitter:card\" content=\"summary_large_image\" \/>\n<meta name=\"twitter:label1\" content=\"Escrito por\" \/>\n\t<meta name=\"twitter:data1\" content=\"Luis Miguel del Campo\" \/>\n\t<meta name=\"twitter:label2\" content=\"Tiempo de lectura\" \/>\n\t<meta name=\"twitter:data2\" content=\"2 minutos\" \/>\n<script type=\"application\/ld+json\" class=\"yoast-schema-graph\">{\"@context\":\"https:\/\/schema.org\",\"@graph\":[{\"@type\":\"WebPage\",\"@id\":\"https:\/\/www.fotografo-profesional.net\/diario\/2022\/02\/22\/sucesores-de-cuenca-muebles-antiguos\/\",\"url\":\"https:\/\/www.fotografo-profesional.net\/diario\/2022\/02\/22\/sucesores-de-cuenca-muebles-antiguos\/\",\"name\":\"Sucesores de Cuenca. Muebles antiguos. - Luis Miguel del Campo\",\"isPartOf\":{\"@id\":\"https:\/\/www.fotografo-profesional.net\/diario\/#website\"},\"datePublished\":\"2022-02-22T09:40:21+00:00\",\"dateModified\":\"2022-02-22T09:40:21+00:00\",\"author\":{\"@id\":\"https:\/\/www.fotografo-profesional.net\/diario\/#\/schema\/person\/220504871d765b4c30a0af1d2fe93533\"},\"description\":\"Sucesores de Cuenca es una tienda de muebles antiguos ubicada en pleno coraz\u00b4\u00f3n del Rastro madrile\u00f1o. Con calidad y buen precio\",\"breadcrumb\":{\"@id\":\"https:\/\/www.fotografo-profesional.net\/diario\/2022\/02\/22\/sucesores-de-cuenca-muebles-antiguos\/#breadcrumb\"},\"inLanguage\":\"es\",\"potentialAction\":[{\"@type\":\"ReadAction\",\"target\":[\"https:\/\/www.fotografo-profesional.net\/diario\/2022\/02\/22\/sucesores-de-cuenca-muebles-antiguos\/\"]}]},{\"@type\":\"BreadcrumbList\",\"@id\":\"https:\/\/www.fotografo-profesional.net\/diario\/2022\/02\/22\/sucesores-de-cuenca-muebles-antiguos\/#breadcrumb\",\"itemListElement\":[{\"@type\":\"ListItem\",\"position\":1,\"name\":\"Inicio\",\"item\":\"https:\/\/www.fotografo-profesional.net\/diario\/\"},{\"@type\":\"ListItem\",\"position\":2,\"name\":\"Sucesores de Cuenca. Muebles antiguos.\"}]},{\"@type\":\"WebSite\",\"@id\":\"https:\/\/www.fotografo-profesional.net\/diario\/#website\",\"url\":\"https:\/\/www.fotografo-profesional.net\/diario\/\",\"name\":\"Luis Miguel del Campo\",\"description\":\"Blog de un fot\u00f3grafo profesional\",\"potentialAction\":[{\"@type\":\"SearchAction\",\"target\":{\"@type\":\"EntryPoint\",\"urlTemplate\":\"https:\/\/www.fotografo-profesional.net\/diario\/?s={search_term_string}\"},\"query-input\":\"required name=search_term_string\"}],\"inLanguage\":\"es\"},{\"@type\":\"Person\",\"@id\":\"https:\/\/www.fotografo-profesional.net\/diario\/#\/schema\/person\/220504871d765b4c30a0af1d2fe93533\",\"name\":\"Luis Miguel del Campo\",\"image\":{\"@type\":\"ImageObject\",\"inLanguage\":\"es\",\"@id\":\"https:\/\/www.fotografo-profesional.net\/diario\/#\/schema\/person\/image\/\",\"url\":\"https:\/\/secure.gravatar.com\/avatar\/84bb1120095136de86f122a882a42d61?s=96&d=mm&r=g\",\"contentUrl\":\"https:\/\/secure.gravatar.com\/avatar\/84bb1120095136de86f122a882a42d61?s=96&d=mm&r=g\",\"caption\":\"Luis Miguel del Campo\"},\"url\":\"https:\/\/www.fotografo-profesional.net\/diario\/author\/admin_lmdc\/\"}]}<\/script>\n<!-- \/ Yoast SEO plugin. -->","yoast_head_json":{"title":"Sucesores de Cuenca. Muebles antiguos. - Luis Miguel del Campo","description":"Sucesores de Cuenca es una tienda de muebles antiguos ubicada en pleno coraz\u00b4\u00f3n del Rastro madrile\u00f1o. Con calidad y buen precio","robots":{"index":"index","follow":"follow","max-snippet":"max-snippet:-1","max-image-preview":"max-image-preview:large","max-video-preview":"max-video-preview:-1"},"canonical":"https:\/\/www.fotografo-profesional.net\/diario\/2022\/02\/22\/sucesores-de-cuenca-muebles-antiguos\/","og_locale":"es_ES","og_type":"article","og_title":"Sucesores de Cuenca. Muebles antiguos. - Luis Miguel del Campo","og_description":"Sucesores de Cuenca es una tienda de muebles antiguos ubicada en pleno coraz\u00b4\u00f3n del Rastro madrile\u00f1o. Con calidad y buen precio","og_url":"https:\/\/www.fotografo-profesional.net\/diario\/2022\/02\/22\/sucesores-de-cuenca-muebles-antiguos\/","og_site_name":"Luis Miguel del Campo","article_published_time":"2022-02-22T09:40:21+00:00","author":"Luis Miguel del Campo","twitter_card":"summary_large_image","twitter_misc":{"Escrito por":"Luis Miguel del Campo","Tiempo de lectura":"2 minutos"},"schema":{"@context":"https:\/\/schema.org","@graph":[{"@type":"WebPage","@id":"https:\/\/www.fotografo-profesional.net\/diario\/2022\/02\/22\/sucesores-de-cuenca-muebles-antiguos\/","url":"https:\/\/www.fotografo-profesional.net\/diario\/2022\/02\/22\/sucesores-de-cuenca-muebles-antiguos\/","name":"Sucesores de Cuenca. Muebles antiguos. - Luis Miguel del Campo","isPartOf":{"@id":"https:\/\/www.fotografo-profesional.net\/diario\/#website"},"datePublished":"2022-02-22T09:40:21+00:00","dateModified":"2022-02-22T09:40:21+00:00","author":{"@id":"https:\/\/www.fotografo-profesional.net\/diario\/#\/schema\/person\/220504871d765b4c30a0af1d2fe93533"},"description":"Sucesores de Cuenca es una tienda de muebles antiguos ubicada en pleno coraz\u00b4\u00f3n del Rastro madrile\u00f1o. Con calidad y buen precio","breadcrumb":{"@id":"https:\/\/www.fotografo-profesional.net\/diario\/2022\/02\/22\/sucesores-de-cuenca-muebles-antiguos\/#breadcrumb"},"inLanguage":"es","potentialAction":[{"@type":"ReadAction","target":["https:\/\/www.fotografo-profesional.net\/diario\/2022\/02\/22\/sucesores-de-cuenca-muebles-antiguos\/"]}]},{"@type":"BreadcrumbList","@id":"https:\/\/www.fotografo-profesional.net\/diario\/2022\/02\/22\/sucesores-de-cuenca-muebles-antiguos\/#breadcrumb","itemListElement":[{"@type":"ListItem","position":1,"name":"Inicio","item":"https:\/\/www.fotografo-profesional.net\/diario\/"},{"@type":"ListItem","position":2,"name":"Sucesores de Cuenca. Muebles antiguos."}]},{"@type":"WebSite","@id":"https:\/\/www.fotografo-profesional.net\/diario\/#website","url":"https:\/\/www.fotografo-profesional.net\/diario\/","name":"Luis Miguel del Campo","description":"Blog de un fot\u00f3grafo profesional","potentialAction":[{"@type":"SearchAction","target":{"@type":"EntryPoint","urlTemplate":"https:\/\/www.fotografo-profesional.net\/diario\/?s={search_term_string}"},"query-input":"required name=search_term_string"}],"inLanguage":"es"},{"@type":"Person","@id":"https:\/\/www.fotografo-profesional.net\/diario\/#\/schema\/person\/220504871d765b4c30a0af1d2fe93533","name":"Luis Miguel del Campo","image":{"@type":"ImageObject","inLanguage":"es","@id":"https:\/\/www.fotografo-profesional.net\/diario\/#\/schema\/person\/image\/","url":"https:\/\/secure.gravatar.com\/avatar\/84bb1120095136de86f122a882a42d61?s=96&d=mm&r=g","contentUrl":"https:\/\/secure.gravatar.com\/avatar\/84bb1120095136de86f122a882a42d61?s=96&d=mm&r=g","caption":"Luis Miguel del Campo"},"url":"https:\/\/www.fotografo-profesional.net\/diario\/author\/admin_lmdc\/"}]}},"_links":{"self":[{"href":"https:\/\/www.fotografo-profesional.net\/diario\/wp-json\/wp\/v2\/posts\/3228"}],"collection":[{"href":"https:\/\/www.fotografo-profesional.net\/diario\/wp-json\/wp\/v2\/posts"}],"about":[{"href":"https:\/\/www.fotografo-profesional.net\/diario\/wp-json\/wp\/v2\/types\/post"}],"author":[{"embeddable":true,"href":"https:\/\/www.fotografo-profesional.net\/diario\/wp-json\/wp\/v2\/users\/2"}],"replies":[{"embeddable":true,"href":"https:\/\/www.fotografo-profesional.net\/diario\/wp-json\/wp\/v2\/comments?post=3228"}],"version-history":[{"count":2,"href":"https:\/\/www.fotografo-profesional.net\/diario\/wp-json\/wp\/v2\/posts\/3228\/revisions"}],"predecessor-version":[{"id":3232,"href":"https:\/\/www.fotografo-profesional.net\/diario\/wp-json\/wp\/v2\/posts\/3228\/revisions\/3232"}],"wp:attachment":[{"href":"https:\/\/www.fotografo-profesional.net\/diario\/wp-json\/wp\/v2\/media?parent=3228"}],"wp:term":[{"taxonomy":"category","embeddable":true,"href":"https:\/\/www.fotografo-profesional.net\/diario\/wp-json\/wp\/v2\/categories?post=3228"},{"taxonomy":"post_tag","embeddable":true,"href":"https:\/\/www.fotografo-profesional.net\/diario\/wp-json\/wp\/v2\/tags?post=3228"}],"curies":[{"name":"wp","href":"https:\/\/api.w.org\/{rel}","templated":true}]}}