{"id":3281,"date":"2022-04-20T10:17:10","date_gmt":"2022-04-20T08:17:10","guid":{"rendered":"https:\/\/www.fotografo-profesional.net\/diario\/?p=3281"},"modified":"2022-04-24T19:15:48","modified_gmt":"2022-04-24T17:15:48","slug":"farmacia-cervantes-leon-la-mas-antigua","status":"publish","type":"post","link":"https:\/\/www.fotografo-profesional.net\/diario\/2022\/04\/20\/farmacia-cervantes-leon-la-mas-antigua\/","title":{"rendered":"Farmacia Cervantes Le\u00f3n, \u00bfla m\u00e1s antigua?"},"content":{"rendered":"\r\n<h3><img decoding=\"async\" class=\"size-full wp-image-3290 aligncenter\" src=\"https:\/\/www.fotografo-profesional.net\/diario\/wp-content\/uploads\/2022\/04\/Fotografo-profesional-en-Madrid-LMC-0276.jpg\" alt=\"Fachadas de la farmacia Cervantes Le\u00f3n \" width=\"600\" height=\"400\" srcset=\"https:\/\/www.fotografo-profesional.net\/diario\/wp-content\/uploads\/2022\/04\/Fotografo-profesional-en-Madrid-LMC-0276.jpg 600w, https:\/\/www.fotografo-profesional.net\/diario\/wp-content\/uploads\/2022\/04\/Fotografo-profesional-en-Madrid-LMC-0276-300x200.jpg 300w\" sizes=\"(max-width: 600px) 100vw, 600px\" \/><\/h3>\r\n<h3>Estampas de Madrid (0105)<\/h3>\r\n<p>Es el resultado de la fusi\u00f3n comercial, en 2022, de la farmacia de la calle Cervantes con la m\u00e1s antigua de la calle del Le\u00f3n. Situada en la calle del Le\u00f3n n\u00famero 13, en el Barrio de las Letras, data del Siglo de Oro. Es considerada uno de los diez comercios m\u00e1s antiguos de la capital y, para algunos, la botica m\u00e1s antigua de Madrid.<\/p>\r\n<p>Se sabe a ciencia cierta que su existencia es anterior a 1664. La lista de propietarios conocidos empieza con Pedro Serrano, fallecido en 1700, y termina, hoy en d\u00eda, con Yolanda del Pilar Legido Atienza, propietaria actual de la farmacia Cervantes Le\u00f3n.<\/p>\r\n<p>Su fachada a dos calles es muy vistosa. Tanto que viene siendo habitual la toma de estampas fotogr\u00e1ficas por parte de alg\u00fan fot\u00f3grafo profesional que se acerque ex profeso u ocasional que pase por all\u00ed y quede sorprendido por su equilibrio y elegancia. Es de piedra y est\u00e1 decorada con algunos azulejos fabricados por Cer\u00e1mica Robles, de Puente del Arzobispo (Toledo). Los azulejos son de fondo blanco que recrean en azul cobalto la cabeza de un le\u00f3n o estampas que suceden en una antigua botica.<\/p>\r\n<p>Lo que no se aprecia desde la calle es la cueva que hay en el interior del comercio. En ella hay un pozo y un antiguo propietario instalar\u00eda un museo de utensilios antiguos de botica. Dichos utensilios se siguen conservando hasta hoy dentro de la farmacia Cervantes Le\u00f3n.<\/p>\r\n<p>La calle del Le\u00f3n, en la que se encuentra la farmacia Cervantes Le\u00f3n, era conocida como la del \u201cmentidero de los actores y representantes\u201d durante el siglo XVII, lo que se explica por su proximidad a los corrales de comedias que hab\u00eda en el barrio.<\/p>\r\n<h3>Origen probable<\/h3>\r\n<p>Sin embargo, el origen del nombre con el que ha llegado hasta nuestros d\u00edas no est\u00e1 del todo claro. Se dice que fue porque en ella viv\u00eda un extranjero que ten\u00eda un le\u00f3n enjaulado y que hac\u00eda negocio cobrando a todo el que quer\u00eda verlo. Lo que hubiera sido un interesante motivo para ser capturado por <a href=\"https:\/\/www.fotografo-profesional.net\/servicios\/\"><span style=\"color: #0000ff;\">alg\u00fan inquieto fot\u00f3grafo<\/span><\/a> profesional de haber existido este oficio en aquella \u00e9poca.<br \/><br \/><br \/><\/p>\r\n","protected":false},"excerpt":{"rendered":"<p>Estampas de Madrid (0105) Es el resultado de la fusi\u00f3n comercial, en 2022, de la farmacia de la calle Cervantes con la m\u00e1s antigua de la calle del Le\u00f3n. Situada en la calle del Le\u00f3n n\u00famero 13, en el Barrio de las Letras, data del Siglo de Oro. Es considerada uno de los diez comercios [&hellip;]<\/p>\n","protected":false},"author":2,"featured_media":3290,"comment_status":"closed","ping_status":"open","sticky":false,"template":"","format":"standard","meta":[],"categories":[209,48,45,406,172,207],"tags":[109,846,110,290,99,653,348,284,626,338,307,452],"yoast_head":"<!-- This site is optimized with the Yoast SEO plugin v20.8 - https:\/\/yoast.com\/wordpress\/plugins\/seo\/ -->\n<title>Farmacia Cervantes Le\u00f3n, \u00bfla m\u00e1s antigua? - Luis Miguel del Campo<\/title>\n<meta name=\"description\" content=\"La farmacia Cervantes Le\u00f3n se encuentra en pleno Barrio de las Letras, y es una de las boticas m\u00e1s antiguas de la capital\" \/>\n<meta name=\"robots\" content=\"index, follow, max-snippet:-1, max-image-preview:large, max-video-preview:-1\" \/>\n<link rel=\"canonical\" href=\"https:\/\/www.fotografo-profesional.net\/diario\/2022\/04\/20\/farmacia-cervantes-leon-la-mas-antigua\/\" \/>\n<meta property=\"og:locale\" content=\"es_ES\" \/>\n<meta property=\"og:type\" content=\"article\" \/>\n<meta property=\"og:title\" content=\"Farmacia Cervantes Le\u00f3n, \u00bfla m\u00e1s antigua? - Luis Miguel del Campo\" \/>\n<meta property=\"og:description\" content=\"La farmacia Cervantes Le\u00f3n se encuentra en pleno Barrio de las Letras, y es una de las boticas m\u00e1s antiguas de la capital\" \/>\n<meta property=\"og:url\" content=\"https:\/\/www.fotografo-profesional.net\/diario\/2022\/04\/20\/farmacia-cervantes-leon-la-mas-antigua\/\" \/>\n<meta property=\"og:site_name\" content=\"Luis Miguel del Campo\" \/>\n<meta property=\"article:published_time\" content=\"2022-04-20T08:17:10+00:00\" \/>\n<meta property=\"article:modified_time\" content=\"2022-04-24T17:15:48+00:00\" \/>\n<meta property=\"og:image\" content=\"https:\/\/www.fotografo-profesional.net\/diario\/wp-content\/uploads\/2022\/04\/Fotografo-profesional-en-Madrid-LMC-0276.jpg\" \/>\n\t<meta property=\"og:image:width\" content=\"600\" \/>\n\t<meta property=\"og:image:height\" content=\"400\" \/>\n\t<meta property=\"og:image:type\" content=\"image\/jpeg\" \/>\n<meta name=\"author\" content=\"Luis Miguel del Campo\" \/>\n<meta name=\"twitter:card\" content=\"summary_large_image\" \/>\n<meta name=\"twitter:label1\" content=\"Escrito por\" \/>\n\t<meta name=\"twitter:data1\" content=\"Luis Miguel del Campo\" \/>\n\t<meta name=\"twitter:label2\" content=\"Tiempo de lectura\" \/>\n\t<meta name=\"twitter:data2\" content=\"2 minutos\" \/>\n<script type=\"application\/ld+json\" class=\"yoast-schema-graph\">{\"@context\":\"https:\/\/schema.org\",\"@graph\":[{\"@type\":\"WebPage\",\"@id\":\"https:\/\/www.fotografo-profesional.net\/diario\/2022\/04\/20\/farmacia-cervantes-leon-la-mas-antigua\/\",\"url\":\"https:\/\/www.fotografo-profesional.net\/diario\/2022\/04\/20\/farmacia-cervantes-leon-la-mas-antigua\/\",\"name\":\"Farmacia Cervantes Le\u00f3n, \u00bfla m\u00e1s antigua? - Luis Miguel del Campo\",\"isPartOf\":{\"@id\":\"https:\/\/www.fotografo-profesional.net\/diario\/#website\"},\"datePublished\":\"2022-04-20T08:17:10+00:00\",\"dateModified\":\"2022-04-24T17:15:48+00:00\",\"author\":{\"@id\":\"https:\/\/www.fotografo-profesional.net\/diario\/#\/schema\/person\/220504871d765b4c30a0af1d2fe93533\"},\"description\":\"La farmacia Cervantes Le\u00f3n se encuentra en pleno Barrio de las Letras, y es una de las boticas m\u00e1s antiguas de la capital\",\"breadcrumb\":{\"@id\":\"https:\/\/www.fotografo-profesional.net\/diario\/2022\/04\/20\/farmacia-cervantes-leon-la-mas-antigua\/#breadcrumb\"},\"inLanguage\":\"es\",\"potentialAction\":[{\"@type\":\"ReadAction\",\"target\":[\"https:\/\/www.fotografo-profesional.net\/diario\/2022\/04\/20\/farmacia-cervantes-leon-la-mas-antigua\/\"]}]},{\"@type\":\"BreadcrumbList\",\"@id\":\"https:\/\/www.fotografo-profesional.net\/diario\/2022\/04\/20\/farmacia-cervantes-leon-la-mas-antigua\/#breadcrumb\",\"itemListElement\":[{\"@type\":\"ListItem\",\"position\":1,\"name\":\"Inicio\",\"item\":\"https:\/\/www.fotografo-profesional.net\/diario\/\"},{\"@type\":\"ListItem\",\"position\":2,\"name\":\"Farmacia Cervantes Le\u00f3n, \u00bfla m\u00e1s antigua?\"}]},{\"@type\":\"WebSite\",\"@id\":\"https:\/\/www.fotografo-profesional.net\/diario\/#website\",\"url\":\"https:\/\/www.fotografo-profesional.net\/diario\/\",\"name\":\"Luis Miguel del Campo\",\"description\":\"Blog de un fot\u00f3grafo profesional\",\"potentialAction\":[{\"@type\":\"SearchAction\",\"target\":{\"@type\":\"EntryPoint\",\"urlTemplate\":\"https:\/\/www.fotografo-profesional.net\/diario\/?s={search_term_string}\"},\"query-input\":\"required name=search_term_string\"}],\"inLanguage\":\"es\"},{\"@type\":\"Person\",\"@id\":\"https:\/\/www.fotografo-profesional.net\/diario\/#\/schema\/person\/220504871d765b4c30a0af1d2fe93533\",\"name\":\"Luis Miguel del Campo\",\"image\":{\"@type\":\"ImageObject\",\"inLanguage\":\"es\",\"@id\":\"https:\/\/www.fotografo-profesional.net\/diario\/#\/schema\/person\/image\/\",\"url\":\"https:\/\/secure.gravatar.com\/avatar\/84bb1120095136de86f122a882a42d61?s=96&d=mm&r=g\",\"contentUrl\":\"https:\/\/secure.gravatar.com\/avatar\/84bb1120095136de86f122a882a42d61?s=96&d=mm&r=g\",\"caption\":\"Luis Miguel del Campo\"},\"url\":\"https:\/\/www.fotografo-profesional.net\/diario\/author\/admin_lmdc\/\"}]}<\/script>\n<!-- \/ Yoast SEO plugin. -->","yoast_head_json":{"title":"Farmacia Cervantes Le\u00f3n, \u00bfla m\u00e1s antigua? - Luis Miguel del Campo","description":"La farmacia Cervantes Le\u00f3n se encuentra en pleno Barrio de las Letras, y es una de las boticas m\u00e1s antiguas de la capital","robots":{"index":"index","follow":"follow","max-snippet":"max-snippet:-1","max-image-preview":"max-image-preview:large","max-video-preview":"max-video-preview:-1"},"canonical":"https:\/\/www.fotografo-profesional.net\/diario\/2022\/04\/20\/farmacia-cervantes-leon-la-mas-antigua\/","og_locale":"es_ES","og_type":"article","og_title":"Farmacia Cervantes Le\u00f3n, \u00bfla m\u00e1s antigua? - Luis Miguel del Campo","og_description":"La farmacia Cervantes Le\u00f3n se encuentra en pleno Barrio de las Letras, y es una de las boticas m\u00e1s antiguas de la capital","og_url":"https:\/\/www.fotografo-profesional.net\/diario\/2022\/04\/20\/farmacia-cervantes-leon-la-mas-antigua\/","og_site_name":"Luis Miguel del Campo","article_published_time":"2022-04-20T08:17:10+00:00","article_modified_time":"2022-04-24T17:15:48+00:00","og_image":[{"width":600,"height":400,"url":"https:\/\/www.fotografo-profesional.net\/diario\/wp-content\/uploads\/2022\/04\/Fotografo-profesional-en-Madrid-LMC-0276.jpg","type":"image\/jpeg"}],"author":"Luis Miguel del Campo","twitter_card":"summary_large_image","twitter_misc":{"Escrito por":"Luis Miguel del Campo","Tiempo de lectura":"2 minutos"},"schema":{"@context":"https:\/\/schema.org","@graph":[{"@type":"WebPage","@id":"https:\/\/www.fotografo-profesional.net\/diario\/2022\/04\/20\/farmacia-cervantes-leon-la-mas-antigua\/","url":"https:\/\/www.fotografo-profesional.net\/diario\/2022\/04\/20\/farmacia-cervantes-leon-la-mas-antigua\/","name":"Farmacia Cervantes Le\u00f3n, \u00bfla m\u00e1s antigua? - Luis Miguel del Campo","isPartOf":{"@id":"https:\/\/www.fotografo-profesional.net\/diario\/#website"},"datePublished":"2022-04-20T08:17:10+00:00","dateModified":"2022-04-24T17:15:48+00:00","author":{"@id":"https:\/\/www.fotografo-profesional.net\/diario\/#\/schema\/person\/220504871d765b4c30a0af1d2fe93533"},"description":"La farmacia Cervantes Le\u00f3n se encuentra en pleno Barrio de las Letras, y es una de las boticas m\u00e1s antiguas de la capital","breadcrumb":{"@id":"https:\/\/www.fotografo-profesional.net\/diario\/2022\/04\/20\/farmacia-cervantes-leon-la-mas-antigua\/#breadcrumb"},"inLanguage":"es","potentialAction":[{"@type":"ReadAction","target":["https:\/\/www.fotografo-profesional.net\/diario\/2022\/04\/20\/farmacia-cervantes-leon-la-mas-antigua\/"]}]},{"@type":"BreadcrumbList","@id":"https:\/\/www.fotografo-profesional.net\/diario\/2022\/04\/20\/farmacia-cervantes-leon-la-mas-antigua\/#breadcrumb","itemListElement":[{"@type":"ListItem","position":1,"name":"Inicio","item":"https:\/\/www.fotografo-profesional.net\/diario\/"},{"@type":"ListItem","position":2,"name":"Farmacia Cervantes Le\u00f3n, \u00bfla m\u00e1s antigua?"}]},{"@type":"WebSite","@id":"https:\/\/www.fotografo-profesional.net\/diario\/#website","url":"https:\/\/www.fotografo-profesional.net\/diario\/","name":"Luis Miguel del Campo","description":"Blog de un fot\u00f3grafo profesional","potentialAction":[{"@type":"SearchAction","target":{"@type":"EntryPoint","urlTemplate":"https:\/\/www.fotografo-profesional.net\/diario\/?s={search_term_string}"},"query-input":"required name=search_term_string"}],"inLanguage":"es"},{"@type":"Person","@id":"https:\/\/www.fotografo-profesional.net\/diario\/#\/schema\/person\/220504871d765b4c30a0af1d2fe93533","name":"Luis Miguel del Campo","image":{"@type":"ImageObject","inLanguage":"es","@id":"https:\/\/www.fotografo-profesional.net\/diario\/#\/schema\/person\/image\/","url":"https:\/\/secure.gravatar.com\/avatar\/84bb1120095136de86f122a882a42d61?s=96&d=mm&r=g","contentUrl":"https:\/\/secure.gravatar.com\/avatar\/84bb1120095136de86f122a882a42d61?s=96&d=mm&r=g","caption":"Luis Miguel del Campo"},"url":"https:\/\/www.fotografo-profesional.net\/diario\/author\/admin_lmdc\/"}]}},"_links":{"self":[{"href":"https:\/\/www.fotografo-profesional.net\/diario\/wp-json\/wp\/v2\/posts\/3281"}],"collection":[{"href":"https:\/\/www.fotografo-profesional.net\/diario\/wp-json\/wp\/v2\/posts"}],"about":[{"href":"https:\/\/www.fotografo-profesional.net\/diario\/wp-json\/wp\/v2\/types\/post"}],"author":[{"embeddable":true,"href":"https:\/\/www.fotografo-profesional.net\/diario\/wp-json\/wp\/v2\/users\/2"}],"replies":[{"embeddable":true,"href":"https:\/\/www.fotografo-profesional.net\/diario\/wp-json\/wp\/v2\/comments?post=3281"}],"version-history":[{"count":4,"href":"https:\/\/www.fotografo-profesional.net\/diario\/wp-json\/wp\/v2\/posts\/3281\/revisions"}],"predecessor-version":[{"id":3291,"href":"https:\/\/www.fotografo-profesional.net\/diario\/wp-json\/wp\/v2\/posts\/3281\/revisions\/3291"}],"wp:featuredmedia":[{"embeddable":true,"href":"https:\/\/www.fotografo-profesional.net\/diario\/wp-json\/wp\/v2\/media\/3290"}],"wp:attachment":[{"href":"https:\/\/www.fotografo-profesional.net\/diario\/wp-json\/wp\/v2\/media?parent=3281"}],"wp:term":[{"taxonomy":"category","embeddable":true,"href":"https:\/\/www.fotografo-profesional.net\/diario\/wp-json\/wp\/v2\/categories?post=3281"},{"taxonomy":"post_tag","embeddable":true,"href":"https:\/\/www.fotografo-profesional.net\/diario\/wp-json\/wp\/v2\/tags?post=3281"}],"curies":[{"name":"wp","href":"https:\/\/api.w.org\/{rel}","templated":true}]}}