{"id":3297,"date":"2022-05-11T20:02:54","date_gmt":"2022-05-11T18:02:54","guid":{"rendered":"https:\/\/www.fotografo-profesional.net\/diario\/?p=3297"},"modified":"2022-05-11T20:03:57","modified_gmt":"2022-05-11T18:03:57","slug":"cinco-miradas-fotograficas-sobre-la-transicion","status":"publish","type":"post","link":"https:\/\/www.fotografo-profesional.net\/diario\/2022\/05\/11\/cinco-miradas-fotograficas-sobre-la-transicion\/","title":{"rendered":"Cinco miradas fotogr\u00e1ficas sobre la Transici\u00f3n"},"content":{"rendered":"\r\n<p><img decoding=\"async\" class=\"size-full wp-image-3301 aligncenter\" src=\"https:\/\/www.fotografo-profesional.net\/diario\/wp-content\/uploads\/2022\/05\/Fotografo-profesional-en-madrid-LMC-0277.jpg\" alt=\"Cinco miradas sobre la Transici\u00f3n\" width=\"600\" height=\"338\" srcset=\"https:\/\/www.fotografo-profesional.net\/diario\/wp-content\/uploads\/2022\/05\/Fotografo-profesional-en-madrid-LMC-0277.jpg 600w, https:\/\/www.fotografo-profesional.net\/diario\/wp-content\/uploads\/2022\/05\/Fotografo-profesional-en-madrid-LMC-0277-300x169.jpg 300w\" sizes=\"(max-width: 600px) 100vw, 600px\" \/><\/p>\r\n<p>Cinco Miradas fue el t\u00edtulo de una exposici\u00f3n fotogr\u00e1fica sobre la Transici\u00f3n pol\u00edtica espa\u00f1ola tras la muerte de Franco; y el cambio pol\u00edtico, social y cultural que se produjo en el Estadol espa\u00f1ol. Las cinco miradas fotogr\u00e1ficas corresponden a sendas fot\u00f3grafas se\u00f1eras que durante esos a\u00f1os trabajaban de fot\u00f3grafas profesionales. En concreto, <a href=\"https:\/\/www.fotografo-profesional.net\/diario\/2018\/10\/28\/jornada-de-fotoperiodismo-en-madrid\/\"><span style=\"color: #0000ff;\">de fotoperiodistas<\/span><\/a>, circunstancia poco habitual en aquellos a\u00f1os para las mujeres. Dicha muestra se pudo contemplar hasta el s\u00e1bado 7 de mayo de 2022 en<a href=\"https:\/\/centrodearte.alcobendas.org\/\"><span style=\"color: #0000ff;\"> el Centro de Arte de Alcobendas<\/span><\/a>.<\/p>\r\n<p>Se trata de cinco fot\u00f3grafas destacadas, importantes e influyentes en la historia de la fotograf\u00eda espa\u00f1ola: Pilar Aymerich, Queca Campillo, Marisa Fl\u00f3rez, Mariv\u00ed Ibarrola y Ana Torralva. Con cinco miradas muy personales.<\/p>\r\n<h3>Pilar Aymerich<\/h3>\r\n<p>Como muestra del talento que atesoran y atesoraron, baste citar los premios recibidos por las cinco. Por ejemplo, a la fot\u00f3grafa Pilar Aymerich se le otorg\u00f3 en 2021el Premio Nacional de Fotograf\u00eda como reconocimiento a su carrera profesional. Ya en 2004, esta fot\u00f3grafa hab\u00eda realizado una exposici\u00f3n destacada en el Museo de Historia de Catalu\u00f1a sobre la Transici\u00f3n espa\u00f1ola en esta comunidad aut\u00f3noma. Sus fotograf\u00edas han quedado en la memoria colectiva de muchos espa\u00f1oles.<\/p>\r\n<h3>Queca Campillo<\/h3>\r\n<p>En la obra de la fot\u00f3grafa Queca Campillo destacaron sus retratos a las principales figuras de la Transici\u00f3n durante su andadura profesional. Recibi\u00f3 el Premio Nacional de Periodismo Gr\u00e1fico en 1980. Antes hab\u00eda empezado trabajando en El Correo de Zamora y en las ediciones regionales del diario Pueblo. Tambi\u00e9n acompa\u00f1ar\u00eda a Adolfo Su\u00e1rez y a los reyes Juan Carlos y do\u00f1a Sof\u00eda en sus viajes.<\/p>\r\n<h3>Marisa Fl\u00f3rez<\/h3>\r\n<p>Marisa Fl\u00f3rez se inici\u00f3 como fotoperiodista, aunque tambi\u00e9n realizar\u00eda foto fija para el programa Estudio 1 de Televisi\u00f3n Espa\u00f1ola. Trabajar\u00eda durante cuatro d\u00e9cadas para el diario El Pa\u00eds, casi desde su fundaci\u00f3n en 1976, medio en el que tambi\u00e9n ser\u00eda redactora gr\u00e1fica. Las fotos por las que m\u00e1s se la recuerda son la de la actriz Susana Estrada con un pecho al descubierto recogiendo un premio de manos de Enrique Tierno Galv\u00e1n; Su\u00e1rez solo en el banco azul del Gobierno y la de La Pasionaria y Rafael Alberti bajando las escaleras del Congreso para ocupar su puesto. Comisari\u00f3 esta exposici\u00f3n.<\/p>\r\n<h3>Mariv\u00ed Ibarrola<\/h3>\r\n<p>De las cinco miradas, la de Mariv\u00ed Ibarrola se conoce principalmente por <a href=\"https:\/\/www.fotografo-profesional.net\/diario\/2020\/10\/27\/la-primera-movida-madrilena-segun-miguel-trillo\/\"><span style=\"color: #0000ff;\">retratar la Movida madrile\u00f1a<\/span><\/a>. En \u201cYo dispar\u00e9 en los 80\u201d ofreci\u00f3 retratos de los protagonistas de aquella \u00e9poca de cambios. Aunque a lo largo de su trayectoria de fot\u00f3grafa profesional tambi\u00e9n se centrar\u00eda en otros temas como el madrile\u00f1o barrio de Lavapi\u00e9s en los a\u00f1os 80 del siglo pasado.<\/p>\r\n<h3>Ana Torralva<\/h3>\r\n<p>La obra de Ana Torralva est\u00e1 bastante centrada en el retrato de mujeres. Sin embargo, tambi\u00e9n se dedicar\u00eda a plasmar el flamenco, uno de sus temas principales, y a otro tipo de artistas a lo largo de su carrera de fot\u00f3grafa profesional. As\u00ed, adem\u00e1s de una serie fotogr\u00e1fica sobre Camar\u00f3n, retrat\u00f3 a Almudena Grandes y a Ana Curra.<\/p>\r\n<p>En esta exposici\u00f3n, comisariada por Marisa Fl\u00f3rez, se pudo disfrutar de cinco miradas fotogr\u00e1ficas muy distintas sobre c\u00f3mo transcurrieron aquellos a\u00f1os en Espa\u00f1a desde 1975 a 1983.<br \/><br \/><\/p>\r\n","protected":false},"excerpt":{"rendered":"<p>Cinco Miradas fue el t\u00edtulo de una exposici\u00f3n fotogr\u00e1fica sobre la Transici\u00f3n pol\u00edtica espa\u00f1ola tras la muerte de Franco; y el cambio pol\u00edtico, social y cultural que se produjo en el Estadol espa\u00f1ol. Las cinco miradas fotogr\u00e1ficas corresponden a sendas fot\u00f3grafas se\u00f1eras que durante esos a\u00f1os trabajaban de fot\u00f3grafas profesionales. En concreto, de fotoperiodistas, circunstancia [&hellip;]<\/p>\n","protected":false},"author":2,"featured_media":3301,"comment_status":"closed","ping_status":"open","sticky":false,"template":"","format":"standard","meta":[],"categories":[395,257],"tags":[855,571,508,848,849,850,847,854,853,851,852,452],"yoast_head":"<!-- This site is optimized with the Yoast SEO plugin v20.8 - https:\/\/yoast.com\/wordpress\/plugins\/seo\/ -->\n<title>Cinco miradas fotogr\u00e1ficas sobre la Transici\u00f3n - Luis Miguel del Campo<\/title>\n<meta name=\"description\" content=\"Cinco miradas sobre la Transici\u00f3n espa\u00f1ola fue una exposici\u00f3n que acogi\u00f3 el Museo de Arte de Alcobendas hasta el 7 de mayo de 2022.\" \/>\n<meta name=\"robots\" content=\"index, follow, max-snippet:-1, max-image-preview:large, max-video-preview:-1\" \/>\n<link rel=\"canonical\" href=\"https:\/\/www.fotografo-profesional.net\/diario\/2022\/05\/11\/cinco-miradas-fotograficas-sobre-la-transicion\/\" \/>\n<meta property=\"og:locale\" content=\"es_ES\" \/>\n<meta property=\"og:type\" content=\"article\" \/>\n<meta property=\"og:title\" content=\"Cinco miradas fotogr\u00e1ficas sobre la Transici\u00f3n - Luis Miguel del Campo\" \/>\n<meta property=\"og:description\" content=\"Cinco miradas sobre la Transici\u00f3n espa\u00f1ola fue una exposici\u00f3n que acogi\u00f3 el Museo de Arte de Alcobendas hasta el 7 de mayo de 2022.\" \/>\n<meta property=\"og:url\" content=\"https:\/\/www.fotografo-profesional.net\/diario\/2022\/05\/11\/cinco-miradas-fotograficas-sobre-la-transicion\/\" \/>\n<meta property=\"og:site_name\" content=\"Luis Miguel del Campo\" \/>\n<meta property=\"article:published_time\" content=\"2022-05-11T18:02:54+00:00\" \/>\n<meta property=\"article:modified_time\" content=\"2022-05-11T18:03:57+00:00\" \/>\n<meta property=\"og:image\" content=\"https:\/\/www.fotografo-profesional.net\/diario\/wp-content\/uploads\/2022\/05\/Fotografo-profesional-en-madrid-LMC-0277.jpg\" \/>\n\t<meta property=\"og:image:width\" content=\"600\" \/>\n\t<meta property=\"og:image:height\" content=\"338\" \/>\n\t<meta property=\"og:image:type\" content=\"image\/jpeg\" \/>\n<meta name=\"author\" content=\"Luis Miguel del Campo\" \/>\n<meta name=\"twitter:card\" content=\"summary_large_image\" \/>\n<meta name=\"twitter:label1\" content=\"Escrito por\" \/>\n\t<meta name=\"twitter:data1\" content=\"Luis Miguel del Campo\" \/>\n\t<meta name=\"twitter:label2\" content=\"Tiempo de lectura\" \/>\n\t<meta name=\"twitter:data2\" content=\"3 minutos\" \/>\n<script type=\"application\/ld+json\" class=\"yoast-schema-graph\">{\"@context\":\"https:\/\/schema.org\",\"@graph\":[{\"@type\":\"WebPage\",\"@id\":\"https:\/\/www.fotografo-profesional.net\/diario\/2022\/05\/11\/cinco-miradas-fotograficas-sobre-la-transicion\/\",\"url\":\"https:\/\/www.fotografo-profesional.net\/diario\/2022\/05\/11\/cinco-miradas-fotograficas-sobre-la-transicion\/\",\"name\":\"Cinco miradas fotogr\u00e1ficas sobre la Transici\u00f3n - Luis Miguel del Campo\",\"isPartOf\":{\"@id\":\"https:\/\/www.fotografo-profesional.net\/diario\/#website\"},\"datePublished\":\"2022-05-11T18:02:54+00:00\",\"dateModified\":\"2022-05-11T18:03:57+00:00\",\"author\":{\"@id\":\"https:\/\/www.fotografo-profesional.net\/diario\/#\/schema\/person\/220504871d765b4c30a0af1d2fe93533\"},\"description\":\"Cinco miradas sobre la Transici\u00f3n espa\u00f1ola fue una exposici\u00f3n que acogi\u00f3 el Museo de Arte de Alcobendas hasta el 7 de mayo de 2022.\",\"breadcrumb\":{\"@id\":\"https:\/\/www.fotografo-profesional.net\/diario\/2022\/05\/11\/cinco-miradas-fotograficas-sobre-la-transicion\/#breadcrumb\"},\"inLanguage\":\"es\",\"potentialAction\":[{\"@type\":\"ReadAction\",\"target\":[\"https:\/\/www.fotografo-profesional.net\/diario\/2022\/05\/11\/cinco-miradas-fotograficas-sobre-la-transicion\/\"]}]},{\"@type\":\"BreadcrumbList\",\"@id\":\"https:\/\/www.fotografo-profesional.net\/diario\/2022\/05\/11\/cinco-miradas-fotograficas-sobre-la-transicion\/#breadcrumb\",\"itemListElement\":[{\"@type\":\"ListItem\",\"position\":1,\"name\":\"Inicio\",\"item\":\"https:\/\/www.fotografo-profesional.net\/diario\/\"},{\"@type\":\"ListItem\",\"position\":2,\"name\":\"Cinco miradas fotogr\u00e1ficas sobre la Transici\u00f3n\"}]},{\"@type\":\"WebSite\",\"@id\":\"https:\/\/www.fotografo-profesional.net\/diario\/#website\",\"url\":\"https:\/\/www.fotografo-profesional.net\/diario\/\",\"name\":\"Luis Miguel del Campo\",\"description\":\"Blog de un fot\u00f3grafo profesional\",\"potentialAction\":[{\"@type\":\"SearchAction\",\"target\":{\"@type\":\"EntryPoint\",\"urlTemplate\":\"https:\/\/www.fotografo-profesional.net\/diario\/?s={search_term_string}\"},\"query-input\":\"required name=search_term_string\"}],\"inLanguage\":\"es\"},{\"@type\":\"Person\",\"@id\":\"https:\/\/www.fotografo-profesional.net\/diario\/#\/schema\/person\/220504871d765b4c30a0af1d2fe93533\",\"name\":\"Luis Miguel del Campo\",\"image\":{\"@type\":\"ImageObject\",\"inLanguage\":\"es\",\"@id\":\"https:\/\/www.fotografo-profesional.net\/diario\/#\/schema\/person\/image\/\",\"url\":\"https:\/\/secure.gravatar.com\/avatar\/84bb1120095136de86f122a882a42d61?s=96&d=mm&r=g\",\"contentUrl\":\"https:\/\/secure.gravatar.com\/avatar\/84bb1120095136de86f122a882a42d61?s=96&d=mm&r=g\",\"caption\":\"Luis Miguel del Campo\"},\"url\":\"https:\/\/www.fotografo-profesional.net\/diario\/author\/admin_lmdc\/\"}]}<\/script>\n<!-- \/ Yoast SEO plugin. -->","yoast_head_json":{"title":"Cinco miradas fotogr\u00e1ficas sobre la Transici\u00f3n - Luis Miguel del Campo","description":"Cinco miradas sobre la Transici\u00f3n espa\u00f1ola fue una exposici\u00f3n que acogi\u00f3 el Museo de Arte de Alcobendas hasta el 7 de mayo de 2022.","robots":{"index":"index","follow":"follow","max-snippet":"max-snippet:-1","max-image-preview":"max-image-preview:large","max-video-preview":"max-video-preview:-1"},"canonical":"https:\/\/www.fotografo-profesional.net\/diario\/2022\/05\/11\/cinco-miradas-fotograficas-sobre-la-transicion\/","og_locale":"es_ES","og_type":"article","og_title":"Cinco miradas fotogr\u00e1ficas sobre la Transici\u00f3n - Luis Miguel del Campo","og_description":"Cinco miradas sobre la Transici\u00f3n espa\u00f1ola fue una exposici\u00f3n que acogi\u00f3 el Museo de Arte de Alcobendas hasta el 7 de mayo de 2022.","og_url":"https:\/\/www.fotografo-profesional.net\/diario\/2022\/05\/11\/cinco-miradas-fotograficas-sobre-la-transicion\/","og_site_name":"Luis Miguel del Campo","article_published_time":"2022-05-11T18:02:54+00:00","article_modified_time":"2022-05-11T18:03:57+00:00","og_image":[{"width":600,"height":338,"url":"https:\/\/www.fotografo-profesional.net\/diario\/wp-content\/uploads\/2022\/05\/Fotografo-profesional-en-madrid-LMC-0277.jpg","type":"image\/jpeg"}],"author":"Luis Miguel del Campo","twitter_card":"summary_large_image","twitter_misc":{"Escrito por":"Luis Miguel del Campo","Tiempo de lectura":"3 minutos"},"schema":{"@context":"https:\/\/schema.org","@graph":[{"@type":"WebPage","@id":"https:\/\/www.fotografo-profesional.net\/diario\/2022\/05\/11\/cinco-miradas-fotograficas-sobre-la-transicion\/","url":"https:\/\/www.fotografo-profesional.net\/diario\/2022\/05\/11\/cinco-miradas-fotograficas-sobre-la-transicion\/","name":"Cinco miradas fotogr\u00e1ficas sobre la Transici\u00f3n - Luis Miguel del Campo","isPartOf":{"@id":"https:\/\/www.fotografo-profesional.net\/diario\/#website"},"datePublished":"2022-05-11T18:02:54+00:00","dateModified":"2022-05-11T18:03:57+00:00","author":{"@id":"https:\/\/www.fotografo-profesional.net\/diario\/#\/schema\/person\/220504871d765b4c30a0af1d2fe93533"},"description":"Cinco miradas sobre la Transici\u00f3n espa\u00f1ola fue una exposici\u00f3n que acogi\u00f3 el Museo de Arte de Alcobendas hasta el 7 de mayo de 2022.","breadcrumb":{"@id":"https:\/\/www.fotografo-profesional.net\/diario\/2022\/05\/11\/cinco-miradas-fotograficas-sobre-la-transicion\/#breadcrumb"},"inLanguage":"es","potentialAction":[{"@type":"ReadAction","target":["https:\/\/www.fotografo-profesional.net\/diario\/2022\/05\/11\/cinco-miradas-fotograficas-sobre-la-transicion\/"]}]},{"@type":"BreadcrumbList","@id":"https:\/\/www.fotografo-profesional.net\/diario\/2022\/05\/11\/cinco-miradas-fotograficas-sobre-la-transicion\/#breadcrumb","itemListElement":[{"@type":"ListItem","position":1,"name":"Inicio","item":"https:\/\/www.fotografo-profesional.net\/diario\/"},{"@type":"ListItem","position":2,"name":"Cinco miradas fotogr\u00e1ficas sobre la Transici\u00f3n"}]},{"@type":"WebSite","@id":"https:\/\/www.fotografo-profesional.net\/diario\/#website","url":"https:\/\/www.fotografo-profesional.net\/diario\/","name":"Luis Miguel del Campo","description":"Blog de un fot\u00f3grafo profesional","potentialAction":[{"@type":"SearchAction","target":{"@type":"EntryPoint","urlTemplate":"https:\/\/www.fotografo-profesional.net\/diario\/?s={search_term_string}"},"query-input":"required name=search_term_string"}],"inLanguage":"es"},{"@type":"Person","@id":"https:\/\/www.fotografo-profesional.net\/diario\/#\/schema\/person\/220504871d765b4c30a0af1d2fe93533","name":"Luis Miguel del Campo","image":{"@type":"ImageObject","inLanguage":"es","@id":"https:\/\/www.fotografo-profesional.net\/diario\/#\/schema\/person\/image\/","url":"https:\/\/secure.gravatar.com\/avatar\/84bb1120095136de86f122a882a42d61?s=96&d=mm&r=g","contentUrl":"https:\/\/secure.gravatar.com\/avatar\/84bb1120095136de86f122a882a42d61?s=96&d=mm&r=g","caption":"Luis Miguel del Campo"},"url":"https:\/\/www.fotografo-profesional.net\/diario\/author\/admin_lmdc\/"}]}},"_links":{"self":[{"href":"https:\/\/www.fotografo-profesional.net\/diario\/wp-json\/wp\/v2\/posts\/3297"}],"collection":[{"href":"https:\/\/www.fotografo-profesional.net\/diario\/wp-json\/wp\/v2\/posts"}],"about":[{"href":"https:\/\/www.fotografo-profesional.net\/diario\/wp-json\/wp\/v2\/types\/post"}],"author":[{"embeddable":true,"href":"https:\/\/www.fotografo-profesional.net\/diario\/wp-json\/wp\/v2\/users\/2"}],"replies":[{"embeddable":true,"href":"https:\/\/www.fotografo-profesional.net\/diario\/wp-json\/wp\/v2\/comments?post=3297"}],"version-history":[{"count":3,"href":"https:\/\/www.fotografo-profesional.net\/diario\/wp-json\/wp\/v2\/posts\/3297\/revisions"}],"predecessor-version":[{"id":3303,"href":"https:\/\/www.fotografo-profesional.net\/diario\/wp-json\/wp\/v2\/posts\/3297\/revisions\/3303"}],"wp:featuredmedia":[{"embeddable":true,"href":"https:\/\/www.fotografo-profesional.net\/diario\/wp-json\/wp\/v2\/media\/3301"}],"wp:attachment":[{"href":"https:\/\/www.fotografo-profesional.net\/diario\/wp-json\/wp\/v2\/media?parent=3297"}],"wp:term":[{"taxonomy":"category","embeddable":true,"href":"https:\/\/www.fotografo-profesional.net\/diario\/wp-json\/wp\/v2\/categories?post=3297"},{"taxonomy":"post_tag","embeddable":true,"href":"https:\/\/www.fotografo-profesional.net\/diario\/wp-json\/wp\/v2\/tags?post=3297"}],"curies":[{"name":"wp","href":"https:\/\/api.w.org\/{rel}","templated":true}]}}