{"id":3312,"date":"2022-06-03T21:22:55","date_gmt":"2022-06-03T19:22:55","guid":{"rendered":"https:\/\/www.fotografo-profesional.net\/diario\/?p=3312"},"modified":"2022-06-03T21:23:54","modified_gmt":"2022-06-03T19:23:54","slug":"fotografo-low-cost-de-bodas","status":"publish","type":"post","link":"https:\/\/www.fotografo-profesional.net\/diario\/2022\/06\/03\/fotografo-low-cost-de-bodas\/","title":{"rendered":"Fot\u00f3grafo low cost de bodas"},"content":{"rendered":"\r\n<p>Un fot\u00f3grafo low cost es un profesional que hace reportajes de bodas a precios econ\u00f3micos. Tambi\u00e9n, de otras disciplinas como <a href=\"https:\/\/www.fotografo-profesional.net\/portfolio\/fotografia-de-estudio\/\"><span style=\"color: #0000ff;\">books de estudio<\/span><\/a>, <a href=\"https:\/\/www.fotografo-profesional.net\/portfolio\/fotografia-de-eventos\/\"><span style=\"color: #0000ff;\">fotograf\u00eda de congresos<\/span><\/a>, de <a href=\"https:\/\/www.fotografo-profesional.net\/diario\/2022\/03\/01\/realizacion-de-videobook-en-madrid\/\"><span style=\"color: #0000ff;\">v\u00eddeobooks<\/span><\/a> y <a href=\"https:\/\/www.fotografo-profesional.net\/diario\/2020\/06\/16\/fotografia-corporativa-de-empresa-en-madrid\/\"><span style=\"color: #0000ff;\">reuniones de empresa<\/span><\/a>\u2026 Vamos, que es un fot\u00f3grafo profesional barato, como se ha dicho toda la vida. El uso y abuso de Internet ha hecho que abunden quienes utilicen este t\u00e9rmino para calificar a los fot\u00f3grafos profesionales que son baratos. <br \/><br \/>En nuestros d\u00edas resulta muy usual buscar un fot\u00f3grafo low cost con calidad y <a href=\"https:\/\/www.fotografo-profesional.net\/diario\/2020\/07\/17\/tarifas-de-fotografo-de-bodas-barato-en-madrid\/\"><span style=\"color: #0000ff;\">buenos precios<\/span><\/a> para todo tipo de reportajes fotogr\u00e1ficos. Lo m\u00e1s importante, aparte de que sea un fot\u00f3grafo de bodas barato, es que su trabajo tenga calidad. Y los hay. Puedo asegurar que su existencia no es una leyenda m\u00e1s. Mismamente yo mismo soy un fot\u00f3grafo barato que ofrezco calidad, valga la inmodestia. En ning\u00fan momento he dicho, ni dir\u00e9, que soy el mejor. Tampoco, el fot\u00f3grafo de bodas m\u00e1s barato; o el fot\u00f3grafo m\u00e1s low cost. \u00bfEst\u00e1 bien dicho as\u00ed o es una modernez esnob? <br \/><br \/>Como quiera que se diga, la calidad y los buenos precios de los fot\u00f3grafos profesionales se comprueban f\u00e1cilmente visitando <a href=\"https:\/\/www.fotografo-profesional.net\/portfolio\/\"><span style=\"color: #0000ff;\">sus p\u00e1ginas web<\/span><\/a>. Y a\u00f1ado lo de que se trate de un fot\u00f3grafo profesional porque es una circunstancia muy a tener en cuenta. Y que garantiza en un tanto por ciento muy elevado las posibilidades de obtener un trabajo de calidad. El tanto por ciento restante para estar seguro de acertar a la hora de contratar un fot\u00f3grafo low cost se consigue despu\u00e9s. \u00bfC\u00f3mo? Visitando personalmente a los candidatos elegidos para \u201ctocar su trabajo\u201d. Es decir, ver y tocar las ampliaciones en papel de buen tama\u00f1o de las fotograf\u00edas que expone en su porfolio de Internet.<\/p>\r\n<p>Ser\u00e1 a partir de la comprobaci\u00f3n f\u00edsica cuando podr\u00e9is estar seguros de que hab\u00e9is elegido el fot\u00f3grafo adecuado.\u00a0\u00a0<\/p>\r\n","protected":false},"excerpt":{"rendered":"<p>Un fot\u00f3grafo low cost es un profesional que hace reportajes de bodas a precios econ\u00f3micos. Tambi\u00e9n, de otras disciplinas como books de estudio, fotograf\u00eda de congresos, de v\u00eddeobooks y reuniones de empresa\u2026 Vamos, que es un fot\u00f3grafo profesional barato, como se ha dicho toda la vida. El uso y abuso de Internet ha hecho que [&hellip;]<\/p>\n","protected":false},"author":2,"featured_media":0,"comment_status":"closed","ping_status":"open","sticky":false,"template":"","format":"standard","meta":[],"categories":[175,254,255,45,406,172,207],"tags":[315,464,290,486,430,291,99,653,348,284,626,338,454],"yoast_head":"<!-- This site is optimized with the Yoast SEO plugin v20.8 - https:\/\/yoast.com\/wordpress\/plugins\/seo\/ -->\n<title>Fot\u00f3grafo low cost de bodas - Luis Miguel del Campo<\/title>\n<meta name=\"description\" content=\"Posiblemente todav\u00eda habr\u00e1 algunas personas que no sepan qu\u00e9 es un fot\u00f3grafo low cost. Y otras, que sabi\u00e9ndolo, aborrezcan el t\u00e9rmino\" \/>\n<meta name=\"robots\" content=\"index, follow, max-snippet:-1, max-image-preview:large, max-video-preview:-1\" \/>\n<link rel=\"canonical\" href=\"https:\/\/www.fotografo-profesional.net\/diario\/2022\/06\/03\/fotografo-low-cost-de-bodas\/\" \/>\n<meta property=\"og:locale\" content=\"es_ES\" \/>\n<meta property=\"og:type\" content=\"article\" \/>\n<meta property=\"og:title\" content=\"Fot\u00f3grafo low cost de bodas - Luis Miguel del Campo\" \/>\n<meta property=\"og:description\" content=\"Posiblemente todav\u00eda habr\u00e1 algunas personas que no sepan qu\u00e9 es un fot\u00f3grafo low cost. Y otras, que sabi\u00e9ndolo, aborrezcan el t\u00e9rmino\" \/>\n<meta property=\"og:url\" content=\"https:\/\/www.fotografo-profesional.net\/diario\/2022\/06\/03\/fotografo-low-cost-de-bodas\/\" \/>\n<meta property=\"og:site_name\" content=\"Luis Miguel del Campo\" \/>\n<meta property=\"article:published_time\" content=\"2022-06-03T19:22:55+00:00\" \/>\n<meta property=\"article:modified_time\" content=\"2022-06-03T19:23:54+00:00\" \/>\n<meta name=\"author\" content=\"Luis Miguel del Campo\" \/>\n<meta name=\"twitter:card\" content=\"summary_large_image\" \/>\n<meta name=\"twitter:label1\" content=\"Escrito por\" \/>\n\t<meta name=\"twitter:data1\" content=\"Luis Miguel del Campo\" \/>\n\t<meta name=\"twitter:label2\" content=\"Tiempo de lectura\" \/>\n\t<meta name=\"twitter:data2\" content=\"2 minutos\" \/>\n<script type=\"application\/ld+json\" class=\"yoast-schema-graph\">{\"@context\":\"https:\/\/schema.org\",\"@graph\":[{\"@type\":\"WebPage\",\"@id\":\"https:\/\/www.fotografo-profesional.net\/diario\/2022\/06\/03\/fotografo-low-cost-de-bodas\/\",\"url\":\"https:\/\/www.fotografo-profesional.net\/diario\/2022\/06\/03\/fotografo-low-cost-de-bodas\/\",\"name\":\"Fot\u00f3grafo low cost de bodas - Luis Miguel del Campo\",\"isPartOf\":{\"@id\":\"https:\/\/www.fotografo-profesional.net\/diario\/#website\"},\"datePublished\":\"2022-06-03T19:22:55+00:00\",\"dateModified\":\"2022-06-03T19:23:54+00:00\",\"author\":{\"@id\":\"https:\/\/www.fotografo-profesional.net\/diario\/#\/schema\/person\/220504871d765b4c30a0af1d2fe93533\"},\"description\":\"Posiblemente todav\u00eda habr\u00e1 algunas personas que no sepan qu\u00e9 es un fot\u00f3grafo low cost. Y otras, que sabi\u00e9ndolo, aborrezcan el t\u00e9rmino\",\"breadcrumb\":{\"@id\":\"https:\/\/www.fotografo-profesional.net\/diario\/2022\/06\/03\/fotografo-low-cost-de-bodas\/#breadcrumb\"},\"inLanguage\":\"es\",\"potentialAction\":[{\"@type\":\"ReadAction\",\"target\":[\"https:\/\/www.fotografo-profesional.net\/diario\/2022\/06\/03\/fotografo-low-cost-de-bodas\/\"]}]},{\"@type\":\"BreadcrumbList\",\"@id\":\"https:\/\/www.fotografo-profesional.net\/diario\/2022\/06\/03\/fotografo-low-cost-de-bodas\/#breadcrumb\",\"itemListElement\":[{\"@type\":\"ListItem\",\"position\":1,\"name\":\"Inicio\",\"item\":\"https:\/\/www.fotografo-profesional.net\/diario\/\"},{\"@type\":\"ListItem\",\"position\":2,\"name\":\"Fot\u00f3grafo low cost de bodas\"}]},{\"@type\":\"WebSite\",\"@id\":\"https:\/\/www.fotografo-profesional.net\/diario\/#website\",\"url\":\"https:\/\/www.fotografo-profesional.net\/diario\/\",\"name\":\"Luis Miguel del Campo\",\"description\":\"Blog de un fot\u00f3grafo profesional\",\"potentialAction\":[{\"@type\":\"SearchAction\",\"target\":{\"@type\":\"EntryPoint\",\"urlTemplate\":\"https:\/\/www.fotografo-profesional.net\/diario\/?s={search_term_string}\"},\"query-input\":\"required name=search_term_string\"}],\"inLanguage\":\"es\"},{\"@type\":\"Person\",\"@id\":\"https:\/\/www.fotografo-profesional.net\/diario\/#\/schema\/person\/220504871d765b4c30a0af1d2fe93533\",\"name\":\"Luis Miguel del Campo\",\"image\":{\"@type\":\"ImageObject\",\"inLanguage\":\"es\",\"@id\":\"https:\/\/www.fotografo-profesional.net\/diario\/#\/schema\/person\/image\/\",\"url\":\"https:\/\/secure.gravatar.com\/avatar\/84bb1120095136de86f122a882a42d61?s=96&d=mm&r=g\",\"contentUrl\":\"https:\/\/secure.gravatar.com\/avatar\/84bb1120095136de86f122a882a42d61?s=96&d=mm&r=g\",\"caption\":\"Luis Miguel del Campo\"},\"url\":\"https:\/\/www.fotografo-profesional.net\/diario\/author\/admin_lmdc\/\"}]}<\/script>\n<!-- \/ Yoast SEO plugin. -->","yoast_head_json":{"title":"Fot\u00f3grafo low cost de bodas - Luis Miguel del Campo","description":"Posiblemente todav\u00eda habr\u00e1 algunas personas que no sepan qu\u00e9 es un fot\u00f3grafo low cost. Y otras, que sabi\u00e9ndolo, aborrezcan el t\u00e9rmino","robots":{"index":"index","follow":"follow","max-snippet":"max-snippet:-1","max-image-preview":"max-image-preview:large","max-video-preview":"max-video-preview:-1"},"canonical":"https:\/\/www.fotografo-profesional.net\/diario\/2022\/06\/03\/fotografo-low-cost-de-bodas\/","og_locale":"es_ES","og_type":"article","og_title":"Fot\u00f3grafo low cost de bodas - Luis Miguel del Campo","og_description":"Posiblemente todav\u00eda habr\u00e1 algunas personas que no sepan qu\u00e9 es un fot\u00f3grafo low cost. Y otras, que sabi\u00e9ndolo, aborrezcan el t\u00e9rmino","og_url":"https:\/\/www.fotografo-profesional.net\/diario\/2022\/06\/03\/fotografo-low-cost-de-bodas\/","og_site_name":"Luis Miguel del Campo","article_published_time":"2022-06-03T19:22:55+00:00","article_modified_time":"2022-06-03T19:23:54+00:00","author":"Luis Miguel del Campo","twitter_card":"summary_large_image","twitter_misc":{"Escrito por":"Luis Miguel del Campo","Tiempo de lectura":"2 minutos"},"schema":{"@context":"https:\/\/schema.org","@graph":[{"@type":"WebPage","@id":"https:\/\/www.fotografo-profesional.net\/diario\/2022\/06\/03\/fotografo-low-cost-de-bodas\/","url":"https:\/\/www.fotografo-profesional.net\/diario\/2022\/06\/03\/fotografo-low-cost-de-bodas\/","name":"Fot\u00f3grafo low cost de bodas - Luis Miguel del Campo","isPartOf":{"@id":"https:\/\/www.fotografo-profesional.net\/diario\/#website"},"datePublished":"2022-06-03T19:22:55+00:00","dateModified":"2022-06-03T19:23:54+00:00","author":{"@id":"https:\/\/www.fotografo-profesional.net\/diario\/#\/schema\/person\/220504871d765b4c30a0af1d2fe93533"},"description":"Posiblemente todav\u00eda habr\u00e1 algunas personas que no sepan qu\u00e9 es un fot\u00f3grafo low cost. Y otras, que sabi\u00e9ndolo, aborrezcan el t\u00e9rmino","breadcrumb":{"@id":"https:\/\/www.fotografo-profesional.net\/diario\/2022\/06\/03\/fotografo-low-cost-de-bodas\/#breadcrumb"},"inLanguage":"es","potentialAction":[{"@type":"ReadAction","target":["https:\/\/www.fotografo-profesional.net\/diario\/2022\/06\/03\/fotografo-low-cost-de-bodas\/"]}]},{"@type":"BreadcrumbList","@id":"https:\/\/www.fotografo-profesional.net\/diario\/2022\/06\/03\/fotografo-low-cost-de-bodas\/#breadcrumb","itemListElement":[{"@type":"ListItem","position":1,"name":"Inicio","item":"https:\/\/www.fotografo-profesional.net\/diario\/"},{"@type":"ListItem","position":2,"name":"Fot\u00f3grafo low cost de bodas"}]},{"@type":"WebSite","@id":"https:\/\/www.fotografo-profesional.net\/diario\/#website","url":"https:\/\/www.fotografo-profesional.net\/diario\/","name":"Luis Miguel del Campo","description":"Blog de un fot\u00f3grafo profesional","potentialAction":[{"@type":"SearchAction","target":{"@type":"EntryPoint","urlTemplate":"https:\/\/www.fotografo-profesional.net\/diario\/?s={search_term_string}"},"query-input":"required name=search_term_string"}],"inLanguage":"es"},{"@type":"Person","@id":"https:\/\/www.fotografo-profesional.net\/diario\/#\/schema\/person\/220504871d765b4c30a0af1d2fe93533","name":"Luis Miguel del Campo","image":{"@type":"ImageObject","inLanguage":"es","@id":"https:\/\/www.fotografo-profesional.net\/diario\/#\/schema\/person\/image\/","url":"https:\/\/secure.gravatar.com\/avatar\/84bb1120095136de86f122a882a42d61?s=96&d=mm&r=g","contentUrl":"https:\/\/secure.gravatar.com\/avatar\/84bb1120095136de86f122a882a42d61?s=96&d=mm&r=g","caption":"Luis Miguel del Campo"},"url":"https:\/\/www.fotografo-profesional.net\/diario\/author\/admin_lmdc\/"}]}},"_links":{"self":[{"href":"https:\/\/www.fotografo-profesional.net\/diario\/wp-json\/wp\/v2\/posts\/3312"}],"collection":[{"href":"https:\/\/www.fotografo-profesional.net\/diario\/wp-json\/wp\/v2\/posts"}],"about":[{"href":"https:\/\/www.fotografo-profesional.net\/diario\/wp-json\/wp\/v2\/types\/post"}],"author":[{"embeddable":true,"href":"https:\/\/www.fotografo-profesional.net\/diario\/wp-json\/wp\/v2\/users\/2"}],"replies":[{"embeddable":true,"href":"https:\/\/www.fotografo-profesional.net\/diario\/wp-json\/wp\/v2\/comments?post=3312"}],"version-history":[{"count":2,"href":"https:\/\/www.fotografo-profesional.net\/diario\/wp-json\/wp\/v2\/posts\/3312\/revisions"}],"predecessor-version":[{"id":3316,"href":"https:\/\/www.fotografo-profesional.net\/diario\/wp-json\/wp\/v2\/posts\/3312\/revisions\/3316"}],"wp:attachment":[{"href":"https:\/\/www.fotografo-profesional.net\/diario\/wp-json\/wp\/v2\/media?parent=3312"}],"wp:term":[{"taxonomy":"category","embeddable":true,"href":"https:\/\/www.fotografo-profesional.net\/diario\/wp-json\/wp\/v2\/categories?post=3312"},{"taxonomy":"post_tag","embeddable":true,"href":"https:\/\/www.fotografo-profesional.net\/diario\/wp-json\/wp\/v2\/tags?post=3312"}],"curies":[{"name":"wp","href":"https:\/\/api.w.org\/{rel}","templated":true}]}}