{"id":334,"date":"2018-11-14T14:42:58","date_gmt":"2018-11-14T13:42:58","guid":{"rendered":"https:\/\/www.fotografo-profesional.net\/diario\/?p=334"},"modified":"2020-05-02T11:48:01","modified_gmt":"2020-05-02T09:48:01","slug":"acabado-de-los-reportajes-de-bodas","status":"publish","type":"post","link":"https:\/\/www.fotografo-profesional.net\/diario\/2018\/11\/14\/acabado-de-los-reportajes-de-bodas\/","title":{"rendered":"Acabado de los reportajes de bodas"},"content":{"rendered":"<p><img decoding=\"async\" class=\"aligncenter wp-image-340 size-full\" src=\"https:\/\/www.fotografo-profesional.net\/diario\/wp-content\/uploads\/2018\/11\/Boda-por-fot\u00f3grafo-en-Madrid-005.jpg\" alt=\"Acabado de uno de mis reportajes de bodas\" width=\"600\" height=\"450\" srcset=\"https:\/\/www.fotografo-profesional.net\/diario\/wp-content\/uploads\/2018\/11\/Boda-por-fot\u00f3grafo-en-Madrid-005.jpg 600w, https:\/\/www.fotografo-profesional.net\/diario\/wp-content\/uploads\/2018\/11\/Boda-por-fot\u00f3grafo-en-Madrid-005-300x225.jpg 300w\" sizes=\"(max-width: 600px) 100vw, 600px\" \/><\/p>\n<p>Me gusta dejar claro que, pese a ser un <strong>fot\u00f3grafo barato de bodas en Madrid<\/strong>, eso no implica que el buen precio vaya en perjuicio de la calidad de los reportajes de bodas, ni del acabado que desean las parejas que se casan.<\/p>\n<p>As\u00ed, siempre que estoy <span style=\"color: #000000;\">retocando los reportajes de bodas<\/span> es la pareja de reci\u00e9n casados la que tienen la decisi\u00f3n final para elegir tanto las fotograf\u00edas del evento que ir\u00e1n en el <a href=\"https:\/\/www.fotografo-profesional.net\/diario\/2019\/01\/14\/album-de-boda-en-madrid\/\"><span style=\"color: #0000ff;\"><em>\u00e1lbum digital<\/em><\/span><\/a> o <span style=\"color: #000000;\">\u00e1lbum tradicional<\/span> que les voy a entregar como el acabado en color, blanco y negro, sepia o mezcla con algunas de ellas.<br \/>\nIgual sucede si, en vez de contratar \u00e1lbum, \u00fanicamente quieren las fotograf\u00edas en soporte digital. Son ellos los que deciden el acabado de cierto n\u00famero de ellas. En este caso quisieron que pasara a una colorimetr\u00eda en sepia la fotograf\u00eda que encabeza este art\u00edculo. Y la verdad es que acertaron plenamente en la elecci\u00f3n.<br \/>\nEsta fotograf\u00eda de la boda est\u00e1 hecha despu\u00e9s de la ceremonia, en lo que se denomina <span style=\"color: #0000ff;\"><em><a href=\"https:\/\/www.fotografo-profesional.net\/diario\/2018\/12\/27\/fotografias-de-boda-con-encanto\/\"><span style=\"color: #0000ff;\">sesi\u00f3n fotogr\u00e1fica de los novios en lugar con encanto<\/span><\/a>.<\/em><\/span><\/p>\n<p>La ceremonia hab\u00eda sido en la sierra de Madrid. El d\u00eda estaba nuboso, aunque tan solo en algunos momentos lloviznaba ligeramente. Pese a que en un principio pudieran parecer unas circunstancias adversas, el hecho de que el cielo est\u00e9 nublado te asegura una luz difusa que a cualquier fot\u00f3grafo barato de boda de Madrid le agrada. A los m\u00e1s cotizados, tambi\u00e9n.<\/p>\n<h4>Elecci\u00f3n del momento y el entorno<\/h4>\n<p>Adem\u00e1s, el paisaje que hab\u00eda en los alrededores de la iglesia resultaba id\u00edlico para una fotograf\u00eda de reci\u00e9n casados. La pareja en ese momento estaba feliz y relajada, lo que facilita mucho conseguir que los reportajes de bodas resulten espont\u00e1neos y las poses no sean nada forzadas; que <a href=\"https:\/\/www.fotografo-profesional.net\/portfolio\/fotografia-de-bodas\/\"><span style=\"color: #0000ff;\"><em>es lo que siempre busco en la fotograf\u00eda de boda<\/em><\/span><\/a>.<\/p>\n<p>Como se puede apreciar, <strong>los reci\u00e9n casados estaban radiantes de felicidad<\/strong>. Al fot\u00f3grafo no se le ve, pero os puedo asegurar que yo tambi\u00e9n estaba muy satisfecho de c\u00f3mo se iba desarrollando el reportaje de aquel d\u00eda. Al fin y al cabo los fot\u00f3grafos siempre buscamos hacer nuestro trabajo de forma que los clientes queden satisfechos cuando ven los resultados finales de los reportajes fotogr\u00e1ficos de sus bodas.<\/p>\n","protected":false},"excerpt":{"rendered":"<p>Me gusta dejar claro que, pese a ser un fot\u00f3grafo barato de bodas en Madrid, eso no implica que el buen precio vaya en perjuicio de la calidad de los reportajes de bodas, ni del acabado que desean las parejas que se casan. As\u00ed, siempre que estoy retocando los reportajes de bodas es la pareja [&hellip;]<\/p>\n","protected":false},"author":2,"featured_media":340,"comment_status":"closed","ping_status":"open","sticky":false,"template":"","format":"standard","meta":[],"categories":[175,254,16,255,177],"tags":[32,131,134,129,117,130,96,119,120,307,94,121],"yoast_head":"<!-- This site is optimized with the Yoast SEO plugin v20.8 - https:\/\/yoast.com\/wordpress\/plugins\/seo\/ -->\n<title>Acabado de los reportajes de bodas - Luis Miguel del Campo<\/title>\n<meta name=\"description\" content=\"Descripci\u00f3n de las apreciaciones y sensaciones de los momentos en que los reci\u00e9n casados posan en un lugar con encanto durante sus reportajes de bodas.\" \/>\n<meta name=\"robots\" content=\"index, follow, max-snippet:-1, max-image-preview:large, max-video-preview:-1\" \/>\n<link rel=\"canonical\" href=\"https:\/\/www.fotografo-profesional.net\/diario\/2018\/11\/14\/acabado-de-los-reportajes-de-bodas\/\" \/>\n<meta property=\"og:locale\" content=\"es_ES\" \/>\n<meta property=\"og:type\" content=\"article\" \/>\n<meta property=\"og:title\" content=\"Acabado de los reportajes de bodas - Luis Miguel del Campo\" \/>\n<meta property=\"og:description\" content=\"Descripci\u00f3n de las apreciaciones y sensaciones de los momentos en que los reci\u00e9n casados posan en un lugar con encanto durante sus reportajes de bodas.\" \/>\n<meta property=\"og:url\" content=\"https:\/\/www.fotografo-profesional.net\/diario\/2018\/11\/14\/acabado-de-los-reportajes-de-bodas\/\" \/>\n<meta property=\"og:site_name\" content=\"Luis Miguel del Campo\" \/>\n<meta property=\"article:published_time\" content=\"2018-11-14T13:42:58+00:00\" \/>\n<meta property=\"article:modified_time\" content=\"2020-05-02T09:48:01+00:00\" \/>\n<meta property=\"og:image\" content=\"https:\/\/www.fotografo-profesional.net\/diario\/wp-content\/uploads\/2018\/11\/Boda-por-fot\u00f3grafo-en-Madrid-005.jpg\" \/>\n\t<meta property=\"og:image:width\" content=\"600\" \/>\n\t<meta property=\"og:image:height\" content=\"450\" \/>\n\t<meta property=\"og:image:type\" content=\"image\/jpeg\" \/>\n<meta name=\"author\" content=\"Luis Miguel del Campo\" \/>\n<meta name=\"twitter:card\" content=\"summary_large_image\" \/>\n<meta name=\"twitter:label1\" content=\"Escrito por\" \/>\n\t<meta name=\"twitter:data1\" content=\"Luis Miguel del Campo\" \/>\n\t<meta name=\"twitter:label2\" content=\"Tiempo de lectura\" \/>\n\t<meta name=\"twitter:data2\" content=\"2 minutos\" \/>\n<script type=\"application\/ld+json\" class=\"yoast-schema-graph\">{\"@context\":\"https:\/\/schema.org\",\"@graph\":[{\"@type\":\"WebPage\",\"@id\":\"https:\/\/www.fotografo-profesional.net\/diario\/2018\/11\/14\/acabado-de-los-reportajes-de-bodas\/\",\"url\":\"https:\/\/www.fotografo-profesional.net\/diario\/2018\/11\/14\/acabado-de-los-reportajes-de-bodas\/\",\"name\":\"Acabado de los reportajes de bodas - Luis Miguel del Campo\",\"isPartOf\":{\"@id\":\"https:\/\/www.fotografo-profesional.net\/diario\/#website\"},\"datePublished\":\"2018-11-14T13:42:58+00:00\",\"dateModified\":\"2020-05-02T09:48:01+00:00\",\"author\":{\"@id\":\"https:\/\/www.fotografo-profesional.net\/diario\/#\/schema\/person\/220504871d765b4c30a0af1d2fe93533\"},\"description\":\"Descripci\u00f3n de las apreciaciones y sensaciones de los momentos en que los reci\u00e9n casados posan en un lugar con encanto durante sus reportajes de bodas.\",\"breadcrumb\":{\"@id\":\"https:\/\/www.fotografo-profesional.net\/diario\/2018\/11\/14\/acabado-de-los-reportajes-de-bodas\/#breadcrumb\"},\"inLanguage\":\"es\",\"potentialAction\":[{\"@type\":\"ReadAction\",\"target\":[\"https:\/\/www.fotografo-profesional.net\/diario\/2018\/11\/14\/acabado-de-los-reportajes-de-bodas\/\"]}]},{\"@type\":\"BreadcrumbList\",\"@id\":\"https:\/\/www.fotografo-profesional.net\/diario\/2018\/11\/14\/acabado-de-los-reportajes-de-bodas\/#breadcrumb\",\"itemListElement\":[{\"@type\":\"ListItem\",\"position\":1,\"name\":\"Inicio\",\"item\":\"https:\/\/www.fotografo-profesional.net\/diario\/\"},{\"@type\":\"ListItem\",\"position\":2,\"name\":\"Acabado de los reportajes de bodas\"}]},{\"@type\":\"WebSite\",\"@id\":\"https:\/\/www.fotografo-profesional.net\/diario\/#website\",\"url\":\"https:\/\/www.fotografo-profesional.net\/diario\/\",\"name\":\"Luis Miguel del Campo\",\"description\":\"Blog de un fot\u00f3grafo profesional\",\"potentialAction\":[{\"@type\":\"SearchAction\",\"target\":{\"@type\":\"EntryPoint\",\"urlTemplate\":\"https:\/\/www.fotografo-profesional.net\/diario\/?s={search_term_string}\"},\"query-input\":\"required name=search_term_string\"}],\"inLanguage\":\"es\"},{\"@type\":\"Person\",\"@id\":\"https:\/\/www.fotografo-profesional.net\/diario\/#\/schema\/person\/220504871d765b4c30a0af1d2fe93533\",\"name\":\"Luis Miguel del Campo\",\"image\":{\"@type\":\"ImageObject\",\"inLanguage\":\"es\",\"@id\":\"https:\/\/www.fotografo-profesional.net\/diario\/#\/schema\/person\/image\/\",\"url\":\"https:\/\/secure.gravatar.com\/avatar\/84bb1120095136de86f122a882a42d61?s=96&d=mm&r=g\",\"contentUrl\":\"https:\/\/secure.gravatar.com\/avatar\/84bb1120095136de86f122a882a42d61?s=96&d=mm&r=g\",\"caption\":\"Luis Miguel del Campo\"},\"url\":\"https:\/\/www.fotografo-profesional.net\/diario\/author\/admin_lmdc\/\"}]}<\/script>\n<!-- \/ Yoast SEO plugin. -->","yoast_head_json":{"title":"Acabado de los reportajes de bodas - Luis Miguel del Campo","description":"Descripci\u00f3n de las apreciaciones y sensaciones de los momentos en que los reci\u00e9n casados posan en un lugar con encanto durante sus reportajes de bodas.","robots":{"index":"index","follow":"follow","max-snippet":"max-snippet:-1","max-image-preview":"max-image-preview:large","max-video-preview":"max-video-preview:-1"},"canonical":"https:\/\/www.fotografo-profesional.net\/diario\/2018\/11\/14\/acabado-de-los-reportajes-de-bodas\/","og_locale":"es_ES","og_type":"article","og_title":"Acabado de los reportajes de bodas - Luis Miguel del Campo","og_description":"Descripci\u00f3n de las apreciaciones y sensaciones de los momentos en que los reci\u00e9n casados posan en un lugar con encanto durante sus reportajes de bodas.","og_url":"https:\/\/www.fotografo-profesional.net\/diario\/2018\/11\/14\/acabado-de-los-reportajes-de-bodas\/","og_site_name":"Luis Miguel del Campo","article_published_time":"2018-11-14T13:42:58+00:00","article_modified_time":"2020-05-02T09:48:01+00:00","og_image":[{"width":600,"height":450,"url":"https:\/\/www.fotografo-profesional.net\/diario\/wp-content\/uploads\/2018\/11\/Boda-por-fot\u00f3grafo-en-Madrid-005.jpg","type":"image\/jpeg"}],"author":"Luis Miguel del Campo","twitter_card":"summary_large_image","twitter_misc":{"Escrito por":"Luis Miguel del Campo","Tiempo de lectura":"2 minutos"},"schema":{"@context":"https:\/\/schema.org","@graph":[{"@type":"WebPage","@id":"https:\/\/www.fotografo-profesional.net\/diario\/2018\/11\/14\/acabado-de-los-reportajes-de-bodas\/","url":"https:\/\/www.fotografo-profesional.net\/diario\/2018\/11\/14\/acabado-de-los-reportajes-de-bodas\/","name":"Acabado de los reportajes de bodas - Luis Miguel del Campo","isPartOf":{"@id":"https:\/\/www.fotografo-profesional.net\/diario\/#website"},"datePublished":"2018-11-14T13:42:58+00:00","dateModified":"2020-05-02T09:48:01+00:00","author":{"@id":"https:\/\/www.fotografo-profesional.net\/diario\/#\/schema\/person\/220504871d765b4c30a0af1d2fe93533"},"description":"Descripci\u00f3n de las apreciaciones y sensaciones de los momentos en que los reci\u00e9n casados posan en un lugar con encanto durante sus reportajes de bodas.","breadcrumb":{"@id":"https:\/\/www.fotografo-profesional.net\/diario\/2018\/11\/14\/acabado-de-los-reportajes-de-bodas\/#breadcrumb"},"inLanguage":"es","potentialAction":[{"@type":"ReadAction","target":["https:\/\/www.fotografo-profesional.net\/diario\/2018\/11\/14\/acabado-de-los-reportajes-de-bodas\/"]}]},{"@type":"BreadcrumbList","@id":"https:\/\/www.fotografo-profesional.net\/diario\/2018\/11\/14\/acabado-de-los-reportajes-de-bodas\/#breadcrumb","itemListElement":[{"@type":"ListItem","position":1,"name":"Inicio","item":"https:\/\/www.fotografo-profesional.net\/diario\/"},{"@type":"ListItem","position":2,"name":"Acabado de los reportajes de bodas"}]},{"@type":"WebSite","@id":"https:\/\/www.fotografo-profesional.net\/diario\/#website","url":"https:\/\/www.fotografo-profesional.net\/diario\/","name":"Luis Miguel del Campo","description":"Blog de un fot\u00f3grafo profesional","potentialAction":[{"@type":"SearchAction","target":{"@type":"EntryPoint","urlTemplate":"https:\/\/www.fotografo-profesional.net\/diario\/?s={search_term_string}"},"query-input":"required name=search_term_string"}],"inLanguage":"es"},{"@type":"Person","@id":"https:\/\/www.fotografo-profesional.net\/diario\/#\/schema\/person\/220504871d765b4c30a0af1d2fe93533","name":"Luis Miguel del Campo","image":{"@type":"ImageObject","inLanguage":"es","@id":"https:\/\/www.fotografo-profesional.net\/diario\/#\/schema\/person\/image\/","url":"https:\/\/secure.gravatar.com\/avatar\/84bb1120095136de86f122a882a42d61?s=96&d=mm&r=g","contentUrl":"https:\/\/secure.gravatar.com\/avatar\/84bb1120095136de86f122a882a42d61?s=96&d=mm&r=g","caption":"Luis Miguel del Campo"},"url":"https:\/\/www.fotografo-profesional.net\/diario\/author\/admin_lmdc\/"}]}},"_links":{"self":[{"href":"https:\/\/www.fotografo-profesional.net\/diario\/wp-json\/wp\/v2\/posts\/334"}],"collection":[{"href":"https:\/\/www.fotografo-profesional.net\/diario\/wp-json\/wp\/v2\/posts"}],"about":[{"href":"https:\/\/www.fotografo-profesional.net\/diario\/wp-json\/wp\/v2\/types\/post"}],"author":[{"embeddable":true,"href":"https:\/\/www.fotografo-profesional.net\/diario\/wp-json\/wp\/v2\/users\/2"}],"replies":[{"embeddable":true,"href":"https:\/\/www.fotografo-profesional.net\/diario\/wp-json\/wp\/v2\/comments?post=334"}],"version-history":[{"count":5,"href":"https:\/\/www.fotografo-profesional.net\/diario\/wp-json\/wp\/v2\/posts\/334\/revisions"}],"predecessor-version":[{"id":1813,"href":"https:\/\/www.fotografo-profesional.net\/diario\/wp-json\/wp\/v2\/posts\/334\/revisions\/1813"}],"wp:featuredmedia":[{"embeddable":true,"href":"https:\/\/www.fotografo-profesional.net\/diario\/wp-json\/wp\/v2\/media\/340"}],"wp:attachment":[{"href":"https:\/\/www.fotografo-profesional.net\/diario\/wp-json\/wp\/v2\/media?parent=334"}],"wp:term":[{"taxonomy":"category","embeddable":true,"href":"https:\/\/www.fotografo-profesional.net\/diario\/wp-json\/wp\/v2\/categories?post=334"},{"taxonomy":"post_tag","embeddable":true,"href":"https:\/\/www.fotografo-profesional.net\/diario\/wp-json\/wp\/v2\/tags?post=334"}],"curies":[{"name":"wp","href":"https:\/\/api.w.org\/{rel}","templated":true}]}}