{"id":3365,"date":"2022-07-10T10:16:59","date_gmt":"2022-07-10T08:16:59","guid":{"rendered":"https:\/\/www.fotografo-profesional.net\/diario\/?p=3365"},"modified":"2022-07-10T10:18:55","modified_gmt":"2022-07-10T08:18:55","slug":"reportaje-sencillo-o-completo-como-querais","status":"publish","type":"post","link":"https:\/\/www.fotografo-profesional.net\/diario\/2022\/07\/10\/reportaje-sencillo-o-completo-como-querais\/","title":{"rendered":"Reportaje sencillo o completo, como quer\u00e1is"},"content":{"rendered":"\r\n<p><img decoding=\"async\" class=\"size-full wp-image-3187 aligncenter\" src=\"https:\/\/www.fotografo-profesional.net\/diario\/wp-content\/uploads\/2022\/01\/Fotografo-profesional-en-madrid-LMC-0260.jpg\" alt=\"Reportaje sencillo o completo\" width=\"800\" height=\"533\" srcset=\"https:\/\/www.fotografo-profesional.net\/diario\/wp-content\/uploads\/2022\/01\/Fotografo-profesional-en-madrid-LMC-0260.jpg 800w, https:\/\/www.fotografo-profesional.net\/diario\/wp-content\/uploads\/2022\/01\/Fotografo-profesional-en-madrid-LMC-0260-300x200.jpg 300w, https:\/\/www.fotografo-profesional.net\/diario\/wp-content\/uploads\/2022\/01\/Fotografo-profesional-en-madrid-LMC-0260-768x512.jpg 768w\" sizes=\"(max-width: 800px) 100vw, 800px\" \/><\/p>\r\n<p>Un reportaje sencillo o completo, lo que vosotros quer\u00e1is. No ofrezco packs de ahorro. Soy un fot\u00f3grafo profesional de bodas barato sin imposiciones. Simplemente, me dec\u00eds lo que est\u00e1is buscando y calculo <a href=\"https:\/\/www.fotografo-profesional.net\/diario\/2020\/07\/17\/tarifas-de-fotografo-de-bodas-barato-en-madrid\/\"><span style=\"color: #0000ff;\">el mejor precio<\/span><\/a> que os puedo dar. Porque soy un fot\u00f3grafo de bodas barato pero no quemo los precios con la intenci\u00f3n de ganar clientes a los sablear ofreci\u00e9ndole despu\u00e9s extras.<br \/><br \/>Ni quiero desbancar a la competencia con un precio rid\u00edculo con la intenci\u00f3n de cobrar algo razonable a mitad de temporada; cuando ya haya hecho caja suficiente. El reportaje sencillo o completo, <a href=\"https:\/\/www.fotografo-profesional.net\/diario\/2020\/04\/03\/el-album-es-el-mejor-muestrario-de-vuestra-boda\/\"><span style=\"color: #0000ff;\">con \u00e1lbum<\/span><\/a> o en <a href=\"https:\/\/www.fotografo-profesional.net\/diario\/2020\/07\/10\/reportaje-de-boda-entregado-en-pendrive\/\"><span style=\"color: #0000ff;\">llave USB<\/span><\/a> os costar\u00e1 lo mismo habl\u00e9is conmigo a principio o mitad de temporada. Ante todo soy un fot\u00f3grafo profesional consciente de que el \u00fanico camino aceptable en este oficio es la seriedad. La de <a href=\"https:\/\/www.fotografo-profesional.net\/diario\/2019\/12\/13\/fotografo-de-bodas-a-buen-precio\/\"><span style=\"color: #0000ff;\">ofrecer calidad con buenos precios<\/span><\/a>. <br \/><br \/>Es decir, lo suficiente para cubrir gastos ( impuestos y tasas, mantenimiento del equipo\u2026) y emplear el resto para poder vivir dignamente. Que, por cierto, es lo que hacen la mayor\u00eda de fot\u00f3grafos profesionales que se dedican a <a href=\"https:\/\/www.fotografo-profesional.net\/portfolio\/fotografia-de-bodas\/\"><span style=\"color: #0000ff;\">hacer reportajes de boda<\/span><\/a>. <br \/>Cobrando cantidades razonables por un reportaje sencillo o por uno completo; siempre sin imposiciones. Escuchando las ideas que tienen las parejas para <a href=\"https:\/\/www.fotografo-profesional.net\/diario\/2022\/02\/26\/reportajes-de-enlaces-matrimoniales\/\"><span style=\"color: #0000ff;\">capturar el tipo de reportaje<\/span> <\/a>de boda que desean; aderezado con esas instant\u00e1neas que no esperan.<br \/><br \/>En esencia, lo anterior es lo que toda pareja de novios desea que le entregue un fot\u00f3grafo profesional. Para eso lo contrata. La actitud del profesional ante el encargo ha de ser siempre la misma, sea \u00e9ste un reportaje sencillo o completo. Lo anterior sirve tambi\u00e9n tanto para un fot\u00f3grafo de bodas barato como para cualquier otro de precio elevado. La circunstancia anterior no debe variar la actitud de los fot\u00f3grafos. De hecho, no suele suceder siempre que se cuenta con profesionales.<\/p>\r\n","protected":false},"excerpt":{"rendered":"<p>Un reportaje sencillo o completo, lo que vosotros quer\u00e1is. No ofrezco packs de ahorro. Soy un fot\u00f3grafo profesional de bodas barato sin imposiciones. Simplemente, me dec\u00eds lo que est\u00e1is buscando y calculo el mejor precio que os puedo dar. Porque soy un fot\u00f3grafo de bodas barato pero no quemo los precios con la intenci\u00f3n de [&hellip;]<\/p>\n","protected":false},"author":2,"featured_media":3187,"comment_status":"closed","ping_status":"open","sticky":false,"template":"","format":"standard","meta":[],"categories":[175,255,45,406,172,207,262,176],"tags":[315,290,601,291,99,653,348,284,626,338,454,452],"yoast_head":"<!-- This site is optimized with the Yoast SEO plugin v20.8 - https:\/\/yoast.com\/wordpress\/plugins\/seo\/ -->\n<title>Reportaje sencillo o completo, como quer\u00e1is - Luis Miguel del Campo<\/title>\n<meta name=\"description\" content=\"Un buen fot\u00f3grafo profesional no impone ciertos aspectos en un reportaje de boda, sea sencillo o completo. Os cuento...\" \/>\n<meta name=\"robots\" content=\"index, follow, max-snippet:-1, max-image-preview:large, max-video-preview:-1\" \/>\n<link rel=\"canonical\" href=\"https:\/\/www.fotografo-profesional.net\/diario\/2022\/07\/10\/reportaje-sencillo-o-completo-como-querais\/\" \/>\n<meta property=\"og:locale\" content=\"es_ES\" \/>\n<meta property=\"og:type\" content=\"article\" \/>\n<meta property=\"og:title\" content=\"Reportaje sencillo o completo, como quer\u00e1is - Luis Miguel del Campo\" \/>\n<meta property=\"og:description\" content=\"Un buen fot\u00f3grafo profesional no impone ciertos aspectos en un reportaje de boda, sea sencillo o completo. Os cuento...\" \/>\n<meta property=\"og:url\" content=\"https:\/\/www.fotografo-profesional.net\/diario\/2022\/07\/10\/reportaje-sencillo-o-completo-como-querais\/\" \/>\n<meta property=\"og:site_name\" content=\"Luis Miguel del Campo\" \/>\n<meta property=\"article:published_time\" content=\"2022-07-10T08:16:59+00:00\" \/>\n<meta property=\"article:modified_time\" content=\"2022-07-10T08:18:55+00:00\" \/>\n<meta property=\"og:image\" content=\"https:\/\/www.fotografo-profesional.net\/diario\/wp-content\/uploads\/2022\/01\/Fotografo-profesional-en-madrid-LMC-0260.jpg\" \/>\n\t<meta property=\"og:image:width\" content=\"800\" \/>\n\t<meta property=\"og:image:height\" content=\"533\" \/>\n\t<meta property=\"og:image:type\" content=\"image\/jpeg\" \/>\n<meta name=\"author\" content=\"Luis Miguel del Campo\" \/>\n<meta name=\"twitter:card\" content=\"summary_large_image\" \/>\n<meta name=\"twitter:label1\" content=\"Escrito por\" \/>\n\t<meta name=\"twitter:data1\" content=\"Luis Miguel del Campo\" \/>\n\t<meta name=\"twitter:label2\" content=\"Tiempo de lectura\" \/>\n\t<meta name=\"twitter:data2\" content=\"2 minutos\" \/>\n<script type=\"application\/ld+json\" class=\"yoast-schema-graph\">{\"@context\":\"https:\/\/schema.org\",\"@graph\":[{\"@type\":\"WebPage\",\"@id\":\"https:\/\/www.fotografo-profesional.net\/diario\/2022\/07\/10\/reportaje-sencillo-o-completo-como-querais\/\",\"url\":\"https:\/\/www.fotografo-profesional.net\/diario\/2022\/07\/10\/reportaje-sencillo-o-completo-como-querais\/\",\"name\":\"Reportaje sencillo o completo, como quer\u00e1is - Luis Miguel del Campo\",\"isPartOf\":{\"@id\":\"https:\/\/www.fotografo-profesional.net\/diario\/#website\"},\"datePublished\":\"2022-07-10T08:16:59+00:00\",\"dateModified\":\"2022-07-10T08:18:55+00:00\",\"author\":{\"@id\":\"https:\/\/www.fotografo-profesional.net\/diario\/#\/schema\/person\/220504871d765b4c30a0af1d2fe93533\"},\"description\":\"Un buen fot\u00f3grafo profesional no impone ciertos aspectos en un reportaje de boda, sea sencillo o completo. Os cuento...\",\"breadcrumb\":{\"@id\":\"https:\/\/www.fotografo-profesional.net\/diario\/2022\/07\/10\/reportaje-sencillo-o-completo-como-querais\/#breadcrumb\"},\"inLanguage\":\"es\",\"potentialAction\":[{\"@type\":\"ReadAction\",\"target\":[\"https:\/\/www.fotografo-profesional.net\/diario\/2022\/07\/10\/reportaje-sencillo-o-completo-como-querais\/\"]}]},{\"@type\":\"BreadcrumbList\",\"@id\":\"https:\/\/www.fotografo-profesional.net\/diario\/2022\/07\/10\/reportaje-sencillo-o-completo-como-querais\/#breadcrumb\",\"itemListElement\":[{\"@type\":\"ListItem\",\"position\":1,\"name\":\"Inicio\",\"item\":\"https:\/\/www.fotografo-profesional.net\/diario\/\"},{\"@type\":\"ListItem\",\"position\":2,\"name\":\"Reportaje sencillo o completo, como quer\u00e1is\"}]},{\"@type\":\"WebSite\",\"@id\":\"https:\/\/www.fotografo-profesional.net\/diario\/#website\",\"url\":\"https:\/\/www.fotografo-profesional.net\/diario\/\",\"name\":\"Luis Miguel del Campo\",\"description\":\"Blog de un fot\u00f3grafo profesional\",\"potentialAction\":[{\"@type\":\"SearchAction\",\"target\":{\"@type\":\"EntryPoint\",\"urlTemplate\":\"https:\/\/www.fotografo-profesional.net\/diario\/?s={search_term_string}\"},\"query-input\":\"required name=search_term_string\"}],\"inLanguage\":\"es\"},{\"@type\":\"Person\",\"@id\":\"https:\/\/www.fotografo-profesional.net\/diario\/#\/schema\/person\/220504871d765b4c30a0af1d2fe93533\",\"name\":\"Luis Miguel del Campo\",\"image\":{\"@type\":\"ImageObject\",\"inLanguage\":\"es\",\"@id\":\"https:\/\/www.fotografo-profesional.net\/diario\/#\/schema\/person\/image\/\",\"url\":\"https:\/\/secure.gravatar.com\/avatar\/84bb1120095136de86f122a882a42d61?s=96&d=mm&r=g\",\"contentUrl\":\"https:\/\/secure.gravatar.com\/avatar\/84bb1120095136de86f122a882a42d61?s=96&d=mm&r=g\",\"caption\":\"Luis Miguel del Campo\"},\"url\":\"https:\/\/www.fotografo-profesional.net\/diario\/author\/admin_lmdc\/\"}]}<\/script>\n<!-- \/ Yoast SEO plugin. -->","yoast_head_json":{"title":"Reportaje sencillo o completo, como quer\u00e1is - Luis Miguel del Campo","description":"Un buen fot\u00f3grafo profesional no impone ciertos aspectos en un reportaje de boda, sea sencillo o completo. Os cuento...","robots":{"index":"index","follow":"follow","max-snippet":"max-snippet:-1","max-image-preview":"max-image-preview:large","max-video-preview":"max-video-preview:-1"},"canonical":"https:\/\/www.fotografo-profesional.net\/diario\/2022\/07\/10\/reportaje-sencillo-o-completo-como-querais\/","og_locale":"es_ES","og_type":"article","og_title":"Reportaje sencillo o completo, como quer\u00e1is - Luis Miguel del Campo","og_description":"Un buen fot\u00f3grafo profesional no impone ciertos aspectos en un reportaje de boda, sea sencillo o completo. Os cuento...","og_url":"https:\/\/www.fotografo-profesional.net\/diario\/2022\/07\/10\/reportaje-sencillo-o-completo-como-querais\/","og_site_name":"Luis Miguel del Campo","article_published_time":"2022-07-10T08:16:59+00:00","article_modified_time":"2022-07-10T08:18:55+00:00","og_image":[{"width":800,"height":533,"url":"https:\/\/www.fotografo-profesional.net\/diario\/wp-content\/uploads\/2022\/01\/Fotografo-profesional-en-madrid-LMC-0260.jpg","type":"image\/jpeg"}],"author":"Luis Miguel del Campo","twitter_card":"summary_large_image","twitter_misc":{"Escrito por":"Luis Miguel del Campo","Tiempo de lectura":"2 minutos"},"schema":{"@context":"https:\/\/schema.org","@graph":[{"@type":"WebPage","@id":"https:\/\/www.fotografo-profesional.net\/diario\/2022\/07\/10\/reportaje-sencillo-o-completo-como-querais\/","url":"https:\/\/www.fotografo-profesional.net\/diario\/2022\/07\/10\/reportaje-sencillo-o-completo-como-querais\/","name":"Reportaje sencillo o completo, como quer\u00e1is - Luis Miguel del Campo","isPartOf":{"@id":"https:\/\/www.fotografo-profesional.net\/diario\/#website"},"datePublished":"2022-07-10T08:16:59+00:00","dateModified":"2022-07-10T08:18:55+00:00","author":{"@id":"https:\/\/www.fotografo-profesional.net\/diario\/#\/schema\/person\/220504871d765b4c30a0af1d2fe93533"},"description":"Un buen fot\u00f3grafo profesional no impone ciertos aspectos en un reportaje de boda, sea sencillo o completo. Os cuento...","breadcrumb":{"@id":"https:\/\/www.fotografo-profesional.net\/diario\/2022\/07\/10\/reportaje-sencillo-o-completo-como-querais\/#breadcrumb"},"inLanguage":"es","potentialAction":[{"@type":"ReadAction","target":["https:\/\/www.fotografo-profesional.net\/diario\/2022\/07\/10\/reportaje-sencillo-o-completo-como-querais\/"]}]},{"@type":"BreadcrumbList","@id":"https:\/\/www.fotografo-profesional.net\/diario\/2022\/07\/10\/reportaje-sencillo-o-completo-como-querais\/#breadcrumb","itemListElement":[{"@type":"ListItem","position":1,"name":"Inicio","item":"https:\/\/www.fotografo-profesional.net\/diario\/"},{"@type":"ListItem","position":2,"name":"Reportaje sencillo o completo, como quer\u00e1is"}]},{"@type":"WebSite","@id":"https:\/\/www.fotografo-profesional.net\/diario\/#website","url":"https:\/\/www.fotografo-profesional.net\/diario\/","name":"Luis Miguel del Campo","description":"Blog de un fot\u00f3grafo profesional","potentialAction":[{"@type":"SearchAction","target":{"@type":"EntryPoint","urlTemplate":"https:\/\/www.fotografo-profesional.net\/diario\/?s={search_term_string}"},"query-input":"required name=search_term_string"}],"inLanguage":"es"},{"@type":"Person","@id":"https:\/\/www.fotografo-profesional.net\/diario\/#\/schema\/person\/220504871d765b4c30a0af1d2fe93533","name":"Luis Miguel del Campo","image":{"@type":"ImageObject","inLanguage":"es","@id":"https:\/\/www.fotografo-profesional.net\/diario\/#\/schema\/person\/image\/","url":"https:\/\/secure.gravatar.com\/avatar\/84bb1120095136de86f122a882a42d61?s=96&d=mm&r=g","contentUrl":"https:\/\/secure.gravatar.com\/avatar\/84bb1120095136de86f122a882a42d61?s=96&d=mm&r=g","caption":"Luis Miguel del Campo"},"url":"https:\/\/www.fotografo-profesional.net\/diario\/author\/admin_lmdc\/"}]}},"_links":{"self":[{"href":"https:\/\/www.fotografo-profesional.net\/diario\/wp-json\/wp\/v2\/posts\/3365"}],"collection":[{"href":"https:\/\/www.fotografo-profesional.net\/diario\/wp-json\/wp\/v2\/posts"}],"about":[{"href":"https:\/\/www.fotografo-profesional.net\/diario\/wp-json\/wp\/v2\/types\/post"}],"author":[{"embeddable":true,"href":"https:\/\/www.fotografo-profesional.net\/diario\/wp-json\/wp\/v2\/users\/2"}],"replies":[{"embeddable":true,"href":"https:\/\/www.fotografo-profesional.net\/diario\/wp-json\/wp\/v2\/comments?post=3365"}],"version-history":[{"count":4,"href":"https:\/\/www.fotografo-profesional.net\/diario\/wp-json\/wp\/v2\/posts\/3365\/revisions"}],"predecessor-version":[{"id":3373,"href":"https:\/\/www.fotografo-profesional.net\/diario\/wp-json\/wp\/v2\/posts\/3365\/revisions\/3373"}],"wp:featuredmedia":[{"embeddable":true,"href":"https:\/\/www.fotografo-profesional.net\/diario\/wp-json\/wp\/v2\/media\/3187"}],"wp:attachment":[{"href":"https:\/\/www.fotografo-profesional.net\/diario\/wp-json\/wp\/v2\/media?parent=3365"}],"wp:term":[{"taxonomy":"category","embeddable":true,"href":"https:\/\/www.fotografo-profesional.net\/diario\/wp-json\/wp\/v2\/categories?post=3365"},{"taxonomy":"post_tag","embeddable":true,"href":"https:\/\/www.fotografo-profesional.net\/diario\/wp-json\/wp\/v2\/tags?post=3365"}],"curies":[{"name":"wp","href":"https:\/\/api.w.org\/{rel}","templated":true}]}}