{"id":3385,"date":"2022-07-20T22:23:16","date_gmt":"2022-07-20T20:23:16","guid":{"rendered":"https:\/\/www.fotografo-profesional.net\/diario\/?p=3385"},"modified":"2022-07-20T22:24:10","modified_gmt":"2022-07-20T20:24:10","slug":"las-ciguenas-de-alcala-de-henares","status":"publish","type":"post","link":"https:\/\/www.fotografo-profesional.net\/diario\/2022\/07\/20\/las-ciguenas-de-alcala-de-henares\/","title":{"rendered":"Las cig\u00fce\u00f1as de Alcal\u00e1 de Henares"},"content":{"rendered":"\r\n<h3>\u00a0<\/h3>\r\n<h3><img decoding=\"async\" class=\"size-full wp-image-3391 aligncenter\" src=\"https:\/\/www.fotografo-profesional.net\/diario\/wp-content\/uploads\/2022\/07\/Fotografo-profesional-en-madrid-LMC-0286.jpg\" alt=\"Liberaci\u00f3n de cig\u00fce\u00f1as en Alcal\u00e1 de Henares\" width=\"600\" height=\"338\" srcset=\"https:\/\/www.fotografo-profesional.net\/diario\/wp-content\/uploads\/2022\/07\/Fotografo-profesional-en-madrid-LMC-0286.jpg 600w, https:\/\/www.fotografo-profesional.net\/diario\/wp-content\/uploads\/2022\/07\/Fotografo-profesional-en-madrid-LMC-0286-300x169.jpg 300w\" sizes=\"(max-width: 600px) 100vw, 600px\" \/><\/h3>\r\n<h3>Estampas de Madrid (0109)<\/h3>\r\n<p>Las cig\u00fce\u00f1as blancas son uno de los elementos m\u00e1s significativos por los que se conoce a Alcal\u00e1 de Henares. Otros s\u00edmbolos asociados a esta ciudad son Cervantes y la Universidad cisneriana. Al primero est\u00e1 dedicado <a href=\"https:\/\/www.fotografo-profesional.net\/diario\/2018\/10\/10\/mercado-cervantino-de-alcala-de-henares\/\"><span style=\"color: #0000ff;\">un mercado tur\u00edstico<\/span><\/a>, reflejo de lo que se sabe de este tipo de acontecimientos en aquella \u00e9poca. <br \/>En este siglo XXI ya se presta suficiente atenci\u00f3n a estas aves que tanta visibilidad tienen en la ciudad porque anidan en los tejados, espada\u00f1as y torres del casco antiguo. Gran parte de la culpa de que esto sea as\u00ed la tiene Juan Prieto, bi\u00f3logo alcala\u00edno. Juan empez\u00f3 a censar las cig\u00fce\u00f1as de Alcal\u00e1 existentes en la d\u00e9cada de 1980, cuando a\u00fan era estudiante; nido a nido. Cuando todav\u00eda muchas personas las consideraban solo una an\u00e9cdota. Con el tiempo, y con la ayuda de algunos amigos, formar\u00eda la asociaci\u00f3n Ciconia. Sus integrantes tienen edades y profesiones diversas, que var\u00edan desde otros bi\u00f3logos, naturalistas\u2026 hasta un fot\u00f3grafo profesional. <br \/>Lo m\u00e1s rese\u00f1able fue que todos los habitantes se concienciaran de la importancia de mantener las cig\u00fce\u00f1as en la ciudad de Alcal\u00e1. De la riqueza y atractivo que daban a la poblaci\u00f3n. Y vigilaron para que no se desmantelaran los nidos que ya exist\u00edan. Y las parejas de cig\u00fce\u00f1as que anidaban en Alcal\u00e1 fueron creciendo. <br \/>El a\u00f1o pasado (2021) se cerr\u00f3 el vertedero municipal, que era el principal lugar donde se sol\u00edan abastecer de comida las cig\u00fce\u00f1as y otras aves de Alcal\u00e1. Por un lado ten\u00eda la ventaja de que las aves no iban a ingerir pl\u00e1sticos, como sol\u00eda ocurrir con demasiada frecuencia. Pero quedaba la duda de si ser\u00edan capaces de conseguir comida de forma natural. As\u00ed que se instalaron unos comederos para las cig\u00fce\u00f1as en el antiguo vertedero para garantizar la pervivencia de las parejas de cig\u00fce\u00f1as de Alcal\u00e1.<\/p>\r\n<h3>\u00daltimas noticias<\/h3>\r\n<p>Los pollos de cig\u00fce\u00f1a suelen tener accidentes y percances. Son recogidos por la polic\u00eda municipal y <a href=\"http:\/\/grefa.org\"><span style=\"color: #0000ff;\">entregados a GREFA<\/span><\/a> para que los cure en su cl\u00ednica de animales en Majadahonda.<br \/>Hoy se ha procedido a la suelta de quince pollo de cig\u00fce\u00f1a, ya curados y crecidos. Lo han hecho el concejal de medio ambiente, el vicealcalde y miembros de GREFA. <a href=\"https:\/\/www.fotografo-profesional.net\/servicios\/\"><span style=\"color: #0000ff;\">Este fot\u00f3grafo profesional<\/span> <\/a>ha tomado buena cuenta de ello.<\/p>\r\n","protected":false},"excerpt":{"rendered":"<p>\u00a0 Estampas de Madrid (0109) Las cig\u00fce\u00f1as blancas son uno de los elementos m\u00e1s significativos por los que se conoce a Alcal\u00e1 de Henares. Otros s\u00edmbolos asociados a esta ciudad son Cervantes y la Universidad cisneriana. Al primero est\u00e1 dedicado un mercado tur\u00edstico, reflejo de lo que se sabe de este tipo de acontecimientos en [&hellip;]<\/p>\n","protected":false},"author":2,"featured_media":3391,"comment_status":"closed","ping_status":"open","sticky":false,"template":"","format":"standard","meta":[],"categories":[48,45,406,172,207],"tags":[143,871,109,32,110,601,99,348,284,338,452],"yoast_head":"<!-- This site is optimized with the Yoast SEO plugin v20.8 - https:\/\/yoast.com\/wordpress\/plugins\/seo\/ -->\n<title>Las cig\u00fce\u00f1as de Alcal\u00e1 de Henares - Luis Miguel del Campo<\/title>\n<meta name=\"description\" content=\"Las cig\u00fce\u00f1as de Alcal\u00e1 de Henares son una de las mayores atracciones tur\u00edsticas de esta ciudad madrile\u00f1a. Otras: Cervantes y la Universidad\" \/>\n<meta name=\"robots\" content=\"index, follow, max-snippet:-1, max-image-preview:large, max-video-preview:-1\" \/>\n<link rel=\"canonical\" href=\"https:\/\/www.fotografo-profesional.net\/diario\/2022\/07\/20\/las-ciguenas-de-alcala-de-henares\/\" \/>\n<meta property=\"og:locale\" content=\"es_ES\" \/>\n<meta property=\"og:type\" content=\"article\" \/>\n<meta property=\"og:title\" content=\"Las cig\u00fce\u00f1as de Alcal\u00e1 de Henares - Luis Miguel del Campo\" \/>\n<meta property=\"og:description\" content=\"Las cig\u00fce\u00f1as de Alcal\u00e1 de Henares son una de las mayores atracciones tur\u00edsticas de esta ciudad madrile\u00f1a. Otras: Cervantes y la Universidad\" \/>\n<meta property=\"og:url\" content=\"https:\/\/www.fotografo-profesional.net\/diario\/2022\/07\/20\/las-ciguenas-de-alcala-de-henares\/\" \/>\n<meta property=\"og:site_name\" content=\"Luis Miguel del Campo\" \/>\n<meta property=\"article:published_time\" content=\"2022-07-20T20:23:16+00:00\" \/>\n<meta property=\"article:modified_time\" content=\"2022-07-20T20:24:10+00:00\" \/>\n<meta property=\"og:image\" content=\"https:\/\/www.fotografo-profesional.net\/diario\/wp-content\/uploads\/2022\/07\/Fotografo-profesional-en-madrid-LMC-0286.jpg\" \/>\n\t<meta property=\"og:image:width\" content=\"600\" \/>\n\t<meta property=\"og:image:height\" content=\"338\" \/>\n\t<meta property=\"og:image:type\" content=\"image\/jpeg\" \/>\n<meta name=\"author\" content=\"Luis Miguel del Campo\" \/>\n<meta name=\"twitter:card\" content=\"summary_large_image\" \/>\n<meta name=\"twitter:label1\" content=\"Escrito por\" \/>\n\t<meta name=\"twitter:data1\" content=\"Luis Miguel del Campo\" \/>\n\t<meta name=\"twitter:label2\" content=\"Tiempo de lectura\" \/>\n\t<meta name=\"twitter:data2\" content=\"2 minutos\" \/>\n<script type=\"application\/ld+json\" class=\"yoast-schema-graph\">{\"@context\":\"https:\/\/schema.org\",\"@graph\":[{\"@type\":\"WebPage\",\"@id\":\"https:\/\/www.fotografo-profesional.net\/diario\/2022\/07\/20\/las-ciguenas-de-alcala-de-henares\/\",\"url\":\"https:\/\/www.fotografo-profesional.net\/diario\/2022\/07\/20\/las-ciguenas-de-alcala-de-henares\/\",\"name\":\"Las cig\u00fce\u00f1as de Alcal\u00e1 de Henares - Luis Miguel del Campo\",\"isPartOf\":{\"@id\":\"https:\/\/www.fotografo-profesional.net\/diario\/#website\"},\"datePublished\":\"2022-07-20T20:23:16+00:00\",\"dateModified\":\"2022-07-20T20:24:10+00:00\",\"author\":{\"@id\":\"https:\/\/www.fotografo-profesional.net\/diario\/#\/schema\/person\/220504871d765b4c30a0af1d2fe93533\"},\"description\":\"Las cig\u00fce\u00f1as de Alcal\u00e1 de Henares son una de las mayores atracciones tur\u00edsticas de esta ciudad madrile\u00f1a. Otras: Cervantes y la Universidad\",\"breadcrumb\":{\"@id\":\"https:\/\/www.fotografo-profesional.net\/diario\/2022\/07\/20\/las-ciguenas-de-alcala-de-henares\/#breadcrumb\"},\"inLanguage\":\"es\",\"potentialAction\":[{\"@type\":\"ReadAction\",\"target\":[\"https:\/\/www.fotografo-profesional.net\/diario\/2022\/07\/20\/las-ciguenas-de-alcala-de-henares\/\"]}]},{\"@type\":\"BreadcrumbList\",\"@id\":\"https:\/\/www.fotografo-profesional.net\/diario\/2022\/07\/20\/las-ciguenas-de-alcala-de-henares\/#breadcrumb\",\"itemListElement\":[{\"@type\":\"ListItem\",\"position\":1,\"name\":\"Inicio\",\"item\":\"https:\/\/www.fotografo-profesional.net\/diario\/\"},{\"@type\":\"ListItem\",\"position\":2,\"name\":\"Las cig\u00fce\u00f1as de Alcal\u00e1 de Henares\"}]},{\"@type\":\"WebSite\",\"@id\":\"https:\/\/www.fotografo-profesional.net\/diario\/#website\",\"url\":\"https:\/\/www.fotografo-profesional.net\/diario\/\",\"name\":\"Luis Miguel del Campo\",\"description\":\"Blog de un fot\u00f3grafo profesional\",\"potentialAction\":[{\"@type\":\"SearchAction\",\"target\":{\"@type\":\"EntryPoint\",\"urlTemplate\":\"https:\/\/www.fotografo-profesional.net\/diario\/?s={search_term_string}\"},\"query-input\":\"required name=search_term_string\"}],\"inLanguage\":\"es\"},{\"@type\":\"Person\",\"@id\":\"https:\/\/www.fotografo-profesional.net\/diario\/#\/schema\/person\/220504871d765b4c30a0af1d2fe93533\",\"name\":\"Luis Miguel del Campo\",\"image\":{\"@type\":\"ImageObject\",\"inLanguage\":\"es\",\"@id\":\"https:\/\/www.fotografo-profesional.net\/diario\/#\/schema\/person\/image\/\",\"url\":\"https:\/\/secure.gravatar.com\/avatar\/84bb1120095136de86f122a882a42d61?s=96&d=mm&r=g\",\"contentUrl\":\"https:\/\/secure.gravatar.com\/avatar\/84bb1120095136de86f122a882a42d61?s=96&d=mm&r=g\",\"caption\":\"Luis Miguel del Campo\"},\"url\":\"https:\/\/www.fotografo-profesional.net\/diario\/author\/admin_lmdc\/\"}]}<\/script>\n<!-- \/ Yoast SEO plugin. -->","yoast_head_json":{"title":"Las cig\u00fce\u00f1as de Alcal\u00e1 de Henares - Luis Miguel del Campo","description":"Las cig\u00fce\u00f1as de Alcal\u00e1 de Henares son una de las mayores atracciones tur\u00edsticas de esta ciudad madrile\u00f1a. Otras: Cervantes y la Universidad","robots":{"index":"index","follow":"follow","max-snippet":"max-snippet:-1","max-image-preview":"max-image-preview:large","max-video-preview":"max-video-preview:-1"},"canonical":"https:\/\/www.fotografo-profesional.net\/diario\/2022\/07\/20\/las-ciguenas-de-alcala-de-henares\/","og_locale":"es_ES","og_type":"article","og_title":"Las cig\u00fce\u00f1as de Alcal\u00e1 de Henares - Luis Miguel del Campo","og_description":"Las cig\u00fce\u00f1as de Alcal\u00e1 de Henares son una de las mayores atracciones tur\u00edsticas de esta ciudad madrile\u00f1a. Otras: Cervantes y la Universidad","og_url":"https:\/\/www.fotografo-profesional.net\/diario\/2022\/07\/20\/las-ciguenas-de-alcala-de-henares\/","og_site_name":"Luis Miguel del Campo","article_published_time":"2022-07-20T20:23:16+00:00","article_modified_time":"2022-07-20T20:24:10+00:00","og_image":[{"width":600,"height":338,"url":"https:\/\/www.fotografo-profesional.net\/diario\/wp-content\/uploads\/2022\/07\/Fotografo-profesional-en-madrid-LMC-0286.jpg","type":"image\/jpeg"}],"author":"Luis Miguel del Campo","twitter_card":"summary_large_image","twitter_misc":{"Escrito por":"Luis Miguel del Campo","Tiempo de lectura":"2 minutos"},"schema":{"@context":"https:\/\/schema.org","@graph":[{"@type":"WebPage","@id":"https:\/\/www.fotografo-profesional.net\/diario\/2022\/07\/20\/las-ciguenas-de-alcala-de-henares\/","url":"https:\/\/www.fotografo-profesional.net\/diario\/2022\/07\/20\/las-ciguenas-de-alcala-de-henares\/","name":"Las cig\u00fce\u00f1as de Alcal\u00e1 de Henares - Luis Miguel del Campo","isPartOf":{"@id":"https:\/\/www.fotografo-profesional.net\/diario\/#website"},"datePublished":"2022-07-20T20:23:16+00:00","dateModified":"2022-07-20T20:24:10+00:00","author":{"@id":"https:\/\/www.fotografo-profesional.net\/diario\/#\/schema\/person\/220504871d765b4c30a0af1d2fe93533"},"description":"Las cig\u00fce\u00f1as de Alcal\u00e1 de Henares son una de las mayores atracciones tur\u00edsticas de esta ciudad madrile\u00f1a. Otras: Cervantes y la Universidad","breadcrumb":{"@id":"https:\/\/www.fotografo-profesional.net\/diario\/2022\/07\/20\/las-ciguenas-de-alcala-de-henares\/#breadcrumb"},"inLanguage":"es","potentialAction":[{"@type":"ReadAction","target":["https:\/\/www.fotografo-profesional.net\/diario\/2022\/07\/20\/las-ciguenas-de-alcala-de-henares\/"]}]},{"@type":"BreadcrumbList","@id":"https:\/\/www.fotografo-profesional.net\/diario\/2022\/07\/20\/las-ciguenas-de-alcala-de-henares\/#breadcrumb","itemListElement":[{"@type":"ListItem","position":1,"name":"Inicio","item":"https:\/\/www.fotografo-profesional.net\/diario\/"},{"@type":"ListItem","position":2,"name":"Las cig\u00fce\u00f1as de Alcal\u00e1 de Henares"}]},{"@type":"WebSite","@id":"https:\/\/www.fotografo-profesional.net\/diario\/#website","url":"https:\/\/www.fotografo-profesional.net\/diario\/","name":"Luis Miguel del Campo","description":"Blog de un fot\u00f3grafo profesional","potentialAction":[{"@type":"SearchAction","target":{"@type":"EntryPoint","urlTemplate":"https:\/\/www.fotografo-profesional.net\/diario\/?s={search_term_string}"},"query-input":"required name=search_term_string"}],"inLanguage":"es"},{"@type":"Person","@id":"https:\/\/www.fotografo-profesional.net\/diario\/#\/schema\/person\/220504871d765b4c30a0af1d2fe93533","name":"Luis Miguel del Campo","image":{"@type":"ImageObject","inLanguage":"es","@id":"https:\/\/www.fotografo-profesional.net\/diario\/#\/schema\/person\/image\/","url":"https:\/\/secure.gravatar.com\/avatar\/84bb1120095136de86f122a882a42d61?s=96&d=mm&r=g","contentUrl":"https:\/\/secure.gravatar.com\/avatar\/84bb1120095136de86f122a882a42d61?s=96&d=mm&r=g","caption":"Luis Miguel del Campo"},"url":"https:\/\/www.fotografo-profesional.net\/diario\/author\/admin_lmdc\/"}]}},"_links":{"self":[{"href":"https:\/\/www.fotografo-profesional.net\/diario\/wp-json\/wp\/v2\/posts\/3385"}],"collection":[{"href":"https:\/\/www.fotografo-profesional.net\/diario\/wp-json\/wp\/v2\/posts"}],"about":[{"href":"https:\/\/www.fotografo-profesional.net\/diario\/wp-json\/wp\/v2\/types\/post"}],"author":[{"embeddable":true,"href":"https:\/\/www.fotografo-profesional.net\/diario\/wp-json\/wp\/v2\/users\/2"}],"replies":[{"embeddable":true,"href":"https:\/\/www.fotografo-profesional.net\/diario\/wp-json\/wp\/v2\/comments?post=3385"}],"version-history":[{"count":3,"href":"https:\/\/www.fotografo-profesional.net\/diario\/wp-json\/wp\/v2\/posts\/3385\/revisions"}],"predecessor-version":[{"id":3393,"href":"https:\/\/www.fotografo-profesional.net\/diario\/wp-json\/wp\/v2\/posts\/3385\/revisions\/3393"}],"wp:featuredmedia":[{"embeddable":true,"href":"https:\/\/www.fotografo-profesional.net\/diario\/wp-json\/wp\/v2\/media\/3391"}],"wp:attachment":[{"href":"https:\/\/www.fotografo-profesional.net\/diario\/wp-json\/wp\/v2\/media?parent=3385"}],"wp:term":[{"taxonomy":"category","embeddable":true,"href":"https:\/\/www.fotografo-profesional.net\/diario\/wp-json\/wp\/v2\/categories?post=3385"},{"taxonomy":"post_tag","embeddable":true,"href":"https:\/\/www.fotografo-profesional.net\/diario\/wp-json\/wp\/v2\/tags?post=3385"}],"curies":[{"name":"wp","href":"https:\/\/api.w.org\/{rel}","templated":true}]}}