{"id":3390,"date":"2022-07-24T13:05:06","date_gmt":"2022-07-24T11:05:06","guid":{"rendered":"https:\/\/www.fotografo-profesional.net\/diario\/?p=3390"},"modified":"2022-07-24T13:05:06","modified_gmt":"2022-07-24T11:05:06","slug":"trucos-para-salir-bien-en-las-fotos","status":"publish","type":"post","link":"https:\/\/www.fotografo-profesional.net\/diario\/2022\/07\/24\/trucos-para-salir-bien-en-las-fotos\/","title":{"rendered":"Trucos para salir bien en las fotos"},"content":{"rendered":"\r\n<p>Busca un fot\u00f3grafo profesional si quieres salir bien en las fotos del reportaje de tu boda. Aunque s\u00e9 que no es exactamente lo \u00fanico busc\u00e1is todas las parejas que os vais a casar. Porque lo que realmente quer\u00e9is es tener un reportaje fotogr\u00e1fico que refleje fielmente lo que ha sido la jornada de vuestra boda.<br \/><br \/>Pero reflejarlo fielmente significa tambi\u00e9n salir bien en las fotos; es decir, que se\u00e1is vosotros mismos. Reconocibles lo primero. Aparte de que sean im\u00e1genes atrayentes en las que no haya sombras indeseables en vuestras caras; tengan una cierta organizaci\u00f3n y armon\u00eda si se retrata un grupo y un equilibrio de masas y colores. <br \/><br \/>Todo esto con independencia de que hay\u00e1is contratado un fot\u00f3grafo de bodas barato, porque un profesional, sea cual fuere<a href=\"https:\/\/www.fotografo-profesional.net\/diario\/2020\/07\/17\/tarifas-de-fotografo-de-bodas-barato-en-madrid\/\"><span style=\"color: #0000ff;\"> su tarifa<\/span><\/a>, es el \u00fanico que puede logarlo. Si no, compara las fotograf\u00edas hechas por los invitados y amigos en otras bodas. Aunque solamente sea por oficio. El que ha adquirido durante todos sus <a href=\"https:\/\/www.fotografo-profesional.net\/trayectoria\"><span style=\"color: #0000ff;\">a\u00f1os de experiencia profesional<\/span><\/a>.<br \/><br \/>Por ejemplo, lo primero que tiene que conseguir el fot\u00f3grafo profesional ante una t\u00edpica foto de grupo durante una boda es que no haya estridencias que llamen la atenci\u00f3n a primera vista. Es decir, salir bien en <a href=\"https:\/\/www.fotografo-profesional.net\/portfolio\/fotografia-de-bodas\/\"><span style=\"color: #0000ff;\">fotos de grupo<\/span><\/a> se consigue cuando el fot\u00f3grafo de bodas barato ha tenido en cuenta lo siguiente:<br \/><br \/>&#8211; Que no haya nadie con los ojos cerrados en el momento del disparo. Hay varias maneras de conseguirlo si has ganado la atenci\u00f3n de todos. Tampoco conviene que alguno la arruine llevando gafas de sol.<br \/>&#8211; Aparte de las relaciones personales entre los fotografiados conviene organizarlos para que sus vestimentas no choquen crom\u00e1ticamente con la persona que tienen al lado. Si hay que cambiar las posiciones que han ocupado por iniciativa propia se hace.<br \/>&#8211; Conseguir que la fotograf\u00eda tenga un buen equilibrio de masas. Es decir que, al verla, est\u00e9 equilibrada y el peso no se caiga hacia ning\u00fan lado del encuadre. Si es necesario, se cambia de sitio a las personas que proceda hasta conseguirlo. En esto tienen ventaja los fot\u00f3grafos profesionales m\u00e1s veteranos. Por su gran experiencia. <br \/><br \/>Lo anteriormente expuesto son solo algunas de las cosas que hace un fot\u00f3grafo de bodas, incluso siendo barato, para conseguir que todos est\u00e9n contentos por salir bien en las fotos. <\/p>\r\n","protected":false},"excerpt":{"rendered":"<p>Busca un fot\u00f3grafo profesional si quieres salir bien en las fotos del reportaje de tu boda. Aunque s\u00e9 que no es exactamente lo \u00fanico busc\u00e1is todas las parejas que os vais a casar. Porque lo que realmente quer\u00e9is es tener un reportaje fotogr\u00e1fico que refleje fielmente lo que ha sido la jornada de vuestra boda. [&hellip;]<\/p>\n","protected":false},"author":2,"featured_media":0,"comment_status":"closed","ping_status":"open","sticky":false,"template":"","format":"standard","meta":[],"categories":[175,254,255,45,406,172,207],"tags":[450,315,32,290,601,579,99,348,565,642,284,626,338,454,452],"yoast_head":"<!-- This site is optimized with the Yoast SEO plugin v20.8 - https:\/\/yoast.com\/wordpress\/plugins\/seo\/ -->\n<title>Trucos para salir bien en las fotos - Luis Miguel del Campo<\/title>\n<meta name=\"description\" content=\"Adem\u00e1s de un buen reportaje de vuestra boda, s\u00e9 que muchas parejas quieren imperiosamente salir bien en las fotos\" \/>\n<meta name=\"robots\" content=\"index, follow, max-snippet:-1, max-image-preview:large, max-video-preview:-1\" \/>\n<link rel=\"canonical\" href=\"https:\/\/www.fotografo-profesional.net\/diario\/2022\/07\/24\/trucos-para-salir-bien-en-las-fotos\/\" \/>\n<meta property=\"og:locale\" content=\"es_ES\" \/>\n<meta property=\"og:type\" content=\"article\" \/>\n<meta property=\"og:title\" content=\"Trucos para salir bien en las fotos - Luis Miguel del Campo\" \/>\n<meta property=\"og:description\" content=\"Adem\u00e1s de un buen reportaje de vuestra boda, s\u00e9 que muchas parejas quieren imperiosamente salir bien en las fotos\" \/>\n<meta property=\"og:url\" content=\"https:\/\/www.fotografo-profesional.net\/diario\/2022\/07\/24\/trucos-para-salir-bien-en-las-fotos\/\" \/>\n<meta property=\"og:site_name\" content=\"Luis Miguel del Campo\" \/>\n<meta property=\"article:published_time\" content=\"2022-07-24T11:05:06+00:00\" \/>\n<meta name=\"author\" content=\"Luis Miguel del Campo\" \/>\n<meta name=\"twitter:card\" content=\"summary_large_image\" \/>\n<meta name=\"twitter:label1\" content=\"Escrito por\" \/>\n\t<meta name=\"twitter:data1\" content=\"Luis Miguel del Campo\" \/>\n\t<meta name=\"twitter:label2\" content=\"Tiempo de lectura\" \/>\n\t<meta name=\"twitter:data2\" content=\"2 minutos\" \/>\n<script type=\"application\/ld+json\" class=\"yoast-schema-graph\">{\"@context\":\"https:\/\/schema.org\",\"@graph\":[{\"@type\":\"WebPage\",\"@id\":\"https:\/\/www.fotografo-profesional.net\/diario\/2022\/07\/24\/trucos-para-salir-bien-en-las-fotos\/\",\"url\":\"https:\/\/www.fotografo-profesional.net\/diario\/2022\/07\/24\/trucos-para-salir-bien-en-las-fotos\/\",\"name\":\"Trucos para salir bien en las fotos - Luis Miguel del Campo\",\"isPartOf\":{\"@id\":\"https:\/\/www.fotografo-profesional.net\/diario\/#website\"},\"datePublished\":\"2022-07-24T11:05:06+00:00\",\"dateModified\":\"2022-07-24T11:05:06+00:00\",\"author\":{\"@id\":\"https:\/\/www.fotografo-profesional.net\/diario\/#\/schema\/person\/220504871d765b4c30a0af1d2fe93533\"},\"description\":\"Adem\u00e1s de un buen reportaje de vuestra boda, s\u00e9 que muchas parejas quieren imperiosamente salir bien en las fotos\",\"breadcrumb\":{\"@id\":\"https:\/\/www.fotografo-profesional.net\/diario\/2022\/07\/24\/trucos-para-salir-bien-en-las-fotos\/#breadcrumb\"},\"inLanguage\":\"es\",\"potentialAction\":[{\"@type\":\"ReadAction\",\"target\":[\"https:\/\/www.fotografo-profesional.net\/diario\/2022\/07\/24\/trucos-para-salir-bien-en-las-fotos\/\"]}]},{\"@type\":\"BreadcrumbList\",\"@id\":\"https:\/\/www.fotografo-profesional.net\/diario\/2022\/07\/24\/trucos-para-salir-bien-en-las-fotos\/#breadcrumb\",\"itemListElement\":[{\"@type\":\"ListItem\",\"position\":1,\"name\":\"Inicio\",\"item\":\"https:\/\/www.fotografo-profesional.net\/diario\/\"},{\"@type\":\"ListItem\",\"position\":2,\"name\":\"Trucos para salir bien en las fotos\"}]},{\"@type\":\"WebSite\",\"@id\":\"https:\/\/www.fotografo-profesional.net\/diario\/#website\",\"url\":\"https:\/\/www.fotografo-profesional.net\/diario\/\",\"name\":\"Luis Miguel del Campo\",\"description\":\"Blog de un fot\u00f3grafo profesional\",\"potentialAction\":[{\"@type\":\"SearchAction\",\"target\":{\"@type\":\"EntryPoint\",\"urlTemplate\":\"https:\/\/www.fotografo-profesional.net\/diario\/?s={search_term_string}\"},\"query-input\":\"required name=search_term_string\"}],\"inLanguage\":\"es\"},{\"@type\":\"Person\",\"@id\":\"https:\/\/www.fotografo-profesional.net\/diario\/#\/schema\/person\/220504871d765b4c30a0af1d2fe93533\",\"name\":\"Luis Miguel del Campo\",\"image\":{\"@type\":\"ImageObject\",\"inLanguage\":\"es\",\"@id\":\"https:\/\/www.fotografo-profesional.net\/diario\/#\/schema\/person\/image\/\",\"url\":\"https:\/\/secure.gravatar.com\/avatar\/84bb1120095136de86f122a882a42d61?s=96&d=mm&r=g\",\"contentUrl\":\"https:\/\/secure.gravatar.com\/avatar\/84bb1120095136de86f122a882a42d61?s=96&d=mm&r=g\",\"caption\":\"Luis Miguel del Campo\"},\"url\":\"https:\/\/www.fotografo-profesional.net\/diario\/author\/admin_lmdc\/\"}]}<\/script>\n<!-- \/ Yoast SEO plugin. -->","yoast_head_json":{"title":"Trucos para salir bien en las fotos - Luis Miguel del Campo","description":"Adem\u00e1s de un buen reportaje de vuestra boda, s\u00e9 que muchas parejas quieren imperiosamente salir bien en las fotos","robots":{"index":"index","follow":"follow","max-snippet":"max-snippet:-1","max-image-preview":"max-image-preview:large","max-video-preview":"max-video-preview:-1"},"canonical":"https:\/\/www.fotografo-profesional.net\/diario\/2022\/07\/24\/trucos-para-salir-bien-en-las-fotos\/","og_locale":"es_ES","og_type":"article","og_title":"Trucos para salir bien en las fotos - Luis Miguel del Campo","og_description":"Adem\u00e1s de un buen reportaje de vuestra boda, s\u00e9 que muchas parejas quieren imperiosamente salir bien en las fotos","og_url":"https:\/\/www.fotografo-profesional.net\/diario\/2022\/07\/24\/trucos-para-salir-bien-en-las-fotos\/","og_site_name":"Luis Miguel del Campo","article_published_time":"2022-07-24T11:05:06+00:00","author":"Luis Miguel del Campo","twitter_card":"summary_large_image","twitter_misc":{"Escrito por":"Luis Miguel del Campo","Tiempo de lectura":"2 minutos"},"schema":{"@context":"https:\/\/schema.org","@graph":[{"@type":"WebPage","@id":"https:\/\/www.fotografo-profesional.net\/diario\/2022\/07\/24\/trucos-para-salir-bien-en-las-fotos\/","url":"https:\/\/www.fotografo-profesional.net\/diario\/2022\/07\/24\/trucos-para-salir-bien-en-las-fotos\/","name":"Trucos para salir bien en las fotos - Luis Miguel del Campo","isPartOf":{"@id":"https:\/\/www.fotografo-profesional.net\/diario\/#website"},"datePublished":"2022-07-24T11:05:06+00:00","dateModified":"2022-07-24T11:05:06+00:00","author":{"@id":"https:\/\/www.fotografo-profesional.net\/diario\/#\/schema\/person\/220504871d765b4c30a0af1d2fe93533"},"description":"Adem\u00e1s de un buen reportaje de vuestra boda, s\u00e9 que muchas parejas quieren imperiosamente salir bien en las fotos","breadcrumb":{"@id":"https:\/\/www.fotografo-profesional.net\/diario\/2022\/07\/24\/trucos-para-salir-bien-en-las-fotos\/#breadcrumb"},"inLanguage":"es","potentialAction":[{"@type":"ReadAction","target":["https:\/\/www.fotografo-profesional.net\/diario\/2022\/07\/24\/trucos-para-salir-bien-en-las-fotos\/"]}]},{"@type":"BreadcrumbList","@id":"https:\/\/www.fotografo-profesional.net\/diario\/2022\/07\/24\/trucos-para-salir-bien-en-las-fotos\/#breadcrumb","itemListElement":[{"@type":"ListItem","position":1,"name":"Inicio","item":"https:\/\/www.fotografo-profesional.net\/diario\/"},{"@type":"ListItem","position":2,"name":"Trucos para salir bien en las fotos"}]},{"@type":"WebSite","@id":"https:\/\/www.fotografo-profesional.net\/diario\/#website","url":"https:\/\/www.fotografo-profesional.net\/diario\/","name":"Luis Miguel del Campo","description":"Blog de un fot\u00f3grafo profesional","potentialAction":[{"@type":"SearchAction","target":{"@type":"EntryPoint","urlTemplate":"https:\/\/www.fotografo-profesional.net\/diario\/?s={search_term_string}"},"query-input":"required name=search_term_string"}],"inLanguage":"es"},{"@type":"Person","@id":"https:\/\/www.fotografo-profesional.net\/diario\/#\/schema\/person\/220504871d765b4c30a0af1d2fe93533","name":"Luis Miguel del Campo","image":{"@type":"ImageObject","inLanguage":"es","@id":"https:\/\/www.fotografo-profesional.net\/diario\/#\/schema\/person\/image\/","url":"https:\/\/secure.gravatar.com\/avatar\/84bb1120095136de86f122a882a42d61?s=96&d=mm&r=g","contentUrl":"https:\/\/secure.gravatar.com\/avatar\/84bb1120095136de86f122a882a42d61?s=96&d=mm&r=g","caption":"Luis Miguel del Campo"},"url":"https:\/\/www.fotografo-profesional.net\/diario\/author\/admin_lmdc\/"}]}},"_links":{"self":[{"href":"https:\/\/www.fotografo-profesional.net\/diario\/wp-json\/wp\/v2\/posts\/3390"}],"collection":[{"href":"https:\/\/www.fotografo-profesional.net\/diario\/wp-json\/wp\/v2\/posts"}],"about":[{"href":"https:\/\/www.fotografo-profesional.net\/diario\/wp-json\/wp\/v2\/types\/post"}],"author":[{"embeddable":true,"href":"https:\/\/www.fotografo-profesional.net\/diario\/wp-json\/wp\/v2\/users\/2"}],"replies":[{"embeddable":true,"href":"https:\/\/www.fotografo-profesional.net\/diario\/wp-json\/wp\/v2\/comments?post=3390"}],"version-history":[{"count":2,"href":"https:\/\/www.fotografo-profesional.net\/diario\/wp-json\/wp\/v2\/posts\/3390\/revisions"}],"predecessor-version":[{"id":3396,"href":"https:\/\/www.fotografo-profesional.net\/diario\/wp-json\/wp\/v2\/posts\/3390\/revisions\/3396"}],"wp:attachment":[{"href":"https:\/\/www.fotografo-profesional.net\/diario\/wp-json\/wp\/v2\/media?parent=3390"}],"wp:term":[{"taxonomy":"category","embeddable":true,"href":"https:\/\/www.fotografo-profesional.net\/diario\/wp-json\/wp\/v2\/categories?post=3390"},{"taxonomy":"post_tag","embeddable":true,"href":"https:\/\/www.fotografo-profesional.net\/diario\/wp-json\/wp\/v2\/tags?post=3390"}],"curies":[{"name":"wp","href":"https:\/\/api.w.org\/{rel}","templated":true}]}}