{"id":3406,"date":"2022-08-08T18:32:17","date_gmt":"2022-08-08T16:32:17","guid":{"rendered":"https:\/\/www.fotografo-profesional.net\/diario\/?p=3406"},"modified":"2022-08-08T18:32:17","modified_gmt":"2022-08-08T16:32:17","slug":"cubrir-la-boda-de-un-fotografo-profesional","status":"publish","type":"post","link":"https:\/\/www.fotografo-profesional.net\/diario\/2022\/08\/08\/cubrir-la-boda-de-un-fotografo-profesional\/","title":{"rendered":"Cubrir la boda de un fot\u00f3grafo profesional"},"content":{"rendered":"\r\n<p>Cubrir la boda de un fot\u00f3grafo no es una situaci\u00f3n com\u00fan, pero que alguna vez se presenta. Porque los fot\u00f3grafos profesionales tambi\u00e9n se casan. Algunos.<br \/>Cuando se da ese caso, si ha sido el propio fot\u00f3grafo profesional y su pareja los que te han elegido para que hagas el reportaje de boda, no hay demasiado que pensar. Se supone que tu estilo es el que quieren que tengan las im\u00e1genes de su enlace. Y que les da lo mismo que seas un fot\u00f3grafo de bodas barato. Que apuestan por ti. O eso quieres pensar que es lo que les ha inducido a llamarte.<br \/><br \/>Pero si te han contratado sus familiares, amigos o compa\u00f1eros fot\u00f3grafos profesionales para que hagas el reportaje de la boda de un fot\u00f3grafo profesional te pueden empezar a surgir las dudas. Si no conoc\u00edas previamente al fot\u00f3grafo ni a sus amigos, tambi\u00e9n fot\u00f3grafos, puedes pensar:<br \/>&#8211; Si le va a gustar tu estilo, aunque des por hecho que les haya gustado a quienes te han contratado. Porque si lo han hecho, supones, es porque a ellos, por lo menos les ha gustado. A menos que\u2026<br \/>&#8211; te hayan contratado por ser un fot\u00f3grafo de bodas barato, ya que no dispon\u00edan de demasiado <a href=\"https:\/\/www.fotografo-profesional.net\/diario\/2020\/07\/17\/tarifas-de-fotografo-de-bodas-barato-en-madrid\/\"><span style=\"color: #0000ff;\">presupuesto para gastar<\/span><\/a> en la boda de este fot\u00f3grafo.<br \/>&#8211; Si deber\u00edas visitar la<a href=\"https:\/\/www.fotografo-profesional.net\"><span style=\"color: #0000ff;\"> p\u00e1gina web del fot\u00f3grafo<\/span><\/a> profesional que se casa e imitar su estilo\u2026 Sea similar al tuyo o completamente opuesto. \u00a1Cuidado que esta opci\u00f3n es la que presenta mayores riesgos y puedes equivocarte!<br \/>&#8211; Si, quiz\u00e1, deber\u00edas tirar por el camino de en medio y hacer algo que no se encuentre dentro del estilo habitual de tu trabajo ni del fot\u00f3grafo que se casa.<br \/><br \/>En cualquier caso que se presente, incluso en una boda de fot\u00f3grafo, lo mejor que se puede hacer siempre es hablar. Preguntar directamente lo qu\u00e9 quieren que haga este fot\u00f3grafo de bodas barato. Y salir de dudas. A menos que expresamente, o bien quienes te han contratado o el fot\u00f3grafo, te pidan que les sorprendas con tu trabajo. <\/p>\r\n","protected":false},"excerpt":{"rendered":"<p>Cubrir la boda de un fot\u00f3grafo no es una situaci\u00f3n com\u00fan, pero que alguna vez se presenta. Porque los fot\u00f3grafos profesionales tambi\u00e9n se casan. Algunos.Cuando se da ese caso, si ha sido el propio fot\u00f3grafo profesional y su pareja los que te han elegido para que hagas el reportaje de boda, no hay demasiado que [&hellip;]<\/p>\n","protected":false},"author":2,"featured_media":0,"comment_status":"closed","ping_status":"open","sticky":false,"template":"","format":"standard","meta":[],"categories":[175,254,255,45,406,172,207,176,116],"tags":[450,315,32,290,313,486,430,291,99,653,348,565,642,626,338,454,452],"yoast_head":"<!-- This site is optimized with the Yoast SEO plugin v20.8 - https:\/\/yoast.com\/wordpress\/plugins\/seo\/ -->\n<title>Cubrir la boda de un fot\u00f3grafo profesional - Luis Miguel del Campo<\/title>\n<meta name=\"description\" content=\"En el mundo de la imagen, los profesionales tienen que buscar a otro compa\u00f1ero para cubrir la boda de un fot\u00f3grafo\" \/>\n<meta name=\"robots\" content=\"index, follow, max-snippet:-1, max-image-preview:large, max-video-preview:-1\" \/>\n<link rel=\"canonical\" href=\"https:\/\/www.fotografo-profesional.net\/diario\/2022\/08\/08\/cubrir-la-boda-de-un-fotografo-profesional\/\" \/>\n<meta property=\"og:locale\" content=\"es_ES\" \/>\n<meta property=\"og:type\" content=\"article\" \/>\n<meta property=\"og:title\" content=\"Cubrir la boda de un fot\u00f3grafo profesional - Luis Miguel del Campo\" \/>\n<meta property=\"og:description\" content=\"En el mundo de la imagen, los profesionales tienen que buscar a otro compa\u00f1ero para cubrir la boda de un fot\u00f3grafo\" \/>\n<meta property=\"og:url\" content=\"https:\/\/www.fotografo-profesional.net\/diario\/2022\/08\/08\/cubrir-la-boda-de-un-fotografo-profesional\/\" \/>\n<meta property=\"og:site_name\" content=\"Luis Miguel del Campo\" \/>\n<meta property=\"article:published_time\" content=\"2022-08-08T16:32:17+00:00\" \/>\n<meta name=\"author\" content=\"Luis Miguel del Campo\" \/>\n<meta name=\"twitter:card\" content=\"summary_large_image\" \/>\n<meta name=\"twitter:label1\" content=\"Escrito por\" \/>\n\t<meta name=\"twitter:data1\" content=\"Luis Miguel del Campo\" \/>\n\t<meta name=\"twitter:label2\" content=\"Tiempo de lectura\" \/>\n\t<meta name=\"twitter:data2\" content=\"2 minutos\" \/>\n<script type=\"application\/ld+json\" class=\"yoast-schema-graph\">{\"@context\":\"https:\/\/schema.org\",\"@graph\":[{\"@type\":\"WebPage\",\"@id\":\"https:\/\/www.fotografo-profesional.net\/diario\/2022\/08\/08\/cubrir-la-boda-de-un-fotografo-profesional\/\",\"url\":\"https:\/\/www.fotografo-profesional.net\/diario\/2022\/08\/08\/cubrir-la-boda-de-un-fotografo-profesional\/\",\"name\":\"Cubrir la boda de un fot\u00f3grafo profesional - Luis Miguel del Campo\",\"isPartOf\":{\"@id\":\"https:\/\/www.fotografo-profesional.net\/diario\/#website\"},\"datePublished\":\"2022-08-08T16:32:17+00:00\",\"dateModified\":\"2022-08-08T16:32:17+00:00\",\"author\":{\"@id\":\"https:\/\/www.fotografo-profesional.net\/diario\/#\/schema\/person\/220504871d765b4c30a0af1d2fe93533\"},\"description\":\"En el mundo de la imagen, los profesionales tienen que buscar a otro compa\u00f1ero para cubrir la boda de un fot\u00f3grafo\",\"breadcrumb\":{\"@id\":\"https:\/\/www.fotografo-profesional.net\/diario\/2022\/08\/08\/cubrir-la-boda-de-un-fotografo-profesional\/#breadcrumb\"},\"inLanguage\":\"es\",\"potentialAction\":[{\"@type\":\"ReadAction\",\"target\":[\"https:\/\/www.fotografo-profesional.net\/diario\/2022\/08\/08\/cubrir-la-boda-de-un-fotografo-profesional\/\"]}]},{\"@type\":\"BreadcrumbList\",\"@id\":\"https:\/\/www.fotografo-profesional.net\/diario\/2022\/08\/08\/cubrir-la-boda-de-un-fotografo-profesional\/#breadcrumb\",\"itemListElement\":[{\"@type\":\"ListItem\",\"position\":1,\"name\":\"Inicio\",\"item\":\"https:\/\/www.fotografo-profesional.net\/diario\/\"},{\"@type\":\"ListItem\",\"position\":2,\"name\":\"Cubrir la boda de un fot\u00f3grafo profesional\"}]},{\"@type\":\"WebSite\",\"@id\":\"https:\/\/www.fotografo-profesional.net\/diario\/#website\",\"url\":\"https:\/\/www.fotografo-profesional.net\/diario\/\",\"name\":\"Luis Miguel del Campo\",\"description\":\"Blog de un fot\u00f3grafo profesional\",\"potentialAction\":[{\"@type\":\"SearchAction\",\"target\":{\"@type\":\"EntryPoint\",\"urlTemplate\":\"https:\/\/www.fotografo-profesional.net\/diario\/?s={search_term_string}\"},\"query-input\":\"required name=search_term_string\"}],\"inLanguage\":\"es\"},{\"@type\":\"Person\",\"@id\":\"https:\/\/www.fotografo-profesional.net\/diario\/#\/schema\/person\/220504871d765b4c30a0af1d2fe93533\",\"name\":\"Luis Miguel del Campo\",\"image\":{\"@type\":\"ImageObject\",\"inLanguage\":\"es\",\"@id\":\"https:\/\/www.fotografo-profesional.net\/diario\/#\/schema\/person\/image\/\",\"url\":\"https:\/\/secure.gravatar.com\/avatar\/84bb1120095136de86f122a882a42d61?s=96&d=mm&r=g\",\"contentUrl\":\"https:\/\/secure.gravatar.com\/avatar\/84bb1120095136de86f122a882a42d61?s=96&d=mm&r=g\",\"caption\":\"Luis Miguel del Campo\"},\"url\":\"https:\/\/www.fotografo-profesional.net\/diario\/author\/admin_lmdc\/\"}]}<\/script>\n<!-- \/ Yoast SEO plugin. -->","yoast_head_json":{"title":"Cubrir la boda de un fot\u00f3grafo profesional - Luis Miguel del Campo","description":"En el mundo de la imagen, los profesionales tienen que buscar a otro compa\u00f1ero para cubrir la boda de un fot\u00f3grafo","robots":{"index":"index","follow":"follow","max-snippet":"max-snippet:-1","max-image-preview":"max-image-preview:large","max-video-preview":"max-video-preview:-1"},"canonical":"https:\/\/www.fotografo-profesional.net\/diario\/2022\/08\/08\/cubrir-la-boda-de-un-fotografo-profesional\/","og_locale":"es_ES","og_type":"article","og_title":"Cubrir la boda de un fot\u00f3grafo profesional - Luis Miguel del Campo","og_description":"En el mundo de la imagen, los profesionales tienen que buscar a otro compa\u00f1ero para cubrir la boda de un fot\u00f3grafo","og_url":"https:\/\/www.fotografo-profesional.net\/diario\/2022\/08\/08\/cubrir-la-boda-de-un-fotografo-profesional\/","og_site_name":"Luis Miguel del Campo","article_published_time":"2022-08-08T16:32:17+00:00","author":"Luis Miguel del Campo","twitter_card":"summary_large_image","twitter_misc":{"Escrito por":"Luis Miguel del Campo","Tiempo de lectura":"2 minutos"},"schema":{"@context":"https:\/\/schema.org","@graph":[{"@type":"WebPage","@id":"https:\/\/www.fotografo-profesional.net\/diario\/2022\/08\/08\/cubrir-la-boda-de-un-fotografo-profesional\/","url":"https:\/\/www.fotografo-profesional.net\/diario\/2022\/08\/08\/cubrir-la-boda-de-un-fotografo-profesional\/","name":"Cubrir la boda de un fot\u00f3grafo profesional - Luis Miguel del Campo","isPartOf":{"@id":"https:\/\/www.fotografo-profesional.net\/diario\/#website"},"datePublished":"2022-08-08T16:32:17+00:00","dateModified":"2022-08-08T16:32:17+00:00","author":{"@id":"https:\/\/www.fotografo-profesional.net\/diario\/#\/schema\/person\/220504871d765b4c30a0af1d2fe93533"},"description":"En el mundo de la imagen, los profesionales tienen que buscar a otro compa\u00f1ero para cubrir la boda de un fot\u00f3grafo","breadcrumb":{"@id":"https:\/\/www.fotografo-profesional.net\/diario\/2022\/08\/08\/cubrir-la-boda-de-un-fotografo-profesional\/#breadcrumb"},"inLanguage":"es","potentialAction":[{"@type":"ReadAction","target":["https:\/\/www.fotografo-profesional.net\/diario\/2022\/08\/08\/cubrir-la-boda-de-un-fotografo-profesional\/"]}]},{"@type":"BreadcrumbList","@id":"https:\/\/www.fotografo-profesional.net\/diario\/2022\/08\/08\/cubrir-la-boda-de-un-fotografo-profesional\/#breadcrumb","itemListElement":[{"@type":"ListItem","position":1,"name":"Inicio","item":"https:\/\/www.fotografo-profesional.net\/diario\/"},{"@type":"ListItem","position":2,"name":"Cubrir la boda de un fot\u00f3grafo profesional"}]},{"@type":"WebSite","@id":"https:\/\/www.fotografo-profesional.net\/diario\/#website","url":"https:\/\/www.fotografo-profesional.net\/diario\/","name":"Luis Miguel del Campo","description":"Blog de un fot\u00f3grafo profesional","potentialAction":[{"@type":"SearchAction","target":{"@type":"EntryPoint","urlTemplate":"https:\/\/www.fotografo-profesional.net\/diario\/?s={search_term_string}"},"query-input":"required name=search_term_string"}],"inLanguage":"es"},{"@type":"Person","@id":"https:\/\/www.fotografo-profesional.net\/diario\/#\/schema\/person\/220504871d765b4c30a0af1d2fe93533","name":"Luis Miguel del Campo","image":{"@type":"ImageObject","inLanguage":"es","@id":"https:\/\/www.fotografo-profesional.net\/diario\/#\/schema\/person\/image\/","url":"https:\/\/secure.gravatar.com\/avatar\/84bb1120095136de86f122a882a42d61?s=96&d=mm&r=g","contentUrl":"https:\/\/secure.gravatar.com\/avatar\/84bb1120095136de86f122a882a42d61?s=96&d=mm&r=g","caption":"Luis Miguel del Campo"},"url":"https:\/\/www.fotografo-profesional.net\/diario\/author\/admin_lmdc\/"}]}},"_links":{"self":[{"href":"https:\/\/www.fotografo-profesional.net\/diario\/wp-json\/wp\/v2\/posts\/3406"}],"collection":[{"href":"https:\/\/www.fotografo-profesional.net\/diario\/wp-json\/wp\/v2\/posts"}],"about":[{"href":"https:\/\/www.fotografo-profesional.net\/diario\/wp-json\/wp\/v2\/types\/post"}],"author":[{"embeddable":true,"href":"https:\/\/www.fotografo-profesional.net\/diario\/wp-json\/wp\/v2\/users\/2"}],"replies":[{"embeddable":true,"href":"https:\/\/www.fotografo-profesional.net\/diario\/wp-json\/wp\/v2\/comments?post=3406"}],"version-history":[{"count":2,"href":"https:\/\/www.fotografo-profesional.net\/diario\/wp-json\/wp\/v2\/posts\/3406\/revisions"}],"predecessor-version":[{"id":3412,"href":"https:\/\/www.fotografo-profesional.net\/diario\/wp-json\/wp\/v2\/posts\/3406\/revisions\/3412"}],"wp:attachment":[{"href":"https:\/\/www.fotografo-profesional.net\/diario\/wp-json\/wp\/v2\/media?parent=3406"}],"wp:term":[{"taxonomy":"category","embeddable":true,"href":"https:\/\/www.fotografo-profesional.net\/diario\/wp-json\/wp\/v2\/categories?post=3406"},{"taxonomy":"post_tag","embeddable":true,"href":"https:\/\/www.fotografo-profesional.net\/diario\/wp-json\/wp\/v2\/tags?post=3406"}],"curies":[{"name":"wp","href":"https:\/\/api.w.org\/{rel}","templated":true}]}}