{"id":3437,"date":"2022-09-09T11:23:46","date_gmt":"2022-09-09T09:23:46","guid":{"rendered":"https:\/\/www.fotografo-profesional.net\/diario\/?p=3437"},"modified":"2022-09-09T11:23:46","modified_gmt":"2022-09-09T09:23:46","slug":"fotos-imprescindibles-de-boda","status":"publish","type":"post","link":"https:\/\/www.fotografo-profesional.net\/diario\/2022\/09\/09\/fotos-imprescindibles-de-boda\/","title":{"rendered":"Fotos imprescindibles de boda"},"content":{"rendered":"\r\n<p>Las fotos imprescindibles de vuestra boda son las que vosotros dese\u00e9is tener y las que le dig\u00e1is que haga al fot\u00f3grafo profesional que hay\u00e1is contratado. Por supuesto. No obstante, nunca est\u00e1 de m\u00e1s leer algunas sugerencias sobre qu\u00e9 fotos se pueden considerar imprescindibles en cualquier tipo de boda. Os lo cuento a continuaci\u00f3n. <br \/><br \/>Lo primero de lo que deb\u00e9is aseguraos es de que el fot\u00f3grafo elegido tenga claro que, aparte de su criterio profesional, debe hacer lo que le pid\u00e1is, tenga una tarifa elevada o su trabajo en las bodas <a href=\"https:\/\/www.fotografo-profesional.net\/diario\/2020\/07\/17\/tarifas-de-fotografo-de-bodas-barato-en-madrid\/\"><span style=\"color: #0000ff;\">lo ofrezca barato<\/span><\/a>. El cliente siempre tiene raz\u00f3n. Un axioma que siempre debe cumplirse. No solo por los fot\u00f3grafos profesionales de boda, sino en todo en todo \u00e1mbito laboral. Otra cosa bien distinta es que el fot\u00f3grafo tambi\u00e9n recomiende.<br \/><br \/>&#8211; Las fotos de la preparaci\u00f3n en las casas de los novios tambi\u00e9n son imprescindibles para los recuerdos de vuestra boda. Aportan informaci\u00f3n valiosa al \u00e1lbum o <span style=\"color: #0000ff;\"><a style=\"color: #0000ff;\" href=\"https:\/\/www.fotografo-profesional.net\/diario\/2020\/07\/10\/reportaje-de-boda-entregado-en-pendrive\/\">pendrive<\/a><\/span>, y emotiva para la pareja con el paso de de los a\u00f1os. Adem\u00e1s, si contrat\u00e1is <a href=\"https:\/\/www.fotografo-profesional.net\/diario\/2019\/08\/23\/ventajas-del-reportaje-de-boda-completa\/\"><span style=\"color: #0000ff;\">un reportaje de boda completa<\/span><\/a>, el precio medio por fotograf\u00eda os saldr\u00e1 m\u00e1s barato.<br \/>&#8211; La llegada de la novia a la iglesia o <a href=\"https:\/\/www.fotografo-profesional.net\/diario\/2022\/05\/28\/casarse-por-el-juzgado-o-en-el-ayuntamiento\/\"><span style=\"color: #0000ff;\">juzgado donde se vaya a celebrar<\/span><\/a> la ceremonia. Tambi\u00e9n, de la marcha de los reci\u00e9n casados hacia el convite. Estas \u00faltimas queda muy bien hacerlas dentro del coche nupcial.<br \/>&#8211; Ning\u00fan fot\u00f3grafo de bodas, por muy barato que sea, deja pasar sin capturarlo el momento de la salida de la ceremonia, con el beso de los novios y el lanzamiento del arroz\u2026<br \/>&#8211; El convite se presta a muchas fotos interesantes, emotivas e imprescindibles de cualquier boda. De la del brindis a la del corte de la tarta por parte de los novios. <br \/>&#8211; El vals o similar de los reci\u00e9n casados que da inicio al baile tampoco se le puede escapar al fot\u00f3grafo de bodas aunque sea barato.<br \/>&#8211; Y, por supuesto, que el fot\u00f3grafo profesional no se vaya sin hacer fotograf\u00edas de todos los invitados (se las pidan ellos o no) para que pod\u00e1is recordar siempre quienes estuvieron en vuestra boda; todas las fotos emotivas u originales que vea o se le ocurran tambi\u00e9n son imprescindibles en <a href=\"https:\/\/www.fotografo-profesional.net\/portfolio\/fotografia-de-bodas\/\"><span style=\"color: #3366ff;\">un buen reportaje<\/span> <\/a>de boda.<\/p>\r\n","protected":false},"excerpt":{"rendered":"<p>Las fotos imprescindibles de vuestra boda son las que vosotros dese\u00e9is tener y las que le dig\u00e1is que haga al fot\u00f3grafo profesional que hay\u00e1is contratado. Por supuesto. No obstante, nunca est\u00e1 de m\u00e1s leer algunas sugerencias sobre qu\u00e9 fotos se pueden considerar imprescindibles en cualquier tipo de boda. Os lo cuento a continuaci\u00f3n. Lo primero [&hellip;]<\/p>\n","protected":false},"author":2,"featured_media":0,"comment_status":"closed","ping_status":"open","sticky":false,"template":"","format":"standard","meta":[],"categories":[175,254,171,255,189,176],"tags":[665,724,554,577,882,450,315,464,290,601,544,430,524,291,131,99,653,348,565,642,284,626,338,881,454,452],"yoast_head":"<!-- This site is optimized with the Yoast SEO plugin v20.8 - https:\/\/yoast.com\/wordpress\/plugins\/seo\/ -->\n<title>Fotos imprescindibles de boda - Luis Miguel del Campo<\/title>\n<meta name=\"description\" content=\"Hay unas cuantas fotos que son imprescindibles en un reportaje de boda que se precie. Adem\u00e1s de \u00e9stas, tambi\u00e9n las que vosotros dese\u00e9is.\" \/>\n<meta name=\"robots\" content=\"index, follow, max-snippet:-1, max-image-preview:large, max-video-preview:-1\" \/>\n<link rel=\"canonical\" href=\"https:\/\/www.fotografo-profesional.net\/diario\/2022\/09\/09\/fotos-imprescindibles-de-boda\/\" \/>\n<meta property=\"og:locale\" content=\"es_ES\" \/>\n<meta property=\"og:type\" content=\"article\" \/>\n<meta property=\"og:title\" content=\"Fotos imprescindibles de boda - Luis Miguel del Campo\" \/>\n<meta property=\"og:description\" content=\"Hay unas cuantas fotos que son imprescindibles en un reportaje de boda que se precie. Adem\u00e1s de \u00e9stas, tambi\u00e9n las que vosotros dese\u00e9is.\" \/>\n<meta property=\"og:url\" content=\"https:\/\/www.fotografo-profesional.net\/diario\/2022\/09\/09\/fotos-imprescindibles-de-boda\/\" \/>\n<meta property=\"og:site_name\" content=\"Luis Miguel del Campo\" \/>\n<meta property=\"article:published_time\" content=\"2022-09-09T09:23:46+00:00\" \/>\n<meta name=\"author\" content=\"Luis Miguel del Campo\" \/>\n<meta name=\"twitter:card\" content=\"summary_large_image\" \/>\n<meta name=\"twitter:label1\" content=\"Escrito por\" \/>\n\t<meta name=\"twitter:data1\" content=\"Luis Miguel del Campo\" \/>\n\t<meta name=\"twitter:label2\" content=\"Tiempo de lectura\" \/>\n\t<meta name=\"twitter:data2\" content=\"2 minutos\" \/>\n<script type=\"application\/ld+json\" class=\"yoast-schema-graph\">{\"@context\":\"https:\/\/schema.org\",\"@graph\":[{\"@type\":\"WebPage\",\"@id\":\"https:\/\/www.fotografo-profesional.net\/diario\/2022\/09\/09\/fotos-imprescindibles-de-boda\/\",\"url\":\"https:\/\/www.fotografo-profesional.net\/diario\/2022\/09\/09\/fotos-imprescindibles-de-boda\/\",\"name\":\"Fotos imprescindibles de boda - Luis Miguel del Campo\",\"isPartOf\":{\"@id\":\"https:\/\/www.fotografo-profesional.net\/diario\/#website\"},\"datePublished\":\"2022-09-09T09:23:46+00:00\",\"dateModified\":\"2022-09-09T09:23:46+00:00\",\"author\":{\"@id\":\"https:\/\/www.fotografo-profesional.net\/diario\/#\/schema\/person\/220504871d765b4c30a0af1d2fe93533\"},\"description\":\"Hay unas cuantas fotos que son imprescindibles en un reportaje de boda que se precie. Adem\u00e1s de \u00e9stas, tambi\u00e9n las que vosotros dese\u00e9is.\",\"breadcrumb\":{\"@id\":\"https:\/\/www.fotografo-profesional.net\/diario\/2022\/09\/09\/fotos-imprescindibles-de-boda\/#breadcrumb\"},\"inLanguage\":\"es\",\"potentialAction\":[{\"@type\":\"ReadAction\",\"target\":[\"https:\/\/www.fotografo-profesional.net\/diario\/2022\/09\/09\/fotos-imprescindibles-de-boda\/\"]}]},{\"@type\":\"BreadcrumbList\",\"@id\":\"https:\/\/www.fotografo-profesional.net\/diario\/2022\/09\/09\/fotos-imprescindibles-de-boda\/#breadcrumb\",\"itemListElement\":[{\"@type\":\"ListItem\",\"position\":1,\"name\":\"Inicio\",\"item\":\"https:\/\/www.fotografo-profesional.net\/diario\/\"},{\"@type\":\"ListItem\",\"position\":2,\"name\":\"Fotos imprescindibles de boda\"}]},{\"@type\":\"WebSite\",\"@id\":\"https:\/\/www.fotografo-profesional.net\/diario\/#website\",\"url\":\"https:\/\/www.fotografo-profesional.net\/diario\/\",\"name\":\"Luis Miguel del Campo\",\"description\":\"Blog de un fot\u00f3grafo profesional\",\"potentialAction\":[{\"@type\":\"SearchAction\",\"target\":{\"@type\":\"EntryPoint\",\"urlTemplate\":\"https:\/\/www.fotografo-profesional.net\/diario\/?s={search_term_string}\"},\"query-input\":\"required name=search_term_string\"}],\"inLanguage\":\"es\"},{\"@type\":\"Person\",\"@id\":\"https:\/\/www.fotografo-profesional.net\/diario\/#\/schema\/person\/220504871d765b4c30a0af1d2fe93533\",\"name\":\"Luis Miguel del Campo\",\"image\":{\"@type\":\"ImageObject\",\"inLanguage\":\"es\",\"@id\":\"https:\/\/www.fotografo-profesional.net\/diario\/#\/schema\/person\/image\/\",\"url\":\"https:\/\/secure.gravatar.com\/avatar\/84bb1120095136de86f122a882a42d61?s=96&d=mm&r=g\",\"contentUrl\":\"https:\/\/secure.gravatar.com\/avatar\/84bb1120095136de86f122a882a42d61?s=96&d=mm&r=g\",\"caption\":\"Luis Miguel del Campo\"},\"url\":\"https:\/\/www.fotografo-profesional.net\/diario\/author\/admin_lmdc\/\"}]}<\/script>\n<!-- \/ Yoast SEO plugin. -->","yoast_head_json":{"title":"Fotos imprescindibles de boda - Luis Miguel del Campo","description":"Hay unas cuantas fotos que son imprescindibles en un reportaje de boda que se precie. Adem\u00e1s de \u00e9stas, tambi\u00e9n las que vosotros dese\u00e9is.","robots":{"index":"index","follow":"follow","max-snippet":"max-snippet:-1","max-image-preview":"max-image-preview:large","max-video-preview":"max-video-preview:-1"},"canonical":"https:\/\/www.fotografo-profesional.net\/diario\/2022\/09\/09\/fotos-imprescindibles-de-boda\/","og_locale":"es_ES","og_type":"article","og_title":"Fotos imprescindibles de boda - Luis Miguel del Campo","og_description":"Hay unas cuantas fotos que son imprescindibles en un reportaje de boda que se precie. Adem\u00e1s de \u00e9stas, tambi\u00e9n las que vosotros dese\u00e9is.","og_url":"https:\/\/www.fotografo-profesional.net\/diario\/2022\/09\/09\/fotos-imprescindibles-de-boda\/","og_site_name":"Luis Miguel del Campo","article_published_time":"2022-09-09T09:23:46+00:00","author":"Luis Miguel del Campo","twitter_card":"summary_large_image","twitter_misc":{"Escrito por":"Luis Miguel del Campo","Tiempo de lectura":"2 minutos"},"schema":{"@context":"https:\/\/schema.org","@graph":[{"@type":"WebPage","@id":"https:\/\/www.fotografo-profesional.net\/diario\/2022\/09\/09\/fotos-imprescindibles-de-boda\/","url":"https:\/\/www.fotografo-profesional.net\/diario\/2022\/09\/09\/fotos-imprescindibles-de-boda\/","name":"Fotos imprescindibles de boda - Luis Miguel del Campo","isPartOf":{"@id":"https:\/\/www.fotografo-profesional.net\/diario\/#website"},"datePublished":"2022-09-09T09:23:46+00:00","dateModified":"2022-09-09T09:23:46+00:00","author":{"@id":"https:\/\/www.fotografo-profesional.net\/diario\/#\/schema\/person\/220504871d765b4c30a0af1d2fe93533"},"description":"Hay unas cuantas fotos que son imprescindibles en un reportaje de boda que se precie. Adem\u00e1s de \u00e9stas, tambi\u00e9n las que vosotros dese\u00e9is.","breadcrumb":{"@id":"https:\/\/www.fotografo-profesional.net\/diario\/2022\/09\/09\/fotos-imprescindibles-de-boda\/#breadcrumb"},"inLanguage":"es","potentialAction":[{"@type":"ReadAction","target":["https:\/\/www.fotografo-profesional.net\/diario\/2022\/09\/09\/fotos-imprescindibles-de-boda\/"]}]},{"@type":"BreadcrumbList","@id":"https:\/\/www.fotografo-profesional.net\/diario\/2022\/09\/09\/fotos-imprescindibles-de-boda\/#breadcrumb","itemListElement":[{"@type":"ListItem","position":1,"name":"Inicio","item":"https:\/\/www.fotografo-profesional.net\/diario\/"},{"@type":"ListItem","position":2,"name":"Fotos imprescindibles de boda"}]},{"@type":"WebSite","@id":"https:\/\/www.fotografo-profesional.net\/diario\/#website","url":"https:\/\/www.fotografo-profesional.net\/diario\/","name":"Luis Miguel del Campo","description":"Blog de un fot\u00f3grafo profesional","potentialAction":[{"@type":"SearchAction","target":{"@type":"EntryPoint","urlTemplate":"https:\/\/www.fotografo-profesional.net\/diario\/?s={search_term_string}"},"query-input":"required name=search_term_string"}],"inLanguage":"es"},{"@type":"Person","@id":"https:\/\/www.fotografo-profesional.net\/diario\/#\/schema\/person\/220504871d765b4c30a0af1d2fe93533","name":"Luis Miguel del Campo","image":{"@type":"ImageObject","inLanguage":"es","@id":"https:\/\/www.fotografo-profesional.net\/diario\/#\/schema\/person\/image\/","url":"https:\/\/secure.gravatar.com\/avatar\/84bb1120095136de86f122a882a42d61?s=96&d=mm&r=g","contentUrl":"https:\/\/secure.gravatar.com\/avatar\/84bb1120095136de86f122a882a42d61?s=96&d=mm&r=g","caption":"Luis Miguel del Campo"},"url":"https:\/\/www.fotografo-profesional.net\/diario\/author\/admin_lmdc\/"}]}},"_links":{"self":[{"href":"https:\/\/www.fotografo-profesional.net\/diario\/wp-json\/wp\/v2\/posts\/3437"}],"collection":[{"href":"https:\/\/www.fotografo-profesional.net\/diario\/wp-json\/wp\/v2\/posts"}],"about":[{"href":"https:\/\/www.fotografo-profesional.net\/diario\/wp-json\/wp\/v2\/types\/post"}],"author":[{"embeddable":true,"href":"https:\/\/www.fotografo-profesional.net\/diario\/wp-json\/wp\/v2\/users\/2"}],"replies":[{"embeddable":true,"href":"https:\/\/www.fotografo-profesional.net\/diario\/wp-json\/wp\/v2\/comments?post=3437"}],"version-history":[{"count":2,"href":"https:\/\/www.fotografo-profesional.net\/diario\/wp-json\/wp\/v2\/posts\/3437\/revisions"}],"predecessor-version":[{"id":3444,"href":"https:\/\/www.fotografo-profesional.net\/diario\/wp-json\/wp\/v2\/posts\/3437\/revisions\/3444"}],"wp:attachment":[{"href":"https:\/\/www.fotografo-profesional.net\/diario\/wp-json\/wp\/v2\/media?parent=3437"}],"wp:term":[{"taxonomy":"category","embeddable":true,"href":"https:\/\/www.fotografo-profesional.net\/diario\/wp-json\/wp\/v2\/categories?post=3437"},{"taxonomy":"post_tag","embeddable":true,"href":"https:\/\/www.fotografo-profesional.net\/diario\/wp-json\/wp\/v2\/tags?post=3437"}],"curies":[{"name":"wp","href":"https:\/\/api.w.org\/{rel}","templated":true}]}}