{"id":3462,"date":"2022-10-09T18:12:07","date_gmt":"2022-10-09T16:12:07","guid":{"rendered":"https:\/\/www.fotografo-profesional.net\/diario\/?p=3462"},"modified":"2022-12-04T09:08:58","modified_gmt":"2022-12-04T08:08:58","slug":"fotografias-de-libros-en-madrid","status":"publish","type":"post","link":"https:\/\/www.fotografo-profesional.net\/diario\/2022\/10\/09\/fotografias-de-libros-en-madrid\/","title":{"rendered":"Fotograf\u00edas de libros en Madrid"},"content":{"rendered":"\r\n<p><img decoding=\"async\" class=\"alignnone size-full wp-image-3535\" src=\"https:\/\/www.fotografo-profesional.net\/diario\/wp-content\/uploads\/2022\/10\/Fotografo-profesional-en-Madrid-LMC-0298.jpg\" alt=\"Fotograf\u00edas de libros\" width=\"800\" height=\"583\" srcset=\"https:\/\/www.fotografo-profesional.net\/diario\/wp-content\/uploads\/2022\/10\/Fotografo-profesional-en-Madrid-LMC-0298.jpg 800w, https:\/\/www.fotografo-profesional.net\/diario\/wp-content\/uploads\/2022\/10\/Fotografo-profesional-en-Madrid-LMC-0298-300x219.jpg 300w, https:\/\/www.fotografo-profesional.net\/diario\/wp-content\/uploads\/2022\/10\/Fotografo-profesional-en-Madrid-LMC-0298-768x560.jpg 768w\" sizes=\"(max-width: 800px) 100vw, 800px\" \/><\/p>\r\n<p>\u00bfFotograf\u00edas de libros?, se preguntar\u00e1 asombrado alguien al leer el t\u00edtulo. \u00bfLas ilustraciones del interior son fotograf\u00edas? \u00bfA qu\u00e9 se refiere si no?<\/p>\r\n<p>Pues me refiero a fotograf\u00edas de libros que sirvan <a href=\"https:\/\/www.fotografo-profesional.net\/diario\/2019\/09\/04\/reproduccion-de-cuadros-para-catalogos\/\"><span style=\"color: #0000ff;\">para hacer un cat\u00e1logo<\/span><\/a> de una editorial con ellas, por ejemplo. Aunque puede ser de una colecci\u00f3n privada que va a ser donada y su due\u00f1o quiere tener de recuerdo fotograf\u00edas de las portadas de los libros que dona. Como ha sido el caso que me ha sucedido hace bien poco. Adem\u00e1s, lo curioso del caso es que la mayor\u00eda de los libros que fotografi\u00e9 no los hab\u00eda le\u00eddo su propietario.<\/p>\r\n<p>\u00bfLos ten\u00eda para adornar la librer\u00eda entonces?, se preguntar\u00e1n los m\u00e1s sagaces lectores. Pues no. Los fue comprando a lo largo de su vida por el valor art\u00edstico de sus portadas. Algunas de las obras eran tan conocidas como Ca\u00f1as y barro y su propietario ya las hab\u00eda le\u00eddo en un ejemplar de otra editorial antes de comprar las ediciones que fueron objeto de ser fotografiadas. Busc\u00f3 a <a href=\"https:\/\/www.fotografo-profesional.net\/portfolio\/fotografia-publicitaria\/\"><span style=\"color: #0000ff;\">este fot\u00f3grafo profesional<\/span><\/a> para que reprodujera fielmente el aspecto y colorido de estas ediciones tan particulares.<\/p>\r\n<p>\u00bfPor qu\u00e9 particulares? Porque las portadas de estos libros (no solo se trataba de novelas) hab\u00edan sido realizadas por dise\u00f1adores espa\u00f1oles muy reconocidos a principios del siglo XX. Eran verdaderas obras de arte. \u00c9sa fue la raz\u00f3n por la que busc\u00f3 a un fot\u00f3grafo profesional para que reprodujera fidedignamente el arte de las portadas de estos libros.<\/p>\r\n<p>El propietario que me encarg\u00f3 hacer las fotograf\u00edas de esta colecci\u00f3n de libros estuvo recopilando ejemplares con portadas de dise\u00f1o publicados desde principios del siglo XX. Alguno de las piezas que pose\u00eda ya ten\u00edan m\u00e1s de cien a\u00f1os. El papel era a veces de muy baja calidad, de tama\u00f1o irregular y deficientemente guillotinado.<\/p>\r\n<h3>Peculiaridad<\/h3>\r\n<p>Ha sido el encargo m\u00e1s curioso y uno de los m\u00e1s interesantes que he tenido en los m\u00e1s de veinticinco a\u00f1os que llevo trabajando como fot\u00f3grafo profesional. <br \/><br \/><\/p>\r\n","protected":false},"excerpt":{"rendered":"<p>\u00bfFotograf\u00edas de libros?, se preguntar\u00e1 asombrado alguien al leer el t\u00edtulo. \u00bfLas ilustraciones del interior son fotograf\u00edas? \u00bfA qu\u00e9 se refiere si no? Pues me refiero a fotograf\u00edas de libros que sirvan para hacer un cat\u00e1logo de una editorial con ellas, por ejemplo. Aunque puede ser de una colecci\u00f3n privada que va a ser donada [&hellip;]<\/p>\n","protected":false},"author":2,"featured_media":3535,"comment_status":"closed","ping_status":"open","sticky":false,"template":"","format":"standard","meta":[],"categories":[88,45,406,172,207],"tags":[884,90,601,754,99,348,886,284,338,885],"yoast_head":"<!-- This site is optimized with the Yoast SEO plugin v20.8 - https:\/\/yoast.com\/wordpress\/plugins\/seo\/ -->\n<title>Fotograf\u00edas de libros en Madrid - Luis Miguel del Campo<\/title>\n<meta name=\"description\" content=\"Las fotograf\u00edas de libros pueden tener muchos fines. De entre todos ellos, las que necesitan de un fot\u00f3grafo profesional son las de cat\u00e1logo\" \/>\n<meta name=\"robots\" content=\"index, follow, max-snippet:-1, max-image-preview:large, max-video-preview:-1\" \/>\n<link rel=\"canonical\" href=\"https:\/\/www.fotografo-profesional.net\/diario\/2022\/10\/09\/fotografias-de-libros-en-madrid\/\" \/>\n<meta property=\"og:locale\" content=\"es_ES\" \/>\n<meta property=\"og:type\" content=\"article\" \/>\n<meta property=\"og:title\" content=\"Fotograf\u00edas de libros en Madrid - Luis Miguel del Campo\" \/>\n<meta property=\"og:description\" content=\"Las fotograf\u00edas de libros pueden tener muchos fines. De entre todos ellos, las que necesitan de un fot\u00f3grafo profesional son las de cat\u00e1logo\" \/>\n<meta property=\"og:url\" content=\"https:\/\/www.fotografo-profesional.net\/diario\/2022\/10\/09\/fotografias-de-libros-en-madrid\/\" \/>\n<meta property=\"og:site_name\" content=\"Luis Miguel del Campo\" \/>\n<meta property=\"article:published_time\" content=\"2022-10-09T16:12:07+00:00\" \/>\n<meta property=\"article:modified_time\" content=\"2022-12-04T08:08:58+00:00\" \/>\n<meta property=\"og:image\" content=\"https:\/\/www.fotografo-profesional.net\/diario\/wp-content\/uploads\/2022\/10\/Fotografo-profesional-en-Madrid-LMC-0298.jpg\" \/>\n\t<meta property=\"og:image:width\" content=\"800\" \/>\n\t<meta property=\"og:image:height\" content=\"583\" \/>\n\t<meta property=\"og:image:type\" content=\"image\/jpeg\" \/>\n<meta name=\"author\" content=\"Luis Miguel del Campo\" \/>\n<meta name=\"twitter:card\" content=\"summary_large_image\" \/>\n<meta name=\"twitter:label1\" content=\"Escrito por\" \/>\n\t<meta name=\"twitter:data1\" content=\"Luis Miguel del Campo\" \/>\n\t<meta name=\"twitter:label2\" content=\"Tiempo de lectura\" \/>\n\t<meta name=\"twitter:data2\" content=\"2 minutos\" \/>\n<script type=\"application\/ld+json\" class=\"yoast-schema-graph\">{\"@context\":\"https:\/\/schema.org\",\"@graph\":[{\"@type\":\"WebPage\",\"@id\":\"https:\/\/www.fotografo-profesional.net\/diario\/2022\/10\/09\/fotografias-de-libros-en-madrid\/\",\"url\":\"https:\/\/www.fotografo-profesional.net\/diario\/2022\/10\/09\/fotografias-de-libros-en-madrid\/\",\"name\":\"Fotograf\u00edas de libros en Madrid - Luis Miguel del Campo\",\"isPartOf\":{\"@id\":\"https:\/\/www.fotografo-profesional.net\/diario\/#website\"},\"datePublished\":\"2022-10-09T16:12:07+00:00\",\"dateModified\":\"2022-12-04T08:08:58+00:00\",\"author\":{\"@id\":\"https:\/\/www.fotografo-profesional.net\/diario\/#\/schema\/person\/220504871d765b4c30a0af1d2fe93533\"},\"description\":\"Las fotograf\u00edas de libros pueden tener muchos fines. De entre todos ellos, las que necesitan de un fot\u00f3grafo profesional son las de cat\u00e1logo\",\"breadcrumb\":{\"@id\":\"https:\/\/www.fotografo-profesional.net\/diario\/2022\/10\/09\/fotografias-de-libros-en-madrid\/#breadcrumb\"},\"inLanguage\":\"es\",\"potentialAction\":[{\"@type\":\"ReadAction\",\"target\":[\"https:\/\/www.fotografo-profesional.net\/diario\/2022\/10\/09\/fotografias-de-libros-en-madrid\/\"]}]},{\"@type\":\"BreadcrumbList\",\"@id\":\"https:\/\/www.fotografo-profesional.net\/diario\/2022\/10\/09\/fotografias-de-libros-en-madrid\/#breadcrumb\",\"itemListElement\":[{\"@type\":\"ListItem\",\"position\":1,\"name\":\"Inicio\",\"item\":\"https:\/\/www.fotografo-profesional.net\/diario\/\"},{\"@type\":\"ListItem\",\"position\":2,\"name\":\"Fotograf\u00edas de libros en Madrid\"}]},{\"@type\":\"WebSite\",\"@id\":\"https:\/\/www.fotografo-profesional.net\/diario\/#website\",\"url\":\"https:\/\/www.fotografo-profesional.net\/diario\/\",\"name\":\"Luis Miguel del Campo\",\"description\":\"Blog de un fot\u00f3grafo profesional\",\"potentialAction\":[{\"@type\":\"SearchAction\",\"target\":{\"@type\":\"EntryPoint\",\"urlTemplate\":\"https:\/\/www.fotografo-profesional.net\/diario\/?s={search_term_string}\"},\"query-input\":\"required name=search_term_string\"}],\"inLanguage\":\"es\"},{\"@type\":\"Person\",\"@id\":\"https:\/\/www.fotografo-profesional.net\/diario\/#\/schema\/person\/220504871d765b4c30a0af1d2fe93533\",\"name\":\"Luis Miguel del Campo\",\"image\":{\"@type\":\"ImageObject\",\"inLanguage\":\"es\",\"@id\":\"https:\/\/www.fotografo-profesional.net\/diario\/#\/schema\/person\/image\/\",\"url\":\"https:\/\/secure.gravatar.com\/avatar\/84bb1120095136de86f122a882a42d61?s=96&d=mm&r=g\",\"contentUrl\":\"https:\/\/secure.gravatar.com\/avatar\/84bb1120095136de86f122a882a42d61?s=96&d=mm&r=g\",\"caption\":\"Luis Miguel del Campo\"},\"url\":\"https:\/\/www.fotografo-profesional.net\/diario\/author\/admin_lmdc\/\"}]}<\/script>\n<!-- \/ Yoast SEO plugin. -->","yoast_head_json":{"title":"Fotograf\u00edas de libros en Madrid - Luis Miguel del Campo","description":"Las fotograf\u00edas de libros pueden tener muchos fines. De entre todos ellos, las que necesitan de un fot\u00f3grafo profesional son las de cat\u00e1logo","robots":{"index":"index","follow":"follow","max-snippet":"max-snippet:-1","max-image-preview":"max-image-preview:large","max-video-preview":"max-video-preview:-1"},"canonical":"https:\/\/www.fotografo-profesional.net\/diario\/2022\/10\/09\/fotografias-de-libros-en-madrid\/","og_locale":"es_ES","og_type":"article","og_title":"Fotograf\u00edas de libros en Madrid - Luis Miguel del Campo","og_description":"Las fotograf\u00edas de libros pueden tener muchos fines. De entre todos ellos, las que necesitan de un fot\u00f3grafo profesional son las de cat\u00e1logo","og_url":"https:\/\/www.fotografo-profesional.net\/diario\/2022\/10\/09\/fotografias-de-libros-en-madrid\/","og_site_name":"Luis Miguel del Campo","article_published_time":"2022-10-09T16:12:07+00:00","article_modified_time":"2022-12-04T08:08:58+00:00","og_image":[{"width":800,"height":583,"url":"https:\/\/www.fotografo-profesional.net\/diario\/wp-content\/uploads\/2022\/10\/Fotografo-profesional-en-Madrid-LMC-0298.jpg","type":"image\/jpeg"}],"author":"Luis Miguel del Campo","twitter_card":"summary_large_image","twitter_misc":{"Escrito por":"Luis Miguel del Campo","Tiempo de lectura":"2 minutos"},"schema":{"@context":"https:\/\/schema.org","@graph":[{"@type":"WebPage","@id":"https:\/\/www.fotografo-profesional.net\/diario\/2022\/10\/09\/fotografias-de-libros-en-madrid\/","url":"https:\/\/www.fotografo-profesional.net\/diario\/2022\/10\/09\/fotografias-de-libros-en-madrid\/","name":"Fotograf\u00edas de libros en Madrid - Luis Miguel del Campo","isPartOf":{"@id":"https:\/\/www.fotografo-profesional.net\/diario\/#website"},"datePublished":"2022-10-09T16:12:07+00:00","dateModified":"2022-12-04T08:08:58+00:00","author":{"@id":"https:\/\/www.fotografo-profesional.net\/diario\/#\/schema\/person\/220504871d765b4c30a0af1d2fe93533"},"description":"Las fotograf\u00edas de libros pueden tener muchos fines. De entre todos ellos, las que necesitan de un fot\u00f3grafo profesional son las de cat\u00e1logo","breadcrumb":{"@id":"https:\/\/www.fotografo-profesional.net\/diario\/2022\/10\/09\/fotografias-de-libros-en-madrid\/#breadcrumb"},"inLanguage":"es","potentialAction":[{"@type":"ReadAction","target":["https:\/\/www.fotografo-profesional.net\/diario\/2022\/10\/09\/fotografias-de-libros-en-madrid\/"]}]},{"@type":"BreadcrumbList","@id":"https:\/\/www.fotografo-profesional.net\/diario\/2022\/10\/09\/fotografias-de-libros-en-madrid\/#breadcrumb","itemListElement":[{"@type":"ListItem","position":1,"name":"Inicio","item":"https:\/\/www.fotografo-profesional.net\/diario\/"},{"@type":"ListItem","position":2,"name":"Fotograf\u00edas de libros en Madrid"}]},{"@type":"WebSite","@id":"https:\/\/www.fotografo-profesional.net\/diario\/#website","url":"https:\/\/www.fotografo-profesional.net\/diario\/","name":"Luis Miguel del Campo","description":"Blog de un fot\u00f3grafo profesional","potentialAction":[{"@type":"SearchAction","target":{"@type":"EntryPoint","urlTemplate":"https:\/\/www.fotografo-profesional.net\/diario\/?s={search_term_string}"},"query-input":"required name=search_term_string"}],"inLanguage":"es"},{"@type":"Person","@id":"https:\/\/www.fotografo-profesional.net\/diario\/#\/schema\/person\/220504871d765b4c30a0af1d2fe93533","name":"Luis Miguel del Campo","image":{"@type":"ImageObject","inLanguage":"es","@id":"https:\/\/www.fotografo-profesional.net\/diario\/#\/schema\/person\/image\/","url":"https:\/\/secure.gravatar.com\/avatar\/84bb1120095136de86f122a882a42d61?s=96&d=mm&r=g","contentUrl":"https:\/\/secure.gravatar.com\/avatar\/84bb1120095136de86f122a882a42d61?s=96&d=mm&r=g","caption":"Luis Miguel del Campo"},"url":"https:\/\/www.fotografo-profesional.net\/diario\/author\/admin_lmdc\/"}]}},"_links":{"self":[{"href":"https:\/\/www.fotografo-profesional.net\/diario\/wp-json\/wp\/v2\/posts\/3462"}],"collection":[{"href":"https:\/\/www.fotografo-profesional.net\/diario\/wp-json\/wp\/v2\/posts"}],"about":[{"href":"https:\/\/www.fotografo-profesional.net\/diario\/wp-json\/wp\/v2\/types\/post"}],"author":[{"embeddable":true,"href":"https:\/\/www.fotografo-profesional.net\/diario\/wp-json\/wp\/v2\/users\/2"}],"replies":[{"embeddable":true,"href":"https:\/\/www.fotografo-profesional.net\/diario\/wp-json\/wp\/v2\/comments?post=3462"}],"version-history":[{"count":4,"href":"https:\/\/www.fotografo-profesional.net\/diario\/wp-json\/wp\/v2\/posts\/3462\/revisions"}],"predecessor-version":[{"id":3537,"href":"https:\/\/www.fotografo-profesional.net\/diario\/wp-json\/wp\/v2\/posts\/3462\/revisions\/3537"}],"wp:featuredmedia":[{"embeddable":true,"href":"https:\/\/www.fotografo-profesional.net\/diario\/wp-json\/wp\/v2\/media\/3535"}],"wp:attachment":[{"href":"https:\/\/www.fotografo-profesional.net\/diario\/wp-json\/wp\/v2\/media?parent=3462"}],"wp:term":[{"taxonomy":"category","embeddable":true,"href":"https:\/\/www.fotografo-profesional.net\/diario\/wp-json\/wp\/v2\/categories?post=3462"},{"taxonomy":"post_tag","embeddable":true,"href":"https:\/\/www.fotografo-profesional.net\/diario\/wp-json\/wp\/v2\/tags?post=3462"}],"curies":[{"name":"wp","href":"https:\/\/api.w.org\/{rel}","templated":true}]}}