{"id":349,"date":"2018-11-26T08:33:02","date_gmt":"2018-11-26T07:33:02","guid":{"rendered":"https:\/\/www.fotografo-profesional.net\/diario\/?p=349"},"modified":"2020-05-02T16:31:09","modified_gmt":"2020-05-02T14:31:09","slug":"grafiti-en-la-fiambrera-de-madrid","status":"publish","type":"post","link":"https:\/\/www.fotografo-profesional.net\/diario\/2018\/11\/26\/grafiti-en-la-fiambrera-de-madrid\/","title":{"rendered":"Grafiti en La Fiambrera, Madrid"},"content":{"rendered":"<div id=\"attachment_354\" style=\"width: 610px\" class=\"wp-caption aligncenter\"><img aria-describedby=\"caption-attachment-354\" decoding=\"async\" class=\"wp-image-354 size-full\" src=\"https:\/\/www.fotografo-profesional.net\/diario\/wp-content\/uploads\/2018\/11\/Toxic\u00f3mano-Callejero-por-fot\u00f3grafo-en-Madrid-001.jpg\" alt=\"Expo de grafiti en La Fiambrera de Madrid, creados por Toxic\u00f3mano Callejero\" width=\"600\" height=\"400\" srcset=\"https:\/\/www.fotografo-profesional.net\/diario\/wp-content\/uploads\/2018\/11\/Toxic\u00f3mano-Callejero-por-fot\u00f3grafo-en-Madrid-001.jpg 600w, https:\/\/www.fotografo-profesional.net\/diario\/wp-content\/uploads\/2018\/11\/Toxic\u00f3mano-Callejero-por-fot\u00f3grafo-en-Madrid-001-300x200.jpg 300w\" sizes=\"(max-width: 600px) 100vw, 600px\" \/><p id=\"caption-attachment-354\" class=\"wp-caption-text\">Obras de Toxic\u00f3mano Callejero<\/p><\/div>\n<p>En estos d\u00edas hay una <strong>interesante exposici\u00f3n de grafiti <\/strong>en La Fiambrera, galer\u00eda de arte de Madrid.<\/p>\n<p>Hay muchos <span style=\"color: #000000;\"><a style=\"color: #000000;\" href=\"https:\/\/www.fotografo-profesional.net\">fot\u00f3grafos que aprecian y disfrutan capturando estas expresiones art\u00edsticas<\/a><\/span> que van encontrando en los muros de su ciudad, <span style=\"color: #0000ff;\"><em><a href=\"https:\/\/www.fotografo-profesional.net\"><span style=\"color: #3366ff;\">entre los que me encuentro<\/span><\/a>.<\/em><\/span><\/p>\n<p>De uno de estos artistas urbanos, Toxic\u00f3mano Callejero (colombiano; dise\u00f1ador gr\u00e1fico y publicista de profesi\u00f3n, aunque siempre tenga en cuenta la calle como primer soporte para sus obras) exhibe una muestra de sus obras; las cuales adem\u00e1s se pueden comprar.<\/p>\n<div id=\"attachment_357\" style=\"width: 610px\" class=\"wp-caption aligncenter\"><img aria-describedby=\"caption-attachment-357\" decoding=\"async\" class=\"wp-image-357 size-full\" src=\"https:\/\/www.fotografo-profesional.net\/diario\/wp-content\/uploads\/2018\/11\/Eduardo-Bertone-por-fot\u00f3grafo-en-Madrid-001.jpg\" alt=\"Obra de Eduardo Bertone vista por fot\u00f3grafo de Madrid\" width=\"600\" height=\"400\" srcset=\"https:\/\/www.fotografo-profesional.net\/diario\/wp-content\/uploads\/2018\/11\/Eduardo-Bertone-por-fot\u00f3grafo-en-Madrid-001.jpg 600w, https:\/\/www.fotografo-profesional.net\/diario\/wp-content\/uploads\/2018\/11\/Eduardo-Bertone-por-fot\u00f3grafo-en-Madrid-001-300x200.jpg 300w\" sizes=\"(max-width: 600px) 100vw, 600px\" \/><p id=\"caption-attachment-357\" class=\"wp-caption-text\">Muestra de la obra expuesta de Eduardo Bertone<\/p><\/div>\n<p>Eduardo Bertone, argentino que estudi\u00f3 dise\u00f1o gr\u00e1fico e ilustraci\u00f3n, es el segundo de los artistas cuya obra muestra La Fiambrera hasta el d\u00eda 2 de diciembre de este a\u00f1o.<br \/>\nUna vez acabados sus estudios trabaj\u00f3 como creativo en publicidad, siendo su trabajo como ilustrador muy reconocido en diversas e importantes publicaciones.<br \/>\nHa trabajado para marcas muy conocidas, particip\u00f3 en una exposici\u00f3n colectiva en el Centre Pompidou de Par\u00eds, y en 2008 el Museo de Arte Contempor\u00e1neo de Madrid compr\u00f3 tres obras del colectivo fundado por \u00e9l.<\/p>\n<div id=\"attachment_358\" style=\"width: 610px\" class=\"wp-caption aligncenter\"><img aria-describedby=\"caption-attachment-358\" decoding=\"async\" class=\"size-full wp-image-358\" src=\"https:\/\/www.fotografo-profesional.net\/diario\/wp-content\/uploads\/2018\/11\/Hermes-Berr\u00edo-por-fot\u00f3grafo-en-Madrid-001.jpg\" alt=\"Fotograf\u00eda de obras de Hermes Berr\u00edo por fot\u00f3grafo en Madrid\" width=\"600\" height=\"400\" srcset=\"https:\/\/www.fotografo-profesional.net\/diario\/wp-content\/uploads\/2018\/11\/Hermes-Berr\u00edo-por-fot\u00f3grafo-en-Madrid-001.jpg 600w, https:\/\/www.fotografo-profesional.net\/diario\/wp-content\/uploads\/2018\/11\/Hermes-Berr\u00edo-por-fot\u00f3grafo-en-Madrid-001-300x200.jpg 300w\" sizes=\"(max-width: 600px) 100vw, 600px\" \/><p id=\"caption-attachment-358\" class=\"wp-caption-text\">Algunas de las obras expuestas de Hermes Berr\u00edo<\/p><\/div>\n<p>El tercer artista del que se puede ver su obra estos d\u00edas en la galer\u00eda madrile\u00f1a es Hermes Berr\u00edo. Realiza intervenciones en espacios p\u00fablicos, as\u00ed como exposiciones en galer\u00edas de arte, ferias e instituciones de medio mundo. Su estilo es sarc\u00e1stico, colorista y brillante. Ha recibido galardones y menciones de mucho m\u00e9rito a lo largo de su trayectoria y la consecuci\u00f3n de una beca de la Fundaci\u00f3n Pollock-Krasner.<\/p>\n<p>La entrada es gratuita y, recuerda, s\u00f3lo tienes hasta el pr\u00f3ximo domingo para poder <span style=\"color: #3366ff;\"><span style=\"color: #000000;\">disfrutar de esta<\/span><a href=\"https:\/\/www.fotografo-profesional.net\/diario\/2018\/02\/14\/danny-fields-manager-de-ramones-en-madrid\/\"><em> exposici\u00f3n<\/em><\/a><\/span> de grafiti <span style=\"color: #000000;\">en<strong> La Fiambrera<\/strong><\/span> (calle del Pez, 7) en Madrid.<\/p>\n<p>Adem\u00e1s de la muestra de las obras de estos artistas que se exponen en la galer\u00eda puedes ver la obra que acoge de forma permanente.<\/p>\n","protected":false},"excerpt":{"rendered":"<p>En estos d\u00edas hay una interesante exposici\u00f3n de grafiti en La Fiambrera, galer\u00eda de arte de Madrid. Hay muchos fot\u00f3grafos que aprecian y disfrutan capturando estas expresiones art\u00edsticas que van encontrando en los muros de su ciudad, entre los que me encuentro. De uno de estos artistas urbanos, Toxic\u00f3mano Callejero (colombiano; dise\u00f1ador gr\u00e1fico y publicista [&hellip;]<\/p>\n","protected":false},"author":2,"featured_media":356,"comment_status":"closed","ping_status":"open","sticky":false,"template":"","format":"standard","meta":[],"categories":[97,431,35,395,31,113],"tags":[184,152,99,348,284,338,186,185,183,307,145,187],"yoast_head":"<!-- This site is optimized with the Yoast SEO plugin v20.8 - https:\/\/yoast.com\/wordpress\/plugins\/seo\/ -->\n<title>Grafiti en La Fiambrera, Madrid - Luis Miguel del Campo<\/title>\n<meta name=\"description\" content=\"Exposici\u00f3n de varios artistas de grafiti en la galer\u00eda La Fiambrera de Madrid, con una peque\u00f1a muestra fotogr\u00e1fica de la obra de cada uno de ellos.\" \/>\n<meta name=\"robots\" content=\"index, follow, max-snippet:-1, max-image-preview:large, max-video-preview:-1\" \/>\n<link rel=\"canonical\" href=\"https:\/\/www.fotografo-profesional.net\/diario\/2018\/11\/26\/grafiti-en-la-fiambrera-de-madrid\/\" \/>\n<meta property=\"og:locale\" content=\"es_ES\" \/>\n<meta property=\"og:type\" content=\"article\" \/>\n<meta property=\"og:title\" content=\"Grafiti en La Fiambrera, Madrid - Luis Miguel del Campo\" \/>\n<meta property=\"og:description\" content=\"Exposici\u00f3n de varios artistas de grafiti en la galer\u00eda La Fiambrera de Madrid, con una peque\u00f1a muestra fotogr\u00e1fica de la obra de cada uno de ellos.\" \/>\n<meta property=\"og:url\" content=\"https:\/\/www.fotografo-profesional.net\/diario\/2018\/11\/26\/grafiti-en-la-fiambrera-de-madrid\/\" \/>\n<meta property=\"og:site_name\" content=\"Luis Miguel del Campo\" \/>\n<meta property=\"article:published_time\" content=\"2018-11-26T07:33:02+00:00\" \/>\n<meta property=\"article:modified_time\" content=\"2020-05-02T14:31:09+00:00\" \/>\n<meta property=\"og:image\" content=\"https:\/\/www.fotografo-profesional.net\/diario\/wp-content\/uploads\/2018\/11\/Toxic\u00f3mano-Callejero-por-fot\u00f3grafo-en-Madrid-003.jpg\" \/>\n\t<meta property=\"og:image:width\" content=\"600\" \/>\n\t<meta property=\"og:image:height\" content=\"400\" \/>\n\t<meta property=\"og:image:type\" content=\"image\/jpeg\" \/>\n<meta name=\"author\" content=\"Luis Miguel del Campo\" \/>\n<meta name=\"twitter:card\" content=\"summary_large_image\" \/>\n<meta name=\"twitter:label1\" content=\"Escrito por\" \/>\n\t<meta name=\"twitter:data1\" content=\"Luis Miguel del Campo\" \/>\n\t<meta name=\"twitter:label2\" content=\"Tiempo de lectura\" \/>\n\t<meta name=\"twitter:data2\" content=\"2 minutos\" \/>\n<script type=\"application\/ld+json\" class=\"yoast-schema-graph\">{\"@context\":\"https:\/\/schema.org\",\"@graph\":[{\"@type\":\"WebPage\",\"@id\":\"https:\/\/www.fotografo-profesional.net\/diario\/2018\/11\/26\/grafiti-en-la-fiambrera-de-madrid\/\",\"url\":\"https:\/\/www.fotografo-profesional.net\/diario\/2018\/11\/26\/grafiti-en-la-fiambrera-de-madrid\/\",\"name\":\"Grafiti en La Fiambrera, Madrid - Luis Miguel del Campo\",\"isPartOf\":{\"@id\":\"https:\/\/www.fotografo-profesional.net\/diario\/#website\"},\"datePublished\":\"2018-11-26T07:33:02+00:00\",\"dateModified\":\"2020-05-02T14:31:09+00:00\",\"author\":{\"@id\":\"https:\/\/www.fotografo-profesional.net\/diario\/#\/schema\/person\/220504871d765b4c30a0af1d2fe93533\"},\"description\":\"Exposici\u00f3n de varios artistas de grafiti en la galer\u00eda La Fiambrera de Madrid, con una peque\u00f1a muestra fotogr\u00e1fica de la obra de cada uno de ellos.\",\"breadcrumb\":{\"@id\":\"https:\/\/www.fotografo-profesional.net\/diario\/2018\/11\/26\/grafiti-en-la-fiambrera-de-madrid\/#breadcrumb\"},\"inLanguage\":\"es\",\"potentialAction\":[{\"@type\":\"ReadAction\",\"target\":[\"https:\/\/www.fotografo-profesional.net\/diario\/2018\/11\/26\/grafiti-en-la-fiambrera-de-madrid\/\"]}]},{\"@type\":\"BreadcrumbList\",\"@id\":\"https:\/\/www.fotografo-profesional.net\/diario\/2018\/11\/26\/grafiti-en-la-fiambrera-de-madrid\/#breadcrumb\",\"itemListElement\":[{\"@type\":\"ListItem\",\"position\":1,\"name\":\"Inicio\",\"item\":\"https:\/\/www.fotografo-profesional.net\/diario\/\"},{\"@type\":\"ListItem\",\"position\":2,\"name\":\"Grafiti en La Fiambrera, Madrid\"}]},{\"@type\":\"WebSite\",\"@id\":\"https:\/\/www.fotografo-profesional.net\/diario\/#website\",\"url\":\"https:\/\/www.fotografo-profesional.net\/diario\/\",\"name\":\"Luis Miguel del Campo\",\"description\":\"Blog de un fot\u00f3grafo profesional\",\"potentialAction\":[{\"@type\":\"SearchAction\",\"target\":{\"@type\":\"EntryPoint\",\"urlTemplate\":\"https:\/\/www.fotografo-profesional.net\/diario\/?s={search_term_string}\"},\"query-input\":\"required name=search_term_string\"}],\"inLanguage\":\"es\"},{\"@type\":\"Person\",\"@id\":\"https:\/\/www.fotografo-profesional.net\/diario\/#\/schema\/person\/220504871d765b4c30a0af1d2fe93533\",\"name\":\"Luis Miguel del Campo\",\"image\":{\"@type\":\"ImageObject\",\"inLanguage\":\"es\",\"@id\":\"https:\/\/www.fotografo-profesional.net\/diario\/#\/schema\/person\/image\/\",\"url\":\"https:\/\/secure.gravatar.com\/avatar\/84bb1120095136de86f122a882a42d61?s=96&d=mm&r=g\",\"contentUrl\":\"https:\/\/secure.gravatar.com\/avatar\/84bb1120095136de86f122a882a42d61?s=96&d=mm&r=g\",\"caption\":\"Luis Miguel del Campo\"},\"url\":\"https:\/\/www.fotografo-profesional.net\/diario\/author\/admin_lmdc\/\"}]}<\/script>\n<!-- \/ Yoast SEO plugin. -->","yoast_head_json":{"title":"Grafiti en La Fiambrera, Madrid - Luis Miguel del Campo","description":"Exposici\u00f3n de varios artistas de grafiti en la galer\u00eda La Fiambrera de Madrid, con una peque\u00f1a muestra fotogr\u00e1fica de la obra de cada uno de ellos.","robots":{"index":"index","follow":"follow","max-snippet":"max-snippet:-1","max-image-preview":"max-image-preview:large","max-video-preview":"max-video-preview:-1"},"canonical":"https:\/\/www.fotografo-profesional.net\/diario\/2018\/11\/26\/grafiti-en-la-fiambrera-de-madrid\/","og_locale":"es_ES","og_type":"article","og_title":"Grafiti en La Fiambrera, Madrid - Luis Miguel del Campo","og_description":"Exposici\u00f3n de varios artistas de grafiti en la galer\u00eda La Fiambrera de Madrid, con una peque\u00f1a muestra fotogr\u00e1fica de la obra de cada uno de ellos.","og_url":"https:\/\/www.fotografo-profesional.net\/diario\/2018\/11\/26\/grafiti-en-la-fiambrera-de-madrid\/","og_site_name":"Luis Miguel del Campo","article_published_time":"2018-11-26T07:33:02+00:00","article_modified_time":"2020-05-02T14:31:09+00:00","og_image":[{"width":600,"height":400,"url":"https:\/\/www.fotografo-profesional.net\/diario\/wp-content\/uploads\/2018\/11\/Toxic\u00f3mano-Callejero-por-fot\u00f3grafo-en-Madrid-003.jpg","type":"image\/jpeg"}],"author":"Luis Miguel del Campo","twitter_card":"summary_large_image","twitter_misc":{"Escrito por":"Luis Miguel del Campo","Tiempo de lectura":"2 minutos"},"schema":{"@context":"https:\/\/schema.org","@graph":[{"@type":"WebPage","@id":"https:\/\/www.fotografo-profesional.net\/diario\/2018\/11\/26\/grafiti-en-la-fiambrera-de-madrid\/","url":"https:\/\/www.fotografo-profesional.net\/diario\/2018\/11\/26\/grafiti-en-la-fiambrera-de-madrid\/","name":"Grafiti en La Fiambrera, Madrid - Luis Miguel del Campo","isPartOf":{"@id":"https:\/\/www.fotografo-profesional.net\/diario\/#website"},"datePublished":"2018-11-26T07:33:02+00:00","dateModified":"2020-05-02T14:31:09+00:00","author":{"@id":"https:\/\/www.fotografo-profesional.net\/diario\/#\/schema\/person\/220504871d765b4c30a0af1d2fe93533"},"description":"Exposici\u00f3n de varios artistas de grafiti en la galer\u00eda La Fiambrera de Madrid, con una peque\u00f1a muestra fotogr\u00e1fica de la obra de cada uno de ellos.","breadcrumb":{"@id":"https:\/\/www.fotografo-profesional.net\/diario\/2018\/11\/26\/grafiti-en-la-fiambrera-de-madrid\/#breadcrumb"},"inLanguage":"es","potentialAction":[{"@type":"ReadAction","target":["https:\/\/www.fotografo-profesional.net\/diario\/2018\/11\/26\/grafiti-en-la-fiambrera-de-madrid\/"]}]},{"@type":"BreadcrumbList","@id":"https:\/\/www.fotografo-profesional.net\/diario\/2018\/11\/26\/grafiti-en-la-fiambrera-de-madrid\/#breadcrumb","itemListElement":[{"@type":"ListItem","position":1,"name":"Inicio","item":"https:\/\/www.fotografo-profesional.net\/diario\/"},{"@type":"ListItem","position":2,"name":"Grafiti en La Fiambrera, Madrid"}]},{"@type":"WebSite","@id":"https:\/\/www.fotografo-profesional.net\/diario\/#website","url":"https:\/\/www.fotografo-profesional.net\/diario\/","name":"Luis Miguel del Campo","description":"Blog de un fot\u00f3grafo profesional","potentialAction":[{"@type":"SearchAction","target":{"@type":"EntryPoint","urlTemplate":"https:\/\/www.fotografo-profesional.net\/diario\/?s={search_term_string}"},"query-input":"required name=search_term_string"}],"inLanguage":"es"},{"@type":"Person","@id":"https:\/\/www.fotografo-profesional.net\/diario\/#\/schema\/person\/220504871d765b4c30a0af1d2fe93533","name":"Luis Miguel del Campo","image":{"@type":"ImageObject","inLanguage":"es","@id":"https:\/\/www.fotografo-profesional.net\/diario\/#\/schema\/person\/image\/","url":"https:\/\/secure.gravatar.com\/avatar\/84bb1120095136de86f122a882a42d61?s=96&d=mm&r=g","contentUrl":"https:\/\/secure.gravatar.com\/avatar\/84bb1120095136de86f122a882a42d61?s=96&d=mm&r=g","caption":"Luis Miguel del Campo"},"url":"https:\/\/www.fotografo-profesional.net\/diario\/author\/admin_lmdc\/"}]}},"_links":{"self":[{"href":"https:\/\/www.fotografo-profesional.net\/diario\/wp-json\/wp\/v2\/posts\/349"}],"collection":[{"href":"https:\/\/www.fotografo-profesional.net\/diario\/wp-json\/wp\/v2\/posts"}],"about":[{"href":"https:\/\/www.fotografo-profesional.net\/diario\/wp-json\/wp\/v2\/types\/post"}],"author":[{"embeddable":true,"href":"https:\/\/www.fotografo-profesional.net\/diario\/wp-json\/wp\/v2\/users\/2"}],"replies":[{"embeddable":true,"href":"https:\/\/www.fotografo-profesional.net\/diario\/wp-json\/wp\/v2\/comments?post=349"}],"version-history":[{"count":7,"href":"https:\/\/www.fotografo-profesional.net\/diario\/wp-json\/wp\/v2\/posts\/349\/revisions"}],"predecessor-version":[{"id":1819,"href":"https:\/\/www.fotografo-profesional.net\/diario\/wp-json\/wp\/v2\/posts\/349\/revisions\/1819"}],"wp:featuredmedia":[{"embeddable":true,"href":"https:\/\/www.fotografo-profesional.net\/diario\/wp-json\/wp\/v2\/media\/356"}],"wp:attachment":[{"href":"https:\/\/www.fotografo-profesional.net\/diario\/wp-json\/wp\/v2\/media?parent=349"}],"wp:term":[{"taxonomy":"category","embeddable":true,"href":"https:\/\/www.fotografo-profesional.net\/diario\/wp-json\/wp\/v2\/categories?post=349"},{"taxonomy":"post_tag","embeddable":true,"href":"https:\/\/www.fotografo-profesional.net\/diario\/wp-json\/wp\/v2\/tags?post=349"}],"curies":[{"name":"wp","href":"https:\/\/api.w.org\/{rel}","templated":true}]}}