{"id":3504,"date":"2022-11-09T19:57:15","date_gmt":"2022-11-09T18:57:15","guid":{"rendered":"https:\/\/www.fotografo-profesional.net\/diario\/?p=3504"},"modified":"2022-12-17T16:48:53","modified_gmt":"2022-12-17T15:48:53","slug":"no-se-acaban-las-bodas","status":"publish","type":"post","link":"https:\/\/www.fotografo-profesional.net\/diario\/2022\/11\/09\/no-se-acaban-las-bodas\/","title":{"rendered":"No se acaban las bodas"},"content":{"rendered":"\r\n<p><img decoding=\"async\" class=\"alignnone size-full wp-image-3565\" src=\"https:\/\/www.fotografo-profesional.net\/diario\/wp-content\/uploads\/2022\/12\/Fotografo-profesional-en-Madrid-LMC-0303.jpg\" alt=\"No se acaban las bodas\" width=\"800\" height=\"534\" srcset=\"https:\/\/www.fotografo-profesional.net\/diario\/wp-content\/uploads\/2022\/12\/Fotografo-profesional-en-Madrid-LMC-0303.jpg 800w, https:\/\/www.fotografo-profesional.net\/diario\/wp-content\/uploads\/2022\/12\/Fotografo-profesional-en-Madrid-LMC-0303-300x200.jpg 300w, https:\/\/www.fotografo-profesional.net\/diario\/wp-content\/uploads\/2022\/12\/Fotografo-profesional-en-Madrid-LMC-0303-768x513.jpg 768w\" sizes=\"(max-width: 800px) 100vw, 800px\" \/><\/p>\r\n<p>No se acaban las bodas, ya sean <a href=\"https:\/\/www.fotografo-profesional.net\/diario\/2019\/11\/26\/reportaje-de-boda-en-ayuntamiento\/\"><span style=\"color: #0000ff;\">civiles<\/span><\/a> o <a href=\"https:\/\/www.fotografo-profesional.net\/diario\/2021\/06\/12\/reportajes-de-bodas-religiosas\/\"><span style=\"color: #0000ff;\">religiosas<\/span><\/a>. Es m\u00e1s, una vez que parece que la pandemia est\u00e1 dando sus \u00faltimos coletazos, el encontrar un fot\u00f3grafo profesional para que haga el reportaje resulta complicado si no se hace con bastante tiempo de antelaci\u00f3n. Ahora es el momento oportuno para contratar a un buen fot\u00f3grafo de bodas barato, que son los m\u00e1s solicitados. <br \/><br \/>Noviembre todav\u00eda es un mes en que se pueden estudiar detenidamente las <a href=\"https:\/\/www.fotografo-profesional.net\/portfolio\/fotografia-de-bodas\/\"><span style=\"color: #0000ff;\">p\u00e1ginas web de los fot\u00f3grafos<\/span><\/a> profesionales antes de contratar un fot\u00f3grafo profesional de bodas barato cuyo trabajo se ajuste a vuestros gustos. Y a vuestro bolsillo. Tranquilamente. Sin presiones porque la fecha est\u00e9 bastante pr\u00f3xima. Ni porque apenas queden fot\u00f3grafos de vuestro agrado disponibles.<br \/><br \/>Da lo mismo que la luz est\u00e9 car\u00edsima, que se haya disparado el precio de la cesta de la compra, que haya guerra\u2026 Se siguen buscando fot\u00f3grafos profesionales porque no se acaban las bodas. Las parejas que tienen bien asentado su amor y su relaci\u00f3n, o que han comprobado sobradamente que la convivencia entre ambos resulta, no pueden esperar. <br \/><br \/>Por mucho que en determinados momentos de la Historia se pudiera pensar lo contrario, no se acaban las bodas. Los matrimonios oficiales han sobrevivido a las comunas, a la convivencia sin ataduras, a epidemias\u2026 Porque, en todos los casos, por una raz\u00f3n o por otra, en la vida de una pareja llega un momento en que ambos son conscientes de que dejando reflejada su relaci\u00f3n por escrito y mediante documento legal, van a tener m\u00e1s ventajas en el futuro. <br \/><br \/>Por consiguiente, una vez tomada la decisi\u00f3n de uniros en matrimonio, no deb\u00e9is perder ni un minuto; el tiempo pasa muy deprisa. Ten\u00e9is que buscar el lugar de la ceremonia, el del convite\u2026 Y empezar a buscar un fot\u00f3grafo profesional que os haga el <a href=\"https:\/\/www.fotografo-profesional.net\/diario\/2020\/07\/17\/tarifas-de-fotografo-de-bodas-barato-en-madrid\/\"><span style=\"color: #0000ff;\">reportaje a buen preci<\/span><\/a>o. Porque no se acaban, ni se acabar\u00e1n, las bodas. <br \/><br \/><br \/><\/p>\r\n","protected":false},"excerpt":{"rendered":"<p>No se acaban las bodas, ya sean civiles o religiosas. Es m\u00e1s, una vez que parece que la pandemia est\u00e1 dando sus \u00faltimos coletazos, el encontrar un fot\u00f3grafo profesional para que haga el reportaje resulta complicado si no se hace con bastante tiempo de antelaci\u00f3n. Ahora es el momento oportuno para contratar a un buen [&hellip;]<\/p>\n","protected":false},"author":2,"featured_media":0,"comment_status":"closed","ping_status":"open","sticky":false,"template":"","format":"standard","meta":[],"categories":[175,254,171,255,45,406,172,207],"tags":[577,315,32,464,290,291,99,653,348,565,284,626,338,454,452],"yoast_head":"<!-- This site is optimized with the Yoast SEO plugin v20.8 - https:\/\/yoast.com\/wordpress\/plugins\/seo\/ -->\n<title>No se acaban las bodas - Luis Miguel del Campo<\/title>\n<meta name=\"description\" content=\"No se acaban las bodas. Y mira que han pasado muchas cosas a lo largo de la historia, pero nada ha conseguido detener los casamientos.\" \/>\n<meta name=\"robots\" content=\"index, follow, max-snippet:-1, max-image-preview:large, max-video-preview:-1\" \/>\n<link rel=\"canonical\" href=\"https:\/\/www.fotografo-profesional.net\/diario\/2022\/11\/09\/no-se-acaban-las-bodas\/\" \/>\n<meta property=\"og:locale\" content=\"es_ES\" \/>\n<meta property=\"og:type\" content=\"article\" \/>\n<meta property=\"og:title\" content=\"No se acaban las bodas - Luis Miguel del Campo\" \/>\n<meta property=\"og:description\" content=\"No se acaban las bodas. Y mira que han pasado muchas cosas a lo largo de la historia, pero nada ha conseguido detener los casamientos.\" \/>\n<meta property=\"og:url\" content=\"https:\/\/www.fotografo-profesional.net\/diario\/2022\/11\/09\/no-se-acaban-las-bodas\/\" \/>\n<meta property=\"og:site_name\" content=\"Luis Miguel del Campo\" \/>\n<meta property=\"article:published_time\" content=\"2022-11-09T18:57:15+00:00\" \/>\n<meta property=\"article:modified_time\" content=\"2022-12-17T15:48:53+00:00\" \/>\n<meta property=\"og:image\" content=\"https:\/\/www.fotografo-profesional.net\/diario\/wp-content\/uploads\/2022\/12\/Fotografo-profesional-en-Madrid-LMC-0303.jpg\" \/>\n<meta name=\"author\" content=\"Luis Miguel del Campo\" \/>\n<meta name=\"twitter:card\" content=\"summary_large_image\" \/>\n<meta name=\"twitter:label1\" content=\"Escrito por\" \/>\n\t<meta name=\"twitter:data1\" content=\"Luis Miguel del Campo\" \/>\n\t<meta name=\"twitter:label2\" content=\"Tiempo de lectura\" \/>\n\t<meta name=\"twitter:data2\" content=\"2 minutos\" \/>\n<script type=\"application\/ld+json\" class=\"yoast-schema-graph\">{\"@context\":\"https:\/\/schema.org\",\"@graph\":[{\"@type\":\"WebPage\",\"@id\":\"https:\/\/www.fotografo-profesional.net\/diario\/2022\/11\/09\/no-se-acaban-las-bodas\/\",\"url\":\"https:\/\/www.fotografo-profesional.net\/diario\/2022\/11\/09\/no-se-acaban-las-bodas\/\",\"name\":\"No se acaban las bodas - Luis Miguel del Campo\",\"isPartOf\":{\"@id\":\"https:\/\/www.fotografo-profesional.net\/diario\/#website\"},\"datePublished\":\"2022-11-09T18:57:15+00:00\",\"dateModified\":\"2022-12-17T15:48:53+00:00\",\"author\":{\"@id\":\"https:\/\/www.fotografo-profesional.net\/diario\/#\/schema\/person\/220504871d765b4c30a0af1d2fe93533\"},\"description\":\"No se acaban las bodas. Y mira que han pasado muchas cosas a lo largo de la historia, pero nada ha conseguido detener los casamientos.\",\"breadcrumb\":{\"@id\":\"https:\/\/www.fotografo-profesional.net\/diario\/2022\/11\/09\/no-se-acaban-las-bodas\/#breadcrumb\"},\"inLanguage\":\"es\",\"potentialAction\":[{\"@type\":\"ReadAction\",\"target\":[\"https:\/\/www.fotografo-profesional.net\/diario\/2022\/11\/09\/no-se-acaban-las-bodas\/\"]}]},{\"@type\":\"BreadcrumbList\",\"@id\":\"https:\/\/www.fotografo-profesional.net\/diario\/2022\/11\/09\/no-se-acaban-las-bodas\/#breadcrumb\",\"itemListElement\":[{\"@type\":\"ListItem\",\"position\":1,\"name\":\"Inicio\",\"item\":\"https:\/\/www.fotografo-profesional.net\/diario\/\"},{\"@type\":\"ListItem\",\"position\":2,\"name\":\"No se acaban las bodas\"}]},{\"@type\":\"WebSite\",\"@id\":\"https:\/\/www.fotografo-profesional.net\/diario\/#website\",\"url\":\"https:\/\/www.fotografo-profesional.net\/diario\/\",\"name\":\"Luis Miguel del Campo\",\"description\":\"Blog de un fot\u00f3grafo profesional\",\"potentialAction\":[{\"@type\":\"SearchAction\",\"target\":{\"@type\":\"EntryPoint\",\"urlTemplate\":\"https:\/\/www.fotografo-profesional.net\/diario\/?s={search_term_string}\"},\"query-input\":\"required name=search_term_string\"}],\"inLanguage\":\"es\"},{\"@type\":\"Person\",\"@id\":\"https:\/\/www.fotografo-profesional.net\/diario\/#\/schema\/person\/220504871d765b4c30a0af1d2fe93533\",\"name\":\"Luis Miguel del Campo\",\"image\":{\"@type\":\"ImageObject\",\"inLanguage\":\"es\",\"@id\":\"https:\/\/www.fotografo-profesional.net\/diario\/#\/schema\/person\/image\/\",\"url\":\"https:\/\/secure.gravatar.com\/avatar\/84bb1120095136de86f122a882a42d61?s=96&d=mm&r=g\",\"contentUrl\":\"https:\/\/secure.gravatar.com\/avatar\/84bb1120095136de86f122a882a42d61?s=96&d=mm&r=g\",\"caption\":\"Luis Miguel del Campo\"},\"url\":\"https:\/\/www.fotografo-profesional.net\/diario\/author\/admin_lmdc\/\"}]}<\/script>\n<!-- \/ Yoast SEO plugin. -->","yoast_head_json":{"title":"No se acaban las bodas - Luis Miguel del Campo","description":"No se acaban las bodas. Y mira que han pasado muchas cosas a lo largo de la historia, pero nada ha conseguido detener los casamientos.","robots":{"index":"index","follow":"follow","max-snippet":"max-snippet:-1","max-image-preview":"max-image-preview:large","max-video-preview":"max-video-preview:-1"},"canonical":"https:\/\/www.fotografo-profesional.net\/diario\/2022\/11\/09\/no-se-acaban-las-bodas\/","og_locale":"es_ES","og_type":"article","og_title":"No se acaban las bodas - Luis Miguel del Campo","og_description":"No se acaban las bodas. Y mira que han pasado muchas cosas a lo largo de la historia, pero nada ha conseguido detener los casamientos.","og_url":"https:\/\/www.fotografo-profesional.net\/diario\/2022\/11\/09\/no-se-acaban-las-bodas\/","og_site_name":"Luis Miguel del Campo","article_published_time":"2022-11-09T18:57:15+00:00","article_modified_time":"2022-12-17T15:48:53+00:00","og_image":[{"url":"https:\/\/www.fotografo-profesional.net\/diario\/wp-content\/uploads\/2022\/12\/Fotografo-profesional-en-Madrid-LMC-0303.jpg"}],"author":"Luis Miguel del Campo","twitter_card":"summary_large_image","twitter_misc":{"Escrito por":"Luis Miguel del Campo","Tiempo de lectura":"2 minutos"},"schema":{"@context":"https:\/\/schema.org","@graph":[{"@type":"WebPage","@id":"https:\/\/www.fotografo-profesional.net\/diario\/2022\/11\/09\/no-se-acaban-las-bodas\/","url":"https:\/\/www.fotografo-profesional.net\/diario\/2022\/11\/09\/no-se-acaban-las-bodas\/","name":"No se acaban las bodas - Luis Miguel del Campo","isPartOf":{"@id":"https:\/\/www.fotografo-profesional.net\/diario\/#website"},"datePublished":"2022-11-09T18:57:15+00:00","dateModified":"2022-12-17T15:48:53+00:00","author":{"@id":"https:\/\/www.fotografo-profesional.net\/diario\/#\/schema\/person\/220504871d765b4c30a0af1d2fe93533"},"description":"No se acaban las bodas. Y mira que han pasado muchas cosas a lo largo de la historia, pero nada ha conseguido detener los casamientos.","breadcrumb":{"@id":"https:\/\/www.fotografo-profesional.net\/diario\/2022\/11\/09\/no-se-acaban-las-bodas\/#breadcrumb"},"inLanguage":"es","potentialAction":[{"@type":"ReadAction","target":["https:\/\/www.fotografo-profesional.net\/diario\/2022\/11\/09\/no-se-acaban-las-bodas\/"]}]},{"@type":"BreadcrumbList","@id":"https:\/\/www.fotografo-profesional.net\/diario\/2022\/11\/09\/no-se-acaban-las-bodas\/#breadcrumb","itemListElement":[{"@type":"ListItem","position":1,"name":"Inicio","item":"https:\/\/www.fotografo-profesional.net\/diario\/"},{"@type":"ListItem","position":2,"name":"No se acaban las bodas"}]},{"@type":"WebSite","@id":"https:\/\/www.fotografo-profesional.net\/diario\/#website","url":"https:\/\/www.fotografo-profesional.net\/diario\/","name":"Luis Miguel del Campo","description":"Blog de un fot\u00f3grafo profesional","potentialAction":[{"@type":"SearchAction","target":{"@type":"EntryPoint","urlTemplate":"https:\/\/www.fotografo-profesional.net\/diario\/?s={search_term_string}"},"query-input":"required name=search_term_string"}],"inLanguage":"es"},{"@type":"Person","@id":"https:\/\/www.fotografo-profesional.net\/diario\/#\/schema\/person\/220504871d765b4c30a0af1d2fe93533","name":"Luis Miguel del Campo","image":{"@type":"ImageObject","inLanguage":"es","@id":"https:\/\/www.fotografo-profesional.net\/diario\/#\/schema\/person\/image\/","url":"https:\/\/secure.gravatar.com\/avatar\/84bb1120095136de86f122a882a42d61?s=96&d=mm&r=g","contentUrl":"https:\/\/secure.gravatar.com\/avatar\/84bb1120095136de86f122a882a42d61?s=96&d=mm&r=g","caption":"Luis Miguel del Campo"},"url":"https:\/\/www.fotografo-profesional.net\/diario\/author\/admin_lmdc\/"}]}},"_links":{"self":[{"href":"https:\/\/www.fotografo-profesional.net\/diario\/wp-json\/wp\/v2\/posts\/3504"}],"collection":[{"href":"https:\/\/www.fotografo-profesional.net\/diario\/wp-json\/wp\/v2\/posts"}],"about":[{"href":"https:\/\/www.fotografo-profesional.net\/diario\/wp-json\/wp\/v2\/types\/post"}],"author":[{"embeddable":true,"href":"https:\/\/www.fotografo-profesional.net\/diario\/wp-json\/wp\/v2\/users\/2"}],"replies":[{"embeddable":true,"href":"https:\/\/www.fotografo-profesional.net\/diario\/wp-json\/wp\/v2\/comments?post=3504"}],"version-history":[{"count":4,"href":"https:\/\/www.fotografo-profesional.net\/diario\/wp-json\/wp\/v2\/posts\/3504\/revisions"}],"predecessor-version":[{"id":3571,"href":"https:\/\/www.fotografo-profesional.net\/diario\/wp-json\/wp\/v2\/posts\/3504\/revisions\/3571"}],"wp:attachment":[{"href":"https:\/\/www.fotografo-profesional.net\/diario\/wp-json\/wp\/v2\/media?parent=3504"}],"wp:term":[{"taxonomy":"category","embeddable":true,"href":"https:\/\/www.fotografo-profesional.net\/diario\/wp-json\/wp\/v2\/categories?post=3504"},{"taxonomy":"post_tag","embeddable":true,"href":"https:\/\/www.fotografo-profesional.net\/diario\/wp-json\/wp\/v2\/tags?post=3504"}],"curies":[{"name":"wp","href":"https:\/\/api.w.org\/{rel}","templated":true}]}}