{"id":3513,"date":"2022-11-14T17:27:18","date_gmt":"2022-11-14T16:27:18","guid":{"rendered":"https:\/\/www.fotografo-profesional.net\/diario\/?p=3513"},"modified":"2022-11-14T17:55:59","modified_gmt":"2022-11-14T16:55:59","slug":"instantaneas-de-los-rodajes","status":"publish","type":"post","link":"https:\/\/www.fotografo-profesional.net\/diario\/2022\/11\/14\/instantaneas-de-los-rodajes\/","title":{"rendered":"Instant\u00e1neas de los rodajes"},"content":{"rendered":"\r\n<p><img decoding=\"async\" class=\"alignnone size-full wp-image-3520\" src=\"https:\/\/www.fotografo-profesional.net\/diario\/wp-content\/uploads\/2022\/11\/Fotografo-profesional-en-Madrid-LMC-0296.jpg\" alt=\"\" width=\"800\" height=\"450\" srcset=\"https:\/\/www.fotografo-profesional.net\/diario\/wp-content\/uploads\/2022\/11\/Fotografo-profesional-en-Madrid-LMC-0296.jpg 800w, https:\/\/www.fotografo-profesional.net\/diario\/wp-content\/uploads\/2022\/11\/Fotografo-profesional-en-Madrid-LMC-0296-300x169.jpg 300w, https:\/\/www.fotografo-profesional.net\/diario\/wp-content\/uploads\/2022\/11\/Fotografo-profesional-en-Madrid-LMC-0296-768x432.jpg 768w\" sizes=\"(max-width: 800px) 100vw, 800px\" \/><\/p>\r\n<p>Las instant\u00e1neas de los rodajes aportan valor informativo a\u00f1adido al trabajo que entrega <a href=\"https:\/\/www.fotografo-profesional.net\/diario\/2019\/09\/15\/fotofija-de-cine-y-television\/\"><span style=\"color: #0000ff;\">el foto fija de la pel\u00edcula<\/span><\/a> o la serie en la que est\u00e9 trabajando. Hace a\u00f1os siempre se le denominaba de esta manera a este tipo de trabajo como fot\u00f3grafo profesional, aunque ahora lo m\u00e1s corriente es que <a href=\"https:\/\/www.fotografo-profesional.net\/diario\/2022\/06\/08\/fotografo-de-rodaje-de-peliculas\/\"><span style=\"color: #0000ff;\">se le llame fot\u00f3grafo de rodaje<\/span><\/a>.<\/p>\r\n<p>Porque, aparte de las fotograf\u00edas que ilustren el desarrollo del gui\u00f3n, hay muchos otros momentos en que se presentan instant\u00e1neas de los rodajes que son curiosas o divertidas; tengan que ver con el gui\u00f3n o no, el fot\u00f3grafo profesional no ha de dejarlas pasar. Para ello ha de estar siempre atento a lo que suceda en el plat\u00f3 o localizaci\u00f3n.<\/p>\r\n<p>Incluso, pasarse de vez en cuando por el set de maquillaje. Nunca se sabe d\u00f3nde se va a encontrar<span style=\"color: #3366ff;\"> <a style=\"color: #3366ff;\" href=\"https:\/\/www.fotografo-profesional.net\/portfolio\/fotografia-de-espectaculos\/\">la mejor imagen del rodaje<\/a><\/span>. O simplemente una buena fotograf\u00eda que sirva para promocionar la pel\u00edcula. Bien sea porque llame la atenci\u00f3n, tenga un toque humor\u00edstico o sea \u201cbonita\u201d (como suele decir el p\u00fablico en general).<\/p>\r\n<p>El trabajo de foto fija lo suele desempe\u00f1ar <strong>siempre un fot\u00f3grafo profesional<\/strong>. Algunos de estos fot\u00f3grafos profesionales se dedican exclusivamente a capturar las instant\u00e1neas de los rodajes; pero ha habido numerosas ocasiones en que profesionales de otra disciplina se han acercado a este oficio. <a href=\"https:\/\/www.fotografo-profesional.net\/diario\/2018\/10\/28\/jornada-de-fotoperiodismo-en-madrid\/\"><span style=\"color: #3366ff;\">Los fotoperiodistas<\/span><\/a>, para cubrirlo para su medio; y los fot\u00f3grafos c\u00e9lebres por encargo o en sus inicios. De Ram\u00f3n Masats a C\u00e9sar Lucas han tomado instant\u00e1neas de los rodajes.<\/p>\r\n<p>En mi b\u00fasqueda de instant\u00e1neas de los rodajes en los que he trabajado como fotofija han surgido tanto en un momento en que se rodaba o en cualquier otro en que no se grababa.<\/p>\r\n<h3>Contextualizaci\u00f3n del instante capturado<\/h3>\r\n<p>La imagen superior corresponde a la grabaci\u00f3n de una secuencia de Laura y Luc\u00eda en la que se besaban las protagonistas. Dio la casualidad de que una de las maquilladoras llevaba puesta esa camiseta aquel d\u00eda y en ese momento era la persona m\u00e1s cercana al desarrollo de la acci\u00f3n.<\/p>\r\n","protected":false},"excerpt":{"rendered":"<p>Las instant\u00e1neas de los rodajes aportan valor informativo a\u00f1adido al trabajo que entrega el foto fija de la pel\u00edcula o la serie en la que est\u00e9 trabajando. Hace a\u00f1os siempre se le denominaba de esta manera a este tipo de trabajo como fot\u00f3grafo profesional, aunque ahora lo m\u00e1s corriente es que se le llame fot\u00f3grafo [&hellip;]<\/p>\n","protected":false},"author":2,"featured_media":0,"comment_status":"closed","ping_status":"open","sticky":false,"template":"","format":"standard","meta":[],"categories":[45,188,406,189,172,207,262,74,116],"tags":[808,859,32,601,99,653,348,900,284,626,338,897,898,896,901,452,899],"yoast_head":"<!-- This site is optimized with the Yoast SEO plugin v20.8 - https:\/\/yoast.com\/wordpress\/plugins\/seo\/ -->\n<title>Instant\u00e1neas de los rodajes - Luis Miguel del Campo<\/title>\n<meta name=\"description\" content=\"Hay un oficio en que el fot\u00f3grafo profesional se dedica a capturar instant\u00e1neas de los rodajes de cine y televisi\u00f3n.\" \/>\n<meta name=\"robots\" content=\"index, follow, max-snippet:-1, max-image-preview:large, max-video-preview:-1\" \/>\n<link rel=\"canonical\" href=\"https:\/\/www.fotografo-profesional.net\/diario\/2022\/11\/14\/instantaneas-de-los-rodajes\/\" \/>\n<meta property=\"og:locale\" content=\"es_ES\" \/>\n<meta property=\"og:type\" content=\"article\" \/>\n<meta property=\"og:title\" content=\"Instant\u00e1neas de los rodajes - Luis Miguel del Campo\" \/>\n<meta property=\"og:description\" content=\"Hay un oficio en que el fot\u00f3grafo profesional se dedica a capturar instant\u00e1neas de los rodajes de cine y televisi\u00f3n.\" \/>\n<meta property=\"og:url\" content=\"https:\/\/www.fotografo-profesional.net\/diario\/2022\/11\/14\/instantaneas-de-los-rodajes\/\" \/>\n<meta property=\"og:site_name\" content=\"Luis Miguel del Campo\" \/>\n<meta property=\"article:published_time\" content=\"2022-11-14T16:27:18+00:00\" \/>\n<meta property=\"article:modified_time\" content=\"2022-11-14T16:55:59+00:00\" \/>\n<meta property=\"og:image\" content=\"https:\/\/www.fotografo-profesional.net\/diario\/wp-content\/uploads\/2022\/11\/Fotografo-profesional-en-Madrid-LMC-0296.jpg\" \/>\n<meta name=\"author\" content=\"Luis Miguel del Campo\" \/>\n<meta name=\"twitter:card\" content=\"summary_large_image\" \/>\n<meta name=\"twitter:label1\" content=\"Escrito por\" \/>\n\t<meta name=\"twitter:data1\" content=\"Luis Miguel del Campo\" \/>\n\t<meta name=\"twitter:label2\" content=\"Tiempo de lectura\" \/>\n\t<meta name=\"twitter:data2\" content=\"2 minutos\" \/>\n<script type=\"application\/ld+json\" class=\"yoast-schema-graph\">{\"@context\":\"https:\/\/schema.org\",\"@graph\":[{\"@type\":\"WebPage\",\"@id\":\"https:\/\/www.fotografo-profesional.net\/diario\/2022\/11\/14\/instantaneas-de-los-rodajes\/\",\"url\":\"https:\/\/www.fotografo-profesional.net\/diario\/2022\/11\/14\/instantaneas-de-los-rodajes\/\",\"name\":\"Instant\u00e1neas de los rodajes - Luis Miguel del Campo\",\"isPartOf\":{\"@id\":\"https:\/\/www.fotografo-profesional.net\/diario\/#website\"},\"datePublished\":\"2022-11-14T16:27:18+00:00\",\"dateModified\":\"2022-11-14T16:55:59+00:00\",\"author\":{\"@id\":\"https:\/\/www.fotografo-profesional.net\/diario\/#\/schema\/person\/220504871d765b4c30a0af1d2fe93533\"},\"description\":\"Hay un oficio en que el fot\u00f3grafo profesional se dedica a capturar instant\u00e1neas de los rodajes de cine y televisi\u00f3n.\",\"breadcrumb\":{\"@id\":\"https:\/\/www.fotografo-profesional.net\/diario\/2022\/11\/14\/instantaneas-de-los-rodajes\/#breadcrumb\"},\"inLanguage\":\"es\",\"potentialAction\":[{\"@type\":\"ReadAction\",\"target\":[\"https:\/\/www.fotografo-profesional.net\/diario\/2022\/11\/14\/instantaneas-de-los-rodajes\/\"]}]},{\"@type\":\"BreadcrumbList\",\"@id\":\"https:\/\/www.fotografo-profesional.net\/diario\/2022\/11\/14\/instantaneas-de-los-rodajes\/#breadcrumb\",\"itemListElement\":[{\"@type\":\"ListItem\",\"position\":1,\"name\":\"Inicio\",\"item\":\"https:\/\/www.fotografo-profesional.net\/diario\/\"},{\"@type\":\"ListItem\",\"position\":2,\"name\":\"Instant\u00e1neas de los rodajes\"}]},{\"@type\":\"WebSite\",\"@id\":\"https:\/\/www.fotografo-profesional.net\/diario\/#website\",\"url\":\"https:\/\/www.fotografo-profesional.net\/diario\/\",\"name\":\"Luis Miguel del Campo\",\"description\":\"Blog de un fot\u00f3grafo profesional\",\"potentialAction\":[{\"@type\":\"SearchAction\",\"target\":{\"@type\":\"EntryPoint\",\"urlTemplate\":\"https:\/\/www.fotografo-profesional.net\/diario\/?s={search_term_string}\"},\"query-input\":\"required name=search_term_string\"}],\"inLanguage\":\"es\"},{\"@type\":\"Person\",\"@id\":\"https:\/\/www.fotografo-profesional.net\/diario\/#\/schema\/person\/220504871d765b4c30a0af1d2fe93533\",\"name\":\"Luis Miguel del Campo\",\"image\":{\"@type\":\"ImageObject\",\"inLanguage\":\"es\",\"@id\":\"https:\/\/www.fotografo-profesional.net\/diario\/#\/schema\/person\/image\/\",\"url\":\"https:\/\/secure.gravatar.com\/avatar\/84bb1120095136de86f122a882a42d61?s=96&d=mm&r=g\",\"contentUrl\":\"https:\/\/secure.gravatar.com\/avatar\/84bb1120095136de86f122a882a42d61?s=96&d=mm&r=g\",\"caption\":\"Luis Miguel del Campo\"},\"url\":\"https:\/\/www.fotografo-profesional.net\/diario\/author\/admin_lmdc\/\"}]}<\/script>\n<!-- \/ Yoast SEO plugin. -->","yoast_head_json":{"title":"Instant\u00e1neas de los rodajes - Luis Miguel del Campo","description":"Hay un oficio en que el fot\u00f3grafo profesional se dedica a capturar instant\u00e1neas de los rodajes de cine y televisi\u00f3n.","robots":{"index":"index","follow":"follow","max-snippet":"max-snippet:-1","max-image-preview":"max-image-preview:large","max-video-preview":"max-video-preview:-1"},"canonical":"https:\/\/www.fotografo-profesional.net\/diario\/2022\/11\/14\/instantaneas-de-los-rodajes\/","og_locale":"es_ES","og_type":"article","og_title":"Instant\u00e1neas de los rodajes - Luis Miguel del Campo","og_description":"Hay un oficio en que el fot\u00f3grafo profesional se dedica a capturar instant\u00e1neas de los rodajes de cine y televisi\u00f3n.","og_url":"https:\/\/www.fotografo-profesional.net\/diario\/2022\/11\/14\/instantaneas-de-los-rodajes\/","og_site_name":"Luis Miguel del Campo","article_published_time":"2022-11-14T16:27:18+00:00","article_modified_time":"2022-11-14T16:55:59+00:00","og_image":[{"url":"https:\/\/www.fotografo-profesional.net\/diario\/wp-content\/uploads\/2022\/11\/Fotografo-profesional-en-Madrid-LMC-0296.jpg"}],"author":"Luis Miguel del Campo","twitter_card":"summary_large_image","twitter_misc":{"Escrito por":"Luis Miguel del Campo","Tiempo de lectura":"2 minutos"},"schema":{"@context":"https:\/\/schema.org","@graph":[{"@type":"WebPage","@id":"https:\/\/www.fotografo-profesional.net\/diario\/2022\/11\/14\/instantaneas-de-los-rodajes\/","url":"https:\/\/www.fotografo-profesional.net\/diario\/2022\/11\/14\/instantaneas-de-los-rodajes\/","name":"Instant\u00e1neas de los rodajes - Luis Miguel del Campo","isPartOf":{"@id":"https:\/\/www.fotografo-profesional.net\/diario\/#website"},"datePublished":"2022-11-14T16:27:18+00:00","dateModified":"2022-11-14T16:55:59+00:00","author":{"@id":"https:\/\/www.fotografo-profesional.net\/diario\/#\/schema\/person\/220504871d765b4c30a0af1d2fe93533"},"description":"Hay un oficio en que el fot\u00f3grafo profesional se dedica a capturar instant\u00e1neas de los rodajes de cine y televisi\u00f3n.","breadcrumb":{"@id":"https:\/\/www.fotografo-profesional.net\/diario\/2022\/11\/14\/instantaneas-de-los-rodajes\/#breadcrumb"},"inLanguage":"es","potentialAction":[{"@type":"ReadAction","target":["https:\/\/www.fotografo-profesional.net\/diario\/2022\/11\/14\/instantaneas-de-los-rodajes\/"]}]},{"@type":"BreadcrumbList","@id":"https:\/\/www.fotografo-profesional.net\/diario\/2022\/11\/14\/instantaneas-de-los-rodajes\/#breadcrumb","itemListElement":[{"@type":"ListItem","position":1,"name":"Inicio","item":"https:\/\/www.fotografo-profesional.net\/diario\/"},{"@type":"ListItem","position":2,"name":"Instant\u00e1neas de los rodajes"}]},{"@type":"WebSite","@id":"https:\/\/www.fotografo-profesional.net\/diario\/#website","url":"https:\/\/www.fotografo-profesional.net\/diario\/","name":"Luis Miguel del Campo","description":"Blog de un fot\u00f3grafo profesional","potentialAction":[{"@type":"SearchAction","target":{"@type":"EntryPoint","urlTemplate":"https:\/\/www.fotografo-profesional.net\/diario\/?s={search_term_string}"},"query-input":"required name=search_term_string"}],"inLanguage":"es"},{"@type":"Person","@id":"https:\/\/www.fotografo-profesional.net\/diario\/#\/schema\/person\/220504871d765b4c30a0af1d2fe93533","name":"Luis Miguel del Campo","image":{"@type":"ImageObject","inLanguage":"es","@id":"https:\/\/www.fotografo-profesional.net\/diario\/#\/schema\/person\/image\/","url":"https:\/\/secure.gravatar.com\/avatar\/84bb1120095136de86f122a882a42d61?s=96&d=mm&r=g","contentUrl":"https:\/\/secure.gravatar.com\/avatar\/84bb1120095136de86f122a882a42d61?s=96&d=mm&r=g","caption":"Luis Miguel del Campo"},"url":"https:\/\/www.fotografo-profesional.net\/diario\/author\/admin_lmdc\/"}]}},"_links":{"self":[{"href":"https:\/\/www.fotografo-profesional.net\/diario\/wp-json\/wp\/v2\/posts\/3513"}],"collection":[{"href":"https:\/\/www.fotografo-profesional.net\/diario\/wp-json\/wp\/v2\/posts"}],"about":[{"href":"https:\/\/www.fotografo-profesional.net\/diario\/wp-json\/wp\/v2\/types\/post"}],"author":[{"embeddable":true,"href":"https:\/\/www.fotografo-profesional.net\/diario\/wp-json\/wp\/v2\/users\/2"}],"replies":[{"embeddable":true,"href":"https:\/\/www.fotografo-profesional.net\/diario\/wp-json\/wp\/v2\/comments?post=3513"}],"version-history":[{"count":4,"href":"https:\/\/www.fotografo-profesional.net\/diario\/wp-json\/wp\/v2\/posts\/3513\/revisions"}],"predecessor-version":[{"id":3522,"href":"https:\/\/www.fotografo-profesional.net\/diario\/wp-json\/wp\/v2\/posts\/3513\/revisions\/3522"}],"wp:attachment":[{"href":"https:\/\/www.fotografo-profesional.net\/diario\/wp-json\/wp\/v2\/media?parent=3513"}],"wp:term":[{"taxonomy":"category","embeddable":true,"href":"https:\/\/www.fotografo-profesional.net\/diario\/wp-json\/wp\/v2\/categories?post=3513"},{"taxonomy":"post_tag","embeddable":true,"href":"https:\/\/www.fotografo-profesional.net\/diario\/wp-json\/wp\/v2\/tags?post=3513"}],"curies":[{"name":"wp","href":"https:\/\/api.w.org\/{rel}","templated":true}]}}