{"id":353,"date":"2018-11-29T19:16:43","date_gmt":"2018-11-29T18:16:43","guid":{"rendered":"https:\/\/www.fotografo-profesional.net\/diario\/?p=353"},"modified":"2020-05-02T16:42:49","modified_gmt":"2020-05-02T14:42:49","slug":"books-con-ninos-y-animales","status":"publish","type":"post","link":"https:\/\/www.fotografo-profesional.net\/diario\/2018\/11\/29\/books-con-ninos-y-animales\/","title":{"rendered":"Books con ni\u00f1os y animales"},"content":{"rendered":"<div id=\"attachment_365\" style=\"width: 610px\" class=\"wp-caption aligncenter\"><img aria-describedby=\"caption-attachment-365\" decoding=\"async\" class=\"wp-image-365 size-full\" src=\"https:\/\/www.fotografo-profesional.net\/diario\/wp-content\/uploads\/2018\/11\/Ni\u00f1o-con-gato-por-fot\u00f3grafo-profesional-en-Madrid.jpg\" alt=\"Books en domicilio de ni\u00f1os con animales\" width=\"600\" height=\"400\" srcset=\"https:\/\/www.fotografo-profesional.net\/diario\/wp-content\/uploads\/2018\/11\/Ni\u00f1o-con-gato-por-fot\u00f3grafo-profesional-en-Madrid.jpg 600w, https:\/\/www.fotografo-profesional.net\/diario\/wp-content\/uploads\/2018\/11\/Ni\u00f1o-con-gato-por-fot\u00f3grafo-profesional-en-Madrid-300x200.jpg 300w\" sizes=\"(max-width: 600px) 100vw, 600px\" \/><p id=\"caption-attachment-365\" class=\"wp-caption-text\">Muestra de books con ni\u00f1os y animales<\/p><\/div>\n<p>Me considero un fot\u00f3grafo madrile\u00f1o errante porque no s\u00f3lo realizo books fotogr\u00e1ficos en estudio, sino que tambi\u00e9n me desplazo al domicilio o a los lugares en los que los clientes quieren tener unas fotograf\u00edas de estudio. Por poco dinero m\u00e1s.<br \/>\n<strong>Es muy frecuente en el caso de<\/strong> <strong>fotograf\u00edas de reci\u00e9n nacidos<\/strong>,\u00a0en los que toda la familia quiere tener las sesiones fotogr\u00e1ficas en su entorno, en su hogar. Tambi\u00e9n cuando los ni\u00f1os son algo m\u00e1s mayores, porque puedes fotografiarlos totalmente relajados, como si el fot\u00f3grafo no estuviera all\u00ed, ya que se encuentran en un lugar que les da m\u00e1s confianza que el estudio fotogr\u00e1fico.<br \/>\nSi eres medianamente h\u00e1bil y pasas desapercibido ante los peque\u00f1os puedes conseguir im\u00e1genes fant\u00e1sticas.<br \/>\nOtro motivo por el que suelo hacer fotograf\u00edas en domicilios es porque <strong>los clientes quieren tener<\/strong> <strong>fotograf\u00edas de sus mascotas<\/strong> en su entorno habitual; sobre todo de los gatos. Hacer<a href=\"https:\/\/www.fotografo-profesional.net\/portfolio\/fotografia-de-estudio\/\"> <span style=\"color: #0000ff;\"><em>fotograf\u00edas en estudio<\/em><\/span><\/a> a los perros suele ser menos complicado que recibir a un gato del que su due\u00f1o quiere tener un book fotogr\u00e1fico. Los gatos son mucho m\u00e1s esquivos, y m\u00e1s asustadizos.<\/p>\n<p>En una ocasi\u00f3n tuve que posponer una sesi\u00f3n de estudio con un gato porque al ver el primer fogonazo del flash se escondi\u00f3 detr\u00e1s del forillo y de all\u00ed no quiso salir hasta que su due\u00f1o lo devolvi\u00f3 a su domicilio, donde conseguimos empezar y terminar la sesi\u00f3n; con luz continua, claro. Seguro que esto le ha ocurrido a m\u00e1s de un fot\u00f3grafo profesional.<\/p>\n<h4>Frase c\u00e9lebre<\/h4>\n<p>\u201cNunca ruedes con ni\u00f1os, con animales, ni con Charles Laughton\u201d, dec\u00eda Alfred Hitchcock. Prescindiendo del gran actor, por motivos obvios, he de decir que esa frase ser\u00eda muy acertada para un rodaje cinematogr\u00e1fico pero para una <span style=\"color: #000000;\">sesi\u00f3n fotogr\u00e1fica <\/span>no es v\u00e1lida porque puede ser una combinaci\u00f3n perfecta, como se aprecia en la fotograf\u00eda que encabeza el art\u00edculo. En ella <strong>se nota el perfecto entendimiento que hay entre el ni\u00f1o y su mascota.<\/strong><\/p>\n<p>Los books con ni\u00f1os y animales suelen resultar fant\u00e1sticos.<\/p>\n","protected":false},"excerpt":{"rendered":"<p>Me considero un fot\u00f3grafo madrile\u00f1o errante porque no s\u00f3lo realizo books fotogr\u00e1ficos en estudio, sino que tambi\u00e9n me desplazo al domicilio o a los lugares en los que los clientes quieren tener unas fotograf\u00edas de estudio. Por poco dinero m\u00e1s. Es muy frecuente en el caso de fotograf\u00edas de reci\u00e9n nacidos,\u00a0en los que toda la [&hellip;]<\/p>\n","protected":false},"author":2,"featured_media":365,"comment_status":"closed","ping_status":"open","sticky":false,"template":"","format":"standard","meta":[],"categories":[191,432,50,192,103,51,29,104,45,189],"tags":[27,193,194,196,195,117,59,119,120,307,197],"yoast_head":"<!-- This site is optimized with the Yoast SEO plugin v20.8 - https:\/\/yoast.com\/wordpress\/plugins\/seo\/ -->\n<title>Books con ni\u00f1os y animales - Luis Miguel del Campo<\/title>\n<meta name=\"description\" content=\"Suele ser bastante agradecido hacer books fotogr\u00e1ficos de ni\u00f1os con sus animales en su domicilio familiar porque tienes todo a favor.\" \/>\n<meta name=\"robots\" content=\"index, follow, max-snippet:-1, max-image-preview:large, max-video-preview:-1\" \/>\n<link rel=\"canonical\" href=\"https:\/\/www.fotografo-profesional.net\/diario\/2018\/11\/29\/books-con-ninos-y-animales\/\" \/>\n<meta property=\"og:locale\" content=\"es_ES\" \/>\n<meta property=\"og:type\" content=\"article\" \/>\n<meta property=\"og:title\" content=\"Books con ni\u00f1os y animales - Luis Miguel del Campo\" \/>\n<meta property=\"og:description\" content=\"Suele ser bastante agradecido hacer books fotogr\u00e1ficos de ni\u00f1os con sus animales en su domicilio familiar porque tienes todo a favor.\" \/>\n<meta property=\"og:url\" content=\"https:\/\/www.fotografo-profesional.net\/diario\/2018\/11\/29\/books-con-ninos-y-animales\/\" \/>\n<meta property=\"og:site_name\" content=\"Luis Miguel del Campo\" \/>\n<meta property=\"article:published_time\" content=\"2018-11-29T18:16:43+00:00\" \/>\n<meta property=\"article:modified_time\" content=\"2020-05-02T14:42:49+00:00\" \/>\n<meta property=\"og:image\" content=\"https:\/\/www.fotografo-profesional.net\/diario\/wp-content\/uploads\/2018\/11\/Ni\u00f1o-con-gato-por-fot\u00f3grafo-profesional-en-Madrid.jpg\" \/>\n\t<meta property=\"og:image:width\" content=\"600\" \/>\n\t<meta property=\"og:image:height\" content=\"400\" \/>\n\t<meta property=\"og:image:type\" content=\"image\/jpeg\" \/>\n<meta name=\"author\" content=\"Luis Miguel del Campo\" \/>\n<meta name=\"twitter:card\" content=\"summary_large_image\" \/>\n<meta name=\"twitter:label1\" content=\"Escrito por\" \/>\n\t<meta name=\"twitter:data1\" content=\"Luis Miguel del Campo\" \/>\n\t<meta name=\"twitter:label2\" content=\"Tiempo de lectura\" \/>\n\t<meta name=\"twitter:data2\" content=\"2 minutos\" \/>\n<script type=\"application\/ld+json\" class=\"yoast-schema-graph\">{\"@context\":\"https:\/\/schema.org\",\"@graph\":[{\"@type\":\"WebPage\",\"@id\":\"https:\/\/www.fotografo-profesional.net\/diario\/2018\/11\/29\/books-con-ninos-y-animales\/\",\"url\":\"https:\/\/www.fotografo-profesional.net\/diario\/2018\/11\/29\/books-con-ninos-y-animales\/\",\"name\":\"Books con ni\u00f1os y animales - Luis Miguel del Campo\",\"isPartOf\":{\"@id\":\"https:\/\/www.fotografo-profesional.net\/diario\/#website\"},\"datePublished\":\"2018-11-29T18:16:43+00:00\",\"dateModified\":\"2020-05-02T14:42:49+00:00\",\"author\":{\"@id\":\"https:\/\/www.fotografo-profesional.net\/diario\/#\/schema\/person\/220504871d765b4c30a0af1d2fe93533\"},\"description\":\"Suele ser bastante agradecido hacer books fotogr\u00e1ficos de ni\u00f1os con sus animales en su domicilio familiar porque tienes todo a favor.\",\"breadcrumb\":{\"@id\":\"https:\/\/www.fotografo-profesional.net\/diario\/2018\/11\/29\/books-con-ninos-y-animales\/#breadcrumb\"},\"inLanguage\":\"es\",\"potentialAction\":[{\"@type\":\"ReadAction\",\"target\":[\"https:\/\/www.fotografo-profesional.net\/diario\/2018\/11\/29\/books-con-ninos-y-animales\/\"]}]},{\"@type\":\"BreadcrumbList\",\"@id\":\"https:\/\/www.fotografo-profesional.net\/diario\/2018\/11\/29\/books-con-ninos-y-animales\/#breadcrumb\",\"itemListElement\":[{\"@type\":\"ListItem\",\"position\":1,\"name\":\"Inicio\",\"item\":\"https:\/\/www.fotografo-profesional.net\/diario\/\"},{\"@type\":\"ListItem\",\"position\":2,\"name\":\"Books con ni\u00f1os y animales\"}]},{\"@type\":\"WebSite\",\"@id\":\"https:\/\/www.fotografo-profesional.net\/diario\/#website\",\"url\":\"https:\/\/www.fotografo-profesional.net\/diario\/\",\"name\":\"Luis Miguel del Campo\",\"description\":\"Blog de un fot\u00f3grafo profesional\",\"potentialAction\":[{\"@type\":\"SearchAction\",\"target\":{\"@type\":\"EntryPoint\",\"urlTemplate\":\"https:\/\/www.fotografo-profesional.net\/diario\/?s={search_term_string}\"},\"query-input\":\"required name=search_term_string\"}],\"inLanguage\":\"es\"},{\"@type\":\"Person\",\"@id\":\"https:\/\/www.fotografo-profesional.net\/diario\/#\/schema\/person\/220504871d765b4c30a0af1d2fe93533\",\"name\":\"Luis Miguel del Campo\",\"image\":{\"@type\":\"ImageObject\",\"inLanguage\":\"es\",\"@id\":\"https:\/\/www.fotografo-profesional.net\/diario\/#\/schema\/person\/image\/\",\"url\":\"https:\/\/secure.gravatar.com\/avatar\/84bb1120095136de86f122a882a42d61?s=96&d=mm&r=g\",\"contentUrl\":\"https:\/\/secure.gravatar.com\/avatar\/84bb1120095136de86f122a882a42d61?s=96&d=mm&r=g\",\"caption\":\"Luis Miguel del Campo\"},\"url\":\"https:\/\/www.fotografo-profesional.net\/diario\/author\/admin_lmdc\/\"}]}<\/script>\n<!-- \/ Yoast SEO plugin. -->","yoast_head_json":{"title":"Books con ni\u00f1os y animales - Luis Miguel del Campo","description":"Suele ser bastante agradecido hacer books fotogr\u00e1ficos de ni\u00f1os con sus animales en su domicilio familiar porque tienes todo a favor.","robots":{"index":"index","follow":"follow","max-snippet":"max-snippet:-1","max-image-preview":"max-image-preview:large","max-video-preview":"max-video-preview:-1"},"canonical":"https:\/\/www.fotografo-profesional.net\/diario\/2018\/11\/29\/books-con-ninos-y-animales\/","og_locale":"es_ES","og_type":"article","og_title":"Books con ni\u00f1os y animales - Luis Miguel del Campo","og_description":"Suele ser bastante agradecido hacer books fotogr\u00e1ficos de ni\u00f1os con sus animales en su domicilio familiar porque tienes todo a favor.","og_url":"https:\/\/www.fotografo-profesional.net\/diario\/2018\/11\/29\/books-con-ninos-y-animales\/","og_site_name":"Luis Miguel del Campo","article_published_time":"2018-11-29T18:16:43+00:00","article_modified_time":"2020-05-02T14:42:49+00:00","og_image":[{"width":600,"height":400,"url":"https:\/\/www.fotografo-profesional.net\/diario\/wp-content\/uploads\/2018\/11\/Ni\u00f1o-con-gato-por-fot\u00f3grafo-profesional-en-Madrid.jpg","type":"image\/jpeg"}],"author":"Luis Miguel del Campo","twitter_card":"summary_large_image","twitter_misc":{"Escrito por":"Luis Miguel del Campo","Tiempo de lectura":"2 minutos"},"schema":{"@context":"https:\/\/schema.org","@graph":[{"@type":"WebPage","@id":"https:\/\/www.fotografo-profesional.net\/diario\/2018\/11\/29\/books-con-ninos-y-animales\/","url":"https:\/\/www.fotografo-profesional.net\/diario\/2018\/11\/29\/books-con-ninos-y-animales\/","name":"Books con ni\u00f1os y animales - Luis Miguel del Campo","isPartOf":{"@id":"https:\/\/www.fotografo-profesional.net\/diario\/#website"},"datePublished":"2018-11-29T18:16:43+00:00","dateModified":"2020-05-02T14:42:49+00:00","author":{"@id":"https:\/\/www.fotografo-profesional.net\/diario\/#\/schema\/person\/220504871d765b4c30a0af1d2fe93533"},"description":"Suele ser bastante agradecido hacer books fotogr\u00e1ficos de ni\u00f1os con sus animales en su domicilio familiar porque tienes todo a favor.","breadcrumb":{"@id":"https:\/\/www.fotografo-profesional.net\/diario\/2018\/11\/29\/books-con-ninos-y-animales\/#breadcrumb"},"inLanguage":"es","potentialAction":[{"@type":"ReadAction","target":["https:\/\/www.fotografo-profesional.net\/diario\/2018\/11\/29\/books-con-ninos-y-animales\/"]}]},{"@type":"BreadcrumbList","@id":"https:\/\/www.fotografo-profesional.net\/diario\/2018\/11\/29\/books-con-ninos-y-animales\/#breadcrumb","itemListElement":[{"@type":"ListItem","position":1,"name":"Inicio","item":"https:\/\/www.fotografo-profesional.net\/diario\/"},{"@type":"ListItem","position":2,"name":"Books con ni\u00f1os y animales"}]},{"@type":"WebSite","@id":"https:\/\/www.fotografo-profesional.net\/diario\/#website","url":"https:\/\/www.fotografo-profesional.net\/diario\/","name":"Luis Miguel del Campo","description":"Blog de un fot\u00f3grafo profesional","potentialAction":[{"@type":"SearchAction","target":{"@type":"EntryPoint","urlTemplate":"https:\/\/www.fotografo-profesional.net\/diario\/?s={search_term_string}"},"query-input":"required name=search_term_string"}],"inLanguage":"es"},{"@type":"Person","@id":"https:\/\/www.fotografo-profesional.net\/diario\/#\/schema\/person\/220504871d765b4c30a0af1d2fe93533","name":"Luis Miguel del Campo","image":{"@type":"ImageObject","inLanguage":"es","@id":"https:\/\/www.fotografo-profesional.net\/diario\/#\/schema\/person\/image\/","url":"https:\/\/secure.gravatar.com\/avatar\/84bb1120095136de86f122a882a42d61?s=96&d=mm&r=g","contentUrl":"https:\/\/secure.gravatar.com\/avatar\/84bb1120095136de86f122a882a42d61?s=96&d=mm&r=g","caption":"Luis Miguel del Campo"},"url":"https:\/\/www.fotografo-profesional.net\/diario\/author\/admin_lmdc\/"}]}},"_links":{"self":[{"href":"https:\/\/www.fotografo-profesional.net\/diario\/wp-json\/wp\/v2\/posts\/353"}],"collection":[{"href":"https:\/\/www.fotografo-profesional.net\/diario\/wp-json\/wp\/v2\/posts"}],"about":[{"href":"https:\/\/www.fotografo-profesional.net\/diario\/wp-json\/wp\/v2\/types\/post"}],"author":[{"embeddable":true,"href":"https:\/\/www.fotografo-profesional.net\/diario\/wp-json\/wp\/v2\/users\/2"}],"replies":[{"embeddable":true,"href":"https:\/\/www.fotografo-profesional.net\/diario\/wp-json\/wp\/v2\/comments?post=353"}],"version-history":[{"count":7,"href":"https:\/\/www.fotografo-profesional.net\/diario\/wp-json\/wp\/v2\/posts\/353\/revisions"}],"predecessor-version":[{"id":1821,"href":"https:\/\/www.fotografo-profesional.net\/diario\/wp-json\/wp\/v2\/posts\/353\/revisions\/1821"}],"wp:featuredmedia":[{"embeddable":true,"href":"https:\/\/www.fotografo-profesional.net\/diario\/wp-json\/wp\/v2\/media\/365"}],"wp:attachment":[{"href":"https:\/\/www.fotografo-profesional.net\/diario\/wp-json\/wp\/v2\/media?parent=353"}],"wp:term":[{"taxonomy":"category","embeddable":true,"href":"https:\/\/www.fotografo-profesional.net\/diario\/wp-json\/wp\/v2\/categories?post=353"},{"taxonomy":"post_tag","embeddable":true,"href":"https:\/\/www.fotografo-profesional.net\/diario\/wp-json\/wp\/v2\/tags?post=353"}],"curies":[{"name":"wp","href":"https:\/\/api.w.org\/{rel}","templated":true}]}}