{"id":3546,"date":"2022-12-09T19:56:28","date_gmt":"2022-12-09T18:56:28","guid":{"rendered":"https:\/\/www.fotografo-profesional.net\/diario\/?p=3546"},"modified":"2022-12-29T15:54:36","modified_gmt":"2022-12-29T14:54:36","slug":"nueva-temporada-de-bodas-a-la-vista","status":"publish","type":"post","link":"https:\/\/www.fotografo-profesional.net\/diario\/2022\/12\/09\/nueva-temporada-de-bodas-a-la-vista\/","title":{"rendered":"Nueva temporada de bodas a la vista"},"content":{"rendered":"\r\n<p><img decoding=\"async\" class=\"alignnone size-full wp-image-3563\" src=\"https:\/\/www.fotografo-profesional.net\/diario\/wp-content\/uploads\/2022\/12\/Fotografo-profesional-en-Madrid-LMC-0301.jpg\" alt=\"Nueva temporada de bodas\" width=\"800\" height=\"534\" srcset=\"https:\/\/www.fotografo-profesional.net\/diario\/wp-content\/uploads\/2022\/12\/Fotografo-profesional-en-Madrid-LMC-0301.jpg 800w, https:\/\/www.fotografo-profesional.net\/diario\/wp-content\/uploads\/2022\/12\/Fotografo-profesional-en-Madrid-LMC-0301-300x200.jpg 300w, https:\/\/www.fotografo-profesional.net\/diario\/wp-content\/uploads\/2022\/12\/Fotografo-profesional-en-Madrid-LMC-0301-768x513.jpg 768w\" sizes=\"(max-width: 800px) 100vw, 800px\" \/><\/p>\r\n<p>Siempre que llega una nueva temporada de bodas me planteo qu\u00e9 puedo ofrecer que sea distinto a lo de otros a\u00f1os. Y a lo que ofrecen otros fot\u00f3grafos profesionales. Porque aunque seas un fot\u00f3grafo de bodas barato siempre hay algo en lo que te puedas distinguir de cualquier otro fot\u00f3grafo profesional. Luego est\u00e1 decidir qu\u00e9 encaja con tu forma de trabajo. Con tu manera de entender <a href=\"https:\/\/www.fotografo-profesional.net\/portfolio\/fotografia-de-bodas\/\"><span style=\"color: #0000ff;\">la fotograf\u00eda de bodas<\/span><\/a>; por supuesto, adem\u00e1s de <a href=\"https:\/\/www.fotografo-profesional.net\/diario\/2020\/07\/17\/tarifas-de-fotografo-de-bodas-barato-en-madrid\/\"><span style=\"color: #0000ff;\">buenas tarifas<\/span><\/a>. <br \/><br \/>Porque lo de emplear drones es muy pint\u00f3n pero encarece mucho un reportaje de bodas, ya sea en v\u00eddeo o fotogr\u00e1fico. Los planos a\u00e9reos no se deben usar demasiado porque, de hacerlo, ese recurso acabar\u00eda cansando. S\u00e9 que m\u00e1s de un fot\u00f3grafo profesional basa su estrategia de cada nueva temporada de bodas en la utilizaci\u00f3n de drones, en todas sus variantes. Cualquier a\u00f1o de estos nos encontraremos que un dron graba un plano a\u00e9reo de c\u00f3mo la comitiva nupcial entra en la iglesia. O de c\u00f3mo los novios cortan la tarta. Tiempo al tiempo. No lo he visto todav\u00eda pero es posible que en exteriores ya lo haya hecho alg\u00fan fot\u00f3grafo profesional.<br \/><br \/>Un fot\u00f3grafo de bodas barato como yo tiene la suerte de que ese servicio lo ofrece como opci\u00f3n optativa para los novios. En este caso, se contrata un tiempo m\u00ednimo, que no sangre demasiado el bolsillo de los novios y que no sature de planos o fotos a\u00e9reas el <a href=\"https:\/\/www.fotografo-profesional.net\/diario\/2019\/02\/11\/reportaje-de-boda-en-video\/\"><span style=\"color: #0000ff;\">v\u00eddeo de boda<\/span><\/a> o el \u00e1lbum de fotos. Y cada nueva temporada de bodas me reafirmo en mi convicci\u00f3n de seguir teniendo externalizado <a href=\"https:\/\/www.fotografo-profesional.net\/servicios\/\"><span style=\"color: #0000ff;\">ese servicio<\/span><\/a>, como se dice ahora.<\/p>\r\n<h3>La nueva temporada de bodas<\/h3>\r\n<p>Todav\u00eda no s\u00e9 qu\u00e9 voy a ofrecer en la nueva temporada de bodas. De momento no se me ocurre nada que merezca la pena que ofrezca un fot\u00f3grafo de bodas barato. Sigo atentamente lo que vienen ofreciendo otros fot\u00f3grafos profesionales mientras espero que se me ocurra alguna idea alguna idea brillante. Si no se me ocurre tendr\u00e9 que ofrecer calidad a precios populares. Algo que, por otra parte, es lo que anda buscando un buen n\u00famero de parejas que se va a casar.<\/p>\r\n","protected":false},"excerpt":{"rendered":"<p>Siempre que llega una nueva temporada de bodas me planteo qu\u00e9 puedo ofrecer que sea distinto a lo de otros a\u00f1os. Y a lo que ofrecen otros fot\u00f3grafos profesionales. Porque aunque seas un fot\u00f3grafo de bodas barato siempre hay algo en lo que te puedas distinguir de cualquier otro fot\u00f3grafo profesional. Luego est\u00e1 decidir qu\u00e9 [&hellip;]<\/p>\n","protected":false},"author":2,"featured_media":3563,"comment_status":"closed","ping_status":"open","sticky":false,"template":"","format":"standard","meta":[],"categories":[175,171,255,45,406,172,207,116],"tags":[450,315,32,464,290,601,486,430,291,99,653,348,565,626,907,454,452],"yoast_head":"<!-- This site is optimized with the Yoast SEO plugin v20.8 - https:\/\/yoast.com\/wordpress\/plugins\/seo\/ -->\n<title>Nueva temporada de bodas a la vista - Luis Miguel del Campo<\/title>\n<meta name=\"description\" content=\"Cada nueva temporada de bodas se presenta el reto de qu\u00e9 novedad se puede ofrecer que atraiga clientes\" \/>\n<meta name=\"robots\" content=\"index, follow, max-snippet:-1, max-image-preview:large, max-video-preview:-1\" \/>\n<link rel=\"canonical\" href=\"https:\/\/www.fotografo-profesional.net\/diario\/2022\/12\/09\/nueva-temporada-de-bodas-a-la-vista\/\" \/>\n<meta property=\"og:locale\" content=\"es_ES\" \/>\n<meta property=\"og:type\" content=\"article\" \/>\n<meta property=\"og:title\" content=\"Nueva temporada de bodas a la vista - Luis Miguel del Campo\" \/>\n<meta property=\"og:description\" content=\"Cada nueva temporada de bodas se presenta el reto de qu\u00e9 novedad se puede ofrecer que atraiga clientes\" \/>\n<meta property=\"og:url\" content=\"https:\/\/www.fotografo-profesional.net\/diario\/2022\/12\/09\/nueva-temporada-de-bodas-a-la-vista\/\" \/>\n<meta property=\"og:site_name\" content=\"Luis Miguel del Campo\" \/>\n<meta property=\"article:published_time\" content=\"2022-12-09T18:56:28+00:00\" \/>\n<meta property=\"article:modified_time\" content=\"2022-12-29T14:54:36+00:00\" \/>\n<meta property=\"og:image\" content=\"https:\/\/www.fotografo-profesional.net\/diario\/wp-content\/uploads\/2022\/12\/Fotografo-profesional-en-Madrid-LMC-0301.jpg\" \/>\n\t<meta property=\"og:image:width\" content=\"800\" \/>\n\t<meta property=\"og:image:height\" content=\"534\" \/>\n\t<meta property=\"og:image:type\" content=\"image\/jpeg\" \/>\n<meta name=\"author\" content=\"Luis Miguel del Campo\" \/>\n<meta name=\"twitter:card\" content=\"summary_large_image\" \/>\n<meta name=\"twitter:label1\" content=\"Escrito por\" \/>\n\t<meta name=\"twitter:data1\" content=\"Luis Miguel del Campo\" \/>\n\t<meta name=\"twitter:label2\" content=\"Tiempo de lectura\" \/>\n\t<meta name=\"twitter:data2\" content=\"2 minutos\" \/>\n<script type=\"application\/ld+json\" class=\"yoast-schema-graph\">{\"@context\":\"https:\/\/schema.org\",\"@graph\":[{\"@type\":\"WebPage\",\"@id\":\"https:\/\/www.fotografo-profesional.net\/diario\/2022\/12\/09\/nueva-temporada-de-bodas-a-la-vista\/\",\"url\":\"https:\/\/www.fotografo-profesional.net\/diario\/2022\/12\/09\/nueva-temporada-de-bodas-a-la-vista\/\",\"name\":\"Nueva temporada de bodas a la vista - Luis Miguel del Campo\",\"isPartOf\":{\"@id\":\"https:\/\/www.fotografo-profesional.net\/diario\/#website\"},\"datePublished\":\"2022-12-09T18:56:28+00:00\",\"dateModified\":\"2022-12-29T14:54:36+00:00\",\"author\":{\"@id\":\"https:\/\/www.fotografo-profesional.net\/diario\/#\/schema\/person\/220504871d765b4c30a0af1d2fe93533\"},\"description\":\"Cada nueva temporada de bodas se presenta el reto de qu\u00e9 novedad se puede ofrecer que atraiga clientes\",\"breadcrumb\":{\"@id\":\"https:\/\/www.fotografo-profesional.net\/diario\/2022\/12\/09\/nueva-temporada-de-bodas-a-la-vista\/#breadcrumb\"},\"inLanguage\":\"es\",\"potentialAction\":[{\"@type\":\"ReadAction\",\"target\":[\"https:\/\/www.fotografo-profesional.net\/diario\/2022\/12\/09\/nueva-temporada-de-bodas-a-la-vista\/\"]}]},{\"@type\":\"BreadcrumbList\",\"@id\":\"https:\/\/www.fotografo-profesional.net\/diario\/2022\/12\/09\/nueva-temporada-de-bodas-a-la-vista\/#breadcrumb\",\"itemListElement\":[{\"@type\":\"ListItem\",\"position\":1,\"name\":\"Inicio\",\"item\":\"https:\/\/www.fotografo-profesional.net\/diario\/\"},{\"@type\":\"ListItem\",\"position\":2,\"name\":\"Nueva temporada de bodas a la vista\"}]},{\"@type\":\"WebSite\",\"@id\":\"https:\/\/www.fotografo-profesional.net\/diario\/#website\",\"url\":\"https:\/\/www.fotografo-profesional.net\/diario\/\",\"name\":\"Luis Miguel del Campo\",\"description\":\"Blog de un fot\u00f3grafo profesional\",\"potentialAction\":[{\"@type\":\"SearchAction\",\"target\":{\"@type\":\"EntryPoint\",\"urlTemplate\":\"https:\/\/www.fotografo-profesional.net\/diario\/?s={search_term_string}\"},\"query-input\":\"required name=search_term_string\"}],\"inLanguage\":\"es\"},{\"@type\":\"Person\",\"@id\":\"https:\/\/www.fotografo-profesional.net\/diario\/#\/schema\/person\/220504871d765b4c30a0af1d2fe93533\",\"name\":\"Luis Miguel del Campo\",\"image\":{\"@type\":\"ImageObject\",\"inLanguage\":\"es\",\"@id\":\"https:\/\/www.fotografo-profesional.net\/diario\/#\/schema\/person\/image\/\",\"url\":\"https:\/\/secure.gravatar.com\/avatar\/84bb1120095136de86f122a882a42d61?s=96&d=mm&r=g\",\"contentUrl\":\"https:\/\/secure.gravatar.com\/avatar\/84bb1120095136de86f122a882a42d61?s=96&d=mm&r=g\",\"caption\":\"Luis Miguel del Campo\"},\"url\":\"https:\/\/www.fotografo-profesional.net\/diario\/author\/admin_lmdc\/\"}]}<\/script>\n<!-- \/ Yoast SEO plugin. -->","yoast_head_json":{"title":"Nueva temporada de bodas a la vista - Luis Miguel del Campo","description":"Cada nueva temporada de bodas se presenta el reto de qu\u00e9 novedad se puede ofrecer que atraiga clientes","robots":{"index":"index","follow":"follow","max-snippet":"max-snippet:-1","max-image-preview":"max-image-preview:large","max-video-preview":"max-video-preview:-1"},"canonical":"https:\/\/www.fotografo-profesional.net\/diario\/2022\/12\/09\/nueva-temporada-de-bodas-a-la-vista\/","og_locale":"es_ES","og_type":"article","og_title":"Nueva temporada de bodas a la vista - Luis Miguel del Campo","og_description":"Cada nueva temporada de bodas se presenta el reto de qu\u00e9 novedad se puede ofrecer que atraiga clientes","og_url":"https:\/\/www.fotografo-profesional.net\/diario\/2022\/12\/09\/nueva-temporada-de-bodas-a-la-vista\/","og_site_name":"Luis Miguel del Campo","article_published_time":"2022-12-09T18:56:28+00:00","article_modified_time":"2022-12-29T14:54:36+00:00","og_image":[{"width":800,"height":534,"url":"https:\/\/www.fotografo-profesional.net\/diario\/wp-content\/uploads\/2022\/12\/Fotografo-profesional-en-Madrid-LMC-0301.jpg","type":"image\/jpeg"}],"author":"Luis Miguel del Campo","twitter_card":"summary_large_image","twitter_misc":{"Escrito por":"Luis Miguel del Campo","Tiempo de lectura":"2 minutos"},"schema":{"@context":"https:\/\/schema.org","@graph":[{"@type":"WebPage","@id":"https:\/\/www.fotografo-profesional.net\/diario\/2022\/12\/09\/nueva-temporada-de-bodas-a-la-vista\/","url":"https:\/\/www.fotografo-profesional.net\/diario\/2022\/12\/09\/nueva-temporada-de-bodas-a-la-vista\/","name":"Nueva temporada de bodas a la vista - Luis Miguel del Campo","isPartOf":{"@id":"https:\/\/www.fotografo-profesional.net\/diario\/#website"},"datePublished":"2022-12-09T18:56:28+00:00","dateModified":"2022-12-29T14:54:36+00:00","author":{"@id":"https:\/\/www.fotografo-profesional.net\/diario\/#\/schema\/person\/220504871d765b4c30a0af1d2fe93533"},"description":"Cada nueva temporada de bodas se presenta el reto de qu\u00e9 novedad se puede ofrecer que atraiga clientes","breadcrumb":{"@id":"https:\/\/www.fotografo-profesional.net\/diario\/2022\/12\/09\/nueva-temporada-de-bodas-a-la-vista\/#breadcrumb"},"inLanguage":"es","potentialAction":[{"@type":"ReadAction","target":["https:\/\/www.fotografo-profesional.net\/diario\/2022\/12\/09\/nueva-temporada-de-bodas-a-la-vista\/"]}]},{"@type":"BreadcrumbList","@id":"https:\/\/www.fotografo-profesional.net\/diario\/2022\/12\/09\/nueva-temporada-de-bodas-a-la-vista\/#breadcrumb","itemListElement":[{"@type":"ListItem","position":1,"name":"Inicio","item":"https:\/\/www.fotografo-profesional.net\/diario\/"},{"@type":"ListItem","position":2,"name":"Nueva temporada de bodas a la vista"}]},{"@type":"WebSite","@id":"https:\/\/www.fotografo-profesional.net\/diario\/#website","url":"https:\/\/www.fotografo-profesional.net\/diario\/","name":"Luis Miguel del Campo","description":"Blog de un fot\u00f3grafo profesional","potentialAction":[{"@type":"SearchAction","target":{"@type":"EntryPoint","urlTemplate":"https:\/\/www.fotografo-profesional.net\/diario\/?s={search_term_string}"},"query-input":"required name=search_term_string"}],"inLanguage":"es"},{"@type":"Person","@id":"https:\/\/www.fotografo-profesional.net\/diario\/#\/schema\/person\/220504871d765b4c30a0af1d2fe93533","name":"Luis Miguel del Campo","image":{"@type":"ImageObject","inLanguage":"es","@id":"https:\/\/www.fotografo-profesional.net\/diario\/#\/schema\/person\/image\/","url":"https:\/\/secure.gravatar.com\/avatar\/84bb1120095136de86f122a882a42d61?s=96&d=mm&r=g","contentUrl":"https:\/\/secure.gravatar.com\/avatar\/84bb1120095136de86f122a882a42d61?s=96&d=mm&r=g","caption":"Luis Miguel del Campo"},"url":"https:\/\/www.fotografo-profesional.net\/diario\/author\/admin_lmdc\/"}]}},"_links":{"self":[{"href":"https:\/\/www.fotografo-profesional.net\/diario\/wp-json\/wp\/v2\/posts\/3546"}],"collection":[{"href":"https:\/\/www.fotografo-profesional.net\/diario\/wp-json\/wp\/v2\/posts"}],"about":[{"href":"https:\/\/www.fotografo-profesional.net\/diario\/wp-json\/wp\/v2\/types\/post"}],"author":[{"embeddable":true,"href":"https:\/\/www.fotografo-profesional.net\/diario\/wp-json\/wp\/v2\/users\/2"}],"replies":[{"embeddable":true,"href":"https:\/\/www.fotografo-profesional.net\/diario\/wp-json\/wp\/v2\/comments?post=3546"}],"version-history":[{"count":4,"href":"https:\/\/www.fotografo-profesional.net\/diario\/wp-json\/wp\/v2\/posts\/3546\/revisions"}],"predecessor-version":[{"id":3569,"href":"https:\/\/www.fotografo-profesional.net\/diario\/wp-json\/wp\/v2\/posts\/3546\/revisions\/3569"}],"wp:featuredmedia":[{"embeddable":true,"href":"https:\/\/www.fotografo-profesional.net\/diario\/wp-json\/wp\/v2\/media\/3563"}],"wp:attachment":[{"href":"https:\/\/www.fotografo-profesional.net\/diario\/wp-json\/wp\/v2\/media?parent=3546"}],"wp:term":[{"taxonomy":"category","embeddable":true,"href":"https:\/\/www.fotografo-profesional.net\/diario\/wp-json\/wp\/v2\/categories?post=3546"},{"taxonomy":"post_tag","embeddable":true,"href":"https:\/\/www.fotografo-profesional.net\/diario\/wp-json\/wp\/v2\/tags?post=3546"}],"curies":[{"name":"wp","href":"https:\/\/api.w.org\/{rel}","templated":true}]}}