{"id":3552,"date":"2022-12-12T10:47:37","date_gmt":"2022-12-12T09:47:37","guid":{"rendered":"https:\/\/www.fotografo-profesional.net\/diario\/?p=3552"},"modified":"2022-12-29T15:54:01","modified_gmt":"2022-12-29T14:54:01","slug":"el-aleph-libros-un-negocio-del-siglo-xxi","status":"publish","type":"post","link":"https:\/\/www.fotografo-profesional.net\/diario\/2022\/12\/12\/el-aleph-libros-un-negocio-del-siglo-xxi\/","title":{"rendered":"El Aleph Libros, un negocio del siglo XXI"},"content":{"rendered":"\r\n<h3><img decoding=\"async\" class=\"alignnone size-full wp-image-3572\" src=\"https:\/\/www.fotografo-profesional.net\/diario\/wp-content\/uploads\/2022\/12\/Fotografo-profesional-en-Madrid-LMC-0305.jpg\" alt=\"Fachada de El Aleph libros, tienda f\u00edsica\" width=\"800\" height=\"533\" srcset=\"https:\/\/www.fotografo-profesional.net\/diario\/wp-content\/uploads\/2022\/12\/Fotografo-profesional-en-Madrid-LMC-0305.jpg 800w, https:\/\/www.fotografo-profesional.net\/diario\/wp-content\/uploads\/2022\/12\/Fotografo-profesional-en-Madrid-LMC-0305-300x200.jpg 300w, https:\/\/www.fotografo-profesional.net\/diario\/wp-content\/uploads\/2022\/12\/Fotografo-profesional-en-Madrid-LMC-0305-768x512.jpg 768w\" sizes=\"(max-width: 800px) 100vw, 800px\" \/><\/h3>\r\n<h3>Estampas de Madrid (0112)<\/h3>\r\n<p>El Aleph Libros es un negocio que surgi\u00f3 en los \u00faltimos suspiros del siglo XX. Y lo hizo como reacci\u00f3n de sus fundadores a no haber podido encontrar en internet textos en espa\u00f1ol para utilizarlos en investigaciones. Esta circunstancia les llevar\u00eda a tomar la decisi\u00f3n de desarrollar su propia biblioteca, poni\u00e9ndola despu\u00e9s a disposici\u00f3n de quienes tuvieran las mismas necesidades o inquietudes.<\/p>\r\n<p>Las nuevas tecnolog\u00edas -as\u00ed se conoc\u00edan entonces- vinieron a ayudar a los inquietos creadores de El Aleph Libros. As\u00ed, en abril de 1.999 ya ten\u00edan un servidor canadiense y empezaron a desarrollar las pruebas de su innovador proyecto. Paulatinamente fueron incorporando t\u00edtulos. Empezar\u00edan con diez nuevos t\u00edtulos.<\/p>\r\n<p>En junio de 1.999 El Aleph Libros abrir\u00eda sus puertas, en modo de prueba. Contaban tan solo con treinta, pero fueron incorporando dos nuevos t\u00edtulos cada d\u00eda. Desconozco en qu\u00e9 momento incorporaron a su cat\u00e1logo ejemplares que pudieran interesar a un fot\u00f3grafo por su tem\u00e1tica o t\u00e9cnica profesional. Lo que es seguro es que en la actualidad esta librer\u00eda abarca todos los campos tem\u00e1ticos imaginables.<\/p>\r\n<p>Es de destacar el acierto que tuvieron sus fundadores al elegir el nombre para su proyecto. Un nombre muy literario, homenaje a una de las obras m\u00e1s reconocidas de un gran escritor en castellano. Jorge Luis Borges.<\/p>\r\n<p>La tienda f\u00edsica de El Aleph Libros se encuentra en la calle Ferraz n\u00famero 22, esquina con la de Luisa Fernanda, donde <a href=\"https:\/\/www.fotografo-profesional.net\/servicios\/\"><span style=\"color: #0000ff;\">este fot\u00f3grafo profesional<\/span> <\/a>captur\u00f3 la imagen que ilustra este art\u00edculo pocos d\u00edas atr\u00e1s.<\/p>\r\n","protected":false},"excerpt":{"rendered":"<p>Estampas de Madrid (0112) El Aleph Libros es un negocio que surgi\u00f3 en los \u00faltimos suspiros del siglo XX. Y lo hizo como reacci\u00f3n de sus fundadores a no haber podido encontrar en internet textos en espa\u00f1ol para utilizarlos en investigaciones. Esta circunstancia les llevar\u00eda a tomar la decisi\u00f3n de desarrollar su propia biblioteca, poni\u00e9ndola [&hellip;]<\/p>\n","protected":false},"author":2,"featured_media":3572,"comment_status":"closed","ping_status":"open","sticky":false,"template":"","format":"standard","meta":[],"categories":[209,45,406,172,207,116],"tags":[],"yoast_head":"<!-- This site is optimized with the Yoast SEO plugin v20.8 - https:\/\/yoast.com\/wordpress\/plugins\/seo\/ -->\n<title>El Aleph Libros, un negocio del siglo XXI - Luis Miguel del Campo<\/title>\n<meta name=\"description\" content=\"El Aleph Libros es un negocio que se estableci\u00f3n en Madrid a principios de este siglo XX, debido a las necesidades de sus fundadores\" \/>\n<meta name=\"robots\" content=\"index, follow, max-snippet:-1, max-image-preview:large, max-video-preview:-1\" \/>\n<link rel=\"canonical\" href=\"https:\/\/www.fotografo-profesional.net\/diario\/2022\/12\/12\/el-aleph-libros-un-negocio-del-siglo-xxi\/\" \/>\n<meta property=\"og:locale\" content=\"es_ES\" \/>\n<meta property=\"og:type\" content=\"article\" \/>\n<meta property=\"og:title\" content=\"El Aleph Libros, un negocio del siglo XXI - Luis Miguel del Campo\" \/>\n<meta property=\"og:description\" content=\"El Aleph Libros es un negocio que se estableci\u00f3n en Madrid a principios de este siglo XX, debido a las necesidades de sus fundadores\" \/>\n<meta property=\"og:url\" content=\"https:\/\/www.fotografo-profesional.net\/diario\/2022\/12\/12\/el-aleph-libros-un-negocio-del-siglo-xxi\/\" \/>\n<meta property=\"og:site_name\" content=\"Luis Miguel del Campo\" \/>\n<meta property=\"article:published_time\" content=\"2022-12-12T09:47:37+00:00\" \/>\n<meta property=\"article:modified_time\" content=\"2022-12-29T14:54:01+00:00\" \/>\n<meta property=\"og:image\" content=\"https:\/\/www.fotografo-profesional.net\/diario\/wp-content\/uploads\/2022\/12\/Fotografo-profesional-en-Madrid-LMC-0305.jpg\" \/>\n\t<meta property=\"og:image:width\" content=\"800\" \/>\n\t<meta property=\"og:image:height\" content=\"533\" \/>\n\t<meta property=\"og:image:type\" content=\"image\/jpeg\" \/>\n<meta name=\"author\" content=\"Luis Miguel del Campo\" \/>\n<meta name=\"twitter:card\" content=\"summary_large_image\" \/>\n<meta name=\"twitter:label1\" content=\"Escrito por\" \/>\n\t<meta name=\"twitter:data1\" content=\"Luis Miguel del Campo\" \/>\n\t<meta name=\"twitter:label2\" content=\"Tiempo de lectura\" \/>\n\t<meta name=\"twitter:data2\" content=\"2 minutos\" \/>\n<script type=\"application\/ld+json\" class=\"yoast-schema-graph\">{\"@context\":\"https:\/\/schema.org\",\"@graph\":[{\"@type\":\"WebPage\",\"@id\":\"https:\/\/www.fotografo-profesional.net\/diario\/2022\/12\/12\/el-aleph-libros-un-negocio-del-siglo-xxi\/\",\"url\":\"https:\/\/www.fotografo-profesional.net\/diario\/2022\/12\/12\/el-aleph-libros-un-negocio-del-siglo-xxi\/\",\"name\":\"El Aleph Libros, un negocio del siglo XXI - Luis Miguel del Campo\",\"isPartOf\":{\"@id\":\"https:\/\/www.fotografo-profesional.net\/diario\/#website\"},\"datePublished\":\"2022-12-12T09:47:37+00:00\",\"dateModified\":\"2022-12-29T14:54:01+00:00\",\"author\":{\"@id\":\"https:\/\/www.fotografo-profesional.net\/diario\/#\/schema\/person\/220504871d765b4c30a0af1d2fe93533\"},\"description\":\"El Aleph Libros es un negocio que se estableci\u00f3n en Madrid a principios de este siglo XX, debido a las necesidades de sus fundadores\",\"breadcrumb\":{\"@id\":\"https:\/\/www.fotografo-profesional.net\/diario\/2022\/12\/12\/el-aleph-libros-un-negocio-del-siglo-xxi\/#breadcrumb\"},\"inLanguage\":\"es\",\"potentialAction\":[{\"@type\":\"ReadAction\",\"target\":[\"https:\/\/www.fotografo-profesional.net\/diario\/2022\/12\/12\/el-aleph-libros-un-negocio-del-siglo-xxi\/\"]}]},{\"@type\":\"BreadcrumbList\",\"@id\":\"https:\/\/www.fotografo-profesional.net\/diario\/2022\/12\/12\/el-aleph-libros-un-negocio-del-siglo-xxi\/#breadcrumb\",\"itemListElement\":[{\"@type\":\"ListItem\",\"position\":1,\"name\":\"Inicio\",\"item\":\"https:\/\/www.fotografo-profesional.net\/diario\/\"},{\"@type\":\"ListItem\",\"position\":2,\"name\":\"El Aleph Libros, un negocio del siglo XXI\"}]},{\"@type\":\"WebSite\",\"@id\":\"https:\/\/www.fotografo-profesional.net\/diario\/#website\",\"url\":\"https:\/\/www.fotografo-profesional.net\/diario\/\",\"name\":\"Luis Miguel del Campo\",\"description\":\"Blog de un fot\u00f3grafo profesional\",\"potentialAction\":[{\"@type\":\"SearchAction\",\"target\":{\"@type\":\"EntryPoint\",\"urlTemplate\":\"https:\/\/www.fotografo-profesional.net\/diario\/?s={search_term_string}\"},\"query-input\":\"required name=search_term_string\"}],\"inLanguage\":\"es\"},{\"@type\":\"Person\",\"@id\":\"https:\/\/www.fotografo-profesional.net\/diario\/#\/schema\/person\/220504871d765b4c30a0af1d2fe93533\",\"name\":\"Luis Miguel del Campo\",\"image\":{\"@type\":\"ImageObject\",\"inLanguage\":\"es\",\"@id\":\"https:\/\/www.fotografo-profesional.net\/diario\/#\/schema\/person\/image\/\",\"url\":\"https:\/\/secure.gravatar.com\/avatar\/84bb1120095136de86f122a882a42d61?s=96&d=mm&r=g\",\"contentUrl\":\"https:\/\/secure.gravatar.com\/avatar\/84bb1120095136de86f122a882a42d61?s=96&d=mm&r=g\",\"caption\":\"Luis Miguel del Campo\"},\"url\":\"https:\/\/www.fotografo-profesional.net\/diario\/author\/admin_lmdc\/\"}]}<\/script>\n<!-- \/ Yoast SEO plugin. -->","yoast_head_json":{"title":"El Aleph Libros, un negocio del siglo XXI - Luis Miguel del Campo","description":"El Aleph Libros es un negocio que se estableci\u00f3n en Madrid a principios de este siglo XX, debido a las necesidades de sus fundadores","robots":{"index":"index","follow":"follow","max-snippet":"max-snippet:-1","max-image-preview":"max-image-preview:large","max-video-preview":"max-video-preview:-1"},"canonical":"https:\/\/www.fotografo-profesional.net\/diario\/2022\/12\/12\/el-aleph-libros-un-negocio-del-siglo-xxi\/","og_locale":"es_ES","og_type":"article","og_title":"El Aleph Libros, un negocio del siglo XXI - Luis Miguel del Campo","og_description":"El Aleph Libros es un negocio que se estableci\u00f3n en Madrid a principios de este siglo XX, debido a las necesidades de sus fundadores","og_url":"https:\/\/www.fotografo-profesional.net\/diario\/2022\/12\/12\/el-aleph-libros-un-negocio-del-siglo-xxi\/","og_site_name":"Luis Miguel del Campo","article_published_time":"2022-12-12T09:47:37+00:00","article_modified_time":"2022-12-29T14:54:01+00:00","og_image":[{"width":800,"height":533,"url":"https:\/\/www.fotografo-profesional.net\/diario\/wp-content\/uploads\/2022\/12\/Fotografo-profesional-en-Madrid-LMC-0305.jpg","type":"image\/jpeg"}],"author":"Luis Miguel del Campo","twitter_card":"summary_large_image","twitter_misc":{"Escrito por":"Luis Miguel del Campo","Tiempo de lectura":"2 minutos"},"schema":{"@context":"https:\/\/schema.org","@graph":[{"@type":"WebPage","@id":"https:\/\/www.fotografo-profesional.net\/diario\/2022\/12\/12\/el-aleph-libros-un-negocio-del-siglo-xxi\/","url":"https:\/\/www.fotografo-profesional.net\/diario\/2022\/12\/12\/el-aleph-libros-un-negocio-del-siglo-xxi\/","name":"El Aleph Libros, un negocio del siglo XXI - Luis Miguel del Campo","isPartOf":{"@id":"https:\/\/www.fotografo-profesional.net\/diario\/#website"},"datePublished":"2022-12-12T09:47:37+00:00","dateModified":"2022-12-29T14:54:01+00:00","author":{"@id":"https:\/\/www.fotografo-profesional.net\/diario\/#\/schema\/person\/220504871d765b4c30a0af1d2fe93533"},"description":"El Aleph Libros es un negocio que se estableci\u00f3n en Madrid a principios de este siglo XX, debido a las necesidades de sus fundadores","breadcrumb":{"@id":"https:\/\/www.fotografo-profesional.net\/diario\/2022\/12\/12\/el-aleph-libros-un-negocio-del-siglo-xxi\/#breadcrumb"},"inLanguage":"es","potentialAction":[{"@type":"ReadAction","target":["https:\/\/www.fotografo-profesional.net\/diario\/2022\/12\/12\/el-aleph-libros-un-negocio-del-siglo-xxi\/"]}]},{"@type":"BreadcrumbList","@id":"https:\/\/www.fotografo-profesional.net\/diario\/2022\/12\/12\/el-aleph-libros-un-negocio-del-siglo-xxi\/#breadcrumb","itemListElement":[{"@type":"ListItem","position":1,"name":"Inicio","item":"https:\/\/www.fotografo-profesional.net\/diario\/"},{"@type":"ListItem","position":2,"name":"El Aleph Libros, un negocio del siglo XXI"}]},{"@type":"WebSite","@id":"https:\/\/www.fotografo-profesional.net\/diario\/#website","url":"https:\/\/www.fotografo-profesional.net\/diario\/","name":"Luis Miguel del Campo","description":"Blog de un fot\u00f3grafo profesional","potentialAction":[{"@type":"SearchAction","target":{"@type":"EntryPoint","urlTemplate":"https:\/\/www.fotografo-profesional.net\/diario\/?s={search_term_string}"},"query-input":"required name=search_term_string"}],"inLanguage":"es"},{"@type":"Person","@id":"https:\/\/www.fotografo-profesional.net\/diario\/#\/schema\/person\/220504871d765b4c30a0af1d2fe93533","name":"Luis Miguel del Campo","image":{"@type":"ImageObject","inLanguage":"es","@id":"https:\/\/www.fotografo-profesional.net\/diario\/#\/schema\/person\/image\/","url":"https:\/\/secure.gravatar.com\/avatar\/84bb1120095136de86f122a882a42d61?s=96&d=mm&r=g","contentUrl":"https:\/\/secure.gravatar.com\/avatar\/84bb1120095136de86f122a882a42d61?s=96&d=mm&r=g","caption":"Luis Miguel del Campo"},"url":"https:\/\/www.fotografo-profesional.net\/diario\/author\/admin_lmdc\/"}]}},"_links":{"self":[{"href":"https:\/\/www.fotografo-profesional.net\/diario\/wp-json\/wp\/v2\/posts\/3552"}],"collection":[{"href":"https:\/\/www.fotografo-profesional.net\/diario\/wp-json\/wp\/v2\/posts"}],"about":[{"href":"https:\/\/www.fotografo-profesional.net\/diario\/wp-json\/wp\/v2\/types\/post"}],"author":[{"embeddable":true,"href":"https:\/\/www.fotografo-profesional.net\/diario\/wp-json\/wp\/v2\/users\/2"}],"replies":[{"embeddable":true,"href":"https:\/\/www.fotografo-profesional.net\/diario\/wp-json\/wp\/v2\/comments?post=3552"}],"version-history":[{"count":4,"href":"https:\/\/www.fotografo-profesional.net\/diario\/wp-json\/wp\/v2\/posts\/3552\/revisions"}],"predecessor-version":[{"id":3574,"href":"https:\/\/www.fotografo-profesional.net\/diario\/wp-json\/wp\/v2\/posts\/3552\/revisions\/3574"}],"wp:featuredmedia":[{"embeddable":true,"href":"https:\/\/www.fotografo-profesional.net\/diario\/wp-json\/wp\/v2\/media\/3572"}],"wp:attachment":[{"href":"https:\/\/www.fotografo-profesional.net\/diario\/wp-json\/wp\/v2\/media?parent=3552"}],"wp:term":[{"taxonomy":"category","embeddable":true,"href":"https:\/\/www.fotografo-profesional.net\/diario\/wp-json\/wp\/v2\/categories?post=3552"},{"taxonomy":"post_tag","embeddable":true,"href":"https:\/\/www.fotografo-profesional.net\/diario\/wp-json\/wp\/v2\/tags?post=3552"}],"curies":[{"name":"wp","href":"https:\/\/api.w.org\/{rel}","templated":true}]}}