{"id":3579,"date":"2022-12-29T14:32:29","date_gmt":"2022-12-29T13:32:29","guid":{"rendered":"https:\/\/www.fotografo-profesional.net\/diario\/?p=3579"},"modified":"2022-12-29T14:44:49","modified_gmt":"2022-12-29T13:44:49","slug":"fotografo-freelance-en-madrid","status":"publish","type":"post","link":"https:\/\/www.fotografo-profesional.net\/diario\/2022\/12\/29\/fotografo-freelance-en-madrid\/","title":{"rendered":"Fot\u00f3grafo freelance en Madrid"},"content":{"rendered":"\r\n<p><img decoding=\"async\" class=\"size-full wp-image-3583 aligncenter\" src=\"https:\/\/www.fotografo-profesional.net\/diario\/wp-content\/uploads\/2022\/12\/Fotografo-profesional-en-Madrid-LMC-0306.jpg\" alt=\"Imagen de un concierto tomada como fot\u00f3grafo freelance\" width=\"800\" height=\"533\" srcset=\"https:\/\/www.fotografo-profesional.net\/diario\/wp-content\/uploads\/2022\/12\/Fotografo-profesional-en-Madrid-LMC-0306.jpg 800w, https:\/\/www.fotografo-profesional.net\/diario\/wp-content\/uploads\/2022\/12\/Fotografo-profesional-en-Madrid-LMC-0306-300x200.jpg 300w, https:\/\/www.fotografo-profesional.net\/diario\/wp-content\/uploads\/2022\/12\/Fotografo-profesional-en-Madrid-LMC-0306-768x512.jpg 768w\" sizes=\"(max-width: 800px) 100vw, 800px\" \/><\/p>\r\n<p>Soy un fot\u00f3grafo freelance en Madrid. \u00bfQu\u00e9 quiere decir esto? Pues que soy un <strong>fot\u00f3grafo profesional independiente<\/strong> que ejerce su actividad en toda la Comunidad de Madrid. Tambi\u00e9n me desplazo a otras comunidades aut\u00f3nomas si as\u00ed me lo solicita alg\u00fan cliente. Sin ning\u00fan problema, aunque en estos casos cobro el desplazamiento como hace cualquier otro fot\u00f3grafo freelance de Madrid o de cualquier otro lugar distante a donde se le requiera para que ejerza su oficio.<\/p>\r\n<p>En los m\u00e1s de veinticinco a\u00f1os que llevo dedic\u00e1ndome a <a href=\"https:\/\/www.fotografo-profesional.net\/diario\/2019\/11\/12\/fotografia-profesional-en-madrid\/\"><span style=\"color: #0000ff;\">la fotograf\u00eda profesional<\/span><\/a> he viajado bastante, sobre todo para hacer<strong> reportajes de boda<\/strong>. No creo que sea s\u00f3lo por ser un <a href=\"https:\/\/www.fotografo-profesional.net\/portfolio\/fotografia-de-bodas\/\"><span style=\"color: #0000ff;\">fot\u00f3grafo de bodas<\/span><\/a> barato (se puede comprobar <span style=\"color: #0000ff;\">viendo mis tarifas<\/span>). Suelen decirme que soy un fot\u00f3grafo profesional que ofrece calidad a precios populares en los enlaces matrimoniales. Disciplina a la que no se dedica todo fot\u00f3grafo freelance de Madrid.<\/p>\r\n<p>La mayor\u00eda de fot\u00f3grafos profesionales freelance se suele centrar en <a href=\"https:\/\/www.fotografo-profesional.net\/diario\/2018\/10\/28\/jornada-de-fotoperiodismo-en-madrid\/\"><span style=\"color: #0000ff;\">el fotoperiodismo<\/span><\/a> -ya sea de sucesos, <a href=\"https:\/\/www.fotografo-profesional.net\/diario\/2019\/08\/26\/fotografo-de-rock-en-madrid\/\"><span style=\"color: #0000ff;\">de conciertos<\/span><\/a>, de fotograf\u00eda editorial <a href=\"https:\/\/www.fotografo-profesional.net\/diario\/2022\/10\/09\/fotografias-de-libros-en-madrid\/\"><span style=\"color: #0000ff;\">o similar<\/span><\/a>, de cualquier <a href=\"https:\/\/www.fotografo-profesional.net\/diario\/2019\/10\/19\/fotografo-de-eventos-deportivos\/\"><span style=\"color: #0000ff;\">deporte<\/span><\/a>\u2026 En mi caso, tambi\u00e9n hago <strong>sesiones de estudio<\/strong>. Pueden ser<a href=\"https:\/\/www.fotografo-profesional.net\/diario\/2019\/03\/28\/sesiones-de-estudio-con-maquillaje\/\"><span style=\"color: #0000ff;\"> books<\/span><\/a> de fotos, <a href=\"https:\/\/www.fotografo-profesional.net\/diario\/2018\/03\/11\/books-de-fotos-de-ninos-en-madrid\/\"><span style=\"color: #0000ff;\">sesiones con ni\u00f1os<\/span><\/a> e incluso <a href=\"https:\/\/www.fotografo-profesional.net\/diario\/2022\/03\/01\/realizacion-de-videobook-en-madrid\/\"><span style=\"color: #0000ff;\">v\u00eddeo books <\/span><\/a>para personas que se quieran dedicar a la interpretaci\u00f3n en teatro, <a href=\"https:\/\/www.fotografo-profesional.net\/diario\/2022\/11\/14\/instantaneas-de-los-rodajes\/\"><span style=\"color: #0000ff;\">cine o televisi\u00f3n<\/span><\/a>.<\/p>\r\n<p>Considero que ser fot\u00f3grafo freelance no tiene por qu\u00e9 estar restringido a una sola disciplina ni a una \u00fanica Comunidad, como pueda ser Madrid. Por eso dedico mi tiempo y conocimientos de fot\u00f3grafo a cualquier actividad profesional de las anteriormente referidas (de las bodas a un precio barato a <a href=\"https:\/\/www.fotografo-profesional.net\/diario\/2020\/12\/15\/fotografia-de-congresos-a-buen-precio\/\"><span style=\"color: #0000ff;\">los reportajes de congresos<\/span><\/a> empresariales).<\/p>\r\n<h3>Peculiaridad<\/h3>\r\n<p>No soy un fot\u00f3grafo que escatime disparos a la hora de hacer un reportaje del tipo que sea. Soy de esos fot\u00f3grafos que consideran que los profesionales son aquellos que aprietan el disparador siempre que ven una situaci\u00f3n que consideran que merece ser capturada. A pesar de que ya hayan hecho muchas fotograf\u00edas para ese reportaje fotogr\u00e1fico. La mejor captura puede surgir al final, cuando ya ibas a guardar la c\u00e1mara.<\/p>\r\n","protected":false},"excerpt":{"rendered":"<p>Soy un fot\u00f3grafo freelance en Madrid. \u00bfQu\u00e9 quiere decir esto? Pues que soy un fot\u00f3grafo profesional independiente que ejerce su actividad en toda la Comunidad de Madrid. Tambi\u00e9n me desplazo a otras comunidades aut\u00f3nomas si as\u00ed me lo solicita alg\u00fan cliente. Sin ning\u00fan problema, aunque en estos casos cobro el desplazamiento como hace cualquier otro [&hellip;]<\/p>\n","protected":false},"author":2,"featured_media":3583,"comment_status":"closed","ping_status":"open","sticky":false,"template":"","format":"standard","meta":[],"categories":[175,254,171,255,45,406,172,207,116],"tags":[919,915,786,912,450,315,464,290,601,430,291,754,657,858,918,911,99,348,642,284,626,338,917,916,757,585,454,363,452,913,914],"yoast_head":"<!-- This site is optimized with the Yoast SEO plugin v20.8 - https:\/\/yoast.com\/wordpress\/plugins\/seo\/ -->\n<title>Fot\u00f3grafo freelance en Madrid - Luis Miguel del Campo<\/title>\n<meta name=\"description\" content=\"Definirme como un fot\u00f3grafo freelance en Madrid puede despistar, pero b\u00e1sicamente significa que soy fot\u00f3grafo independiente multidisciplinar.\" \/>\n<meta name=\"robots\" content=\"index, follow, max-snippet:-1, max-image-preview:large, max-video-preview:-1\" \/>\n<link rel=\"canonical\" href=\"https:\/\/www.fotografo-profesional.net\/diario\/2022\/12\/29\/fotografo-freelance-en-madrid\/\" \/>\n<meta property=\"og:locale\" content=\"es_ES\" \/>\n<meta property=\"og:type\" content=\"article\" \/>\n<meta property=\"og:title\" content=\"Fot\u00f3grafo freelance en Madrid - Luis Miguel del Campo\" \/>\n<meta property=\"og:description\" content=\"Definirme como un fot\u00f3grafo freelance en Madrid puede despistar, pero b\u00e1sicamente significa que soy fot\u00f3grafo independiente multidisciplinar.\" \/>\n<meta property=\"og:url\" content=\"https:\/\/www.fotografo-profesional.net\/diario\/2022\/12\/29\/fotografo-freelance-en-madrid\/\" \/>\n<meta property=\"og:site_name\" content=\"Luis Miguel del Campo\" \/>\n<meta property=\"article:published_time\" content=\"2022-12-29T13:32:29+00:00\" \/>\n<meta property=\"article:modified_time\" content=\"2022-12-29T13:44:49+00:00\" \/>\n<meta property=\"og:image\" content=\"https:\/\/www.fotografo-profesional.net\/diario\/wp-content\/uploads\/2022\/12\/Fotografo-profesional-en-Madrid-LMC-0306.jpg\" \/>\n\t<meta property=\"og:image:width\" content=\"800\" \/>\n\t<meta property=\"og:image:height\" content=\"533\" \/>\n\t<meta property=\"og:image:type\" content=\"image\/jpeg\" \/>\n<meta name=\"author\" content=\"Luis Miguel del Campo\" \/>\n<meta name=\"twitter:card\" content=\"summary_large_image\" \/>\n<meta name=\"twitter:label1\" content=\"Escrito por\" \/>\n\t<meta name=\"twitter:data1\" content=\"Luis Miguel del Campo\" \/>\n\t<meta name=\"twitter:label2\" content=\"Tiempo de lectura\" \/>\n\t<meta name=\"twitter:data2\" content=\"2 minutos\" \/>\n<script type=\"application\/ld+json\" class=\"yoast-schema-graph\">{\"@context\":\"https:\/\/schema.org\",\"@graph\":[{\"@type\":\"WebPage\",\"@id\":\"https:\/\/www.fotografo-profesional.net\/diario\/2022\/12\/29\/fotografo-freelance-en-madrid\/\",\"url\":\"https:\/\/www.fotografo-profesional.net\/diario\/2022\/12\/29\/fotografo-freelance-en-madrid\/\",\"name\":\"Fot\u00f3grafo freelance en Madrid - Luis Miguel del Campo\",\"isPartOf\":{\"@id\":\"https:\/\/www.fotografo-profesional.net\/diario\/#website\"},\"datePublished\":\"2022-12-29T13:32:29+00:00\",\"dateModified\":\"2022-12-29T13:44:49+00:00\",\"author\":{\"@id\":\"https:\/\/www.fotografo-profesional.net\/diario\/#\/schema\/person\/220504871d765b4c30a0af1d2fe93533\"},\"description\":\"Definirme como un fot\u00f3grafo freelance en Madrid puede despistar, pero b\u00e1sicamente significa que soy fot\u00f3grafo independiente multidisciplinar.\",\"breadcrumb\":{\"@id\":\"https:\/\/www.fotografo-profesional.net\/diario\/2022\/12\/29\/fotografo-freelance-en-madrid\/#breadcrumb\"},\"inLanguage\":\"es\",\"potentialAction\":[{\"@type\":\"ReadAction\",\"target\":[\"https:\/\/www.fotografo-profesional.net\/diario\/2022\/12\/29\/fotografo-freelance-en-madrid\/\"]}]},{\"@type\":\"BreadcrumbList\",\"@id\":\"https:\/\/www.fotografo-profesional.net\/diario\/2022\/12\/29\/fotografo-freelance-en-madrid\/#breadcrumb\",\"itemListElement\":[{\"@type\":\"ListItem\",\"position\":1,\"name\":\"Inicio\",\"item\":\"https:\/\/www.fotografo-profesional.net\/diario\/\"},{\"@type\":\"ListItem\",\"position\":2,\"name\":\"Fot\u00f3grafo freelance en Madrid\"}]},{\"@type\":\"WebSite\",\"@id\":\"https:\/\/www.fotografo-profesional.net\/diario\/#website\",\"url\":\"https:\/\/www.fotografo-profesional.net\/diario\/\",\"name\":\"Luis Miguel del Campo\",\"description\":\"Blog de un fot\u00f3grafo profesional\",\"potentialAction\":[{\"@type\":\"SearchAction\",\"target\":{\"@type\":\"EntryPoint\",\"urlTemplate\":\"https:\/\/www.fotografo-profesional.net\/diario\/?s={search_term_string}\"},\"query-input\":\"required name=search_term_string\"}],\"inLanguage\":\"es\"},{\"@type\":\"Person\",\"@id\":\"https:\/\/www.fotografo-profesional.net\/diario\/#\/schema\/person\/220504871d765b4c30a0af1d2fe93533\",\"name\":\"Luis Miguel del Campo\",\"image\":{\"@type\":\"ImageObject\",\"inLanguage\":\"es\",\"@id\":\"https:\/\/www.fotografo-profesional.net\/diario\/#\/schema\/person\/image\/\",\"url\":\"https:\/\/secure.gravatar.com\/avatar\/84bb1120095136de86f122a882a42d61?s=96&d=mm&r=g\",\"contentUrl\":\"https:\/\/secure.gravatar.com\/avatar\/84bb1120095136de86f122a882a42d61?s=96&d=mm&r=g\",\"caption\":\"Luis Miguel del Campo\"},\"url\":\"https:\/\/www.fotografo-profesional.net\/diario\/author\/admin_lmdc\/\"}]}<\/script>\n<!-- \/ Yoast SEO plugin. -->","yoast_head_json":{"title":"Fot\u00f3grafo freelance en Madrid - Luis Miguel del Campo","description":"Definirme como un fot\u00f3grafo freelance en Madrid puede despistar, pero b\u00e1sicamente significa que soy fot\u00f3grafo independiente multidisciplinar.","robots":{"index":"index","follow":"follow","max-snippet":"max-snippet:-1","max-image-preview":"max-image-preview:large","max-video-preview":"max-video-preview:-1"},"canonical":"https:\/\/www.fotografo-profesional.net\/diario\/2022\/12\/29\/fotografo-freelance-en-madrid\/","og_locale":"es_ES","og_type":"article","og_title":"Fot\u00f3grafo freelance en Madrid - Luis Miguel del Campo","og_description":"Definirme como un fot\u00f3grafo freelance en Madrid puede despistar, pero b\u00e1sicamente significa que soy fot\u00f3grafo independiente multidisciplinar.","og_url":"https:\/\/www.fotografo-profesional.net\/diario\/2022\/12\/29\/fotografo-freelance-en-madrid\/","og_site_name":"Luis Miguel del Campo","article_published_time":"2022-12-29T13:32:29+00:00","article_modified_time":"2022-12-29T13:44:49+00:00","og_image":[{"width":800,"height":533,"url":"https:\/\/www.fotografo-profesional.net\/diario\/wp-content\/uploads\/2022\/12\/Fotografo-profesional-en-Madrid-LMC-0306.jpg","type":"image\/jpeg"}],"author":"Luis Miguel del Campo","twitter_card":"summary_large_image","twitter_misc":{"Escrito por":"Luis Miguel del Campo","Tiempo de lectura":"2 minutos"},"schema":{"@context":"https:\/\/schema.org","@graph":[{"@type":"WebPage","@id":"https:\/\/www.fotografo-profesional.net\/diario\/2022\/12\/29\/fotografo-freelance-en-madrid\/","url":"https:\/\/www.fotografo-profesional.net\/diario\/2022\/12\/29\/fotografo-freelance-en-madrid\/","name":"Fot\u00f3grafo freelance en Madrid - Luis Miguel del Campo","isPartOf":{"@id":"https:\/\/www.fotografo-profesional.net\/diario\/#website"},"datePublished":"2022-12-29T13:32:29+00:00","dateModified":"2022-12-29T13:44:49+00:00","author":{"@id":"https:\/\/www.fotografo-profesional.net\/diario\/#\/schema\/person\/220504871d765b4c30a0af1d2fe93533"},"description":"Definirme como un fot\u00f3grafo freelance en Madrid puede despistar, pero b\u00e1sicamente significa que soy fot\u00f3grafo independiente multidisciplinar.","breadcrumb":{"@id":"https:\/\/www.fotografo-profesional.net\/diario\/2022\/12\/29\/fotografo-freelance-en-madrid\/#breadcrumb"},"inLanguage":"es","potentialAction":[{"@type":"ReadAction","target":["https:\/\/www.fotografo-profesional.net\/diario\/2022\/12\/29\/fotografo-freelance-en-madrid\/"]}]},{"@type":"BreadcrumbList","@id":"https:\/\/www.fotografo-profesional.net\/diario\/2022\/12\/29\/fotografo-freelance-en-madrid\/#breadcrumb","itemListElement":[{"@type":"ListItem","position":1,"name":"Inicio","item":"https:\/\/www.fotografo-profesional.net\/diario\/"},{"@type":"ListItem","position":2,"name":"Fot\u00f3grafo freelance en Madrid"}]},{"@type":"WebSite","@id":"https:\/\/www.fotografo-profesional.net\/diario\/#website","url":"https:\/\/www.fotografo-profesional.net\/diario\/","name":"Luis Miguel del Campo","description":"Blog de un fot\u00f3grafo profesional","potentialAction":[{"@type":"SearchAction","target":{"@type":"EntryPoint","urlTemplate":"https:\/\/www.fotografo-profesional.net\/diario\/?s={search_term_string}"},"query-input":"required name=search_term_string"}],"inLanguage":"es"},{"@type":"Person","@id":"https:\/\/www.fotografo-profesional.net\/diario\/#\/schema\/person\/220504871d765b4c30a0af1d2fe93533","name":"Luis Miguel del Campo","image":{"@type":"ImageObject","inLanguage":"es","@id":"https:\/\/www.fotografo-profesional.net\/diario\/#\/schema\/person\/image\/","url":"https:\/\/secure.gravatar.com\/avatar\/84bb1120095136de86f122a882a42d61?s=96&d=mm&r=g","contentUrl":"https:\/\/secure.gravatar.com\/avatar\/84bb1120095136de86f122a882a42d61?s=96&d=mm&r=g","caption":"Luis Miguel del Campo"},"url":"https:\/\/www.fotografo-profesional.net\/diario\/author\/admin_lmdc\/"}]}},"_links":{"self":[{"href":"https:\/\/www.fotografo-profesional.net\/diario\/wp-json\/wp\/v2\/posts\/3579"}],"collection":[{"href":"https:\/\/www.fotografo-profesional.net\/diario\/wp-json\/wp\/v2\/posts"}],"about":[{"href":"https:\/\/www.fotografo-profesional.net\/diario\/wp-json\/wp\/v2\/types\/post"}],"author":[{"embeddable":true,"href":"https:\/\/www.fotografo-profesional.net\/diario\/wp-json\/wp\/v2\/users\/2"}],"replies":[{"embeddable":true,"href":"https:\/\/www.fotografo-profesional.net\/diario\/wp-json\/wp\/v2\/comments?post=3579"}],"version-history":[{"count":5,"href":"https:\/\/www.fotografo-profesional.net\/diario\/wp-json\/wp\/v2\/posts\/3579\/revisions"}],"predecessor-version":[{"id":3587,"href":"https:\/\/www.fotografo-profesional.net\/diario\/wp-json\/wp\/v2\/posts\/3579\/revisions\/3587"}],"wp:featuredmedia":[{"embeddable":true,"href":"https:\/\/www.fotografo-profesional.net\/diario\/wp-json\/wp\/v2\/media\/3583"}],"wp:attachment":[{"href":"https:\/\/www.fotografo-profesional.net\/diario\/wp-json\/wp\/v2\/media?parent=3579"}],"wp:term":[{"taxonomy":"category","embeddable":true,"href":"https:\/\/www.fotografo-profesional.net\/diario\/wp-json\/wp\/v2\/categories?post=3579"},{"taxonomy":"post_tag","embeddable":true,"href":"https:\/\/www.fotografo-profesional.net\/diario\/wp-json\/wp\/v2\/tags?post=3579"}],"curies":[{"name":"wp","href":"https:\/\/api.w.org\/{rel}","templated":true}]}}