{"id":363,"date":"2018-12-03T06:25:07","date_gmt":"2018-12-03T05:25:07","guid":{"rendered":"https:\/\/www.fotografo-profesional.net\/diario\/?p=363"},"modified":"2020-05-02T17:05:15","modified_gmt":"2020-05-02T15:05:15","slug":"exposicion-de-fotografias-de-conciertos-de-rock","status":"publish","type":"post","link":"https:\/\/www.fotografo-profesional.net\/diario\/2018\/12\/03\/exposicion-de-fotografias-de-conciertos-de-rock\/","title":{"rendered":"Exposici\u00f3n de fotograf\u00edas de conciertos de rock"},"content":{"rendered":"<p><img decoding=\"async\" class=\"wp-image-377 size-full\" src=\"https:\/\/www.fotografo-profesional.net\/diario\/wp-content\/uploads\/2018\/12\/Exposici\u00f3n-de-fot\u00f3grafo-profesional-Madrid-01.jpg\" alt=\"Fotograf\u00edas de conciertos de rock\" width=\"600\" height=\"400\" srcset=\"https:\/\/www.fotografo-profesional.net\/diario\/wp-content\/uploads\/2018\/12\/Exposici\u00f3n-de-fot\u00f3grafo-profesional-Madrid-01.jpg 600w, https:\/\/www.fotografo-profesional.net\/diario\/wp-content\/uploads\/2018\/12\/Exposici\u00f3n-de-fot\u00f3grafo-profesional-Madrid-01-300x200.jpg 300w\" sizes=\"(max-width: 600px) 100vw, 600px\" \/><\/p>\n<p>Las <strong>fotograf\u00edas de conciertos de rock<\/strong> es una faceta que me gusta realizar y compaginar con los <a href=\"https:\/\/www.fotografo-profesional.net\/portfolio\/fotografia-de-bodas\/\"><span style=\"color: #0000ff;\"><em>reportajes de boda<\/em><\/span><\/a>, <a href=\"https:\/\/www.fotografo-profesional.net\/diario\/2019\/05\/26\/reportaje-de-congreso-en-madrid\/\"><em><span style=\"color: #0000ff;\">reportajes de congresos<\/span><\/em> <\/a>y otros encargos como pueden ser los books fotogr\u00e1ficos.<\/p>\n<p>Siempre que puedo busco un hu<span style=\"color: #000000;\">eco para cubrir alg\u00fan concierto y c<\/span>onseguir fotograf\u00edas de m\u00fasicos a los que admiro, respeto o simplemente tengo curiosidad por ver c\u00f3mo resultan en directo.<br \/>Lo bueno de ser un fot\u00f3grafo de Madrid es que en esta ciudad hay una oferta muy completa de <a href=\"https:\/\/www.fotografo-profesional.net\/diario\/2019\/08\/26\/fotografo-de-rock-en-madrid\/\"><span style=\"color: #0000ff;\"><em>conciertos de rock<\/em><\/span><\/a> durante todo el a\u00f1o.<br \/>Pese a que ya hace m\u00e1s de cuarenta a\u00f1os que empec\u00e9 a utilizar la <strong>c\u00e1mara reflex<\/strong> de mi padre, una Fujica, con la intenci\u00f3n de conseguir fotograf\u00edas con cierta enjundia, todav\u00eda no hab\u00eda expuesto de forma individual. No solo fotograf\u00edas de conciertos de rock, sino de cualquier otro tema.<\/p>\n<p>As\u00ed que hace unos meses decid\u00ed que hab\u00eda llegado el momento de exponer. Adem\u00e1s me plante\u00e9 el reto de hacerlo en la ciudad en que nac\u00ed. No con el prop\u00f3sito de ser profeta en mi tierra, algo que resulta harto dif\u00edcil si tienes en contra al lado oscuro de la fuerza, sino por simple comodidad. Simplemente porque tengo all\u00ed a un n\u00famero considerable de amigos y conocidos a los que me apetece invitar a que la vean; compartirla con ellos.<\/p>\n<p><img decoding=\"async\" class=\"alignnone wp-image-374 size-full\" src=\"https:\/\/www.fotografo-profesional.net\/diario\/wp-content\/uploads\/2018\/12\/Exposici\u00f3n-de-fot\u00f3grafo-profesional-en-Madrid-02.jpg\" alt=\"Fotograf\u00edas de conciertos de rock\" width=\"600\" height=\"400\" srcset=\"https:\/\/www.fotografo-profesional.net\/diario\/wp-content\/uploads\/2018\/12\/Exposici\u00f3n-de-fot\u00f3grafo-profesional-en-Madrid-02.jpg 600w, https:\/\/www.fotografo-profesional.net\/diario\/wp-content\/uploads\/2018\/12\/Exposici\u00f3n-de-fot\u00f3grafo-profesional-en-Madrid-02-300x200.jpg 300w\" sizes=\"(max-width: 600px) 100vw, 600px\" \/><\/p>\n<p>Creo que la primera <strong>exposici\u00f3n de un fot\u00f3grafo de Madrid<\/strong> ha de ser all\u00ed, aunque no sea en Madrid capital, sino en la provincia. Por lo que las <a href=\"https:\/\/www.fotografo-profesional.net\/diario\/2018\/07\/27\/reportajes-de-conciertos-de-rock\/\"><span style=\"color: #3366ff;\"><em>fotograf\u00edas de <\/em><\/span><span style=\"color: #3366ff;\"><em>conciertos<\/em><\/span><\/a> de rock que he elegido se pueden ver hasta final de mes en la creper\u00eda \u00c1msterdam de Alcal\u00e1 de Henares; situada exactamente en la calle de San Diego n\u00famero 15.<br \/>Es un lugar muy acogedor que debe de estar abierto aproximadamente desde el a\u00f1o en que empec\u00e9 a utilizar la c\u00e1mara reflex de mi padre, un a\u00f1o antes de que me ense\u00f1aran a revelar negativos de blanco y negro y a positivar.<\/p>\n<p><img decoding=\"async\" class=\"size-full wp-image-376\" src=\"https:\/\/www.fotografo-profesional.net\/diario\/wp-content\/uploads\/2018\/12\/Exposici\u00f3n-de-fot\u00f3grafo-profesional-en-Madrid-04.jpg\" alt=\"fotograf\u00eda expuesta del fot\u00f3grafo de Madrid\" width=\"600\" height=\"400\" srcset=\"https:\/\/www.fotografo-profesional.net\/diario\/wp-content\/uploads\/2018\/12\/Exposici\u00f3n-de-fot\u00f3grafo-profesional-en-Madrid-04.jpg 600w, https:\/\/www.fotografo-profesional.net\/diario\/wp-content\/uploads\/2018\/12\/Exposici\u00f3n-de-fot\u00f3grafo-profesional-en-Madrid-04-300x200.jpg 300w\" sizes=\"(max-width: 600px) 100vw, 600px\" \/><\/p>\n<h4>La creper\u00eda Amsterdam<\/h4>\n<p>Este negocio actualmente cuenta con la gerencia de Micaela y Adri\u00e1n, quienes atender\u00e1n amablemente a quienes os acerqu\u00e9is a contemplar mis fotograf\u00edas de Fito&amp;Fitipaldis, Bunbury, Luz Casal, Rosendo, Leiva, Vinila von Bismark&#8230; He seleccionado veinte. Algunas de mis colaboraciones en <strong>jungleindierock.com<\/strong>, <span style=\"color: #003300;\"><strong>diariodeunrockero.es<\/strong><\/span> e <strong>insonoro.com\u00a0<\/strong>\u00a0 \u00a0 \u00a0 \u00a0 \u00a0 \u00a0 \u00a0 \u00a0 \u00a0 \u00a0 \u00a0 \u00a0 \u00a0 \u00a0 \u00a0 \u00a0Espero que os gusten mis fotograf\u00edas de conciertos de rock.<\/p>\n<p><img decoding=\"async\" class=\"alignnone wp-image-375 size-full\" src=\"https:\/\/www.fotografo-profesional.net\/diario\/wp-content\/uploads\/2018\/12\/Exposici\u00f3n-de-fot\u00f3grafo-profesional-en-Madrid-03.jpg\" alt=\"Fotograf\u00edas de conciertos de rock\" width=\"600\" height=\"400\" srcset=\"https:\/\/www.fotografo-profesional.net\/diario\/wp-content\/uploads\/2018\/12\/Exposici\u00f3n-de-fot\u00f3grafo-profesional-en-Madrid-03.jpg 600w, https:\/\/www.fotografo-profesional.net\/diario\/wp-content\/uploads\/2018\/12\/Exposici\u00f3n-de-fot\u00f3grafo-profesional-en-Madrid-03-300x200.jpg 300w\" sizes=\"(max-width: 600px) 100vw, 600px\" \/><\/p>\n\n\n<p><\/p>\n","protected":false},"excerpt":{"rendered":"<p>Las fotograf\u00edas de conciertos de rock es una faceta que me gusta realizar y compaginar con los reportajes de boda, reportajes de congresos y otros encargos como pueden ser los books fotogr\u00e1ficos. Siempre que puedo busco un hueco para cubrir alg\u00fan concierto y conseguir fotograf\u00edas de m\u00fasicos a los que admiro, respeto o simplemente tengo [&hellip;]<\/p>\n","protected":false},"author":2,"featured_media":377,"comment_status":"closed","ping_status":"open","sticky":false,"template":"","format":"standard","meta":[],"categories":[431,395,43,67,113,45,189,66,116],"tags":[152,32,69,117,59,119,120,307,68,121],"yoast_head":"<!-- This site is optimized with the Yoast SEO plugin v20.8 - https:\/\/yoast.com\/wordpress\/plugins\/seo\/ -->\n<title>Exposici\u00f3n de fotograf\u00edas de conciertos de rock - Luis Miguel del Campo<\/title>\n<meta name=\"description\" content=\"Exposici\u00f3n y venta de fotograf\u00edas de conciertos de rock en Alcal\u00e1 de Henares (Madrid). Muestra del trabajo de los \u00faltimos a\u00f1os en esta disciplina.\" \/>\n<meta name=\"robots\" content=\"index, follow, max-snippet:-1, max-image-preview:large, max-video-preview:-1\" \/>\n<link rel=\"canonical\" href=\"https:\/\/www.fotografo-profesional.net\/diario\/2018\/12\/03\/exposicion-de-fotografias-de-conciertos-de-rock\/\" \/>\n<meta property=\"og:locale\" content=\"es_ES\" \/>\n<meta property=\"og:type\" content=\"article\" \/>\n<meta property=\"og:title\" content=\"Exposici\u00f3n de fotograf\u00edas de conciertos de rock - Luis Miguel del Campo\" \/>\n<meta property=\"og:description\" content=\"Exposici\u00f3n y venta de fotograf\u00edas de conciertos de rock en Alcal\u00e1 de Henares (Madrid). Muestra del trabajo de los \u00faltimos a\u00f1os en esta disciplina.\" \/>\n<meta property=\"og:url\" content=\"https:\/\/www.fotografo-profesional.net\/diario\/2018\/12\/03\/exposicion-de-fotografias-de-conciertos-de-rock\/\" \/>\n<meta property=\"og:site_name\" content=\"Luis Miguel del Campo\" \/>\n<meta property=\"article:published_time\" content=\"2018-12-03T05:25:07+00:00\" \/>\n<meta property=\"article:modified_time\" content=\"2020-05-02T15:05:15+00:00\" \/>\n<meta property=\"og:image\" content=\"https:\/\/www.fotografo-profesional.net\/diario\/wp-content\/uploads\/2018\/12\/Exposici\u00f3n-de-fot\u00f3grafo-profesional-Madrid-01.jpg\" \/>\n\t<meta property=\"og:image:width\" content=\"600\" \/>\n\t<meta property=\"og:image:height\" content=\"400\" \/>\n\t<meta property=\"og:image:type\" content=\"image\/jpeg\" \/>\n<meta name=\"author\" content=\"Luis Miguel del Campo\" \/>\n<meta name=\"twitter:card\" content=\"summary_large_image\" \/>\n<meta name=\"twitter:label1\" content=\"Escrito por\" \/>\n\t<meta name=\"twitter:data1\" content=\"Luis Miguel del Campo\" \/>\n\t<meta name=\"twitter:label2\" content=\"Tiempo de lectura\" \/>\n\t<meta name=\"twitter:data2\" content=\"2 minutos\" \/>\n<script type=\"application\/ld+json\" class=\"yoast-schema-graph\">{\"@context\":\"https:\/\/schema.org\",\"@graph\":[{\"@type\":\"WebPage\",\"@id\":\"https:\/\/www.fotografo-profesional.net\/diario\/2018\/12\/03\/exposicion-de-fotografias-de-conciertos-de-rock\/\",\"url\":\"https:\/\/www.fotografo-profesional.net\/diario\/2018\/12\/03\/exposicion-de-fotografias-de-conciertos-de-rock\/\",\"name\":\"Exposici\u00f3n de fotograf\u00edas de conciertos de rock - Luis Miguel del Campo\",\"isPartOf\":{\"@id\":\"https:\/\/www.fotografo-profesional.net\/diario\/#website\"},\"datePublished\":\"2018-12-03T05:25:07+00:00\",\"dateModified\":\"2020-05-02T15:05:15+00:00\",\"author\":{\"@id\":\"https:\/\/www.fotografo-profesional.net\/diario\/#\/schema\/person\/220504871d765b4c30a0af1d2fe93533\"},\"description\":\"Exposici\u00f3n y venta de fotograf\u00edas de conciertos de rock en Alcal\u00e1 de Henares (Madrid). Muestra del trabajo de los \u00faltimos a\u00f1os en esta disciplina.\",\"breadcrumb\":{\"@id\":\"https:\/\/www.fotografo-profesional.net\/diario\/2018\/12\/03\/exposicion-de-fotografias-de-conciertos-de-rock\/#breadcrumb\"},\"inLanguage\":\"es\",\"potentialAction\":[{\"@type\":\"ReadAction\",\"target\":[\"https:\/\/www.fotografo-profesional.net\/diario\/2018\/12\/03\/exposicion-de-fotografias-de-conciertos-de-rock\/\"]}]},{\"@type\":\"BreadcrumbList\",\"@id\":\"https:\/\/www.fotografo-profesional.net\/diario\/2018\/12\/03\/exposicion-de-fotografias-de-conciertos-de-rock\/#breadcrumb\",\"itemListElement\":[{\"@type\":\"ListItem\",\"position\":1,\"name\":\"Inicio\",\"item\":\"https:\/\/www.fotografo-profesional.net\/diario\/\"},{\"@type\":\"ListItem\",\"position\":2,\"name\":\"Exposici\u00f3n de fotograf\u00edas de conciertos de rock\"}]},{\"@type\":\"WebSite\",\"@id\":\"https:\/\/www.fotografo-profesional.net\/diario\/#website\",\"url\":\"https:\/\/www.fotografo-profesional.net\/diario\/\",\"name\":\"Luis Miguel del Campo\",\"description\":\"Blog de un fot\u00f3grafo profesional\",\"potentialAction\":[{\"@type\":\"SearchAction\",\"target\":{\"@type\":\"EntryPoint\",\"urlTemplate\":\"https:\/\/www.fotografo-profesional.net\/diario\/?s={search_term_string}\"},\"query-input\":\"required name=search_term_string\"}],\"inLanguage\":\"es\"},{\"@type\":\"Person\",\"@id\":\"https:\/\/www.fotografo-profesional.net\/diario\/#\/schema\/person\/220504871d765b4c30a0af1d2fe93533\",\"name\":\"Luis Miguel del Campo\",\"image\":{\"@type\":\"ImageObject\",\"inLanguage\":\"es\",\"@id\":\"https:\/\/www.fotografo-profesional.net\/diario\/#\/schema\/person\/image\/\",\"url\":\"https:\/\/secure.gravatar.com\/avatar\/84bb1120095136de86f122a882a42d61?s=96&d=mm&r=g\",\"contentUrl\":\"https:\/\/secure.gravatar.com\/avatar\/84bb1120095136de86f122a882a42d61?s=96&d=mm&r=g\",\"caption\":\"Luis Miguel del Campo\"},\"url\":\"https:\/\/www.fotografo-profesional.net\/diario\/author\/admin_lmdc\/\"}]}<\/script>\n<!-- \/ Yoast SEO plugin. -->","yoast_head_json":{"title":"Exposici\u00f3n de fotograf\u00edas de conciertos de rock - Luis Miguel del Campo","description":"Exposici\u00f3n y venta de fotograf\u00edas de conciertos de rock en Alcal\u00e1 de Henares (Madrid). Muestra del trabajo de los \u00faltimos a\u00f1os en esta disciplina.","robots":{"index":"index","follow":"follow","max-snippet":"max-snippet:-1","max-image-preview":"max-image-preview:large","max-video-preview":"max-video-preview:-1"},"canonical":"https:\/\/www.fotografo-profesional.net\/diario\/2018\/12\/03\/exposicion-de-fotografias-de-conciertos-de-rock\/","og_locale":"es_ES","og_type":"article","og_title":"Exposici\u00f3n de fotograf\u00edas de conciertos de rock - Luis Miguel del Campo","og_description":"Exposici\u00f3n y venta de fotograf\u00edas de conciertos de rock en Alcal\u00e1 de Henares (Madrid). Muestra del trabajo de los \u00faltimos a\u00f1os en esta disciplina.","og_url":"https:\/\/www.fotografo-profesional.net\/diario\/2018\/12\/03\/exposicion-de-fotografias-de-conciertos-de-rock\/","og_site_name":"Luis Miguel del Campo","article_published_time":"2018-12-03T05:25:07+00:00","article_modified_time":"2020-05-02T15:05:15+00:00","og_image":[{"width":600,"height":400,"url":"https:\/\/www.fotografo-profesional.net\/diario\/wp-content\/uploads\/2018\/12\/Exposici\u00f3n-de-fot\u00f3grafo-profesional-Madrid-01.jpg","type":"image\/jpeg"}],"author":"Luis Miguel del Campo","twitter_card":"summary_large_image","twitter_misc":{"Escrito por":"Luis Miguel del Campo","Tiempo de lectura":"2 minutos"},"schema":{"@context":"https:\/\/schema.org","@graph":[{"@type":"WebPage","@id":"https:\/\/www.fotografo-profesional.net\/diario\/2018\/12\/03\/exposicion-de-fotografias-de-conciertos-de-rock\/","url":"https:\/\/www.fotografo-profesional.net\/diario\/2018\/12\/03\/exposicion-de-fotografias-de-conciertos-de-rock\/","name":"Exposici\u00f3n de fotograf\u00edas de conciertos de rock - Luis Miguel del Campo","isPartOf":{"@id":"https:\/\/www.fotografo-profesional.net\/diario\/#website"},"datePublished":"2018-12-03T05:25:07+00:00","dateModified":"2020-05-02T15:05:15+00:00","author":{"@id":"https:\/\/www.fotografo-profesional.net\/diario\/#\/schema\/person\/220504871d765b4c30a0af1d2fe93533"},"description":"Exposici\u00f3n y venta de fotograf\u00edas de conciertos de rock en Alcal\u00e1 de Henares (Madrid). Muestra del trabajo de los \u00faltimos a\u00f1os en esta disciplina.","breadcrumb":{"@id":"https:\/\/www.fotografo-profesional.net\/diario\/2018\/12\/03\/exposicion-de-fotografias-de-conciertos-de-rock\/#breadcrumb"},"inLanguage":"es","potentialAction":[{"@type":"ReadAction","target":["https:\/\/www.fotografo-profesional.net\/diario\/2018\/12\/03\/exposicion-de-fotografias-de-conciertos-de-rock\/"]}]},{"@type":"BreadcrumbList","@id":"https:\/\/www.fotografo-profesional.net\/diario\/2018\/12\/03\/exposicion-de-fotografias-de-conciertos-de-rock\/#breadcrumb","itemListElement":[{"@type":"ListItem","position":1,"name":"Inicio","item":"https:\/\/www.fotografo-profesional.net\/diario\/"},{"@type":"ListItem","position":2,"name":"Exposici\u00f3n de fotograf\u00edas de conciertos de rock"}]},{"@type":"WebSite","@id":"https:\/\/www.fotografo-profesional.net\/diario\/#website","url":"https:\/\/www.fotografo-profesional.net\/diario\/","name":"Luis Miguel del Campo","description":"Blog de un fot\u00f3grafo profesional","potentialAction":[{"@type":"SearchAction","target":{"@type":"EntryPoint","urlTemplate":"https:\/\/www.fotografo-profesional.net\/diario\/?s={search_term_string}"},"query-input":"required name=search_term_string"}],"inLanguage":"es"},{"@type":"Person","@id":"https:\/\/www.fotografo-profesional.net\/diario\/#\/schema\/person\/220504871d765b4c30a0af1d2fe93533","name":"Luis Miguel del Campo","image":{"@type":"ImageObject","inLanguage":"es","@id":"https:\/\/www.fotografo-profesional.net\/diario\/#\/schema\/person\/image\/","url":"https:\/\/secure.gravatar.com\/avatar\/84bb1120095136de86f122a882a42d61?s=96&d=mm&r=g","contentUrl":"https:\/\/secure.gravatar.com\/avatar\/84bb1120095136de86f122a882a42d61?s=96&d=mm&r=g","caption":"Luis Miguel del Campo"},"url":"https:\/\/www.fotografo-profesional.net\/diario\/author\/admin_lmdc\/"}]}},"_links":{"self":[{"href":"https:\/\/www.fotografo-profesional.net\/diario\/wp-json\/wp\/v2\/posts\/363"}],"collection":[{"href":"https:\/\/www.fotografo-profesional.net\/diario\/wp-json\/wp\/v2\/posts"}],"about":[{"href":"https:\/\/www.fotografo-profesional.net\/diario\/wp-json\/wp\/v2\/types\/post"}],"author":[{"embeddable":true,"href":"https:\/\/www.fotografo-profesional.net\/diario\/wp-json\/wp\/v2\/users\/2"}],"replies":[{"embeddable":true,"href":"https:\/\/www.fotografo-profesional.net\/diario\/wp-json\/wp\/v2\/comments?post=363"}],"version-history":[{"count":9,"href":"https:\/\/www.fotografo-profesional.net\/diario\/wp-json\/wp\/v2\/posts\/363\/revisions"}],"predecessor-version":[{"id":1823,"href":"https:\/\/www.fotografo-profesional.net\/diario\/wp-json\/wp\/v2\/posts\/363\/revisions\/1823"}],"wp:featuredmedia":[{"embeddable":true,"href":"https:\/\/www.fotografo-profesional.net\/diario\/wp-json\/wp\/v2\/media\/377"}],"wp:attachment":[{"href":"https:\/\/www.fotografo-profesional.net\/diario\/wp-json\/wp\/v2\/media?parent=363"}],"wp:term":[{"taxonomy":"category","embeddable":true,"href":"https:\/\/www.fotografo-profesional.net\/diario\/wp-json\/wp\/v2\/categories?post=363"},{"taxonomy":"post_tag","embeddable":true,"href":"https:\/\/www.fotografo-profesional.net\/diario\/wp-json\/wp\/v2\/tags?post=363"}],"curies":[{"name":"wp","href":"https:\/\/api.w.org\/{rel}","templated":true}]}}