{"id":389,"date":"2018-12-13T17:41:48","date_gmt":"2018-12-13T16:41:48","guid":{"rendered":"https:\/\/www.fotografo-profesional.net\/diario\/?p=389"},"modified":"2020-07-28T12:01:09","modified_gmt":"2020-07-28T10:01:09","slug":"book-de-fotos-en-madrid","status":"publish","type":"post","link":"https:\/\/www.fotografo-profesional.net\/diario\/2018\/12\/13\/book-de-fotos-en-madrid\/","title":{"rendered":"Book de fotos en Madrid"},"content":{"rendered":"<p><img decoding=\"async\" class=\"size-full wp-image-399\" src=\"\/diario\/wp-content\/uploads\/2018\/12\/Book-de-fotos-por-fotografo-profesional-en-Madrid.jpg\" alt=\"Book de fotos por fot\u00f3grafo profesional en Madrid\" width=\"600\" height=\"399\" srcset=\"https:\/\/www.fotografo-profesional.net\/diario\/wp-content\/uploads\/2018\/12\/Book-de-fotos-por-fotografo-profesional-en-Madrid.jpg 600w, https:\/\/www.fotografo-profesional.net\/diario\/wp-content\/uploads\/2018\/12\/Book-de-fotos-por-fotografo-profesional-en-Madrid-300x200.jpg 300w\" sizes=\"(max-width: 600px) 100vw, 600px\" \/><\/p>\n<p>Al hacer un <a href=\"\/servicios\/\">book de fotos en Madrid<\/a> siempre planteo al cliente la posibilidad de entregarle algunas de las fotograf\u00edas en blanco y negro, sobre todo si son de desnudo o, como en la fotograf\u00eda de arriba, hay gran cantidad de cuerpo sin ropa.<\/p>\n<p>De hecho, en este book de fotos hice varios disparos en los que <a href=\"\/diario\/2018\/10\/14\/book-de-desnudo-en-madrid\/\"><span style=\"color: #3366ff;\"><em>el modelo no llevaba nada de ropa<\/em><\/span><\/a> para que se le vieran todos los tatuajes del cuerpo.<\/p>\n<p>Como existe la censura en las redes sociales he preferido poner \u00e9sta, m\u00e1s discreta, en la cabecera del art\u00edculo para que no se escandalicen los timoratos ni act\u00faen los censores. Es una l\u00e1stima porque hay una fotograf\u00eda de cuerpo entero de esta sesi\u00f3n muy resultona.<\/p>\n<p>Pero un <a href=\"\/\">fot\u00f3grafo profesional<\/a> <strong>tampoco debe abusar de un acabado<\/strong> porque termina cansando, por muy result\u00f3n que sea. El esteticismo porque s\u00ed carece de sentido. Podr\u00edamos entrar en el eterno debate vac\u00edo de <a href=\"\/diario\/2018\/08\/02\/cuando-el-color-es-el-tema-fotografico\/\"><span style=\"color: #3366ff;\"><em>si es m\u00e1s art\u00edstico el color que el blanco y negro<\/em><\/span><\/a>, pero me parece una innecesaria p\u00e9rdida de tiempo.<\/p>\n<p>Personalmente pienso que hay fotograf\u00edas que \u201cpiden\u201d el blanco y negro y otras en las que se ve claramente que queda mejor en color. Es s\u00f3lo la modesta opini\u00f3n de un fot\u00f3grafo m\u00e1s, tan v\u00e1lida como <span style=\"color: #000000;\">la de cualquier otro.<\/span><\/p>\n<p><a href=\"\/portfolio\/fotografia-de-estudio\/\"><span style=\"color: #0000ff;\"><em>Como en todas las <strong>sesi\u00f3nes de estudio<\/strong><\/em><\/span><\/a> no escatimo a la hora de tomar fotograf\u00edas, siempre queda la opci\u00f3n de pasarlas posteriormente a blanco y negro, sepia o cualquier otro acabado. Aunque siempre es conveniente tener claro antes de iluminar la colorimetr\u00eda en la que se van a entregar las im\u00e1genes, porque var\u00eda la forma de iluminar en cada caso.<\/p>\n<h3>Por qu\u00e9 el blanco y negro<\/h3>\n<p>A los tatuajes generalmente les va muy bien que la fotograf\u00eda sea en blanco y negro, a no ser que sean de colores muy llamativos o muy trabajados.<\/p>\n<p>Por eso digo que tanto la iluminaci\u00f3n como la colorimetr\u00eda de acabado debe pensarse antes de hacer el book de fotos.<\/p>\n","protected":false},"excerpt":{"rendered":"<p>Al hacer un book de fotos en Madrid siempre planteo al cliente la posibilidad de entregarle algunas de las fotograf\u00edas en blanco y negro, sobre todo si son de desnudo o, como en la fotograf\u00eda de arriba, hay gran cantidad de cuerpo sin ropa. De hecho, en este book de fotos hice varios disparos en [&hellip;]<\/p>\n","protected":false},"author":2,"featured_media":399,"comment_status":"closed","ping_status":"open","sticky":false,"template":"","format":"standard","meta":[],"categories":[50,100,103,51,104,45,406],"tags":[27,26,247,396,28,117,59,119,120,307],"yoast_head":"<!-- This site is optimized with the Yoast SEO plugin v20.8 - https:\/\/yoast.com\/wordpress\/plugins\/seo\/ -->\n<title>Book de fotos en Madrid - Luis Miguel del Campo<\/title>\n<meta name=\"description\" content=\"Antes de hacer un book de fotos en estudio suelo hablar con la persona interesada para, entre otras cosas, saber c\u00f3mo quiere el acabado de las fotograf\u00edas.\" \/>\n<meta name=\"robots\" content=\"index, follow, max-snippet:-1, max-image-preview:large, max-video-preview:-1\" \/>\n<link rel=\"canonical\" href=\"https:\/\/www.fotografo-profesional.net\/diario\/2018\/12\/13\/book-de-fotos-en-madrid\/\" \/>\n<meta property=\"og:locale\" content=\"es_ES\" \/>\n<meta property=\"og:type\" content=\"article\" \/>\n<meta property=\"og:title\" content=\"Book de fotos en Madrid - Luis Miguel del Campo\" \/>\n<meta property=\"og:description\" content=\"Antes de hacer un book de fotos en estudio suelo hablar con la persona interesada para, entre otras cosas, saber c\u00f3mo quiere el acabado de las fotograf\u00edas.\" \/>\n<meta property=\"og:url\" content=\"https:\/\/www.fotografo-profesional.net\/diario\/2018\/12\/13\/book-de-fotos-en-madrid\/\" \/>\n<meta property=\"og:site_name\" content=\"Luis Miguel del Campo\" \/>\n<meta property=\"article:published_time\" content=\"2018-12-13T16:41:48+00:00\" \/>\n<meta property=\"article:modified_time\" content=\"2020-07-28T10:01:09+00:00\" \/>\n<meta property=\"og:image\" content=\"https:\/\/www.fotografo-profesional.net\/diario\/wp-content\/uploads\/2018\/12\/Book-de-fotos-por-fotografo-profesional-en-Madrid.jpg\" \/>\n\t<meta property=\"og:image:width\" content=\"600\" \/>\n\t<meta property=\"og:image:height\" content=\"399\" \/>\n\t<meta property=\"og:image:type\" content=\"image\/jpeg\" \/>\n<meta name=\"author\" content=\"Luis Miguel del Campo\" \/>\n<meta name=\"twitter:card\" content=\"summary_large_image\" \/>\n<meta name=\"twitter:label1\" content=\"Escrito por\" \/>\n\t<meta name=\"twitter:data1\" content=\"Luis Miguel del Campo\" \/>\n\t<meta name=\"twitter:label2\" content=\"Tiempo de lectura\" \/>\n\t<meta name=\"twitter:data2\" content=\"2 minutos\" \/>\n<script type=\"application\/ld+json\" class=\"yoast-schema-graph\">{\"@context\":\"https:\/\/schema.org\",\"@graph\":[{\"@type\":\"WebPage\",\"@id\":\"https:\/\/www.fotografo-profesional.net\/diario\/2018\/12\/13\/book-de-fotos-en-madrid\/\",\"url\":\"https:\/\/www.fotografo-profesional.net\/diario\/2018\/12\/13\/book-de-fotos-en-madrid\/\",\"name\":\"Book de fotos en Madrid - Luis Miguel del Campo\",\"isPartOf\":{\"@id\":\"https:\/\/www.fotografo-profesional.net\/diario\/#website\"},\"datePublished\":\"2018-12-13T16:41:48+00:00\",\"dateModified\":\"2020-07-28T10:01:09+00:00\",\"author\":{\"@id\":\"https:\/\/www.fotografo-profesional.net\/diario\/#\/schema\/person\/220504871d765b4c30a0af1d2fe93533\"},\"description\":\"Antes de hacer un book de fotos en estudio suelo hablar con la persona interesada para, entre otras cosas, saber c\u00f3mo quiere el acabado de las fotograf\u00edas.\",\"breadcrumb\":{\"@id\":\"https:\/\/www.fotografo-profesional.net\/diario\/2018\/12\/13\/book-de-fotos-en-madrid\/#breadcrumb\"},\"inLanguage\":\"es\",\"potentialAction\":[{\"@type\":\"ReadAction\",\"target\":[\"https:\/\/www.fotografo-profesional.net\/diario\/2018\/12\/13\/book-de-fotos-en-madrid\/\"]}]},{\"@type\":\"BreadcrumbList\",\"@id\":\"https:\/\/www.fotografo-profesional.net\/diario\/2018\/12\/13\/book-de-fotos-en-madrid\/#breadcrumb\",\"itemListElement\":[{\"@type\":\"ListItem\",\"position\":1,\"name\":\"Inicio\",\"item\":\"https:\/\/www.fotografo-profesional.net\/diario\/\"},{\"@type\":\"ListItem\",\"position\":2,\"name\":\"Book de fotos en Madrid\"}]},{\"@type\":\"WebSite\",\"@id\":\"https:\/\/www.fotografo-profesional.net\/diario\/#website\",\"url\":\"https:\/\/www.fotografo-profesional.net\/diario\/\",\"name\":\"Luis Miguel del Campo\",\"description\":\"Blog de un fot\u00f3grafo profesional\",\"potentialAction\":[{\"@type\":\"SearchAction\",\"target\":{\"@type\":\"EntryPoint\",\"urlTemplate\":\"https:\/\/www.fotografo-profesional.net\/diario\/?s={search_term_string}\"},\"query-input\":\"required name=search_term_string\"}],\"inLanguage\":\"es\"},{\"@type\":\"Person\",\"@id\":\"https:\/\/www.fotografo-profesional.net\/diario\/#\/schema\/person\/220504871d765b4c30a0af1d2fe93533\",\"name\":\"Luis Miguel del Campo\",\"image\":{\"@type\":\"ImageObject\",\"inLanguage\":\"es\",\"@id\":\"https:\/\/www.fotografo-profesional.net\/diario\/#\/schema\/person\/image\/\",\"url\":\"https:\/\/secure.gravatar.com\/avatar\/84bb1120095136de86f122a882a42d61?s=96&d=mm&r=g\",\"contentUrl\":\"https:\/\/secure.gravatar.com\/avatar\/84bb1120095136de86f122a882a42d61?s=96&d=mm&r=g\",\"caption\":\"Luis Miguel del Campo\"},\"url\":\"https:\/\/www.fotografo-profesional.net\/diario\/author\/admin_lmdc\/\"}]}<\/script>\n<!-- \/ Yoast SEO plugin. -->","yoast_head_json":{"title":"Book de fotos en Madrid - Luis Miguel del Campo","description":"Antes de hacer un book de fotos en estudio suelo hablar con la persona interesada para, entre otras cosas, saber c\u00f3mo quiere el acabado de las fotograf\u00edas.","robots":{"index":"index","follow":"follow","max-snippet":"max-snippet:-1","max-image-preview":"max-image-preview:large","max-video-preview":"max-video-preview:-1"},"canonical":"https:\/\/www.fotografo-profesional.net\/diario\/2018\/12\/13\/book-de-fotos-en-madrid\/","og_locale":"es_ES","og_type":"article","og_title":"Book de fotos en Madrid - Luis Miguel del Campo","og_description":"Antes de hacer un book de fotos en estudio suelo hablar con la persona interesada para, entre otras cosas, saber c\u00f3mo quiere el acabado de las fotograf\u00edas.","og_url":"https:\/\/www.fotografo-profesional.net\/diario\/2018\/12\/13\/book-de-fotos-en-madrid\/","og_site_name":"Luis Miguel del Campo","article_published_time":"2018-12-13T16:41:48+00:00","article_modified_time":"2020-07-28T10:01:09+00:00","og_image":[{"width":600,"height":399,"url":"https:\/\/www.fotografo-profesional.net\/diario\/wp-content\/uploads\/2018\/12\/Book-de-fotos-por-fotografo-profesional-en-Madrid.jpg","type":"image\/jpeg"}],"author":"Luis Miguel del Campo","twitter_card":"summary_large_image","twitter_misc":{"Escrito por":"Luis Miguel del Campo","Tiempo de lectura":"2 minutos"},"schema":{"@context":"https:\/\/schema.org","@graph":[{"@type":"WebPage","@id":"https:\/\/www.fotografo-profesional.net\/diario\/2018\/12\/13\/book-de-fotos-en-madrid\/","url":"https:\/\/www.fotografo-profesional.net\/diario\/2018\/12\/13\/book-de-fotos-en-madrid\/","name":"Book de fotos en Madrid - Luis Miguel del Campo","isPartOf":{"@id":"https:\/\/www.fotografo-profesional.net\/diario\/#website"},"datePublished":"2018-12-13T16:41:48+00:00","dateModified":"2020-07-28T10:01:09+00:00","author":{"@id":"https:\/\/www.fotografo-profesional.net\/diario\/#\/schema\/person\/220504871d765b4c30a0af1d2fe93533"},"description":"Antes de hacer un book de fotos en estudio suelo hablar con la persona interesada para, entre otras cosas, saber c\u00f3mo quiere el acabado de las fotograf\u00edas.","breadcrumb":{"@id":"https:\/\/www.fotografo-profesional.net\/diario\/2018\/12\/13\/book-de-fotos-en-madrid\/#breadcrumb"},"inLanguage":"es","potentialAction":[{"@type":"ReadAction","target":["https:\/\/www.fotografo-profesional.net\/diario\/2018\/12\/13\/book-de-fotos-en-madrid\/"]}]},{"@type":"BreadcrumbList","@id":"https:\/\/www.fotografo-profesional.net\/diario\/2018\/12\/13\/book-de-fotos-en-madrid\/#breadcrumb","itemListElement":[{"@type":"ListItem","position":1,"name":"Inicio","item":"https:\/\/www.fotografo-profesional.net\/diario\/"},{"@type":"ListItem","position":2,"name":"Book de fotos en Madrid"}]},{"@type":"WebSite","@id":"https:\/\/www.fotografo-profesional.net\/diario\/#website","url":"https:\/\/www.fotografo-profesional.net\/diario\/","name":"Luis Miguel del Campo","description":"Blog de un fot\u00f3grafo profesional","potentialAction":[{"@type":"SearchAction","target":{"@type":"EntryPoint","urlTemplate":"https:\/\/www.fotografo-profesional.net\/diario\/?s={search_term_string}"},"query-input":"required name=search_term_string"}],"inLanguage":"es"},{"@type":"Person","@id":"https:\/\/www.fotografo-profesional.net\/diario\/#\/schema\/person\/220504871d765b4c30a0af1d2fe93533","name":"Luis Miguel del Campo","image":{"@type":"ImageObject","inLanguage":"es","@id":"https:\/\/www.fotografo-profesional.net\/diario\/#\/schema\/person\/image\/","url":"https:\/\/secure.gravatar.com\/avatar\/84bb1120095136de86f122a882a42d61?s=96&d=mm&r=g","contentUrl":"https:\/\/secure.gravatar.com\/avatar\/84bb1120095136de86f122a882a42d61?s=96&d=mm&r=g","caption":"Luis Miguel del Campo"},"url":"https:\/\/www.fotografo-profesional.net\/diario\/author\/admin_lmdc\/"}]}},"_links":{"self":[{"href":"https:\/\/www.fotografo-profesional.net\/diario\/wp-json\/wp\/v2\/posts\/389"}],"collection":[{"href":"https:\/\/www.fotografo-profesional.net\/diario\/wp-json\/wp\/v2\/posts"}],"about":[{"href":"https:\/\/www.fotografo-profesional.net\/diario\/wp-json\/wp\/v2\/types\/post"}],"author":[{"embeddable":true,"href":"https:\/\/www.fotografo-profesional.net\/diario\/wp-json\/wp\/v2\/users\/2"}],"replies":[{"embeddable":true,"href":"https:\/\/www.fotografo-profesional.net\/diario\/wp-json\/wp\/v2\/comments?post=389"}],"version-history":[{"count":8,"href":"https:\/\/www.fotografo-profesional.net\/diario\/wp-json\/wp\/v2\/posts\/389\/revisions"}],"predecessor-version":[{"id":2155,"href":"https:\/\/www.fotografo-profesional.net\/diario\/wp-json\/wp\/v2\/posts\/389\/revisions\/2155"}],"wp:featuredmedia":[{"embeddable":true,"href":"https:\/\/www.fotografo-profesional.net\/diario\/wp-json\/wp\/v2\/media\/399"}],"wp:attachment":[{"href":"https:\/\/www.fotografo-profesional.net\/diario\/wp-json\/wp\/v2\/media?parent=389"}],"wp:term":[{"taxonomy":"category","embeddable":true,"href":"https:\/\/www.fotografo-profesional.net\/diario\/wp-json\/wp\/v2\/categories?post=389"},{"taxonomy":"post_tag","embeddable":true,"href":"https:\/\/www.fotografo-profesional.net\/diario\/wp-json\/wp\/v2\/tags?post=389"}],"curies":[{"name":"wp","href":"https:\/\/api.w.org\/{rel}","templated":true}]}}