{"id":402,"date":"2018-12-20T19:35:57","date_gmt":"2018-12-20T18:35:57","guid":{"rendered":"https:\/\/www.fotografo-profesional.net\/diario\/?p=402"},"modified":"2020-04-09T12:10:50","modified_gmt":"2020-04-09T10:10:50","slug":"exposicion-fotografica-de-humberto-rivas","status":"publish","type":"post","link":"https:\/\/www.fotografo-profesional.net\/diario\/2018\/12\/20\/exposicion-fotografica-de-humberto-rivas\/","title":{"rendered":"Exposici\u00f3n fotogr\u00e1fica de Humberto Rivas"},"content":{"rendered":"<p><img decoding=\"async\" class=\"aligncenter wp-image-412 size-full\" src=\"https:\/\/www.fotografo-profesional.net\/diario\/wp-content\/uploads\/2018\/12\/Humberto-Rivas-por-fot\u00f3grafo-profesional-en-Madrid-01.jpg\" alt=\"Exposici\u00f3n fotogr\u00e1fica de Humberto Rivas en Madrid\" width=\"600\" height=\"400\" srcset=\"https:\/\/www.fotografo-profesional.net\/diario\/wp-content\/uploads\/2018\/12\/Humberto-Rivas-por-fot\u00f3grafo-profesional-en-Madrid-01.jpg 600w, https:\/\/www.fotografo-profesional.net\/diario\/wp-content\/uploads\/2018\/12\/Humberto-Rivas-por-fot\u00f3grafo-profesional-en-Madrid-01-300x200.jpg 300w\" sizes=\"(max-width: 600px) 100vw, 600px\" \/><\/p>\n<p>La fundaci\u00f3n Mapfre (sala B\u00e1rbara de Braganza) ofrece una exposici\u00f3n fotogr\u00e1fica de la obra de Humberto Rivas hasta el d\u00eda 5 de enero de 2019.<br \/>\nAunque nacido en Argentina, a mediados de la d\u00e9cada de 1970 se asent\u00f3 en Barcelona, llegando a ser fundamental en la evoluci\u00f3n y modernizaci\u00f3n de la fotograf\u00eda espa\u00f1ola; tanto que fue galardonado con el premio Nacional de Fotograf\u00eda en 1998.<\/p>\n<p><img decoding=\"async\" class=\"size-full wp-image-413 aligncenter\" src=\"https:\/\/www.fotografo-profesional.net\/diario\/wp-content\/uploads\/2018\/12\/Humberto-Rivas-por-fot\u00f3grafo-profesional-en-Madrid-02.jpg\" alt=\"Fot\u00f3grafos de eventos fotogr\u00e1ficos en Madrid\" width=\"600\" height=\"400\" srcset=\"https:\/\/www.fotografo-profesional.net\/diario\/wp-content\/uploads\/2018\/12\/Humberto-Rivas-por-fot\u00f3grafo-profesional-en-Madrid-02.jpg 600w, https:\/\/www.fotografo-profesional.net\/diario\/wp-content\/uploads\/2018\/12\/Humberto-Rivas-por-fot\u00f3grafo-profesional-en-Madrid-02-300x200.jpg 300w\" sizes=\"(max-width: 600px) 100vw, 600px\" \/><\/p>\n<p>Esta muestra recoge gran parte de su producci\u00f3n, desde los a\u00f1os sesenta del siglo pasado, en Argentina, hasta 2005, a\u00f1o en el que falleci\u00f3.<br \/>\nPara Humberto Rivas, el <a href=\"https:\/\/www.fotografo-profesional.net\/diario\/2019\/11\/22\/exposicion-de-francesca-woodman\/\"><span style=\"color: #000080;\"><em>fot\u00f3grafo artista<\/em><\/span><\/a> nada ten\u00eda que ver con el captador de momentos decisivos, pues sus im\u00e1genes denotan estar muy pensadas, incluso los paisajes urbanos decadentes en los que nunca aparece un ser vivo son fruto de un encuadre cuidadosamente estudiado, y de una iluminaci\u00f3n natural correspondiente a las primeras o las \u00faltimas horas del d\u00eda.<\/p>\n<p><img decoding=\"async\" class=\"aligncenter wp-image-414 size-full\" src=\"https:\/\/www.fotografo-profesional.net\/diario\/wp-content\/uploads\/2018\/12\/Humberto-Rivas-por-fot\u00f3grafo-profesional-en-Madrid-03.jpg\" alt=\"Exposici\u00f3n fotografiada por fot\u00f3grafo de eventos en Madrid\" width=\"600\" height=\"400\" srcset=\"https:\/\/www.fotografo-profesional.net\/diario\/wp-content\/uploads\/2018\/12\/Humberto-Rivas-por-fot\u00f3grafo-profesional-en-Madrid-03.jpg 600w, https:\/\/www.fotografo-profesional.net\/diario\/wp-content\/uploads\/2018\/12\/Humberto-Rivas-por-fot\u00f3grafo-profesional-en-Madrid-03-300x200.jpg 300w\" sizes=\"(max-width: 600px) 100vw, 600px\" \/><\/p>\n<p>Sin embargo, en otro de los \u201cg\u00e9neros fotogr\u00e1ficos\u201d m\u00e1s cultivados por el fot\u00f3grafo Rivas, como es el retrato -profusamente presente en esta exposici\u00f3n fotogr\u00e1fica de Madrid-, nos presenta personajes sobre fondos neutros, que no llaman la atenci\u00f3n ni distraen al espectador sobre lo que nos quiere hablar: la persona retratada.<\/p>\n<p>Y todas las personas retratadas lo son de la forma en la que \u00e9l ya las hab\u00eda imaginado previamente; y no descansaba hasta conseguir la imagen deseada. Una de las personas fotografiadas en esta serie,\u00a0 y a la que nada m\u00e1s conocer tuvo el deseo y el af\u00e1n de retratar fue a Mar\u00eda, quien acabar\u00eda siendo su mujer.<\/p>\n<p><img decoding=\"async\" class=\"aligncenter wp-image-415 size-full\" src=\"https:\/\/www.fotografo-profesional.net\/diario\/wp-content\/uploads\/2018\/12\/Humberto-Rivas-por-fot\u00f3grafo-profesional-en-Madrid-04.jpg\" alt=\"Obra expuesta de Humberto Rivas en Madrid\" width=\"600\" height=\"400\" srcset=\"https:\/\/www.fotografo-profesional.net\/diario\/wp-content\/uploads\/2018\/12\/Humberto-Rivas-por-fot\u00f3grafo-profesional-en-Madrid-04.jpg 600w, https:\/\/www.fotografo-profesional.net\/diario\/wp-content\/uploads\/2018\/12\/Humberto-Rivas-por-fot\u00f3grafo-profesional-en-Madrid-04-300x200.jpg 300w\" sizes=\"(max-width: 600px) 100vw, 600px\" \/><\/p>\n<p>En esta exposici\u00f3n fotogr\u00e1fica de Humberto Rivas tambi\u00e9n podemos encontrar varias muestras de sus series de crucificados, formadas por varias fotograf\u00edas de fragmentos de los cuerpos de los modelos que, unos junto a otros, forman un todo conceptual.<\/p>\n<h5>Recomendaci\u00f3n<\/h5>\n<p>Se trata de una <a href=\"https:\/\/www.fotografo-profesional.net\/portfolio\/fotografia-de-eventos\/\"><span style=\"color: #000080;\"><em>muestra de obligada asistencia<\/em><\/span><\/a> para cualquier buen aficionado a la fotograf\u00eda.<\/p>\n<p><img decoding=\"async\" class=\"alignnone wp-image-416 size-full\" src=\"https:\/\/www.fotografo-profesional.net\/diario\/wp-content\/uploads\/2018\/12\/Humberto-Rivas-por-fot\u00f3grafo-profesional-en-Madrid-05.jpg\" alt=\"Serie de los crucificados de la exposici\u00f3n de Humberto Rivas\" width=\"600\" height=\"400\" srcset=\"https:\/\/www.fotografo-profesional.net\/diario\/wp-content\/uploads\/2018\/12\/Humberto-Rivas-por-fot\u00f3grafo-profesional-en-Madrid-05.jpg 600w, https:\/\/www.fotografo-profesional.net\/diario\/wp-content\/uploads\/2018\/12\/Humberto-Rivas-por-fot\u00f3grafo-profesional-en-Madrid-05-300x200.jpg 300w\" sizes=\"(max-width: 600px) 100vw, 600px\" \/><\/p>\n","protected":false},"excerpt":{"rendered":"<p>La fundaci\u00f3n Mapfre (sala B\u00e1rbara de Braganza) ofrece una exposici\u00f3n fotogr\u00e1fica de la obra de Humberto Rivas hasta el d\u00eda 5 de enero de 2019. Aunque nacido en Argentina, a mediados de la d\u00e9cada de 1970 se asent\u00f3 en Barcelona, llegando a ser fundamental en la evoluci\u00f3n y modernizaci\u00f3n de la fotograf\u00eda espa\u00f1ola; tanto que [&hellip;]<\/p>\n","protected":false},"author":2,"featured_media":414,"comment_status":"closed","ping_status":"open","sticky":false,"template":"","format":"standard","meta":[],"categories":[35,330],"tags":[152,117,59,119,120,208,307,121],"yoast_head":"<!-- This site is optimized with the Yoast SEO plugin v20.8 - https:\/\/yoast.com\/wordpress\/plugins\/seo\/ -->\n<title>Exposici\u00f3n fotogr\u00e1fica de Humberto Rivas - Luis Miguel del Campo<\/title>\n<meta name=\"description\" content=\"Exposici\u00f3n fotogr\u00e1fica en Madrid sobre la obra de Humberto Rivas, que abarca gran parte de su obra desde su etapa argentina hasta su muerte.\" \/>\n<meta name=\"robots\" content=\"index, follow, max-snippet:-1, max-image-preview:large, max-video-preview:-1\" \/>\n<link rel=\"canonical\" href=\"https:\/\/www.fotografo-profesional.net\/diario\/2018\/12\/20\/exposicion-fotografica-de-humberto-rivas\/\" \/>\n<meta property=\"og:locale\" content=\"es_ES\" \/>\n<meta property=\"og:type\" content=\"article\" \/>\n<meta property=\"og:title\" content=\"Exposici\u00f3n fotogr\u00e1fica de Humberto Rivas - Luis Miguel del Campo\" \/>\n<meta property=\"og:description\" content=\"Exposici\u00f3n fotogr\u00e1fica en Madrid sobre la obra de Humberto Rivas, que abarca gran parte de su obra desde su etapa argentina hasta su muerte.\" \/>\n<meta property=\"og:url\" content=\"https:\/\/www.fotografo-profesional.net\/diario\/2018\/12\/20\/exposicion-fotografica-de-humberto-rivas\/\" \/>\n<meta property=\"og:site_name\" content=\"Luis Miguel del Campo\" \/>\n<meta property=\"article:published_time\" content=\"2018-12-20T18:35:57+00:00\" \/>\n<meta property=\"article:modified_time\" content=\"2020-04-09T10:10:50+00:00\" \/>\n<meta property=\"og:image\" content=\"https:\/\/www.fotografo-profesional.net\/diario\/wp-content\/uploads\/2018\/12\/Humberto-Rivas-por-fot\u00f3grafo-profesional-en-Madrid-03.jpg\" \/>\n\t<meta property=\"og:image:width\" content=\"600\" \/>\n\t<meta property=\"og:image:height\" content=\"400\" \/>\n\t<meta property=\"og:image:type\" content=\"image\/jpeg\" \/>\n<meta name=\"author\" content=\"Luis Miguel del Campo\" \/>\n<meta name=\"twitter:card\" content=\"summary_large_image\" \/>\n<meta name=\"twitter:label1\" content=\"Escrito por\" \/>\n\t<meta name=\"twitter:data1\" content=\"Luis Miguel del Campo\" \/>\n\t<meta name=\"twitter:label2\" content=\"Tiempo de lectura\" \/>\n\t<meta name=\"twitter:data2\" content=\"2 minutos\" \/>\n<script type=\"application\/ld+json\" class=\"yoast-schema-graph\">{\"@context\":\"https:\/\/schema.org\",\"@graph\":[{\"@type\":\"WebPage\",\"@id\":\"https:\/\/www.fotografo-profesional.net\/diario\/2018\/12\/20\/exposicion-fotografica-de-humberto-rivas\/\",\"url\":\"https:\/\/www.fotografo-profesional.net\/diario\/2018\/12\/20\/exposicion-fotografica-de-humberto-rivas\/\",\"name\":\"Exposici\u00f3n fotogr\u00e1fica de Humberto Rivas - Luis Miguel del Campo\",\"isPartOf\":{\"@id\":\"https:\/\/www.fotografo-profesional.net\/diario\/#website\"},\"datePublished\":\"2018-12-20T18:35:57+00:00\",\"dateModified\":\"2020-04-09T10:10:50+00:00\",\"author\":{\"@id\":\"https:\/\/www.fotografo-profesional.net\/diario\/#\/schema\/person\/220504871d765b4c30a0af1d2fe93533\"},\"description\":\"Exposici\u00f3n fotogr\u00e1fica en Madrid sobre la obra de Humberto Rivas, que abarca gran parte de su obra desde su etapa argentina hasta su muerte.\",\"breadcrumb\":{\"@id\":\"https:\/\/www.fotografo-profesional.net\/diario\/2018\/12\/20\/exposicion-fotografica-de-humberto-rivas\/#breadcrumb\"},\"inLanguage\":\"es\",\"potentialAction\":[{\"@type\":\"ReadAction\",\"target\":[\"https:\/\/www.fotografo-profesional.net\/diario\/2018\/12\/20\/exposicion-fotografica-de-humberto-rivas\/\"]}]},{\"@type\":\"BreadcrumbList\",\"@id\":\"https:\/\/www.fotografo-profesional.net\/diario\/2018\/12\/20\/exposicion-fotografica-de-humberto-rivas\/#breadcrumb\",\"itemListElement\":[{\"@type\":\"ListItem\",\"position\":1,\"name\":\"Inicio\",\"item\":\"https:\/\/www.fotografo-profesional.net\/diario\/\"},{\"@type\":\"ListItem\",\"position\":2,\"name\":\"Exposici\u00f3n fotogr\u00e1fica de Humberto Rivas\"}]},{\"@type\":\"WebSite\",\"@id\":\"https:\/\/www.fotografo-profesional.net\/diario\/#website\",\"url\":\"https:\/\/www.fotografo-profesional.net\/diario\/\",\"name\":\"Luis Miguel del Campo\",\"description\":\"Blog de un fot\u00f3grafo profesional\",\"potentialAction\":[{\"@type\":\"SearchAction\",\"target\":{\"@type\":\"EntryPoint\",\"urlTemplate\":\"https:\/\/www.fotografo-profesional.net\/diario\/?s={search_term_string}\"},\"query-input\":\"required name=search_term_string\"}],\"inLanguage\":\"es\"},{\"@type\":\"Person\",\"@id\":\"https:\/\/www.fotografo-profesional.net\/diario\/#\/schema\/person\/220504871d765b4c30a0af1d2fe93533\",\"name\":\"Luis Miguel del Campo\",\"image\":{\"@type\":\"ImageObject\",\"inLanguage\":\"es\",\"@id\":\"https:\/\/www.fotografo-profesional.net\/diario\/#\/schema\/person\/image\/\",\"url\":\"https:\/\/secure.gravatar.com\/avatar\/84bb1120095136de86f122a882a42d61?s=96&d=mm&r=g\",\"contentUrl\":\"https:\/\/secure.gravatar.com\/avatar\/84bb1120095136de86f122a882a42d61?s=96&d=mm&r=g\",\"caption\":\"Luis Miguel del Campo\"},\"url\":\"https:\/\/www.fotografo-profesional.net\/diario\/author\/admin_lmdc\/\"}]}<\/script>\n<!-- \/ Yoast SEO plugin. -->","yoast_head_json":{"title":"Exposici\u00f3n fotogr\u00e1fica de Humberto Rivas - Luis Miguel del Campo","description":"Exposici\u00f3n fotogr\u00e1fica en Madrid sobre la obra de Humberto Rivas, que abarca gran parte de su obra desde su etapa argentina hasta su muerte.","robots":{"index":"index","follow":"follow","max-snippet":"max-snippet:-1","max-image-preview":"max-image-preview:large","max-video-preview":"max-video-preview:-1"},"canonical":"https:\/\/www.fotografo-profesional.net\/diario\/2018\/12\/20\/exposicion-fotografica-de-humberto-rivas\/","og_locale":"es_ES","og_type":"article","og_title":"Exposici\u00f3n fotogr\u00e1fica de Humberto Rivas - Luis Miguel del Campo","og_description":"Exposici\u00f3n fotogr\u00e1fica en Madrid sobre la obra de Humberto Rivas, que abarca gran parte de su obra desde su etapa argentina hasta su muerte.","og_url":"https:\/\/www.fotografo-profesional.net\/diario\/2018\/12\/20\/exposicion-fotografica-de-humberto-rivas\/","og_site_name":"Luis Miguel del Campo","article_published_time":"2018-12-20T18:35:57+00:00","article_modified_time":"2020-04-09T10:10:50+00:00","og_image":[{"width":600,"height":400,"url":"https:\/\/www.fotografo-profesional.net\/diario\/wp-content\/uploads\/2018\/12\/Humberto-Rivas-por-fot\u00f3grafo-profesional-en-Madrid-03.jpg","type":"image\/jpeg"}],"author":"Luis Miguel del Campo","twitter_card":"summary_large_image","twitter_misc":{"Escrito por":"Luis Miguel del Campo","Tiempo de lectura":"2 minutos"},"schema":{"@context":"https:\/\/schema.org","@graph":[{"@type":"WebPage","@id":"https:\/\/www.fotografo-profesional.net\/diario\/2018\/12\/20\/exposicion-fotografica-de-humberto-rivas\/","url":"https:\/\/www.fotografo-profesional.net\/diario\/2018\/12\/20\/exposicion-fotografica-de-humberto-rivas\/","name":"Exposici\u00f3n fotogr\u00e1fica de Humberto Rivas - Luis Miguel del Campo","isPartOf":{"@id":"https:\/\/www.fotografo-profesional.net\/diario\/#website"},"datePublished":"2018-12-20T18:35:57+00:00","dateModified":"2020-04-09T10:10:50+00:00","author":{"@id":"https:\/\/www.fotografo-profesional.net\/diario\/#\/schema\/person\/220504871d765b4c30a0af1d2fe93533"},"description":"Exposici\u00f3n fotogr\u00e1fica en Madrid sobre la obra de Humberto Rivas, que abarca gran parte de su obra desde su etapa argentina hasta su muerte.","breadcrumb":{"@id":"https:\/\/www.fotografo-profesional.net\/diario\/2018\/12\/20\/exposicion-fotografica-de-humberto-rivas\/#breadcrumb"},"inLanguage":"es","potentialAction":[{"@type":"ReadAction","target":["https:\/\/www.fotografo-profesional.net\/diario\/2018\/12\/20\/exposicion-fotografica-de-humberto-rivas\/"]}]},{"@type":"BreadcrumbList","@id":"https:\/\/www.fotografo-profesional.net\/diario\/2018\/12\/20\/exposicion-fotografica-de-humberto-rivas\/#breadcrumb","itemListElement":[{"@type":"ListItem","position":1,"name":"Inicio","item":"https:\/\/www.fotografo-profesional.net\/diario\/"},{"@type":"ListItem","position":2,"name":"Exposici\u00f3n fotogr\u00e1fica de Humberto Rivas"}]},{"@type":"WebSite","@id":"https:\/\/www.fotografo-profesional.net\/diario\/#website","url":"https:\/\/www.fotografo-profesional.net\/diario\/","name":"Luis Miguel del Campo","description":"Blog de un fot\u00f3grafo profesional","potentialAction":[{"@type":"SearchAction","target":{"@type":"EntryPoint","urlTemplate":"https:\/\/www.fotografo-profesional.net\/diario\/?s={search_term_string}"},"query-input":"required name=search_term_string"}],"inLanguage":"es"},{"@type":"Person","@id":"https:\/\/www.fotografo-profesional.net\/diario\/#\/schema\/person\/220504871d765b4c30a0af1d2fe93533","name":"Luis Miguel del Campo","image":{"@type":"ImageObject","inLanguage":"es","@id":"https:\/\/www.fotografo-profesional.net\/diario\/#\/schema\/person\/image\/","url":"https:\/\/secure.gravatar.com\/avatar\/84bb1120095136de86f122a882a42d61?s=96&d=mm&r=g","contentUrl":"https:\/\/secure.gravatar.com\/avatar\/84bb1120095136de86f122a882a42d61?s=96&d=mm&r=g","caption":"Luis Miguel del Campo"},"url":"https:\/\/www.fotografo-profesional.net\/diario\/author\/admin_lmdc\/"}]}},"_links":{"self":[{"href":"https:\/\/www.fotografo-profesional.net\/diario\/wp-json\/wp\/v2\/posts\/402"}],"collection":[{"href":"https:\/\/www.fotografo-profesional.net\/diario\/wp-json\/wp\/v2\/posts"}],"about":[{"href":"https:\/\/www.fotografo-profesional.net\/diario\/wp-json\/wp\/v2\/types\/post"}],"author":[{"embeddable":true,"href":"https:\/\/www.fotografo-profesional.net\/diario\/wp-json\/wp\/v2\/users\/2"}],"replies":[{"embeddable":true,"href":"https:\/\/www.fotografo-profesional.net\/diario\/wp-json\/wp\/v2\/comments?post=402"}],"version-history":[{"count":8,"href":"https:\/\/www.fotografo-profesional.net\/diario\/wp-json\/wp\/v2\/posts\/402\/revisions"}],"predecessor-version":[{"id":1832,"href":"https:\/\/www.fotografo-profesional.net\/diario\/wp-json\/wp\/v2\/posts\/402\/revisions\/1832"}],"wp:featuredmedia":[{"embeddable":true,"href":"https:\/\/www.fotografo-profesional.net\/diario\/wp-json\/wp\/v2\/media\/414"}],"wp:attachment":[{"href":"https:\/\/www.fotografo-profesional.net\/diario\/wp-json\/wp\/v2\/media?parent=402"}],"wp:term":[{"taxonomy":"category","embeddable":true,"href":"https:\/\/www.fotografo-profesional.net\/diario\/wp-json\/wp\/v2\/categories?post=402"},{"taxonomy":"post_tag","embeddable":true,"href":"https:\/\/www.fotografo-profesional.net\/diario\/wp-json\/wp\/v2\/tags?post=402"}],"curies":[{"name":"wp","href":"https:\/\/api.w.org\/{rel}","templated":true}]}}