{"id":411,"date":"2018-12-24T08:07:20","date_gmt":"2018-12-24T07:07:20","guid":{"rendered":"https:\/\/www.fotografo-profesional.net\/diario\/?p=411"},"modified":"2020-05-03T18:00:42","modified_gmt":"2020-05-03T16:00:42","slug":"un-fotografo-profesional-por-las-calles","status":"publish","type":"post","link":"https:\/\/www.fotografo-profesional.net\/diario\/2018\/12\/24\/un-fotografo-profesional-por-las-calles\/","title":{"rendered":"Un fot\u00f3grafo profesional por las calles"},"content":{"rendered":"<p><img decoding=\"async\" class=\"wp-image-420 size-full\" src=\"https:\/\/www.fotografo-profesional.net\/diario\/wp-content\/uploads\/2018\/12\/Estampas-por-fot\u00f3grafo-profesional-en-Madrid-01.jpg\" alt=\"Estampa callejera por fot\u00f3grafo profesional en Madrid\" width=\"600\" height=\"400\" srcset=\"https:\/\/www.fotografo-profesional.net\/diario\/wp-content\/uploads\/2018\/12\/Estampas-por-fot\u00f3grafo-profesional-en-Madrid-01.jpg 600w, https:\/\/www.fotografo-profesional.net\/diario\/wp-content\/uploads\/2018\/12\/Estampas-por-fot\u00f3grafo-profesional-en-Madrid-01-300x200.jpg 300w\" sizes=\"(max-width: 600px) 100vw, 600px\" \/><\/p>\n<h4>Estampas de Madrid (0062)<\/h4>\n<p>Lo bueno de ser fot\u00f3grafo profesional en una gran ciudad es que <span style=\"color: #0000ff;\"><span style=\"color: #000000;\">dispones<\/span> <span style=\"color: #000000;\">de todo un universo para fotografiar<\/span><\/span> con solo salir a la calle, algo que sucede en Madrid, como es mi caso.<\/p>\n<p>Da igual que lo hayas planeado de antemano o no, te vas a encontrar con todo tipo de<a href=\"https:\/\/www.fotografo-profesional.net\/diario\/2018\/11\/18\/el-momento-oportuno-en-un-reportaje\/\"><span style=\"color: #0000ff;\"><em><strong> situaciones fotogr\u00e1ficas en la v\u00eda urbana<\/strong><\/em><\/span><\/a>. Y con todo tipo de gente.<\/p>\n<p>Ese es el gran tesoro de Madrid: su poblaci\u00f3n. Vengan de donde vengan, lleven m\u00e1s o menos a\u00f1os viviendo aqu\u00ed, sean residentes o est\u00e9n de paso&#8230; se integran autom\u00e1ticamente en el particular ritmo de vida de la metr\u00f3poli.<\/p>\n<p>Me considero un <strong>fot\u00f3grafo profesional<\/strong> de Madrid inquieto, al que le gusta plasmar a sus habitantes en su vida cotidiana siempre que puedo. Provengan del estrato social que provengan, de todas las personas que est\u00e1n asiduamente en la calle destaca su valor humano.<\/p>\n<p>Cuando conversas con ellos detenidamente descubres su hondo valor humano. Por muy poco que tengan, siempre poseen un gran sentido de la supervivencia; una solidaridad que les ha dado la vida a la intemperie y los riesgos que ello representa, en muchos casos, para su seguridad f\u00edsica. Y un sentido del humor que no han perdido pese a su situaci\u00f3n.<\/p>\n<p>A ellos tambi\u00e9n les gusta disfrutar de estas fiestas que para unos pueden resultar entra\u00f1ables mientras que para otros no pasan de ser una carrera consumista.<\/p>\n<p><a href=\"https:\/\/www.fotografo-profesional.net\"><span style=\"color: #0000ff;\"><em>Como modesto fot\u00f3grafo<\/em><\/span><\/a> profesional de Madrid que soy, no he querido dejar pasar la ocasi\u00f3n para hacer un homenaje a todos aquellos con los que, quiz\u00e1, nos crucemos a diario sin prestarles la atenci\u00f3n que se merecen.<\/p>\n<p>Ellos tambi\u00e9n tienen el mismo derecho a disfrutar de la vida. No solo en estas fechas sino a lo largo de todo el a\u00f1o no debemos olvidar que hay gente que lo pasa mal. Que no vive en las m\u00ednimas condiciones deseables. Ayudemos a hacerles la vida lo m\u00e1s digna posible.<\/p>\n","protected":false},"excerpt":{"rendered":"<p>Estampas de Madrid (0062) Lo bueno de ser fot\u00f3grafo profesional en una gran ciudad es que dispones de todo un universo para fotografiar con solo salir a la calle, algo que sucede en Madrid, como es mi caso. Da igual que lo hayas planeado de antemano o no, te vas a encontrar con todo tipo [&hellip;]<\/p>\n","protected":false},"author":2,"featured_media":420,"comment_status":"closed","ping_status":"open","sticky":false,"template":"","format":"standard","meta":[],"categories":[209,55,48,406],"tags":[109,110,117,59,119,120,307,121],"yoast_head":"<!-- This site is optimized with the Yoast SEO plugin v20.8 - https:\/\/yoast.com\/wordpress\/plugins\/seo\/ -->\n<title>Un fot\u00f3grafo profesional por las calles - Luis Miguel del Campo<\/title>\n<meta name=\"description\" content=\"Reflexi\u00f3n sobre la vida cotidiana de la calle por un fot\u00f3grafo profesional de Madrid y elogio a los pobladores de su tejido urbano.\" \/>\n<meta name=\"robots\" content=\"index, follow, max-snippet:-1, max-image-preview:large, max-video-preview:-1\" \/>\n<link rel=\"canonical\" href=\"https:\/\/www.fotografo-profesional.net\/diario\/2018\/12\/24\/un-fotografo-profesional-por-las-calles\/\" \/>\n<meta property=\"og:locale\" content=\"es_ES\" \/>\n<meta property=\"og:type\" content=\"article\" \/>\n<meta property=\"og:title\" content=\"Un fot\u00f3grafo profesional por las calles - Luis Miguel del Campo\" \/>\n<meta property=\"og:description\" content=\"Reflexi\u00f3n sobre la vida cotidiana de la calle por un fot\u00f3grafo profesional de Madrid y elogio a los pobladores de su tejido urbano.\" \/>\n<meta property=\"og:url\" content=\"https:\/\/www.fotografo-profesional.net\/diario\/2018\/12\/24\/un-fotografo-profesional-por-las-calles\/\" \/>\n<meta property=\"og:site_name\" content=\"Luis Miguel del Campo\" \/>\n<meta property=\"article:published_time\" content=\"2018-12-24T07:07:20+00:00\" \/>\n<meta property=\"article:modified_time\" content=\"2020-05-03T16:00:42+00:00\" \/>\n<meta property=\"og:image\" content=\"https:\/\/www.fotografo-profesional.net\/diario\/wp-content\/uploads\/2018\/12\/Estampas-por-fot\u00f3grafo-profesional-en-Madrid-01.jpg\" \/>\n\t<meta property=\"og:image:width\" content=\"600\" \/>\n\t<meta property=\"og:image:height\" content=\"400\" \/>\n\t<meta property=\"og:image:type\" content=\"image\/jpeg\" \/>\n<meta name=\"author\" content=\"Luis Miguel del Campo\" \/>\n<meta name=\"twitter:card\" content=\"summary_large_image\" \/>\n<meta name=\"twitter:label1\" content=\"Escrito por\" \/>\n\t<meta name=\"twitter:data1\" content=\"Luis Miguel del Campo\" \/>\n\t<meta name=\"twitter:label2\" content=\"Tiempo de lectura\" \/>\n\t<meta name=\"twitter:data2\" content=\"2 minutos\" \/>\n<script type=\"application\/ld+json\" class=\"yoast-schema-graph\">{\"@context\":\"https:\/\/schema.org\",\"@graph\":[{\"@type\":\"WebPage\",\"@id\":\"https:\/\/www.fotografo-profesional.net\/diario\/2018\/12\/24\/un-fotografo-profesional-por-las-calles\/\",\"url\":\"https:\/\/www.fotografo-profesional.net\/diario\/2018\/12\/24\/un-fotografo-profesional-por-las-calles\/\",\"name\":\"Un fot\u00f3grafo profesional por las calles - Luis Miguel del Campo\",\"isPartOf\":{\"@id\":\"https:\/\/www.fotografo-profesional.net\/diario\/#website\"},\"datePublished\":\"2018-12-24T07:07:20+00:00\",\"dateModified\":\"2020-05-03T16:00:42+00:00\",\"author\":{\"@id\":\"https:\/\/www.fotografo-profesional.net\/diario\/#\/schema\/person\/220504871d765b4c30a0af1d2fe93533\"},\"description\":\"Reflexi\u00f3n sobre la vida cotidiana de la calle por un fot\u00f3grafo profesional de Madrid y elogio a los pobladores de su tejido urbano.\",\"breadcrumb\":{\"@id\":\"https:\/\/www.fotografo-profesional.net\/diario\/2018\/12\/24\/un-fotografo-profesional-por-las-calles\/#breadcrumb\"},\"inLanguage\":\"es\",\"potentialAction\":[{\"@type\":\"ReadAction\",\"target\":[\"https:\/\/www.fotografo-profesional.net\/diario\/2018\/12\/24\/un-fotografo-profesional-por-las-calles\/\"]}]},{\"@type\":\"BreadcrumbList\",\"@id\":\"https:\/\/www.fotografo-profesional.net\/diario\/2018\/12\/24\/un-fotografo-profesional-por-las-calles\/#breadcrumb\",\"itemListElement\":[{\"@type\":\"ListItem\",\"position\":1,\"name\":\"Inicio\",\"item\":\"https:\/\/www.fotografo-profesional.net\/diario\/\"},{\"@type\":\"ListItem\",\"position\":2,\"name\":\"Un fot\u00f3grafo profesional por las calles\"}]},{\"@type\":\"WebSite\",\"@id\":\"https:\/\/www.fotografo-profesional.net\/diario\/#website\",\"url\":\"https:\/\/www.fotografo-profesional.net\/diario\/\",\"name\":\"Luis Miguel del Campo\",\"description\":\"Blog de un fot\u00f3grafo profesional\",\"potentialAction\":[{\"@type\":\"SearchAction\",\"target\":{\"@type\":\"EntryPoint\",\"urlTemplate\":\"https:\/\/www.fotografo-profesional.net\/diario\/?s={search_term_string}\"},\"query-input\":\"required name=search_term_string\"}],\"inLanguage\":\"es\"},{\"@type\":\"Person\",\"@id\":\"https:\/\/www.fotografo-profesional.net\/diario\/#\/schema\/person\/220504871d765b4c30a0af1d2fe93533\",\"name\":\"Luis Miguel del Campo\",\"image\":{\"@type\":\"ImageObject\",\"inLanguage\":\"es\",\"@id\":\"https:\/\/www.fotografo-profesional.net\/diario\/#\/schema\/person\/image\/\",\"url\":\"https:\/\/secure.gravatar.com\/avatar\/84bb1120095136de86f122a882a42d61?s=96&d=mm&r=g\",\"contentUrl\":\"https:\/\/secure.gravatar.com\/avatar\/84bb1120095136de86f122a882a42d61?s=96&d=mm&r=g\",\"caption\":\"Luis Miguel del Campo\"},\"url\":\"https:\/\/www.fotografo-profesional.net\/diario\/author\/admin_lmdc\/\"}]}<\/script>\n<!-- \/ Yoast SEO plugin. -->","yoast_head_json":{"title":"Un fot\u00f3grafo profesional por las calles - Luis Miguel del Campo","description":"Reflexi\u00f3n sobre la vida cotidiana de la calle por un fot\u00f3grafo profesional de Madrid y elogio a los pobladores de su tejido urbano.","robots":{"index":"index","follow":"follow","max-snippet":"max-snippet:-1","max-image-preview":"max-image-preview:large","max-video-preview":"max-video-preview:-1"},"canonical":"https:\/\/www.fotografo-profesional.net\/diario\/2018\/12\/24\/un-fotografo-profesional-por-las-calles\/","og_locale":"es_ES","og_type":"article","og_title":"Un fot\u00f3grafo profesional por las calles - Luis Miguel del Campo","og_description":"Reflexi\u00f3n sobre la vida cotidiana de la calle por un fot\u00f3grafo profesional de Madrid y elogio a los pobladores de su tejido urbano.","og_url":"https:\/\/www.fotografo-profesional.net\/diario\/2018\/12\/24\/un-fotografo-profesional-por-las-calles\/","og_site_name":"Luis Miguel del Campo","article_published_time":"2018-12-24T07:07:20+00:00","article_modified_time":"2020-05-03T16:00:42+00:00","og_image":[{"width":600,"height":400,"url":"https:\/\/www.fotografo-profesional.net\/diario\/wp-content\/uploads\/2018\/12\/Estampas-por-fot\u00f3grafo-profesional-en-Madrid-01.jpg","type":"image\/jpeg"}],"author":"Luis Miguel del Campo","twitter_card":"summary_large_image","twitter_misc":{"Escrito por":"Luis Miguel del Campo","Tiempo de lectura":"2 minutos"},"schema":{"@context":"https:\/\/schema.org","@graph":[{"@type":"WebPage","@id":"https:\/\/www.fotografo-profesional.net\/diario\/2018\/12\/24\/un-fotografo-profesional-por-las-calles\/","url":"https:\/\/www.fotografo-profesional.net\/diario\/2018\/12\/24\/un-fotografo-profesional-por-las-calles\/","name":"Un fot\u00f3grafo profesional por las calles - Luis Miguel del Campo","isPartOf":{"@id":"https:\/\/www.fotografo-profesional.net\/diario\/#website"},"datePublished":"2018-12-24T07:07:20+00:00","dateModified":"2020-05-03T16:00:42+00:00","author":{"@id":"https:\/\/www.fotografo-profesional.net\/diario\/#\/schema\/person\/220504871d765b4c30a0af1d2fe93533"},"description":"Reflexi\u00f3n sobre la vida cotidiana de la calle por un fot\u00f3grafo profesional de Madrid y elogio a los pobladores de su tejido urbano.","breadcrumb":{"@id":"https:\/\/www.fotografo-profesional.net\/diario\/2018\/12\/24\/un-fotografo-profesional-por-las-calles\/#breadcrumb"},"inLanguage":"es","potentialAction":[{"@type":"ReadAction","target":["https:\/\/www.fotografo-profesional.net\/diario\/2018\/12\/24\/un-fotografo-profesional-por-las-calles\/"]}]},{"@type":"BreadcrumbList","@id":"https:\/\/www.fotografo-profesional.net\/diario\/2018\/12\/24\/un-fotografo-profesional-por-las-calles\/#breadcrumb","itemListElement":[{"@type":"ListItem","position":1,"name":"Inicio","item":"https:\/\/www.fotografo-profesional.net\/diario\/"},{"@type":"ListItem","position":2,"name":"Un fot\u00f3grafo profesional por las calles"}]},{"@type":"WebSite","@id":"https:\/\/www.fotografo-profesional.net\/diario\/#website","url":"https:\/\/www.fotografo-profesional.net\/diario\/","name":"Luis Miguel del Campo","description":"Blog de un fot\u00f3grafo profesional","potentialAction":[{"@type":"SearchAction","target":{"@type":"EntryPoint","urlTemplate":"https:\/\/www.fotografo-profesional.net\/diario\/?s={search_term_string}"},"query-input":"required name=search_term_string"}],"inLanguage":"es"},{"@type":"Person","@id":"https:\/\/www.fotografo-profesional.net\/diario\/#\/schema\/person\/220504871d765b4c30a0af1d2fe93533","name":"Luis Miguel del Campo","image":{"@type":"ImageObject","inLanguage":"es","@id":"https:\/\/www.fotografo-profesional.net\/diario\/#\/schema\/person\/image\/","url":"https:\/\/secure.gravatar.com\/avatar\/84bb1120095136de86f122a882a42d61?s=96&d=mm&r=g","contentUrl":"https:\/\/secure.gravatar.com\/avatar\/84bb1120095136de86f122a882a42d61?s=96&d=mm&r=g","caption":"Luis Miguel del Campo"},"url":"https:\/\/www.fotografo-profesional.net\/diario\/author\/admin_lmdc\/"}]}},"_links":{"self":[{"href":"https:\/\/www.fotografo-profesional.net\/diario\/wp-json\/wp\/v2\/posts\/411"}],"collection":[{"href":"https:\/\/www.fotografo-profesional.net\/diario\/wp-json\/wp\/v2\/posts"}],"about":[{"href":"https:\/\/www.fotografo-profesional.net\/diario\/wp-json\/wp\/v2\/types\/post"}],"author":[{"embeddable":true,"href":"https:\/\/www.fotografo-profesional.net\/diario\/wp-json\/wp\/v2\/users\/2"}],"replies":[{"embeddable":true,"href":"https:\/\/www.fotografo-profesional.net\/diario\/wp-json\/wp\/v2\/comments?post=411"}],"version-history":[{"count":11,"href":"https:\/\/www.fotografo-profesional.net\/diario\/wp-json\/wp\/v2\/posts\/411\/revisions"}],"predecessor-version":[{"id":1629,"href":"https:\/\/www.fotografo-profesional.net\/diario\/wp-json\/wp\/v2\/posts\/411\/revisions\/1629"}],"wp:featuredmedia":[{"embeddable":true,"href":"https:\/\/www.fotografo-profesional.net\/diario\/wp-json\/wp\/v2\/media\/420"}],"wp:attachment":[{"href":"https:\/\/www.fotografo-profesional.net\/diario\/wp-json\/wp\/v2\/media?parent=411"}],"wp:term":[{"taxonomy":"category","embeddable":true,"href":"https:\/\/www.fotografo-profesional.net\/diario\/wp-json\/wp\/v2\/categories?post=411"},{"taxonomy":"post_tag","embeddable":true,"href":"https:\/\/www.fotografo-profesional.net\/diario\/wp-json\/wp\/v2\/tags?post=411"}],"curies":[{"name":"wp","href":"https:\/\/api.w.org\/{rel}","templated":true}]}}