{"id":453,"date":"2019-01-17T17:09:57","date_gmt":"2019-01-17T16:09:57","guid":{"rendered":"https:\/\/www.fotografo-profesional.net\/diario\/?p=453"},"modified":"2020-05-09T16:19:26","modified_gmt":"2020-05-09T14:19:26","slug":"fotografia-de-calle-en-madrid","status":"publish","type":"post","link":"https:\/\/www.fotografo-profesional.net\/diario\/2019\/01\/17\/fotografia-de-calle-en-madrid\/","title":{"rendered":"Fotograf\u00eda de calle en Madrid"},"content":{"rendered":"<p><img decoding=\"async\" class=\"size-full wp-image-458 aligncenter\" src=\"https:\/\/www.fotografo-profesional.net\/diario\/wp-content\/uploads\/2019\/01\/Fot\u00f3grafo-profesional-de-Madrid-en-la-calle.jpg\" alt=\"fot\u00f3grafo de calle en Madrid\" width=\"600\" height=\"400\" srcset=\"https:\/\/www.fotografo-profesional.net\/diario\/wp-content\/uploads\/2019\/01\/Fot\u00f3grafo-profesional-de-Madrid-en-la-calle.jpg 600w, https:\/\/www.fotografo-profesional.net\/diario\/wp-content\/uploads\/2019\/01\/Fot\u00f3grafo-profesional-de-Madrid-en-la-calle-300x200.jpg 300w\" sizes=\"(max-width: 600px) 100vw, 600px\" \/><\/p>\n<h3>Estampas de Madrid (0064)<\/h3>\n<p><strong>La fotograf\u00eda de calle se ha puesto de moda<\/strong> en los \u00faltimos a\u00f1os. Algo l\u00f3gico si tenemos en cuenta que hoy en d\u00eda todo el mundo es fot\u00f3grafo en tanto en cuanto que hace fotograf\u00edas. El paso siguiente era que los fot\u00f3grafos tomaran fotograf\u00edas en la calle, que es el lugar que m\u00e1s a mano le queda a todo el mundo para practicar; al menos eso ocurre en Madrid.<\/p>\n<p>\u00bf<strong>Ayuda ser un fot\u00f3grafo profesional<\/strong> en Madrid a la hora de acometer la fotograf\u00eda de calle? Por un lado, a primera vista, podr\u00eda pensarse que alguien que conoce el lenguaje fotogr\u00e1fico y tiene pr\u00e1ctica en el oficio tendr\u00eda ventaja frente a cualquier fot\u00f3grafo aficionado de Madrid. Pero esto no siempre es as\u00ed.<\/p>\n<p>En ocasiones se dan casos en el mundo de la imagen en que un reci\u00e9n llegado, con unos conocimientos m\u00ednimos, rompe las reglas que cualquier fot\u00f3grafo <a href=\"https:\/\/www.fotografo-profesional.net\/portfolio\/fotografia-de-eventos\/\"><span style=\"color: #0000ff;\"><em>profesional cumple a rajatabla<\/em><\/span><\/a> y, por eso, innova y su voz fotogr\u00e1fica refresca la fotograf\u00eda de calle. No es lo habitual, pero ocurre.<\/p>\n<p>La <a href=\"https:\/\/www.fotografo-profesional.net\/diario\/2018\/08\/02\/cuando-el-color-es-el-tema-fotografico\/\"><span style=\"color: #0000ff;\"><em>caracter\u00edstica principal de un fot\u00f3grafo de calle es la intuici\u00f3n<\/em><\/span><\/a>, la visi\u00f3n fotogr\u00e1fica y la anticipaci\u00f3n a lo que va a suceder. La fotograf\u00eda de calle se asocia siempre a grandes ciudades, en este caso Madrid. No parece propio hablar de fotograf\u00eda de calle en pueblos, aunque dependiendo del asunto tambi\u00e9n pudiera ser.<\/p>\n<p>En el caso que ilustra este art\u00edculo lo m\u00e1s importante fue <a href=\"https:\/\/www.fotografo-profesional.net\/diario\/2018\/12\/31\/fotografo-a-la-caza-de-estampas\/\"><span style=\"color: #0000ff;\"><em>pasar por el lugar adecuado en el momento preciso<\/em><\/span><\/a>, algo que aprovech\u00f3 este fot\u00f3grafo de Madrid para tomar la instant\u00e1nea.<\/p>\n<p>La mucha o poca gracia que tiene esta fotograf\u00eda de calle es que la mayor\u00eda de transe\u00fantes de la plaza de las Cortes de Madrid est\u00e1n mirando absortos algo que est\u00e1 fuera del encuadre. <strong>\u00bfQu\u00e9 es lo que sucede fuera de cuadro?<\/strong><\/p>\n<p>\u00bfSexo? \u00bfAlguna persona que se va a tirar al vac\u00edo? \u00bfFuegos artificiales? \u00bfUn prodigio?<\/p>\n","protected":false},"excerpt":{"rendered":"<p>Estampas de Madrid (0064) La fotograf\u00eda de calle se ha puesto de moda en los \u00faltimos a\u00f1os. Algo l\u00f3gico si tenemos en cuenta que hoy en d\u00eda todo el mundo es fot\u00f3grafo en tanto en cuanto que hace fotograf\u00edas. El paso siguiente era que los fot\u00f3grafos tomaran fotograf\u00edas en la calle, que es el lugar [&hellip;]<\/p>\n","protected":false},"author":2,"featured_media":458,"comment_status":"closed","ping_status":"open","sticky":false,"template":"","format":"standard","meta":[],"categories":[209,55,48,116],"tags":[109,159,110,117,59,119,120,307,145],"yoast_head":"<!-- This site is optimized with the Yoast SEO plugin v20.8 - https:\/\/yoast.com\/wordpress\/plugins\/seo\/ -->\n<title>Fotograf\u00eda de calle en Madrid - Luis Miguel del Campo<\/title>\n<meta name=\"description\" content=\"Breve consideraci\u00f3n sobre la fotograf\u00eda de calle seg\u00fan el punto de vista y la experiencia de un fot\u00f3grafo profesional de Madrid.\" \/>\n<meta name=\"robots\" content=\"index, follow, max-snippet:-1, max-image-preview:large, max-video-preview:-1\" \/>\n<link rel=\"canonical\" href=\"https:\/\/www.fotografo-profesional.net\/diario\/2019\/01\/17\/fotografia-de-calle-en-madrid\/\" \/>\n<meta property=\"og:locale\" content=\"es_ES\" \/>\n<meta property=\"og:type\" content=\"article\" \/>\n<meta property=\"og:title\" content=\"Fotograf\u00eda de calle en Madrid - Luis Miguel del Campo\" \/>\n<meta property=\"og:description\" content=\"Breve consideraci\u00f3n sobre la fotograf\u00eda de calle seg\u00fan el punto de vista y la experiencia de un fot\u00f3grafo profesional de Madrid.\" \/>\n<meta property=\"og:url\" content=\"https:\/\/www.fotografo-profesional.net\/diario\/2019\/01\/17\/fotografia-de-calle-en-madrid\/\" \/>\n<meta property=\"og:site_name\" content=\"Luis Miguel del Campo\" \/>\n<meta property=\"article:published_time\" content=\"2019-01-17T16:09:57+00:00\" \/>\n<meta property=\"article:modified_time\" content=\"2020-05-09T14:19:26+00:00\" \/>\n<meta property=\"og:image\" content=\"https:\/\/www.fotografo-profesional.net\/diario\/wp-content\/uploads\/2019\/01\/Fot\u00f3grafo-profesional-de-Madrid-en-la-calle.jpg\" \/>\n\t<meta property=\"og:image:width\" content=\"600\" \/>\n\t<meta property=\"og:image:height\" content=\"400\" \/>\n\t<meta property=\"og:image:type\" content=\"image\/jpeg\" \/>\n<meta name=\"author\" content=\"Luis Miguel del Campo\" \/>\n<meta name=\"twitter:card\" content=\"summary_large_image\" \/>\n<meta name=\"twitter:label1\" content=\"Escrito por\" \/>\n\t<meta name=\"twitter:data1\" content=\"Luis Miguel del Campo\" \/>\n\t<meta name=\"twitter:label2\" content=\"Tiempo de lectura\" \/>\n\t<meta name=\"twitter:data2\" content=\"2 minutos\" \/>\n<script type=\"application\/ld+json\" class=\"yoast-schema-graph\">{\"@context\":\"https:\/\/schema.org\",\"@graph\":[{\"@type\":\"WebPage\",\"@id\":\"https:\/\/www.fotografo-profesional.net\/diario\/2019\/01\/17\/fotografia-de-calle-en-madrid\/\",\"url\":\"https:\/\/www.fotografo-profesional.net\/diario\/2019\/01\/17\/fotografia-de-calle-en-madrid\/\",\"name\":\"Fotograf\u00eda de calle en Madrid - Luis Miguel del Campo\",\"isPartOf\":{\"@id\":\"https:\/\/www.fotografo-profesional.net\/diario\/#website\"},\"datePublished\":\"2019-01-17T16:09:57+00:00\",\"dateModified\":\"2020-05-09T14:19:26+00:00\",\"author\":{\"@id\":\"https:\/\/www.fotografo-profesional.net\/diario\/#\/schema\/person\/220504871d765b4c30a0af1d2fe93533\"},\"description\":\"Breve consideraci\u00f3n sobre la fotograf\u00eda de calle seg\u00fan el punto de vista y la experiencia de un fot\u00f3grafo profesional de Madrid.\",\"breadcrumb\":{\"@id\":\"https:\/\/www.fotografo-profesional.net\/diario\/2019\/01\/17\/fotografia-de-calle-en-madrid\/#breadcrumb\"},\"inLanguage\":\"es\",\"potentialAction\":[{\"@type\":\"ReadAction\",\"target\":[\"https:\/\/www.fotografo-profesional.net\/diario\/2019\/01\/17\/fotografia-de-calle-en-madrid\/\"]}]},{\"@type\":\"BreadcrumbList\",\"@id\":\"https:\/\/www.fotografo-profesional.net\/diario\/2019\/01\/17\/fotografia-de-calle-en-madrid\/#breadcrumb\",\"itemListElement\":[{\"@type\":\"ListItem\",\"position\":1,\"name\":\"Inicio\",\"item\":\"https:\/\/www.fotografo-profesional.net\/diario\/\"},{\"@type\":\"ListItem\",\"position\":2,\"name\":\"Fotograf\u00eda de calle en Madrid\"}]},{\"@type\":\"WebSite\",\"@id\":\"https:\/\/www.fotografo-profesional.net\/diario\/#website\",\"url\":\"https:\/\/www.fotografo-profesional.net\/diario\/\",\"name\":\"Luis Miguel del Campo\",\"description\":\"Blog de un fot\u00f3grafo profesional\",\"potentialAction\":[{\"@type\":\"SearchAction\",\"target\":{\"@type\":\"EntryPoint\",\"urlTemplate\":\"https:\/\/www.fotografo-profesional.net\/diario\/?s={search_term_string}\"},\"query-input\":\"required name=search_term_string\"}],\"inLanguage\":\"es\"},{\"@type\":\"Person\",\"@id\":\"https:\/\/www.fotografo-profesional.net\/diario\/#\/schema\/person\/220504871d765b4c30a0af1d2fe93533\",\"name\":\"Luis Miguel del Campo\",\"image\":{\"@type\":\"ImageObject\",\"inLanguage\":\"es\",\"@id\":\"https:\/\/www.fotografo-profesional.net\/diario\/#\/schema\/person\/image\/\",\"url\":\"https:\/\/secure.gravatar.com\/avatar\/84bb1120095136de86f122a882a42d61?s=96&d=mm&r=g\",\"contentUrl\":\"https:\/\/secure.gravatar.com\/avatar\/84bb1120095136de86f122a882a42d61?s=96&d=mm&r=g\",\"caption\":\"Luis Miguel del Campo\"},\"url\":\"https:\/\/www.fotografo-profesional.net\/diario\/author\/admin_lmdc\/\"}]}<\/script>\n<!-- \/ Yoast SEO plugin. -->","yoast_head_json":{"title":"Fotograf\u00eda de calle en Madrid - Luis Miguel del Campo","description":"Breve consideraci\u00f3n sobre la fotograf\u00eda de calle seg\u00fan el punto de vista y la experiencia de un fot\u00f3grafo profesional de Madrid.","robots":{"index":"index","follow":"follow","max-snippet":"max-snippet:-1","max-image-preview":"max-image-preview:large","max-video-preview":"max-video-preview:-1"},"canonical":"https:\/\/www.fotografo-profesional.net\/diario\/2019\/01\/17\/fotografia-de-calle-en-madrid\/","og_locale":"es_ES","og_type":"article","og_title":"Fotograf\u00eda de calle en Madrid - Luis Miguel del Campo","og_description":"Breve consideraci\u00f3n sobre la fotograf\u00eda de calle seg\u00fan el punto de vista y la experiencia de un fot\u00f3grafo profesional de Madrid.","og_url":"https:\/\/www.fotografo-profesional.net\/diario\/2019\/01\/17\/fotografia-de-calle-en-madrid\/","og_site_name":"Luis Miguel del Campo","article_published_time":"2019-01-17T16:09:57+00:00","article_modified_time":"2020-05-09T14:19:26+00:00","og_image":[{"width":600,"height":400,"url":"https:\/\/www.fotografo-profesional.net\/diario\/wp-content\/uploads\/2019\/01\/Fot\u00f3grafo-profesional-de-Madrid-en-la-calle.jpg","type":"image\/jpeg"}],"author":"Luis Miguel del Campo","twitter_card":"summary_large_image","twitter_misc":{"Escrito por":"Luis Miguel del Campo","Tiempo de lectura":"2 minutos"},"schema":{"@context":"https:\/\/schema.org","@graph":[{"@type":"WebPage","@id":"https:\/\/www.fotografo-profesional.net\/diario\/2019\/01\/17\/fotografia-de-calle-en-madrid\/","url":"https:\/\/www.fotografo-profesional.net\/diario\/2019\/01\/17\/fotografia-de-calle-en-madrid\/","name":"Fotograf\u00eda de calle en Madrid - Luis Miguel del Campo","isPartOf":{"@id":"https:\/\/www.fotografo-profesional.net\/diario\/#website"},"datePublished":"2019-01-17T16:09:57+00:00","dateModified":"2020-05-09T14:19:26+00:00","author":{"@id":"https:\/\/www.fotografo-profesional.net\/diario\/#\/schema\/person\/220504871d765b4c30a0af1d2fe93533"},"description":"Breve consideraci\u00f3n sobre la fotograf\u00eda de calle seg\u00fan el punto de vista y la experiencia de un fot\u00f3grafo profesional de Madrid.","breadcrumb":{"@id":"https:\/\/www.fotografo-profesional.net\/diario\/2019\/01\/17\/fotografia-de-calle-en-madrid\/#breadcrumb"},"inLanguage":"es","potentialAction":[{"@type":"ReadAction","target":["https:\/\/www.fotografo-profesional.net\/diario\/2019\/01\/17\/fotografia-de-calle-en-madrid\/"]}]},{"@type":"BreadcrumbList","@id":"https:\/\/www.fotografo-profesional.net\/diario\/2019\/01\/17\/fotografia-de-calle-en-madrid\/#breadcrumb","itemListElement":[{"@type":"ListItem","position":1,"name":"Inicio","item":"https:\/\/www.fotografo-profesional.net\/diario\/"},{"@type":"ListItem","position":2,"name":"Fotograf\u00eda de calle en Madrid"}]},{"@type":"WebSite","@id":"https:\/\/www.fotografo-profesional.net\/diario\/#website","url":"https:\/\/www.fotografo-profesional.net\/diario\/","name":"Luis Miguel del Campo","description":"Blog de un fot\u00f3grafo profesional","potentialAction":[{"@type":"SearchAction","target":{"@type":"EntryPoint","urlTemplate":"https:\/\/www.fotografo-profesional.net\/diario\/?s={search_term_string}"},"query-input":"required name=search_term_string"}],"inLanguage":"es"},{"@type":"Person","@id":"https:\/\/www.fotografo-profesional.net\/diario\/#\/schema\/person\/220504871d765b4c30a0af1d2fe93533","name":"Luis Miguel del Campo","image":{"@type":"ImageObject","inLanguage":"es","@id":"https:\/\/www.fotografo-profesional.net\/diario\/#\/schema\/person\/image\/","url":"https:\/\/secure.gravatar.com\/avatar\/84bb1120095136de86f122a882a42d61?s=96&d=mm&r=g","contentUrl":"https:\/\/secure.gravatar.com\/avatar\/84bb1120095136de86f122a882a42d61?s=96&d=mm&r=g","caption":"Luis Miguel del Campo"},"url":"https:\/\/www.fotografo-profesional.net\/diario\/author\/admin_lmdc\/"}]}},"_links":{"self":[{"href":"https:\/\/www.fotografo-profesional.net\/diario\/wp-json\/wp\/v2\/posts\/453"}],"collection":[{"href":"https:\/\/www.fotografo-profesional.net\/diario\/wp-json\/wp\/v2\/posts"}],"about":[{"href":"https:\/\/www.fotografo-profesional.net\/diario\/wp-json\/wp\/v2\/types\/post"}],"author":[{"embeddable":true,"href":"https:\/\/www.fotografo-profesional.net\/diario\/wp-json\/wp\/v2\/users\/2"}],"replies":[{"embeddable":true,"href":"https:\/\/www.fotografo-profesional.net\/diario\/wp-json\/wp\/v2\/comments?post=453"}],"version-history":[{"count":5,"href":"https:\/\/www.fotografo-profesional.net\/diario\/wp-json\/wp\/v2\/posts\/453\/revisions"}],"predecessor-version":[{"id":1867,"href":"https:\/\/www.fotografo-profesional.net\/diario\/wp-json\/wp\/v2\/posts\/453\/revisions\/1867"}],"wp:featuredmedia":[{"embeddable":true,"href":"https:\/\/www.fotografo-profesional.net\/diario\/wp-json\/wp\/v2\/media\/458"}],"wp:attachment":[{"href":"https:\/\/www.fotografo-profesional.net\/diario\/wp-json\/wp\/v2\/media?parent=453"}],"wp:term":[{"taxonomy":"category","embeddable":true,"href":"https:\/\/www.fotografo-profesional.net\/diario\/wp-json\/wp\/v2\/categories?post=453"},{"taxonomy":"post_tag","embeddable":true,"href":"https:\/\/www.fotografo-profesional.net\/diario\/wp-json\/wp\/v2\/tags?post=453"}],"curies":[{"name":"wp","href":"https:\/\/api.w.org\/{rel}","templated":true}]}}