{"id":481,"date":"2019-02-01T09:37:52","date_gmt":"2019-02-01T08:37:52","guid":{"rendered":"https:\/\/www.fotografo-profesional.net\/diario\/?p=481"},"modified":"2020-05-10T11:13:47","modified_gmt":"2020-05-10T09:13:47","slug":"momentos-inesperados-de-una-boda","status":"publish","type":"post","link":"https:\/\/www.fotografo-profesional.net\/diario\/2019\/02\/01\/momentos-inesperados-de-una-boda\/","title":{"rendered":"Momentos inesperados de una boda"},"content":{"rendered":"<p><img decoding=\"async\" class=\"aligncenter wp-image-486 size-full\" src=\"https:\/\/www.fotografo-profesional.net\/diario\/wp-content\/uploads\/2019\/02\/Baile-por-fot\u00f3grafo-profesional-de-Madrid.jpg\" alt=\"Momentos inesperados de una boda en Madrid\" width=\"600\" height=\"492\" srcset=\"https:\/\/www.fotografo-profesional.net\/diario\/wp-content\/uploads\/2019\/02\/Baile-por-fot\u00f3grafo-profesional-de-Madrid.jpg 600w, https:\/\/www.fotografo-profesional.net\/diario\/wp-content\/uploads\/2019\/02\/Baile-por-fot\u00f3grafo-profesional-de-Madrid-300x246.jpg 300w\" sizes=\"(max-width: 600px) 100vw, 600px\" \/><\/p>\n<p>Pudiera parecer, cuando est\u00e1s haciendo un <strong>reportaje de boda<\/strong>, que una vez <a href=\"https:\/\/www.fotografo-profesional.net\/diario\/2018\/11\/21\/reportajes-de-boda-fuera-de-madrid\/\"><span style=\"color: #0000ff;\"><em>terminada la ceremonia<\/em><\/span><\/a>, las <em><a href=\"https:\/\/www.fotografo-profesional.net\/diario\/2018\/12\/27\/fotografias-de-boda-en-lugar-con-encanto\/\"><span style=\"color: #0000ff;\">fotograf\u00edas con encanto<\/span><\/a><\/em> y el convite ya est\u00e1 todo hecho y las mejores fotos ya est\u00e1n tomadas. Pues no.<\/p>\n<p>El vals que bailan los novios para abrir la celebraci\u00f3n es uno de los momentos que todo fot\u00f3grafo profesional de boda no debe dejar de capturar, pues aparte de que es uno de los momentos se\u00f1alados de todo reportaje fotogr\u00e1fico de boda que se precie, puede deparar sorpresas que no debes dejar pasar.<\/p>\n<p>Si ya el convite suele ser bastante relajado, pues lo fundamental, la ceremonia y los nervios, ya se han pasado, a partir del baile que abre el vals se relaja todav\u00eda m\u00e1s el estado de \u00e1nimo. Y la alegr\u00eda y la diversi\u00f3n se disparan.<\/p>\n<p>Como no me cansar\u00e9 de repetir, los ni\u00f1os pueden ofrecer grandes fotograf\u00edas a <a href=\"https:\/\/www.fotografo-profesional.net\/portfolio\/fotografia-de-bodas\/\"><span style=\"color: #0000ff;\"><em>los <strong>fot\u00f3grafos de bodas en Madrid<\/strong><\/em><\/span><\/a>. No se les puede perder de vista en ning\u00fan momento.<br \/>\nDonde menos te lo esperas, salta una instant\u00e1nea. As\u00ed que debes estar atento.<\/p>\n<p>Es el caso de la fotograf\u00eda que abre este art\u00edculo, donde el peque\u00f1o que apareci\u00f3 detr\u00e1s de la columna hizo que una fotograf\u00eda normal y corriente pasara a tener bastante m\u00e1s gracia. Porque, de por s\u00ed, eso de la apertura de baile con el vals de los novios suele ser algo establecido sin demasiado inter\u00e9s a no ser que los reci\u00e9n casados lo ejecuten con cierta gracia. Pero es inexcusable para cualquier fot\u00f3grafo profesional de boda el capturarlo; por lo menos aqu\u00ed en Madrid.<\/p>\n<h4>En qu\u00e9 momentos de una boda no hacer fotograf\u00edas<\/h4>\n<p>A partir del inicio del <strong>baile nupcial<\/strong> los fot\u00f3grafos de boda van a tener ocasi\u00f3n de hacer unas cuantas fotograf\u00edas de los invitados. Unas veces por <a href=\"https:\/\/www.fotografo-profesional.net\/diario\/2018\/11\/04\/tipos-de-celebraciones-de-boda\/\"><span style=\"color: #0000ff;\"><em>la gracia natural de algunos invitados<\/em><\/span><\/a>, otras por la gracia inducida por la cantidad de alcohol ingerido.<\/p>\n<p>Tambi\u00e9n hay situaciones durante el baile en las que un fot\u00f3grafo de boda de Madrid es mejor que no tome ciertas fotograf\u00edas, pues igual al verlas los invitados, d\u00edas despu\u00e9s, es casi seguro que no les vayan a gustar. Un buen fot\u00f3grafo de boda debe saber tambi\u00e9n cu\u00e1ndo no debe apretar el disparador.<\/p>\n","protected":false},"excerpt":{"rendered":"<p>Pudiera parecer, cuando est\u00e1s haciendo un reportaje de boda, que una vez terminada la ceremonia, las fotograf\u00edas con encanto y el convite ya est\u00e1 todo hecho y las mejores fotos ya est\u00e1n tomadas. Pues no. El vals que bailan los novios para abrir la celebraci\u00f3n es uno de los momentos que todo fot\u00f3grafo profesional de [&hellip;]<\/p>\n","protected":false},"author":2,"featured_media":486,"comment_status":"closed","ping_status":"open","sticky":false,"template":"","format":"standard","meta":[],"categories":[175,254,171,45,406,177,176],"tags":[32,134,117,59,130,119,120,307,94,121],"yoast_head":"<!-- This site is optimized with the Yoast SEO plugin v20.8 - https:\/\/yoast.com\/wordpress\/plugins\/seo\/ -->\n<title>Momentos inesperados de una boda - Luis Miguel del Campo<\/title>\n<meta name=\"description\" content=\"Momentos de una boda que no se pueden perder ni dejar capturar por ser claves en un reportaje profesional de boda que se precie.\" \/>\n<meta name=\"robots\" content=\"index, follow, max-snippet:-1, max-image-preview:large, max-video-preview:-1\" \/>\n<link rel=\"canonical\" href=\"https:\/\/www.fotografo-profesional.net\/diario\/2019\/02\/01\/momentos-inesperados-de-una-boda\/\" \/>\n<meta property=\"og:locale\" content=\"es_ES\" \/>\n<meta property=\"og:type\" content=\"article\" \/>\n<meta property=\"og:title\" content=\"Momentos inesperados de una boda - Luis Miguel del Campo\" \/>\n<meta property=\"og:description\" content=\"Momentos de una boda que no se pueden perder ni dejar capturar por ser claves en un reportaje profesional de boda que se precie.\" \/>\n<meta property=\"og:url\" content=\"https:\/\/www.fotografo-profesional.net\/diario\/2019\/02\/01\/momentos-inesperados-de-una-boda\/\" \/>\n<meta property=\"og:site_name\" content=\"Luis Miguel del Campo\" \/>\n<meta property=\"article:published_time\" content=\"2019-02-01T08:37:52+00:00\" \/>\n<meta property=\"article:modified_time\" content=\"2020-05-10T09:13:47+00:00\" \/>\n<meta property=\"og:image\" content=\"https:\/\/www.fotografo-profesional.net\/diario\/wp-content\/uploads\/2019\/02\/Baile-por-fot\u00f3grafo-profesional-de-Madrid.jpg\" \/>\n\t<meta property=\"og:image:width\" content=\"600\" \/>\n\t<meta property=\"og:image:height\" content=\"492\" \/>\n\t<meta property=\"og:image:type\" content=\"image\/jpeg\" \/>\n<meta name=\"author\" content=\"Luis Miguel del Campo\" \/>\n<meta name=\"twitter:card\" content=\"summary_large_image\" \/>\n<meta name=\"twitter:label1\" content=\"Escrito por\" \/>\n\t<meta name=\"twitter:data1\" content=\"Luis Miguel del Campo\" \/>\n\t<meta name=\"twitter:label2\" content=\"Tiempo de lectura\" \/>\n\t<meta name=\"twitter:data2\" content=\"2 minutos\" \/>\n<script type=\"application\/ld+json\" class=\"yoast-schema-graph\">{\"@context\":\"https:\/\/schema.org\",\"@graph\":[{\"@type\":\"WebPage\",\"@id\":\"https:\/\/www.fotografo-profesional.net\/diario\/2019\/02\/01\/momentos-inesperados-de-una-boda\/\",\"url\":\"https:\/\/www.fotografo-profesional.net\/diario\/2019\/02\/01\/momentos-inesperados-de-una-boda\/\",\"name\":\"Momentos inesperados de una boda - Luis Miguel del Campo\",\"isPartOf\":{\"@id\":\"https:\/\/www.fotografo-profesional.net\/diario\/#website\"},\"datePublished\":\"2019-02-01T08:37:52+00:00\",\"dateModified\":\"2020-05-10T09:13:47+00:00\",\"author\":{\"@id\":\"https:\/\/www.fotografo-profesional.net\/diario\/#\/schema\/person\/220504871d765b4c30a0af1d2fe93533\"},\"description\":\"Momentos de una boda que no se pueden perder ni dejar capturar por ser claves en un reportaje profesional de boda que se precie.\",\"breadcrumb\":{\"@id\":\"https:\/\/www.fotografo-profesional.net\/diario\/2019\/02\/01\/momentos-inesperados-de-una-boda\/#breadcrumb\"},\"inLanguage\":\"es\",\"potentialAction\":[{\"@type\":\"ReadAction\",\"target\":[\"https:\/\/www.fotografo-profesional.net\/diario\/2019\/02\/01\/momentos-inesperados-de-una-boda\/\"]}]},{\"@type\":\"BreadcrumbList\",\"@id\":\"https:\/\/www.fotografo-profesional.net\/diario\/2019\/02\/01\/momentos-inesperados-de-una-boda\/#breadcrumb\",\"itemListElement\":[{\"@type\":\"ListItem\",\"position\":1,\"name\":\"Inicio\",\"item\":\"https:\/\/www.fotografo-profesional.net\/diario\/\"},{\"@type\":\"ListItem\",\"position\":2,\"name\":\"Momentos inesperados de una boda\"}]},{\"@type\":\"WebSite\",\"@id\":\"https:\/\/www.fotografo-profesional.net\/diario\/#website\",\"url\":\"https:\/\/www.fotografo-profesional.net\/diario\/\",\"name\":\"Luis Miguel del Campo\",\"description\":\"Blog de un fot\u00f3grafo profesional\",\"potentialAction\":[{\"@type\":\"SearchAction\",\"target\":{\"@type\":\"EntryPoint\",\"urlTemplate\":\"https:\/\/www.fotografo-profesional.net\/diario\/?s={search_term_string}\"},\"query-input\":\"required name=search_term_string\"}],\"inLanguage\":\"es\"},{\"@type\":\"Person\",\"@id\":\"https:\/\/www.fotografo-profesional.net\/diario\/#\/schema\/person\/220504871d765b4c30a0af1d2fe93533\",\"name\":\"Luis Miguel del Campo\",\"image\":{\"@type\":\"ImageObject\",\"inLanguage\":\"es\",\"@id\":\"https:\/\/www.fotografo-profesional.net\/diario\/#\/schema\/person\/image\/\",\"url\":\"https:\/\/secure.gravatar.com\/avatar\/84bb1120095136de86f122a882a42d61?s=96&d=mm&r=g\",\"contentUrl\":\"https:\/\/secure.gravatar.com\/avatar\/84bb1120095136de86f122a882a42d61?s=96&d=mm&r=g\",\"caption\":\"Luis Miguel del Campo\"},\"url\":\"https:\/\/www.fotografo-profesional.net\/diario\/author\/admin_lmdc\/\"}]}<\/script>\n<!-- \/ Yoast SEO plugin. -->","yoast_head_json":{"title":"Momentos inesperados de una boda - Luis Miguel del Campo","description":"Momentos de una boda que no se pueden perder ni dejar capturar por ser claves en un reportaje profesional de boda que se precie.","robots":{"index":"index","follow":"follow","max-snippet":"max-snippet:-1","max-image-preview":"max-image-preview:large","max-video-preview":"max-video-preview:-1"},"canonical":"https:\/\/www.fotografo-profesional.net\/diario\/2019\/02\/01\/momentos-inesperados-de-una-boda\/","og_locale":"es_ES","og_type":"article","og_title":"Momentos inesperados de una boda - Luis Miguel del Campo","og_description":"Momentos de una boda que no se pueden perder ni dejar capturar por ser claves en un reportaje profesional de boda que se precie.","og_url":"https:\/\/www.fotografo-profesional.net\/diario\/2019\/02\/01\/momentos-inesperados-de-una-boda\/","og_site_name":"Luis Miguel del Campo","article_published_time":"2019-02-01T08:37:52+00:00","article_modified_time":"2020-05-10T09:13:47+00:00","og_image":[{"width":600,"height":492,"url":"https:\/\/www.fotografo-profesional.net\/diario\/wp-content\/uploads\/2019\/02\/Baile-por-fot\u00f3grafo-profesional-de-Madrid.jpg","type":"image\/jpeg"}],"author":"Luis Miguel del Campo","twitter_card":"summary_large_image","twitter_misc":{"Escrito por":"Luis Miguel del Campo","Tiempo de lectura":"2 minutos"},"schema":{"@context":"https:\/\/schema.org","@graph":[{"@type":"WebPage","@id":"https:\/\/www.fotografo-profesional.net\/diario\/2019\/02\/01\/momentos-inesperados-de-una-boda\/","url":"https:\/\/www.fotografo-profesional.net\/diario\/2019\/02\/01\/momentos-inesperados-de-una-boda\/","name":"Momentos inesperados de una boda - Luis Miguel del Campo","isPartOf":{"@id":"https:\/\/www.fotografo-profesional.net\/diario\/#website"},"datePublished":"2019-02-01T08:37:52+00:00","dateModified":"2020-05-10T09:13:47+00:00","author":{"@id":"https:\/\/www.fotografo-profesional.net\/diario\/#\/schema\/person\/220504871d765b4c30a0af1d2fe93533"},"description":"Momentos de una boda que no se pueden perder ni dejar capturar por ser claves en un reportaje profesional de boda que se precie.","breadcrumb":{"@id":"https:\/\/www.fotografo-profesional.net\/diario\/2019\/02\/01\/momentos-inesperados-de-una-boda\/#breadcrumb"},"inLanguage":"es","potentialAction":[{"@type":"ReadAction","target":["https:\/\/www.fotografo-profesional.net\/diario\/2019\/02\/01\/momentos-inesperados-de-una-boda\/"]}]},{"@type":"BreadcrumbList","@id":"https:\/\/www.fotografo-profesional.net\/diario\/2019\/02\/01\/momentos-inesperados-de-una-boda\/#breadcrumb","itemListElement":[{"@type":"ListItem","position":1,"name":"Inicio","item":"https:\/\/www.fotografo-profesional.net\/diario\/"},{"@type":"ListItem","position":2,"name":"Momentos inesperados de una boda"}]},{"@type":"WebSite","@id":"https:\/\/www.fotografo-profesional.net\/diario\/#website","url":"https:\/\/www.fotografo-profesional.net\/diario\/","name":"Luis Miguel del Campo","description":"Blog de un fot\u00f3grafo profesional","potentialAction":[{"@type":"SearchAction","target":{"@type":"EntryPoint","urlTemplate":"https:\/\/www.fotografo-profesional.net\/diario\/?s={search_term_string}"},"query-input":"required name=search_term_string"}],"inLanguage":"es"},{"@type":"Person","@id":"https:\/\/www.fotografo-profesional.net\/diario\/#\/schema\/person\/220504871d765b4c30a0af1d2fe93533","name":"Luis Miguel del Campo","image":{"@type":"ImageObject","inLanguage":"es","@id":"https:\/\/www.fotografo-profesional.net\/diario\/#\/schema\/person\/image\/","url":"https:\/\/secure.gravatar.com\/avatar\/84bb1120095136de86f122a882a42d61?s=96&d=mm&r=g","contentUrl":"https:\/\/secure.gravatar.com\/avatar\/84bb1120095136de86f122a882a42d61?s=96&d=mm&r=g","caption":"Luis Miguel del Campo"},"url":"https:\/\/www.fotografo-profesional.net\/diario\/author\/admin_lmdc\/"}]}},"_links":{"self":[{"href":"https:\/\/www.fotografo-profesional.net\/diario\/wp-json\/wp\/v2\/posts\/481"}],"collection":[{"href":"https:\/\/www.fotografo-profesional.net\/diario\/wp-json\/wp\/v2\/posts"}],"about":[{"href":"https:\/\/www.fotografo-profesional.net\/diario\/wp-json\/wp\/v2\/types\/post"}],"author":[{"embeddable":true,"href":"https:\/\/www.fotografo-profesional.net\/diario\/wp-json\/wp\/v2\/users\/2"}],"replies":[{"embeddable":true,"href":"https:\/\/www.fotografo-profesional.net\/diario\/wp-json\/wp\/v2\/comments?post=481"}],"version-history":[{"count":8,"href":"https:\/\/www.fotografo-profesional.net\/diario\/wp-json\/wp\/v2\/posts\/481\/revisions"}],"predecessor-version":[{"id":1880,"href":"https:\/\/www.fotografo-profesional.net\/diario\/wp-json\/wp\/v2\/posts\/481\/revisions\/1880"}],"wp:featuredmedia":[{"embeddable":true,"href":"https:\/\/www.fotografo-profesional.net\/diario\/wp-json\/wp\/v2\/media\/486"}],"wp:attachment":[{"href":"https:\/\/www.fotografo-profesional.net\/diario\/wp-json\/wp\/v2\/media?parent=481"}],"wp:term":[{"taxonomy":"category","embeddable":true,"href":"https:\/\/www.fotografo-profesional.net\/diario\/wp-json\/wp\/v2\/categories?post=481"},{"taxonomy":"post_tag","embeddable":true,"href":"https:\/\/www.fotografo-profesional.net\/diario\/wp-json\/wp\/v2\/tags?post=481"}],"curies":[{"name":"wp","href":"https:\/\/api.w.org\/{rel}","templated":true}]}}