{"id":485,"date":"2019-02-04T11:10:54","date_gmt":"2019-02-04T10:10:54","guid":{"rendered":"https:\/\/www.fotografo-profesional.net\/diario\/?p=485"},"modified":"2020-05-10T19:08:44","modified_gmt":"2020-05-10T17:08:44","slug":"situacion-fotografica-equivoca","status":"publish","type":"post","link":"https:\/\/www.fotografo-profesional.net\/diario\/2019\/02\/04\/situacion-fotografica-equivoca\/","title":{"rendered":"Situaci\u00f3n fotogr\u00e1fica equ\u00edvoca"},"content":{"rendered":"<p><img decoding=\"async\" class=\"wp-image-490 size-full aligncenter\" src=\"https:\/\/www.fotografo-profesional.net\/diario\/wp-content\/uploads\/2019\/02\/Le\u00f3n-por-fot\u00f3grafo-profesional-en-Madrid.jpg\" alt=\"Plaza de las Cortes por fot\u00f3grafo profesional en Madrid\" width=\"600\" height=\"400\" srcset=\"https:\/\/www.fotografo-profesional.net\/diario\/wp-content\/uploads\/2019\/02\/Le\u00f3n-por-fot\u00f3grafo-profesional-en-Madrid.jpg 600w, https:\/\/www.fotografo-profesional.net\/diario\/wp-content\/uploads\/2019\/02\/Le\u00f3n-por-fot\u00f3grafo-profesional-en-Madrid-300x200.jpg 300w\" sizes=\"(max-width: 600px) 100vw, 600px\" \/><\/p>\n<h4>Estampas de Madrid (0066)<\/h4>\n<p>El encanto de algunas fotograf\u00edas est\u00e1 en que no reflejan lo que puede parecer a simple vista, sino que se trata de una situaci\u00f3n fotogr\u00e1fica equ\u00edvoca.<br \/>\nEs algo de lo que un fot\u00f3grafo profesional se aprovecha siempre que puede.<\/p>\n<p>Hay lugares tan visitados por los fot\u00f3grafos en Madrid que si pudieran hablar se quejar\u00edan amargamente en cuanto vieran acercarse a una persona con una c\u00e1mara en sus manos. Y si pudieran hablar dir\u00edan: \u201cotra fotograf\u00eda no, por favor\u201d. O huir\u00edan despavoridos.<\/p>\n<p>La <strong>plaza de las Cortes<\/strong> es uno de estos lugares tan t\u00edpicos a los que se acercan a diario infinidad de fot\u00f3grafos y turistas que transitan por Madrid. Si los leones de su fachada principal pudieran hablar, tendr\u00edan infinidad de historias que contarnos. De todo tipo.<\/p>\n<p>Tambi\u00e9n seguramente nos dir\u00edan lo hartos que est\u00e1n de que todo el mundo que pasa por all\u00ed no deje de fotografiarlos. Desde hace tantos a\u00f1os&#8230; M\u00e1s ahora, desde que los tel\u00e9fonos inteligentes incorporan una c\u00e1mara fotogr\u00e1fica todo el mundo se ha convertido en fot\u00f3grafo, y <a href=\"https:\/\/www.fotografo-profesional.net\/portfolio\/fotografia-de-eventos\/\"><span style=\"color: #0000ff;\"><em>como tal se comporta<\/em><\/span><\/a> en sus paseos por Madrid.<\/p>\n<p>Hace unos d\u00edas, mientras caminaba por all\u00ed, me encontr\u00e9 la situaci\u00f3n que refleja la fotograf\u00eda superior. Extra\u00f1amente solo hab\u00eda una persona delante del Congreso y se aprestaba para hacer la t\u00edpica fotograf\u00eda de uno de los leones de la fachada.<\/p>\n<p>Parec\u00eda como si el le\u00f3n estuviera pendiente de ella, as\u00ed que, comport\u00e1ndome como un fot\u00f3grafo aficionado m\u00e1s que como un <strong>fot\u00f3grafo profesional de Madrid<\/strong>, empu\u00f1\u00e9 mi c\u00e1mara fotogr\u00e1fica e hice una captura.<\/p>\n<h4>La situaci\u00f3n fotogr\u00e1fica equ\u00edvoca<\/h4>\n<p>M\u00e1s que estar posando, podr\u00eda parecer que el le\u00f3n hab\u00eda girado su cabeza y estaba refunfu\u00f1ando, ense\u00f1ando los colmillos a la fot\u00f3grafa madrile\u00f1a. Si pudiera, seguramente se hubiera bajado del pedestal y hubiera huido lo m\u00e1s lejos posible.<\/p>\n<p>Eso s\u00ed, de haber podido bajar del pedestal seguramente \u00e9l tambi\u00e9n acabar\u00eda convertido en otro fot\u00f3grafo madrile\u00f1o.<\/p>\n","protected":false},"excerpt":{"rendered":"<p>Estampas de Madrid (0066) El encanto de algunas fotograf\u00edas est\u00e1 en que no reflejan lo que puede parecer a simple vista, sino que se trata de una situaci\u00f3n fotogr\u00e1fica equ\u00edvoca. Es algo de lo que un fot\u00f3grafo profesional se aprovecha siempre que puede. Hay lugares tan visitados por los fot\u00f3grafos en Madrid que si pudieran [&hellip;]<\/p>\n","protected":false},"author":2,"featured_media":490,"comment_status":"closed","ping_status":"open","sticky":false,"template":"","format":"standard","meta":[],"categories":[209,48,45,189,172,207,116],"tags":[109,110,117,59,119,120,307,197],"yoast_head":"<!-- This site is optimized with the Yoast SEO plugin v20.8 - https:\/\/yoast.com\/wordpress\/plugins\/seo\/ -->\n<title>Situaci\u00f3n fotogr\u00e1fica equ\u00edvoca - Luis Miguel del Campo<\/title>\n<meta name=\"description\" content=\"A veces surgen situaciones en el deambular de un fot\u00f3grafo en las que lo que puede parecer a primera vista no es m\u00e1s que una situaci\u00f3n fotogr\u00e1fica equ\u00edvoca.\" \/>\n<meta name=\"robots\" content=\"index, follow, max-snippet:-1, max-image-preview:large, max-video-preview:-1\" \/>\n<link rel=\"canonical\" href=\"https:\/\/www.fotografo-profesional.net\/diario\/2019\/02\/04\/situacion-fotografica-equivoca\/\" \/>\n<meta property=\"og:locale\" content=\"es_ES\" \/>\n<meta property=\"og:type\" content=\"article\" \/>\n<meta property=\"og:title\" content=\"Situaci\u00f3n fotogr\u00e1fica equ\u00edvoca - Luis Miguel del Campo\" \/>\n<meta property=\"og:description\" content=\"A veces surgen situaciones en el deambular de un fot\u00f3grafo en las que lo que puede parecer a primera vista no es m\u00e1s que una situaci\u00f3n fotogr\u00e1fica equ\u00edvoca.\" \/>\n<meta property=\"og:url\" content=\"https:\/\/www.fotografo-profesional.net\/diario\/2019\/02\/04\/situacion-fotografica-equivoca\/\" \/>\n<meta property=\"og:site_name\" content=\"Luis Miguel del Campo\" \/>\n<meta property=\"article:published_time\" content=\"2019-02-04T10:10:54+00:00\" \/>\n<meta property=\"article:modified_time\" content=\"2020-05-10T17:08:44+00:00\" \/>\n<meta property=\"og:image\" content=\"https:\/\/www.fotografo-profesional.net\/diario\/wp-content\/uploads\/2019\/02\/Le\u00f3n-por-fot\u00f3grafo-profesional-en-Madrid.jpg\" \/>\n\t<meta property=\"og:image:width\" content=\"600\" \/>\n\t<meta property=\"og:image:height\" content=\"400\" \/>\n\t<meta property=\"og:image:type\" content=\"image\/jpeg\" \/>\n<meta name=\"author\" content=\"Luis Miguel del Campo\" \/>\n<meta name=\"twitter:card\" content=\"summary_large_image\" \/>\n<meta name=\"twitter:label1\" content=\"Escrito por\" \/>\n\t<meta name=\"twitter:data1\" content=\"Luis Miguel del Campo\" \/>\n\t<meta name=\"twitter:label2\" content=\"Tiempo de lectura\" \/>\n\t<meta name=\"twitter:data2\" content=\"2 minutos\" \/>\n<script type=\"application\/ld+json\" class=\"yoast-schema-graph\">{\"@context\":\"https:\/\/schema.org\",\"@graph\":[{\"@type\":\"WebPage\",\"@id\":\"https:\/\/www.fotografo-profesional.net\/diario\/2019\/02\/04\/situacion-fotografica-equivoca\/\",\"url\":\"https:\/\/www.fotografo-profesional.net\/diario\/2019\/02\/04\/situacion-fotografica-equivoca\/\",\"name\":\"Situaci\u00f3n fotogr\u00e1fica equ\u00edvoca - Luis Miguel del Campo\",\"isPartOf\":{\"@id\":\"https:\/\/www.fotografo-profesional.net\/diario\/#website\"},\"datePublished\":\"2019-02-04T10:10:54+00:00\",\"dateModified\":\"2020-05-10T17:08:44+00:00\",\"author\":{\"@id\":\"https:\/\/www.fotografo-profesional.net\/diario\/#\/schema\/person\/220504871d765b4c30a0af1d2fe93533\"},\"description\":\"A veces surgen situaciones en el deambular de un fot\u00f3grafo en las que lo que puede parecer a primera vista no es m\u00e1s que una situaci\u00f3n fotogr\u00e1fica equ\u00edvoca.\",\"breadcrumb\":{\"@id\":\"https:\/\/www.fotografo-profesional.net\/diario\/2019\/02\/04\/situacion-fotografica-equivoca\/#breadcrumb\"},\"inLanguage\":\"es\",\"potentialAction\":[{\"@type\":\"ReadAction\",\"target\":[\"https:\/\/www.fotografo-profesional.net\/diario\/2019\/02\/04\/situacion-fotografica-equivoca\/\"]}]},{\"@type\":\"BreadcrumbList\",\"@id\":\"https:\/\/www.fotografo-profesional.net\/diario\/2019\/02\/04\/situacion-fotografica-equivoca\/#breadcrumb\",\"itemListElement\":[{\"@type\":\"ListItem\",\"position\":1,\"name\":\"Inicio\",\"item\":\"https:\/\/www.fotografo-profesional.net\/diario\/\"},{\"@type\":\"ListItem\",\"position\":2,\"name\":\"Situaci\u00f3n fotogr\u00e1fica equ\u00edvoca\"}]},{\"@type\":\"WebSite\",\"@id\":\"https:\/\/www.fotografo-profesional.net\/diario\/#website\",\"url\":\"https:\/\/www.fotografo-profesional.net\/diario\/\",\"name\":\"Luis Miguel del Campo\",\"description\":\"Blog de un fot\u00f3grafo profesional\",\"potentialAction\":[{\"@type\":\"SearchAction\",\"target\":{\"@type\":\"EntryPoint\",\"urlTemplate\":\"https:\/\/www.fotografo-profesional.net\/diario\/?s={search_term_string}\"},\"query-input\":\"required name=search_term_string\"}],\"inLanguage\":\"es\"},{\"@type\":\"Person\",\"@id\":\"https:\/\/www.fotografo-profesional.net\/diario\/#\/schema\/person\/220504871d765b4c30a0af1d2fe93533\",\"name\":\"Luis Miguel del Campo\",\"image\":{\"@type\":\"ImageObject\",\"inLanguage\":\"es\",\"@id\":\"https:\/\/www.fotografo-profesional.net\/diario\/#\/schema\/person\/image\/\",\"url\":\"https:\/\/secure.gravatar.com\/avatar\/84bb1120095136de86f122a882a42d61?s=96&d=mm&r=g\",\"contentUrl\":\"https:\/\/secure.gravatar.com\/avatar\/84bb1120095136de86f122a882a42d61?s=96&d=mm&r=g\",\"caption\":\"Luis Miguel del Campo\"},\"url\":\"https:\/\/www.fotografo-profesional.net\/diario\/author\/admin_lmdc\/\"}]}<\/script>\n<!-- \/ Yoast SEO plugin. -->","yoast_head_json":{"title":"Situaci\u00f3n fotogr\u00e1fica equ\u00edvoca - Luis Miguel del Campo","description":"A veces surgen situaciones en el deambular de un fot\u00f3grafo en las que lo que puede parecer a primera vista no es m\u00e1s que una situaci\u00f3n fotogr\u00e1fica equ\u00edvoca.","robots":{"index":"index","follow":"follow","max-snippet":"max-snippet:-1","max-image-preview":"max-image-preview:large","max-video-preview":"max-video-preview:-1"},"canonical":"https:\/\/www.fotografo-profesional.net\/diario\/2019\/02\/04\/situacion-fotografica-equivoca\/","og_locale":"es_ES","og_type":"article","og_title":"Situaci\u00f3n fotogr\u00e1fica equ\u00edvoca - Luis Miguel del Campo","og_description":"A veces surgen situaciones en el deambular de un fot\u00f3grafo en las que lo que puede parecer a primera vista no es m\u00e1s que una situaci\u00f3n fotogr\u00e1fica equ\u00edvoca.","og_url":"https:\/\/www.fotografo-profesional.net\/diario\/2019\/02\/04\/situacion-fotografica-equivoca\/","og_site_name":"Luis Miguel del Campo","article_published_time":"2019-02-04T10:10:54+00:00","article_modified_time":"2020-05-10T17:08:44+00:00","og_image":[{"width":600,"height":400,"url":"https:\/\/www.fotografo-profesional.net\/diario\/wp-content\/uploads\/2019\/02\/Le\u00f3n-por-fot\u00f3grafo-profesional-en-Madrid.jpg","type":"image\/jpeg"}],"author":"Luis Miguel del Campo","twitter_card":"summary_large_image","twitter_misc":{"Escrito por":"Luis Miguel del Campo","Tiempo de lectura":"2 minutos"},"schema":{"@context":"https:\/\/schema.org","@graph":[{"@type":"WebPage","@id":"https:\/\/www.fotografo-profesional.net\/diario\/2019\/02\/04\/situacion-fotografica-equivoca\/","url":"https:\/\/www.fotografo-profesional.net\/diario\/2019\/02\/04\/situacion-fotografica-equivoca\/","name":"Situaci\u00f3n fotogr\u00e1fica equ\u00edvoca - Luis Miguel del Campo","isPartOf":{"@id":"https:\/\/www.fotografo-profesional.net\/diario\/#website"},"datePublished":"2019-02-04T10:10:54+00:00","dateModified":"2020-05-10T17:08:44+00:00","author":{"@id":"https:\/\/www.fotografo-profesional.net\/diario\/#\/schema\/person\/220504871d765b4c30a0af1d2fe93533"},"description":"A veces surgen situaciones en el deambular de un fot\u00f3grafo en las que lo que puede parecer a primera vista no es m\u00e1s que una situaci\u00f3n fotogr\u00e1fica equ\u00edvoca.","breadcrumb":{"@id":"https:\/\/www.fotografo-profesional.net\/diario\/2019\/02\/04\/situacion-fotografica-equivoca\/#breadcrumb"},"inLanguage":"es","potentialAction":[{"@type":"ReadAction","target":["https:\/\/www.fotografo-profesional.net\/diario\/2019\/02\/04\/situacion-fotografica-equivoca\/"]}]},{"@type":"BreadcrumbList","@id":"https:\/\/www.fotografo-profesional.net\/diario\/2019\/02\/04\/situacion-fotografica-equivoca\/#breadcrumb","itemListElement":[{"@type":"ListItem","position":1,"name":"Inicio","item":"https:\/\/www.fotografo-profesional.net\/diario\/"},{"@type":"ListItem","position":2,"name":"Situaci\u00f3n fotogr\u00e1fica equ\u00edvoca"}]},{"@type":"WebSite","@id":"https:\/\/www.fotografo-profesional.net\/diario\/#website","url":"https:\/\/www.fotografo-profesional.net\/diario\/","name":"Luis Miguel del Campo","description":"Blog de un fot\u00f3grafo profesional","potentialAction":[{"@type":"SearchAction","target":{"@type":"EntryPoint","urlTemplate":"https:\/\/www.fotografo-profesional.net\/diario\/?s={search_term_string}"},"query-input":"required name=search_term_string"}],"inLanguage":"es"},{"@type":"Person","@id":"https:\/\/www.fotografo-profesional.net\/diario\/#\/schema\/person\/220504871d765b4c30a0af1d2fe93533","name":"Luis Miguel del Campo","image":{"@type":"ImageObject","inLanguage":"es","@id":"https:\/\/www.fotografo-profesional.net\/diario\/#\/schema\/person\/image\/","url":"https:\/\/secure.gravatar.com\/avatar\/84bb1120095136de86f122a882a42d61?s=96&d=mm&r=g","contentUrl":"https:\/\/secure.gravatar.com\/avatar\/84bb1120095136de86f122a882a42d61?s=96&d=mm&r=g","caption":"Luis Miguel del Campo"},"url":"https:\/\/www.fotografo-profesional.net\/diario\/author\/admin_lmdc\/"}]}},"_links":{"self":[{"href":"https:\/\/www.fotografo-profesional.net\/diario\/wp-json\/wp\/v2\/posts\/485"}],"collection":[{"href":"https:\/\/www.fotografo-profesional.net\/diario\/wp-json\/wp\/v2\/posts"}],"about":[{"href":"https:\/\/www.fotografo-profesional.net\/diario\/wp-json\/wp\/v2\/types\/post"}],"author":[{"embeddable":true,"href":"https:\/\/www.fotografo-profesional.net\/diario\/wp-json\/wp\/v2\/users\/2"}],"replies":[{"embeddable":true,"href":"https:\/\/www.fotografo-profesional.net\/diario\/wp-json\/wp\/v2\/comments?post=485"}],"version-history":[{"count":4,"href":"https:\/\/www.fotografo-profesional.net\/diario\/wp-json\/wp\/v2\/posts\/485\/revisions"}],"predecessor-version":[{"id":1883,"href":"https:\/\/www.fotografo-profesional.net\/diario\/wp-json\/wp\/v2\/posts\/485\/revisions\/1883"}],"wp:featuredmedia":[{"embeddable":true,"href":"https:\/\/www.fotografo-profesional.net\/diario\/wp-json\/wp\/v2\/media\/490"}],"wp:attachment":[{"href":"https:\/\/www.fotografo-profesional.net\/diario\/wp-json\/wp\/v2\/media?parent=485"}],"wp:term":[{"taxonomy":"category","embeddable":true,"href":"https:\/\/www.fotografo-profesional.net\/diario\/wp-json\/wp\/v2\/categories?post=485"},{"taxonomy":"post_tag","embeddable":true,"href":"https:\/\/www.fotografo-profesional.net\/diario\/wp-json\/wp\/v2\/tags?post=485"}],"curies":[{"name":"wp","href":"https:\/\/api.w.org\/{rel}","templated":true}]}}