{"id":501,"date":"2019-02-14T15:32:16","date_gmt":"2019-02-14T14:32:16","guid":{"rendered":"https:\/\/www.fotografo-profesional.net\/diario\/?p=501"},"modified":"2020-05-23T19:14:05","modified_gmt":"2020-05-23T17:14:05","slug":"fechas-senaladas","status":"publish","type":"post","link":"https:\/\/www.fotografo-profesional.net\/diario\/2019\/02\/14\/fechas-senaladas\/","title":{"rendered":"Fechas se\u00f1aladas"},"content":{"rendered":"<p><img decoding=\"async\" class=\"size-full wp-image-510 aligncenter\" src=\"https:\/\/www.fotografo-profesional.net\/diario\/wp-content\/uploads\/2019\/02\/Enamorados-vistos-por-Fot\u00f3grafo-Profesional-en-Madrid.jpg\" alt=\"Enamorados vistos por Fot\u00f3grafo Profesional en Madrid\" width=\"600\" height=\"400\" srcset=\"https:\/\/www.fotografo-profesional.net\/diario\/wp-content\/uploads\/2019\/02\/Enamorados-vistos-por-Fot\u00f3grafo-Profesional-en-Madrid.jpg 600w, https:\/\/www.fotografo-profesional.net\/diario\/wp-content\/uploads\/2019\/02\/Enamorados-vistos-por-Fot\u00f3grafo-Profesional-en-Madrid-300x200.jpg 300w\" sizes=\"(max-width: 600px) 100vw, 600px\" \/><\/p>\n<h4>Estampas de Madrid (0067)<\/h4>\n<p>Tenemos en el calendario un mont\u00f3n de <strong>fechas se\u00f1aladas<\/strong>. Un d\u00eda para cada cosa. Imagino que quien se encarga de decidir a qu\u00e9 se va a dedicar cada fecha lo realiza por hacernos un favor, para que estemos organizados y no se nos olvide ninguna cita importante. Sin ning\u00fan inter\u00e9s por su parte.<\/p>\n<p>Aunque luego, si descubres a partir de cuando tal d\u00eda del a\u00f1o se dedica a celebrar cu\u00e1l cosa, igual descubres que, tal vez, haya un inter\u00e9s cremat\u00edstico en la elecci\u00f3n.<br \/>\n\u00bfHay alg\u00fan d\u00eda del fot\u00f3grafo? \u00bfY del fot\u00f3grafo profesional en Madrid?Creo que no.<\/p>\n<p>Sin embargo, s\u00ed hay D\u00eda del Padre, D\u00eda de la Madre, D\u00eda de los Mayores, D\u00eda de los difuntos, D\u00eda de los Santos, <strong>D\u00eda de los Enamorados<\/strong>&#8230;<br \/>\nNo ser\u00e1 que los grandes almacenes nos han programado las fechas porque la vida est\u00e1 muy mal y hay que vender como sea&#8230;<\/p>\n<p>Desde hace unos d\u00edas he estado buscando una fotograf\u00eda que pudiera ilustrar esta entrada. Soy un fot\u00f3grafo profesional de Madrid que est\u00e1 la mayor\u00eda del d\u00eda en la calle, y a\u00fan as\u00ed me cost\u00f3 varias jornadas <a href=\"https:\/\/www.fotografo-profesional.net\/diario\/2019\/01\/17\/fotografia-de-calle-en-madrid\/\"><span style=\"color: #0000ff;\"><em>encontrar una fotograf\u00eda de calle<\/em><\/span><\/a> que poder hacer relacionada con el d\u00eda de hoy sin que el asunto capturado fuera cursi, manido o sencillamente hortera. Al final encontr\u00e9 esta estampa que no me rechinaba y apret\u00e9 el obturador.<\/p>\n<p>Hay compa\u00f1eros fot\u00f3grafos profesionales que en estas fechas lanzan ofertas de <a href=\"https:\/\/www.fotografo-profesional.net\/diario\/2019\/08\/31\/book-de-pareja-en-estudio\/\"><span style=\"color: #0000ff;\"><em>sesiones de estudio para parejas,<\/em><\/span><\/a> algo que en Madrid funcionaba bastante bien hace unos a\u00f1os. Ignoro si se siguen haciendo este tipo de cosas. Particularmente no las he hecho nunca con motivo del d\u00eda de los enamorados. S\u00ed, otros d\u00edas.<\/p>\n<h4>Propuesta<\/h4>\n<p>Ya que hay fechas se\u00f1aladas para todo, abogo porque haya un d\u00eda del fot\u00f3grafo profesional, por lo menos en Madrid, que es donde yo estoy. Mejor que eso, <strong>que todos los d\u00edas sean d\u00eda del fot\u00f3grafo profesional en Madrid<\/strong> y que la gente nos quiera y <a href=\"https:\/\/www.fotografo-profesional.net\/portfolio\/fotografia-de-eventos\/\"><span style=\"color: #0000ff;\"><em>nos contrate reportajes<\/em><\/span><\/a> como regalo, antes de que se pierda este oficio y solo existan los aficionados a la fotograf\u00eda que hagan de todo y muchas veces no cobren por su trabajo dada la descomunal oferta en el mercado fotogr\u00e1fico&#8230;<\/p>\n","protected":false},"excerpt":{"rendered":"<p>Estampas de Madrid (0067) Tenemos en el calendario un mont\u00f3n de fechas se\u00f1aladas. Un d\u00eda para cada cosa. Imagino que quien se encarga de decidir a qu\u00e9 se va a dedicar cada fecha lo realiza por hacernos un favor, para que estemos organizados y no se nos olvide ninguna cita importante. Sin ning\u00fan inter\u00e9s por [&hellip;]<\/p>\n","protected":false},"author":2,"featured_media":510,"comment_status":"closed","ping_status":"open","sticky":false,"template":"","format":"standard","meta":[],"categories":[209,48,45,406,116],"tags":[109,110,99,348,284,338,307,197,452],"yoast_head":"<!-- This site is optimized with the Yoast SEO plugin v20.8 - https:\/\/yoast.com\/wordpress\/plugins\/seo\/ -->\n<title>Fechas se\u00f1aladas - Luis Miguel del Campo<\/title>\n<meta name=\"description\" content=\"Reflexi\u00f3n sobre las fechas se\u00f1aladas en el calendario, su origen y deseos particulares para un futuro dentro del campo de la fotograf\u00eda.\" \/>\n<meta name=\"robots\" content=\"index, follow, max-snippet:-1, max-image-preview:large, max-video-preview:-1\" \/>\n<link rel=\"canonical\" href=\"https:\/\/www.fotografo-profesional.net\/diario\/2019\/02\/14\/fechas-senaladas\/\" \/>\n<meta property=\"og:locale\" content=\"es_ES\" \/>\n<meta property=\"og:type\" content=\"article\" \/>\n<meta property=\"og:title\" content=\"Fechas se\u00f1aladas - Luis Miguel del Campo\" \/>\n<meta property=\"og:description\" content=\"Reflexi\u00f3n sobre las fechas se\u00f1aladas en el calendario, su origen y deseos particulares para un futuro dentro del campo de la fotograf\u00eda.\" \/>\n<meta property=\"og:url\" content=\"https:\/\/www.fotografo-profesional.net\/diario\/2019\/02\/14\/fechas-senaladas\/\" \/>\n<meta property=\"og:site_name\" content=\"Luis Miguel del Campo\" \/>\n<meta property=\"article:published_time\" content=\"2019-02-14T14:32:16+00:00\" \/>\n<meta property=\"article:modified_time\" content=\"2020-05-23T17:14:05+00:00\" \/>\n<meta property=\"og:image\" content=\"https:\/\/www.fotografo-profesional.net\/diario\/wp-content\/uploads\/2019\/02\/Enamorados-vistos-por-Fot\u00f3grafo-Profesional-en-Madrid.jpg\" \/>\n\t<meta property=\"og:image:width\" content=\"600\" \/>\n\t<meta property=\"og:image:height\" content=\"400\" \/>\n\t<meta property=\"og:image:type\" content=\"image\/jpeg\" \/>\n<meta name=\"author\" content=\"Luis Miguel del Campo\" \/>\n<meta name=\"twitter:card\" content=\"summary_large_image\" \/>\n<meta name=\"twitter:label1\" content=\"Escrito por\" \/>\n\t<meta name=\"twitter:data1\" content=\"Luis Miguel del Campo\" \/>\n\t<meta name=\"twitter:label2\" content=\"Tiempo de lectura\" \/>\n\t<meta name=\"twitter:data2\" content=\"2 minutos\" \/>\n<script type=\"application\/ld+json\" class=\"yoast-schema-graph\">{\"@context\":\"https:\/\/schema.org\",\"@graph\":[{\"@type\":\"WebPage\",\"@id\":\"https:\/\/www.fotografo-profesional.net\/diario\/2019\/02\/14\/fechas-senaladas\/\",\"url\":\"https:\/\/www.fotografo-profesional.net\/diario\/2019\/02\/14\/fechas-senaladas\/\",\"name\":\"Fechas se\u00f1aladas - Luis Miguel del Campo\",\"isPartOf\":{\"@id\":\"https:\/\/www.fotografo-profesional.net\/diario\/#website\"},\"datePublished\":\"2019-02-14T14:32:16+00:00\",\"dateModified\":\"2020-05-23T17:14:05+00:00\",\"author\":{\"@id\":\"https:\/\/www.fotografo-profesional.net\/diario\/#\/schema\/person\/220504871d765b4c30a0af1d2fe93533\"},\"description\":\"Reflexi\u00f3n sobre las fechas se\u00f1aladas en el calendario, su origen y deseos particulares para un futuro dentro del campo de la fotograf\u00eda.\",\"breadcrumb\":{\"@id\":\"https:\/\/www.fotografo-profesional.net\/diario\/2019\/02\/14\/fechas-senaladas\/#breadcrumb\"},\"inLanguage\":\"es\",\"potentialAction\":[{\"@type\":\"ReadAction\",\"target\":[\"https:\/\/www.fotografo-profesional.net\/diario\/2019\/02\/14\/fechas-senaladas\/\"]}]},{\"@type\":\"BreadcrumbList\",\"@id\":\"https:\/\/www.fotografo-profesional.net\/diario\/2019\/02\/14\/fechas-senaladas\/#breadcrumb\",\"itemListElement\":[{\"@type\":\"ListItem\",\"position\":1,\"name\":\"Inicio\",\"item\":\"https:\/\/www.fotografo-profesional.net\/diario\/\"},{\"@type\":\"ListItem\",\"position\":2,\"name\":\"Fechas se\u00f1aladas\"}]},{\"@type\":\"WebSite\",\"@id\":\"https:\/\/www.fotografo-profesional.net\/diario\/#website\",\"url\":\"https:\/\/www.fotografo-profesional.net\/diario\/\",\"name\":\"Luis Miguel del Campo\",\"description\":\"Blog de un fot\u00f3grafo profesional\",\"potentialAction\":[{\"@type\":\"SearchAction\",\"target\":{\"@type\":\"EntryPoint\",\"urlTemplate\":\"https:\/\/www.fotografo-profesional.net\/diario\/?s={search_term_string}\"},\"query-input\":\"required name=search_term_string\"}],\"inLanguage\":\"es\"},{\"@type\":\"Person\",\"@id\":\"https:\/\/www.fotografo-profesional.net\/diario\/#\/schema\/person\/220504871d765b4c30a0af1d2fe93533\",\"name\":\"Luis Miguel del Campo\",\"image\":{\"@type\":\"ImageObject\",\"inLanguage\":\"es\",\"@id\":\"https:\/\/www.fotografo-profesional.net\/diario\/#\/schema\/person\/image\/\",\"url\":\"https:\/\/secure.gravatar.com\/avatar\/84bb1120095136de86f122a882a42d61?s=96&d=mm&r=g\",\"contentUrl\":\"https:\/\/secure.gravatar.com\/avatar\/84bb1120095136de86f122a882a42d61?s=96&d=mm&r=g\",\"caption\":\"Luis Miguel del Campo\"},\"url\":\"https:\/\/www.fotografo-profesional.net\/diario\/author\/admin_lmdc\/\"}]}<\/script>\n<!-- \/ Yoast SEO plugin. -->","yoast_head_json":{"title":"Fechas se\u00f1aladas - Luis Miguel del Campo","description":"Reflexi\u00f3n sobre las fechas se\u00f1aladas en el calendario, su origen y deseos particulares para un futuro dentro del campo de la fotograf\u00eda.","robots":{"index":"index","follow":"follow","max-snippet":"max-snippet:-1","max-image-preview":"max-image-preview:large","max-video-preview":"max-video-preview:-1"},"canonical":"https:\/\/www.fotografo-profesional.net\/diario\/2019\/02\/14\/fechas-senaladas\/","og_locale":"es_ES","og_type":"article","og_title":"Fechas se\u00f1aladas - Luis Miguel del Campo","og_description":"Reflexi\u00f3n sobre las fechas se\u00f1aladas en el calendario, su origen y deseos particulares para un futuro dentro del campo de la fotograf\u00eda.","og_url":"https:\/\/www.fotografo-profesional.net\/diario\/2019\/02\/14\/fechas-senaladas\/","og_site_name":"Luis Miguel del Campo","article_published_time":"2019-02-14T14:32:16+00:00","article_modified_time":"2020-05-23T17:14:05+00:00","og_image":[{"width":600,"height":400,"url":"https:\/\/www.fotografo-profesional.net\/diario\/wp-content\/uploads\/2019\/02\/Enamorados-vistos-por-Fot\u00f3grafo-Profesional-en-Madrid.jpg","type":"image\/jpeg"}],"author":"Luis Miguel del Campo","twitter_card":"summary_large_image","twitter_misc":{"Escrito por":"Luis Miguel del Campo","Tiempo de lectura":"2 minutos"},"schema":{"@context":"https:\/\/schema.org","@graph":[{"@type":"WebPage","@id":"https:\/\/www.fotografo-profesional.net\/diario\/2019\/02\/14\/fechas-senaladas\/","url":"https:\/\/www.fotografo-profesional.net\/diario\/2019\/02\/14\/fechas-senaladas\/","name":"Fechas se\u00f1aladas - Luis Miguel del Campo","isPartOf":{"@id":"https:\/\/www.fotografo-profesional.net\/diario\/#website"},"datePublished":"2019-02-14T14:32:16+00:00","dateModified":"2020-05-23T17:14:05+00:00","author":{"@id":"https:\/\/www.fotografo-profesional.net\/diario\/#\/schema\/person\/220504871d765b4c30a0af1d2fe93533"},"description":"Reflexi\u00f3n sobre las fechas se\u00f1aladas en el calendario, su origen y deseos particulares para un futuro dentro del campo de la fotograf\u00eda.","breadcrumb":{"@id":"https:\/\/www.fotografo-profesional.net\/diario\/2019\/02\/14\/fechas-senaladas\/#breadcrumb"},"inLanguage":"es","potentialAction":[{"@type":"ReadAction","target":["https:\/\/www.fotografo-profesional.net\/diario\/2019\/02\/14\/fechas-senaladas\/"]}]},{"@type":"BreadcrumbList","@id":"https:\/\/www.fotografo-profesional.net\/diario\/2019\/02\/14\/fechas-senaladas\/#breadcrumb","itemListElement":[{"@type":"ListItem","position":1,"name":"Inicio","item":"https:\/\/www.fotografo-profesional.net\/diario\/"},{"@type":"ListItem","position":2,"name":"Fechas se\u00f1aladas"}]},{"@type":"WebSite","@id":"https:\/\/www.fotografo-profesional.net\/diario\/#website","url":"https:\/\/www.fotografo-profesional.net\/diario\/","name":"Luis Miguel del Campo","description":"Blog de un fot\u00f3grafo profesional","potentialAction":[{"@type":"SearchAction","target":{"@type":"EntryPoint","urlTemplate":"https:\/\/www.fotografo-profesional.net\/diario\/?s={search_term_string}"},"query-input":"required name=search_term_string"}],"inLanguage":"es"},{"@type":"Person","@id":"https:\/\/www.fotografo-profesional.net\/diario\/#\/schema\/person\/220504871d765b4c30a0af1d2fe93533","name":"Luis Miguel del Campo","image":{"@type":"ImageObject","inLanguage":"es","@id":"https:\/\/www.fotografo-profesional.net\/diario\/#\/schema\/person\/image\/","url":"https:\/\/secure.gravatar.com\/avatar\/84bb1120095136de86f122a882a42d61?s=96&d=mm&r=g","contentUrl":"https:\/\/secure.gravatar.com\/avatar\/84bb1120095136de86f122a882a42d61?s=96&d=mm&r=g","caption":"Luis Miguel del Campo"},"url":"https:\/\/www.fotografo-profesional.net\/diario\/author\/admin_lmdc\/"}]}},"_links":{"self":[{"href":"https:\/\/www.fotografo-profesional.net\/diario\/wp-json\/wp\/v2\/posts\/501"}],"collection":[{"href":"https:\/\/www.fotografo-profesional.net\/diario\/wp-json\/wp\/v2\/posts"}],"about":[{"href":"https:\/\/www.fotografo-profesional.net\/diario\/wp-json\/wp\/v2\/types\/post"}],"author":[{"embeddable":true,"href":"https:\/\/www.fotografo-profesional.net\/diario\/wp-json\/wp\/v2\/users\/2"}],"replies":[{"embeddable":true,"href":"https:\/\/www.fotografo-profesional.net\/diario\/wp-json\/wp\/v2\/comments?post=501"}],"version-history":[{"count":4,"href":"https:\/\/www.fotografo-profesional.net\/diario\/wp-json\/wp\/v2\/posts\/501\/revisions"}],"predecessor-version":[{"id":1924,"href":"https:\/\/www.fotografo-profesional.net\/diario\/wp-json\/wp\/v2\/posts\/501\/revisions\/1924"}],"wp:featuredmedia":[{"embeddable":true,"href":"https:\/\/www.fotografo-profesional.net\/diario\/wp-json\/wp\/v2\/media\/510"}],"wp:attachment":[{"href":"https:\/\/www.fotografo-profesional.net\/diario\/wp-json\/wp\/v2\/media?parent=501"}],"wp:term":[{"taxonomy":"category","embeddable":true,"href":"https:\/\/www.fotografo-profesional.net\/diario\/wp-json\/wp\/v2\/categories?post=501"},{"taxonomy":"post_tag","embeddable":true,"href":"https:\/\/www.fotografo-profesional.net\/diario\/wp-json\/wp\/v2\/tags?post=501"}],"curies":[{"name":"wp","href":"https:\/\/api.w.org\/{rel}","templated":true}]}}