{"id":514,"date":"2019-02-22T17:25:27","date_gmt":"2019-02-22T16:25:27","guid":{"rendered":"https:\/\/www.fotografo-profesional.net\/diario\/?p=514"},"modified":"2020-05-24T16:33:28","modified_gmt":"2020-05-24T14:33:28","slug":"fotografia-de-bodas-de-todo-tipo-y-edad","status":"publish","type":"post","link":"https:\/\/www.fotografo-profesional.net\/diario\/2019\/02\/22\/fotografia-de-bodas-de-todo-tipo-y-edad\/","title":{"rendered":"Fotograf\u00eda de bodas de todo tipo y edad"},"content":{"rendered":"<p><img decoding=\"async\" class=\"size-full wp-image-520 aligncenter\" src=\"https:\/\/www.fotografo-profesional.net\/diario\/wp-content\/uploads\/2019\/02\/Final-de-boda-por-fot\u00f3grafo-profesional-en-Madrid.jpg\" alt=\"Salida de la ceremonia por fot\u00f3grafo profesional de bodas en Madrid\" width=\"600\" height=\"400\" srcset=\"https:\/\/www.fotografo-profesional.net\/diario\/wp-content\/uploads\/2019\/02\/Final-de-boda-por-fot\u00f3grafo-profesional-en-Madrid.jpg 600w, https:\/\/www.fotografo-profesional.net\/diario\/wp-content\/uploads\/2019\/02\/Final-de-boda-por-fot\u00f3grafo-profesional-en-Madrid-300x200.jpg 300w\" sizes=\"(max-width: 600px) 100vw, 600px\" \/><\/p>\n<p>Generalmente se asocia a un fot\u00f3grafo profesional de bodas con una persona que se dedica a tomar <a href=\"https:\/\/www.fotografo-profesional.net\/diario\/2019\/11\/05\/el-mejor-fotografo-de-bodas-en-madrid\/\"><span style=\"color: #0000ff;\"><em>instant\u00e1neas de j\u00f3venes parejas<\/em><\/span><\/a> que deciden casarse. Que hace fotograf\u00eda de bodas de personas que son mayores de edad desde hace relativamente poco tiempo.<br \/>\nPues no. <strong>El amor no tiene edad<\/strong>. Ni la decisi\u00f3n de oficializar el deseo de compartir tu vida con otra persona.<\/p>\n<p>Cuando la pareja de una cierta edad ha decidido casarse sin duda no es una decisi\u00f3n porque s\u00ed, porque ya tocaba, sino bien meditada y avalada por la experiencia vital de los contrayentes.<br \/>\nTambi\u00e9n podr\u00eda pensarse que el <strong>fot\u00f3grafo profesional <\/strong>lo tiene dif\u00edcil en una <a href=\"https:\/\/www.fotografo-profesional.net\/diario\/2018\/03\/25\/que-hace-un-fotografo-de-bodas-si-llueve\/\"><span style=\"color: #0000ff;\"><em>boda de personas que ya no est\u00e1n en su juventud<\/em><\/span><\/a>. La realidad no demuestra que esto sea as\u00ed, como puede comprobarse en la fotograf\u00eda que ilustra este art\u00edculo.<\/p>\n<p>La belleza no la atesora \u00fanicamente la juventud. Aparte de que hay muchas formas de belleza. Y de encanto personal que puede transmitir la fotograf\u00eda de bodas de las parejas maduras, y que un fot\u00f3grafo profesional sin duda reflejar\u00e1 en su trabajo. Las parejas de distintas edades transmiten su belleza de diferentes formas. Y sus afectos.<br \/>\nUna pareja joven seguramente transmitir\u00e1 su apasionamiento, la fogosidad propia de su edad. Sin embargo, en un reportaje de <a href=\"https:\/\/www.fotografo-profesional.net\/portfolio\/fotografia-de-bodas\/\"><span style=\"color: #0000ff;\"><em>boda de una pareja m\u00e1s madura <\/em><\/span><\/a>\u00a0que se casen por primera vez o ya hayan estado unidos en matrimonio anteriormente, en vez de apasionamiento el profesional reflejar\u00e1 en la fotograf\u00eda de bodas otras maneras en las que la pareja transmite su afecto, su amor. S\u00f3lo ha de estar atento a captar esos detalles; que aflorar\u00e1n.<br \/>\nEn cuanto a la alegr\u00eda que desprenden los reci\u00e9n casados <a href=\"https:\/\/www.fotografo-profesional.net\/diario\/2019\/02\/01\/momentos-inesperados-de-una-boda\/\"><span style=\"color: #0000ff;\"><em>a la hora del baile<\/em><\/span><\/a>, y seg\u00fan mi experiencia como fot\u00f3grafo profesional de bodas, puedo asegurar que no hay diferencia de actitud y de <a href=\"https:\/\/www.fotografo-profesional.net\/diario\/2018\/11\/04\/tipos-de-celebraciones-de-boda\/\"><span style=\"color: #0000ff;\"><em>derroche de energ\u00eda<\/em><\/span><\/a> sea cual fuere la edad de la pareja de reci\u00e9n casados.<br \/>\n<strong>La alegr\u00eda no tiene edad<\/strong>. Ni el amor. Ni la felicidad.<\/p>\n","protected":false},"excerpt":{"rendered":"<p>Generalmente se asocia a un fot\u00f3grafo profesional de bodas con una persona que se dedica a tomar instant\u00e1neas de j\u00f3venes parejas que deciden casarse. Que hace fotograf\u00eda de bodas de personas que son mayores de edad desde hace relativamente poco tiempo. Pues no. El amor no tiene edad. Ni la decisi\u00f3n de oficializar el deseo [&hellip;]<\/p>\n","protected":false},"author":2,"featured_media":520,"comment_status":"closed","ping_status":"open","sticky":false,"template":"","format":"standard","meta":[],"categories":[175,254,171,45,189,226,172],"tags":[450,290,291,131,99,348,284,338,307,94,454],"yoast_head":"<!-- This site is optimized with the Yoast SEO plugin v20.8 - https:\/\/yoast.com\/wordpress\/plugins\/seo\/ -->\n<title>Fotograf\u00eda de bodas de todo tipo y edad - Luis Miguel del Campo<\/title>\n<meta name=\"description\" content=\"Los reportajes de boda no tienen por qu\u00e9 ser siempre de una pareja joven, sino que en la vida como en la fotograf\u00eda hay bodas de todo tipo.\" \/>\n<meta name=\"robots\" content=\"index, follow, max-snippet:-1, max-image-preview:large, max-video-preview:-1\" \/>\n<link rel=\"canonical\" href=\"https:\/\/www.fotografo-profesional.net\/diario\/2019\/02\/22\/fotografia-de-bodas-de-todo-tipo-y-edad\/\" \/>\n<meta property=\"og:locale\" content=\"es_ES\" \/>\n<meta property=\"og:type\" content=\"article\" \/>\n<meta property=\"og:title\" content=\"Fotograf\u00eda de bodas de todo tipo y edad - Luis Miguel del Campo\" \/>\n<meta property=\"og:description\" content=\"Los reportajes de boda no tienen por qu\u00e9 ser siempre de una pareja joven, sino que en la vida como en la fotograf\u00eda hay bodas de todo tipo.\" \/>\n<meta property=\"og:url\" content=\"https:\/\/www.fotografo-profesional.net\/diario\/2019\/02\/22\/fotografia-de-bodas-de-todo-tipo-y-edad\/\" \/>\n<meta property=\"og:site_name\" content=\"Luis Miguel del Campo\" \/>\n<meta property=\"article:published_time\" content=\"2019-02-22T16:25:27+00:00\" \/>\n<meta property=\"article:modified_time\" content=\"2020-05-24T14:33:28+00:00\" \/>\n<meta property=\"og:image\" content=\"https:\/\/www.fotografo-profesional.net\/diario\/wp-content\/uploads\/2019\/02\/Final-de-boda-por-fot\u00f3grafo-profesional-en-Madrid.jpg\" \/>\n\t<meta property=\"og:image:width\" content=\"600\" \/>\n\t<meta property=\"og:image:height\" content=\"400\" \/>\n\t<meta property=\"og:image:type\" content=\"image\/jpeg\" \/>\n<meta name=\"author\" content=\"Luis Miguel del Campo\" \/>\n<meta name=\"twitter:card\" content=\"summary_large_image\" \/>\n<meta name=\"twitter:label1\" content=\"Escrito por\" \/>\n\t<meta name=\"twitter:data1\" content=\"Luis Miguel del Campo\" \/>\n\t<meta name=\"twitter:label2\" content=\"Tiempo de lectura\" \/>\n\t<meta name=\"twitter:data2\" content=\"2 minutos\" \/>\n<script type=\"application\/ld+json\" class=\"yoast-schema-graph\">{\"@context\":\"https:\/\/schema.org\",\"@graph\":[{\"@type\":\"WebPage\",\"@id\":\"https:\/\/www.fotografo-profesional.net\/diario\/2019\/02\/22\/fotografia-de-bodas-de-todo-tipo-y-edad\/\",\"url\":\"https:\/\/www.fotografo-profesional.net\/diario\/2019\/02\/22\/fotografia-de-bodas-de-todo-tipo-y-edad\/\",\"name\":\"Fotograf\u00eda de bodas de todo tipo y edad - Luis Miguel del Campo\",\"isPartOf\":{\"@id\":\"https:\/\/www.fotografo-profesional.net\/diario\/#website\"},\"datePublished\":\"2019-02-22T16:25:27+00:00\",\"dateModified\":\"2020-05-24T14:33:28+00:00\",\"author\":{\"@id\":\"https:\/\/www.fotografo-profesional.net\/diario\/#\/schema\/person\/220504871d765b4c30a0af1d2fe93533\"},\"description\":\"Los reportajes de boda no tienen por qu\u00e9 ser siempre de una pareja joven, sino que en la vida como en la fotograf\u00eda hay bodas de todo tipo.\",\"breadcrumb\":{\"@id\":\"https:\/\/www.fotografo-profesional.net\/diario\/2019\/02\/22\/fotografia-de-bodas-de-todo-tipo-y-edad\/#breadcrumb\"},\"inLanguage\":\"es\",\"potentialAction\":[{\"@type\":\"ReadAction\",\"target\":[\"https:\/\/www.fotografo-profesional.net\/diario\/2019\/02\/22\/fotografia-de-bodas-de-todo-tipo-y-edad\/\"]}]},{\"@type\":\"BreadcrumbList\",\"@id\":\"https:\/\/www.fotografo-profesional.net\/diario\/2019\/02\/22\/fotografia-de-bodas-de-todo-tipo-y-edad\/#breadcrumb\",\"itemListElement\":[{\"@type\":\"ListItem\",\"position\":1,\"name\":\"Inicio\",\"item\":\"https:\/\/www.fotografo-profesional.net\/diario\/\"},{\"@type\":\"ListItem\",\"position\":2,\"name\":\"Fotograf\u00eda de bodas de todo tipo y edad\"}]},{\"@type\":\"WebSite\",\"@id\":\"https:\/\/www.fotografo-profesional.net\/diario\/#website\",\"url\":\"https:\/\/www.fotografo-profesional.net\/diario\/\",\"name\":\"Luis Miguel del Campo\",\"description\":\"Blog de un fot\u00f3grafo profesional\",\"potentialAction\":[{\"@type\":\"SearchAction\",\"target\":{\"@type\":\"EntryPoint\",\"urlTemplate\":\"https:\/\/www.fotografo-profesional.net\/diario\/?s={search_term_string}\"},\"query-input\":\"required name=search_term_string\"}],\"inLanguage\":\"es\"},{\"@type\":\"Person\",\"@id\":\"https:\/\/www.fotografo-profesional.net\/diario\/#\/schema\/person\/220504871d765b4c30a0af1d2fe93533\",\"name\":\"Luis Miguel del Campo\",\"image\":{\"@type\":\"ImageObject\",\"inLanguage\":\"es\",\"@id\":\"https:\/\/www.fotografo-profesional.net\/diario\/#\/schema\/person\/image\/\",\"url\":\"https:\/\/secure.gravatar.com\/avatar\/84bb1120095136de86f122a882a42d61?s=96&d=mm&r=g\",\"contentUrl\":\"https:\/\/secure.gravatar.com\/avatar\/84bb1120095136de86f122a882a42d61?s=96&d=mm&r=g\",\"caption\":\"Luis Miguel del Campo\"},\"url\":\"https:\/\/www.fotografo-profesional.net\/diario\/author\/admin_lmdc\/\"}]}<\/script>\n<!-- \/ Yoast SEO plugin. -->","yoast_head_json":{"title":"Fotograf\u00eda de bodas de todo tipo y edad - Luis Miguel del Campo","description":"Los reportajes de boda no tienen por qu\u00e9 ser siempre de una pareja joven, sino que en la vida como en la fotograf\u00eda hay bodas de todo tipo.","robots":{"index":"index","follow":"follow","max-snippet":"max-snippet:-1","max-image-preview":"max-image-preview:large","max-video-preview":"max-video-preview:-1"},"canonical":"https:\/\/www.fotografo-profesional.net\/diario\/2019\/02\/22\/fotografia-de-bodas-de-todo-tipo-y-edad\/","og_locale":"es_ES","og_type":"article","og_title":"Fotograf\u00eda de bodas de todo tipo y edad - Luis Miguel del Campo","og_description":"Los reportajes de boda no tienen por qu\u00e9 ser siempre de una pareja joven, sino que en la vida como en la fotograf\u00eda hay bodas de todo tipo.","og_url":"https:\/\/www.fotografo-profesional.net\/diario\/2019\/02\/22\/fotografia-de-bodas-de-todo-tipo-y-edad\/","og_site_name":"Luis Miguel del Campo","article_published_time":"2019-02-22T16:25:27+00:00","article_modified_time":"2020-05-24T14:33:28+00:00","og_image":[{"width":600,"height":400,"url":"https:\/\/www.fotografo-profesional.net\/diario\/wp-content\/uploads\/2019\/02\/Final-de-boda-por-fot\u00f3grafo-profesional-en-Madrid.jpg","type":"image\/jpeg"}],"author":"Luis Miguel del Campo","twitter_card":"summary_large_image","twitter_misc":{"Escrito por":"Luis Miguel del Campo","Tiempo de lectura":"2 minutos"},"schema":{"@context":"https:\/\/schema.org","@graph":[{"@type":"WebPage","@id":"https:\/\/www.fotografo-profesional.net\/diario\/2019\/02\/22\/fotografia-de-bodas-de-todo-tipo-y-edad\/","url":"https:\/\/www.fotografo-profesional.net\/diario\/2019\/02\/22\/fotografia-de-bodas-de-todo-tipo-y-edad\/","name":"Fotograf\u00eda de bodas de todo tipo y edad - Luis Miguel del Campo","isPartOf":{"@id":"https:\/\/www.fotografo-profesional.net\/diario\/#website"},"datePublished":"2019-02-22T16:25:27+00:00","dateModified":"2020-05-24T14:33:28+00:00","author":{"@id":"https:\/\/www.fotografo-profesional.net\/diario\/#\/schema\/person\/220504871d765b4c30a0af1d2fe93533"},"description":"Los reportajes de boda no tienen por qu\u00e9 ser siempre de una pareja joven, sino que en la vida como en la fotograf\u00eda hay bodas de todo tipo.","breadcrumb":{"@id":"https:\/\/www.fotografo-profesional.net\/diario\/2019\/02\/22\/fotografia-de-bodas-de-todo-tipo-y-edad\/#breadcrumb"},"inLanguage":"es","potentialAction":[{"@type":"ReadAction","target":["https:\/\/www.fotografo-profesional.net\/diario\/2019\/02\/22\/fotografia-de-bodas-de-todo-tipo-y-edad\/"]}]},{"@type":"BreadcrumbList","@id":"https:\/\/www.fotografo-profesional.net\/diario\/2019\/02\/22\/fotografia-de-bodas-de-todo-tipo-y-edad\/#breadcrumb","itemListElement":[{"@type":"ListItem","position":1,"name":"Inicio","item":"https:\/\/www.fotografo-profesional.net\/diario\/"},{"@type":"ListItem","position":2,"name":"Fotograf\u00eda de bodas de todo tipo y edad"}]},{"@type":"WebSite","@id":"https:\/\/www.fotografo-profesional.net\/diario\/#website","url":"https:\/\/www.fotografo-profesional.net\/diario\/","name":"Luis Miguel del Campo","description":"Blog de un fot\u00f3grafo profesional","potentialAction":[{"@type":"SearchAction","target":{"@type":"EntryPoint","urlTemplate":"https:\/\/www.fotografo-profesional.net\/diario\/?s={search_term_string}"},"query-input":"required name=search_term_string"}],"inLanguage":"es"},{"@type":"Person","@id":"https:\/\/www.fotografo-profesional.net\/diario\/#\/schema\/person\/220504871d765b4c30a0af1d2fe93533","name":"Luis Miguel del Campo","image":{"@type":"ImageObject","inLanguage":"es","@id":"https:\/\/www.fotografo-profesional.net\/diario\/#\/schema\/person\/image\/","url":"https:\/\/secure.gravatar.com\/avatar\/84bb1120095136de86f122a882a42d61?s=96&d=mm&r=g","contentUrl":"https:\/\/secure.gravatar.com\/avatar\/84bb1120095136de86f122a882a42d61?s=96&d=mm&r=g","caption":"Luis Miguel del Campo"},"url":"https:\/\/www.fotografo-profesional.net\/diario\/author\/admin_lmdc\/"}]}},"_links":{"self":[{"href":"https:\/\/www.fotografo-profesional.net\/diario\/wp-json\/wp\/v2\/posts\/514"}],"collection":[{"href":"https:\/\/www.fotografo-profesional.net\/diario\/wp-json\/wp\/v2\/posts"}],"about":[{"href":"https:\/\/www.fotografo-profesional.net\/diario\/wp-json\/wp\/v2\/types\/post"}],"author":[{"embeddable":true,"href":"https:\/\/www.fotografo-profesional.net\/diario\/wp-json\/wp\/v2\/users\/2"}],"replies":[{"embeddable":true,"href":"https:\/\/www.fotografo-profesional.net\/diario\/wp-json\/wp\/v2\/comments?post=514"}],"version-history":[{"count":5,"href":"https:\/\/www.fotografo-profesional.net\/diario\/wp-json\/wp\/v2\/posts\/514\/revisions"}],"predecessor-version":[{"id":1935,"href":"https:\/\/www.fotografo-profesional.net\/diario\/wp-json\/wp\/v2\/posts\/514\/revisions\/1935"}],"wp:featuredmedia":[{"embeddable":true,"href":"https:\/\/www.fotografo-profesional.net\/diario\/wp-json\/wp\/v2\/media\/520"}],"wp:attachment":[{"href":"https:\/\/www.fotografo-profesional.net\/diario\/wp-json\/wp\/v2\/media?parent=514"}],"wp:term":[{"taxonomy":"category","embeddable":true,"href":"https:\/\/www.fotografo-profesional.net\/diario\/wp-json\/wp\/v2\/categories?post=514"},{"taxonomy":"post_tag","embeddable":true,"href":"https:\/\/www.fotografo-profesional.net\/diario\/wp-json\/wp\/v2\/tags?post=514"}],"curies":[{"name":"wp","href":"https:\/\/api.w.org\/{rel}","templated":true}]}}