{"id":546,"date":"2019-03-07T17:56:08","date_gmt":"2019-03-07T16:56:08","guid":{"rendered":"https:\/\/www.fotografo-profesional.net\/diario\/?p=546"},"modified":"2020-05-27T18:48:36","modified_gmt":"2020-05-27T16:48:36","slug":"grafiti-mural-feminista-en-madrid","status":"publish","type":"post","link":"https:\/\/www.fotografo-profesional.net\/diario\/2019\/03\/07\/grafiti-mural-feminista-en-madrid\/","title":{"rendered":"Grafiti mural feminista en Madrid"},"content":{"rendered":"<p><img decoding=\"async\" class=\"size-full wp-image-558 aligncenter\" src=\"https:\/\/www.fotografo-profesional.net\/diario\/wp-content\/uploads\/2019\/03\/Grafiti-feminista-por-fot\u00f3grafo-profesional-en-Madrid.jpg\" alt=\"Mural feminista por fot\u00f3grafo profesional en Madrid\" width=\"600\" height=\"400\" srcset=\"https:\/\/www.fotografo-profesional.net\/diario\/wp-content\/uploads\/2019\/03\/Grafiti-feminista-por-fot\u00f3grafo-profesional-en-Madrid.jpg 600w, https:\/\/www.fotografo-profesional.net\/diario\/wp-content\/uploads\/2019\/03\/Grafiti-feminista-por-fot\u00f3grafo-profesional-en-Madrid-300x200.jpg 300w\" sizes=\"(max-width: 600px) 100vw, 600px\" \/><\/p>\n<h4>Estampas de Madrid (0071)<\/h4>\n<p>Un <strong>grafiti mural feminista<\/strong> con los rostros de cuatro mujeres activistas se ha inaugurado el d\u00eda 2 de marzo en la Gran V\u00eda de Madrid.<br \/>\nA lo largo de los d\u00edas en que se realizaba el mural, dicha circunstancia ha sido objeto de atracci\u00f3n para todo fot\u00f3grafo profesional de Madrid que quiere dejar constancia de lo que ocurre en el d\u00eda a d\u00eda de la ciudad. Tambi\u00e9n para muchos fot\u00f3grafos aficionados, quienes echaban mano de su tel\u00e9fono m\u00f3vil al pasar por la c\u00e9ntrica v\u00eda madrile\u00f1a y percatarse de la circunstancia.<\/p>\n<p>La obra est\u00e1 realizada por el artista madrile\u00f1o <strong>Spok Brillor<\/strong>, a quien se le puede ver en la fotograf\u00eda superior, realizada pocos d\u00edas antes de la inauguraci\u00f3n. Se le considera uno de los mejores <a href=\"https:\/\/www.fotografo-profesional.net\/diario\/2018\/11\/26\/grafiti-en-la-fiambrera-de-madrid\/\"><span style=\"color: #0000ff;\"><em>artistas del arte callejero<\/em><\/span><\/a> (<strong>Street Art<\/strong>, que dicen los modernos&#8230;)<\/p>\n<p>De Mar\u00eda de la Fuente, Silvia Gonz\u00e1lez, Paloma Pastor y Rafaela Pimentel son los rostros que est\u00e1n en dicho mural, representando a muchas m\u00e1s mujeres que luchan en sus mismos campos para crear una sociedad m\u00e1s justa e igualitaria.<\/p>\n<p><strong>Silvia Gonz\u00e1lez<\/strong> sufri\u00f3 violencia machista durante gran parte de su vida.<br \/>\n<strong>Mar\u00eda de la Fuente<\/strong> solicita en una campa\u00f1a que no se penalice a las mujeres en su carrera investigadora.<br \/>\n<strong>Paloma Pastor<\/strong> lucha porque la Sanidad P\u00fablica cubra la rehabilitaci\u00f3n de ni\u00f1os con da\u00f1os cerebrales. A ra\u00edz de que en 2011 un hijo suyo tuviera un accidente tras el que sufre un traumatismo craneoencef\u00e1lico y ella tuviera que abandonar su trabajo para cuidarlo.<br \/>\n<strong>Rafaela Pimentel<\/strong> pertenece al movimiento Territorio Dom\u00e9stico, que lucha para el reconocimiento del trabajo en el hogar, tanto de su valor social como econ\u00f3mico.<\/p>\n<h4>Solicitud<\/h4>\n<p>Todas ellas piden a las trabajadoras del hogar que el d\u00eda <strong>8 de marzo, d\u00eda de la huelga feminista<\/strong>, cuelguen su delantal en el balc\u00f3n, como ya se hiciera el a\u00f1o pasado, para que se visualice la gran cantidad de mujeres que hay en esa situaci\u00f3n.<\/p>\n<p>La creaci\u00f3n de este grafiti mural feminista ha sido promocionada por <a href=\"https:\/\/www.change.org\/\"><span style=\"color: #0000ff;\"><em>change.org<\/em><\/span><\/a>, en donde las cuatro han liderado distintas campa\u00f1as ciudadanas. <a href=\"https:\/\/www.fotografo-profesional.net\/portfolio\/fotografia-de-eventos\/\"><span style=\"color: #0000ff;\"><em>Su inauguraci\u00f3n<\/em><\/span><\/a> congreg\u00f3 a gran cantidad de personas, as\u00ed como fot\u00f3grafos profesionales de Madrid, que cubrieron el acto para su posterior divulgaci\u00f3n en los medios gr\u00e1ficos.<\/p>\n<p>Puedes seguir la conversaci\u00f3n en <strong>#NosotrasJuntas<\/strong><\/p>\n","protected":false},"excerpt":{"rendered":"<p>Estampas de Madrid (0071) Un grafiti mural feminista con los rostros de cuatro mujeres activistas se ha inaugurado el d\u00eda 2 de marzo en la Gran V\u00eda de Madrid. A lo largo de los d\u00edas en que se realizaba el mural, dicha circunstancia ha sido objeto de atracci\u00f3n para todo fot\u00f3grafo profesional de Madrid que [&hellip;]<\/p>\n","protected":false},"author":2,"featured_media":558,"comment_status":"closed","ping_status":"open","sticky":false,"template":"","format":"standard","meta":[],"categories":[209,48,45,189,174,207,116],"tags":[471,472,109,110,117,59,119,120,469,467,307,468,470,121],"yoast_head":"<!-- This site is optimized with the Yoast SEO plugin v20.8 - https:\/\/yoast.com\/wordpress\/plugins\/seo\/ -->\n<title>Grafiti mural feminista en Madrid - Luis Miguel del Campo<\/title>\n<meta name=\"description\" content=\"Grafiti mural feminista inaugurado en la Gran V\u00eda madrile\u00f1a con los rostros de cuatro mujeres representativas de luchas por una sociedad m\u00e1s justa.\" \/>\n<meta name=\"robots\" content=\"index, follow, max-snippet:-1, max-image-preview:large, max-video-preview:-1\" \/>\n<link rel=\"canonical\" href=\"https:\/\/www.fotografo-profesional.net\/diario\/2019\/03\/07\/grafiti-mural-feminista-en-madrid\/\" \/>\n<meta property=\"og:locale\" content=\"es_ES\" \/>\n<meta property=\"og:type\" content=\"article\" \/>\n<meta property=\"og:title\" content=\"Grafiti mural feminista en Madrid - Luis Miguel del Campo\" \/>\n<meta property=\"og:description\" content=\"Grafiti mural feminista inaugurado en la Gran V\u00eda madrile\u00f1a con los rostros de cuatro mujeres representativas de luchas por una sociedad m\u00e1s justa.\" \/>\n<meta property=\"og:url\" content=\"https:\/\/www.fotografo-profesional.net\/diario\/2019\/03\/07\/grafiti-mural-feminista-en-madrid\/\" \/>\n<meta property=\"og:site_name\" content=\"Luis Miguel del Campo\" \/>\n<meta property=\"article:published_time\" content=\"2019-03-07T16:56:08+00:00\" \/>\n<meta property=\"article:modified_time\" content=\"2020-05-27T16:48:36+00:00\" \/>\n<meta property=\"og:image\" content=\"https:\/\/www.fotografo-profesional.net\/diario\/wp-content\/uploads\/2019\/03\/Grafiti-feminista-por-fot\u00f3grafo-profesional-en-Madrid.jpg\" \/>\n\t<meta property=\"og:image:width\" content=\"600\" \/>\n\t<meta property=\"og:image:height\" content=\"400\" \/>\n\t<meta property=\"og:image:type\" content=\"image\/jpeg\" \/>\n<meta name=\"author\" content=\"Luis Miguel del Campo\" \/>\n<meta name=\"twitter:card\" content=\"summary_large_image\" \/>\n<meta name=\"twitter:label1\" content=\"Escrito por\" \/>\n\t<meta name=\"twitter:data1\" content=\"Luis Miguel del Campo\" \/>\n\t<meta name=\"twitter:label2\" content=\"Tiempo de lectura\" \/>\n\t<meta name=\"twitter:data2\" content=\"2 minutos\" \/>\n<script type=\"application\/ld+json\" class=\"yoast-schema-graph\">{\"@context\":\"https:\/\/schema.org\",\"@graph\":[{\"@type\":\"WebPage\",\"@id\":\"https:\/\/www.fotografo-profesional.net\/diario\/2019\/03\/07\/grafiti-mural-feminista-en-madrid\/\",\"url\":\"https:\/\/www.fotografo-profesional.net\/diario\/2019\/03\/07\/grafiti-mural-feminista-en-madrid\/\",\"name\":\"Grafiti mural feminista en Madrid - Luis Miguel del Campo\",\"isPartOf\":{\"@id\":\"https:\/\/www.fotografo-profesional.net\/diario\/#website\"},\"datePublished\":\"2019-03-07T16:56:08+00:00\",\"dateModified\":\"2020-05-27T16:48:36+00:00\",\"author\":{\"@id\":\"https:\/\/www.fotografo-profesional.net\/diario\/#\/schema\/person\/220504871d765b4c30a0af1d2fe93533\"},\"description\":\"Grafiti mural feminista inaugurado en la Gran V\u00eda madrile\u00f1a con los rostros de cuatro mujeres representativas de luchas por una sociedad m\u00e1s justa.\",\"breadcrumb\":{\"@id\":\"https:\/\/www.fotografo-profesional.net\/diario\/2019\/03\/07\/grafiti-mural-feminista-en-madrid\/#breadcrumb\"},\"inLanguage\":\"es\",\"potentialAction\":[{\"@type\":\"ReadAction\",\"target\":[\"https:\/\/www.fotografo-profesional.net\/diario\/2019\/03\/07\/grafiti-mural-feminista-en-madrid\/\"]}]},{\"@type\":\"BreadcrumbList\",\"@id\":\"https:\/\/www.fotografo-profesional.net\/diario\/2019\/03\/07\/grafiti-mural-feminista-en-madrid\/#breadcrumb\",\"itemListElement\":[{\"@type\":\"ListItem\",\"position\":1,\"name\":\"Inicio\",\"item\":\"https:\/\/www.fotografo-profesional.net\/diario\/\"},{\"@type\":\"ListItem\",\"position\":2,\"name\":\"Grafiti mural feminista en Madrid\"}]},{\"@type\":\"WebSite\",\"@id\":\"https:\/\/www.fotografo-profesional.net\/diario\/#website\",\"url\":\"https:\/\/www.fotografo-profesional.net\/diario\/\",\"name\":\"Luis Miguel del Campo\",\"description\":\"Blog de un fot\u00f3grafo profesional\",\"potentialAction\":[{\"@type\":\"SearchAction\",\"target\":{\"@type\":\"EntryPoint\",\"urlTemplate\":\"https:\/\/www.fotografo-profesional.net\/diario\/?s={search_term_string}\"},\"query-input\":\"required name=search_term_string\"}],\"inLanguage\":\"es\"},{\"@type\":\"Person\",\"@id\":\"https:\/\/www.fotografo-profesional.net\/diario\/#\/schema\/person\/220504871d765b4c30a0af1d2fe93533\",\"name\":\"Luis Miguel del Campo\",\"image\":{\"@type\":\"ImageObject\",\"inLanguage\":\"es\",\"@id\":\"https:\/\/www.fotografo-profesional.net\/diario\/#\/schema\/person\/image\/\",\"url\":\"https:\/\/secure.gravatar.com\/avatar\/84bb1120095136de86f122a882a42d61?s=96&d=mm&r=g\",\"contentUrl\":\"https:\/\/secure.gravatar.com\/avatar\/84bb1120095136de86f122a882a42d61?s=96&d=mm&r=g\",\"caption\":\"Luis Miguel del Campo\"},\"url\":\"https:\/\/www.fotografo-profesional.net\/diario\/author\/admin_lmdc\/\"}]}<\/script>\n<!-- \/ Yoast SEO plugin. -->","yoast_head_json":{"title":"Grafiti mural feminista en Madrid - Luis Miguel del Campo","description":"Grafiti mural feminista inaugurado en la Gran V\u00eda madrile\u00f1a con los rostros de cuatro mujeres representativas de luchas por una sociedad m\u00e1s justa.","robots":{"index":"index","follow":"follow","max-snippet":"max-snippet:-1","max-image-preview":"max-image-preview:large","max-video-preview":"max-video-preview:-1"},"canonical":"https:\/\/www.fotografo-profesional.net\/diario\/2019\/03\/07\/grafiti-mural-feminista-en-madrid\/","og_locale":"es_ES","og_type":"article","og_title":"Grafiti mural feminista en Madrid - Luis Miguel del Campo","og_description":"Grafiti mural feminista inaugurado en la Gran V\u00eda madrile\u00f1a con los rostros de cuatro mujeres representativas de luchas por una sociedad m\u00e1s justa.","og_url":"https:\/\/www.fotografo-profesional.net\/diario\/2019\/03\/07\/grafiti-mural-feminista-en-madrid\/","og_site_name":"Luis Miguel del Campo","article_published_time":"2019-03-07T16:56:08+00:00","article_modified_time":"2020-05-27T16:48:36+00:00","og_image":[{"width":600,"height":400,"url":"https:\/\/www.fotografo-profesional.net\/diario\/wp-content\/uploads\/2019\/03\/Grafiti-feminista-por-fot\u00f3grafo-profesional-en-Madrid.jpg","type":"image\/jpeg"}],"author":"Luis Miguel del Campo","twitter_card":"summary_large_image","twitter_misc":{"Escrito por":"Luis Miguel del Campo","Tiempo de lectura":"2 minutos"},"schema":{"@context":"https:\/\/schema.org","@graph":[{"@type":"WebPage","@id":"https:\/\/www.fotografo-profesional.net\/diario\/2019\/03\/07\/grafiti-mural-feminista-en-madrid\/","url":"https:\/\/www.fotografo-profesional.net\/diario\/2019\/03\/07\/grafiti-mural-feminista-en-madrid\/","name":"Grafiti mural feminista en Madrid - Luis Miguel del Campo","isPartOf":{"@id":"https:\/\/www.fotografo-profesional.net\/diario\/#website"},"datePublished":"2019-03-07T16:56:08+00:00","dateModified":"2020-05-27T16:48:36+00:00","author":{"@id":"https:\/\/www.fotografo-profesional.net\/diario\/#\/schema\/person\/220504871d765b4c30a0af1d2fe93533"},"description":"Grafiti mural feminista inaugurado en la Gran V\u00eda madrile\u00f1a con los rostros de cuatro mujeres representativas de luchas por una sociedad m\u00e1s justa.","breadcrumb":{"@id":"https:\/\/www.fotografo-profesional.net\/diario\/2019\/03\/07\/grafiti-mural-feminista-en-madrid\/#breadcrumb"},"inLanguage":"es","potentialAction":[{"@type":"ReadAction","target":["https:\/\/www.fotografo-profesional.net\/diario\/2019\/03\/07\/grafiti-mural-feminista-en-madrid\/"]}]},{"@type":"BreadcrumbList","@id":"https:\/\/www.fotografo-profesional.net\/diario\/2019\/03\/07\/grafiti-mural-feminista-en-madrid\/#breadcrumb","itemListElement":[{"@type":"ListItem","position":1,"name":"Inicio","item":"https:\/\/www.fotografo-profesional.net\/diario\/"},{"@type":"ListItem","position":2,"name":"Grafiti mural feminista en Madrid"}]},{"@type":"WebSite","@id":"https:\/\/www.fotografo-profesional.net\/diario\/#website","url":"https:\/\/www.fotografo-profesional.net\/diario\/","name":"Luis Miguel del Campo","description":"Blog de un fot\u00f3grafo profesional","potentialAction":[{"@type":"SearchAction","target":{"@type":"EntryPoint","urlTemplate":"https:\/\/www.fotografo-profesional.net\/diario\/?s={search_term_string}"},"query-input":"required name=search_term_string"}],"inLanguage":"es"},{"@type":"Person","@id":"https:\/\/www.fotografo-profesional.net\/diario\/#\/schema\/person\/220504871d765b4c30a0af1d2fe93533","name":"Luis Miguel del Campo","image":{"@type":"ImageObject","inLanguage":"es","@id":"https:\/\/www.fotografo-profesional.net\/diario\/#\/schema\/person\/image\/","url":"https:\/\/secure.gravatar.com\/avatar\/84bb1120095136de86f122a882a42d61?s=96&d=mm&r=g","contentUrl":"https:\/\/secure.gravatar.com\/avatar\/84bb1120095136de86f122a882a42d61?s=96&d=mm&r=g","caption":"Luis Miguel del Campo"},"url":"https:\/\/www.fotografo-profesional.net\/diario\/author\/admin_lmdc\/"}]}},"_links":{"self":[{"href":"https:\/\/www.fotografo-profesional.net\/diario\/wp-json\/wp\/v2\/posts\/546"}],"collection":[{"href":"https:\/\/www.fotografo-profesional.net\/diario\/wp-json\/wp\/v2\/posts"}],"about":[{"href":"https:\/\/www.fotografo-profesional.net\/diario\/wp-json\/wp\/v2\/types\/post"}],"author":[{"embeddable":true,"href":"https:\/\/www.fotografo-profesional.net\/diario\/wp-json\/wp\/v2\/users\/2"}],"replies":[{"embeddable":true,"href":"https:\/\/www.fotografo-profesional.net\/diario\/wp-json\/wp\/v2\/comments?post=546"}],"version-history":[{"count":4,"href":"https:\/\/www.fotografo-profesional.net\/diario\/wp-json\/wp\/v2\/posts\/546\/revisions"}],"predecessor-version":[{"id":1958,"href":"https:\/\/www.fotografo-profesional.net\/diario\/wp-json\/wp\/v2\/posts\/546\/revisions\/1958"}],"wp:featuredmedia":[{"embeddable":true,"href":"https:\/\/www.fotografo-profesional.net\/diario\/wp-json\/wp\/v2\/media\/558"}],"wp:attachment":[{"href":"https:\/\/www.fotografo-profesional.net\/diario\/wp-json\/wp\/v2\/media?parent=546"}],"wp:term":[{"taxonomy":"category","embeddable":true,"href":"https:\/\/www.fotografo-profesional.net\/diario\/wp-json\/wp\/v2\/categories?post=546"},{"taxonomy":"post_tag","embeddable":true,"href":"https:\/\/www.fotografo-profesional.net\/diario\/wp-json\/wp\/v2\/tags?post=546"}],"curies":[{"name":"wp","href":"https:\/\/api.w.org\/{rel}","templated":true}]}}