{"id":557,"date":"2019-03-11T18:13:24","date_gmt":"2019-03-11T17:13:24","guid":{"rendered":"https:\/\/www.fotografo-profesional.net\/diario\/?p=557"},"modified":"2020-05-28T18:12:30","modified_gmt":"2020-05-28T16:12:30","slug":"luz-casal-en-torrelavega","status":"publish","type":"post","link":"https:\/\/www.fotografo-profesional.net\/diario\/2019\/03\/11\/luz-casal-en-torrelavega\/","title":{"rendered":"Luz Casal en Torrelavega"},"content":{"rendered":"<p><img decoding=\"async\" class=\"size-full wp-image-563 aligncenter\" src=\"https:\/\/www.fotografo-profesional.net\/diario\/wp-content\/uploads\/2019\/03\/Luz-Casal-por-fot\u00f3grafo-profesional-en-Madrid-LMC.jpg\" alt=\"Fotos de concierto de Luz Casal por fot\u00f3grafo profesional en Madrid LMC \" width=\"600\" height=\"400\" srcset=\"https:\/\/www.fotografo-profesional.net\/diario\/wp-content\/uploads\/2019\/03\/Luz-Casal-por-fot\u00f3grafo-profesional-en-Madrid-LMC.jpg 600w, https:\/\/www.fotografo-profesional.net\/diario\/wp-content\/uploads\/2019\/03\/Luz-Casal-por-fot\u00f3grafo-profesional-en-Madrid-LMC-300x200.jpg 300w\" sizes=\"(max-width: 600px) 100vw, 600px\" \/><\/p>\n<p>Si hay una figura en el rock estatal que sea representativa de <a href=\"https:\/\/www.fotografo-profesional.net\/diario\/2019\/03\/07\/grafiti-mural-feminista-en-madrid\/\"><span style=\"color: #0000ff;\"><em>la lucha de las mujeres<\/em><\/span><\/a> por abrirse camino en un mundo profesional altamente dominado por los hombres, esa es la de<strong> Luz Casal<\/strong>.<br \/>\nAdem\u00e1s, su lucha no ha sido \u00fanicamente en el terreno musical desde que comenzara su carrera en la segunda mitad de 1970, sino que tambi\u00e9n ha demostrado su coraje ante la vida en el terreno personal. En los \u00faltimos a\u00f1os ha tenido que plantarle cara en repetidas ocasiones al c\u00e1ncer que intentaba acabar con su existencia. Y le gan\u00f3 la partida.<br \/>\nEl t\u00edtulo de su \u00faltimo trabajo (\u201cQue corra el aire\u201d, publicado en 2018) pudiera parecer un deseo de olvidarse de todo lo acontecido con respecto a su enfermedad. Precisamente ser\u00eda con el tema de este t\u00edtulo con el que abrir\u00eda el concierto que cerraba las <strong>fiestas patronales de Torrelavega<\/strong> en el bulevar Demetrio Herrero, repleto de p\u00fablico y en el que abundaban las mujeres.<br \/>\nEl repertorio de Luz Casal de esa noche fue repasando todas sus grandes canciones, de las m\u00e1s sentimentales a las m\u00e1s rockeras. Con especial atenci\u00f3n a las incluidas en el disco publicado ese a\u00f1o, que sobre todo cantar\u00eda al comienzo del espect\u00e1culo en el riguroso orden en que aparecen en este trabajo: \u201cMi\u00e9nteme al o\u00eddo\u201d, \u201cD\u00edas prestados\u201d, \u201cLucas\u201d y \u201cVolver a comenzar\u201d. Luego, fuera de orden, le seguir\u00edan \u201cTanto ruido\u201d y \u201cLa \u00fanica verdad\u201d.<\/p>\n<p>Ir\u00eda ofreciendo a continuaci\u00f3n los temas m\u00e1s significativos de su carrera, as\u00ed como los distintos estilos que han ido enriqueciendo su m\u00fasica durante todos estos a\u00f1os; del bolero \u201cUn a\u00f1o de Amor\u201d a los ritmos caboverdianos que se escuchan en \u201cMorna\u201d, del \u00faltimo \u00e1lbum.<\/p>\n<p>Su p\u00fablico se sent\u00eda plenamente identificado con sus canciones, con las historias que cuentan; las conoc\u00eda al dedillo y se ve\u00eda reflejado en ellas, recit\u00e1ndolas o cant\u00e1ndolas al tiempo que lo hac\u00eda la artista gallega, sacando los sentimientos de todos a flor de piel. Tampoco pueden evitar comentarlas en alto: \u201cEs su vida&#8230;\u201d, dec\u00eda en un momento determinado la se\u00f1ora que ten\u00eda a mi lado. Y es que sus letras ayudan a seguir viviendo y a que renazca la esperanza en muchas personas (\u201cSentir\u201d); esperanza a veces impregnada de una fina capa de nostalgia (\u201cEntre mis recuerdos\u201d). Personas que se identifican con ellas porque ven reflejadas sus experiencias sentimentales: los enga\u00f1os (\u201cMi\u00e9nteme\u201d), la desesperanza (<strong>\u201cTe dej\u00e9 marchar\u201d<\/strong>); que encuentran verbalizados sus sentimientos en canciones que ponen palabras a su vitalismo (\u201cNo me importa nada\u201d) o ayudan a metabolizar sus desenga\u00f1os (\u201cVolver a comenzar\u201d).<br \/>\nTiene ganado el cari\u00f1o del p\u00fablico desde que empiezan los conciertos, y a medida que estos avanzan \u00e9ste no para de crecer porque se entrega completamente de principio a fin. Poniendo pasi\u00f3n e intensidad en cada estrofa.<br \/>\nAparte de esto hace gala de mucho oficio para divertir y mantener entretenido al p\u00fablico durante las casi dos horas que dura su espect\u00e1culo. Como en \u201cUn nuevo d\u00eda brillar\u00e1\u201d, en la que hizo cantar eso de \u201cQuiero ver el rojo del amanecer\u201d primero al p\u00fablico que ten\u00eda a su derecha y despu\u00e9s al de su izquierda. Ambos respondieron fant\u00e1sticamente a su propuesta, que se repiti\u00f3 unas cuantas veces.<\/p>\n<p><img decoding=\"async\" class=\"size-full wp-image-564 aligncenter\" src=\"https:\/\/www.fotografo-profesional.net\/diario\/wp-content\/uploads\/2019\/03\/Luz-Casal-por-fot\u00f3grafo-profesional-en-Madrid-LMC-02.jpg\" alt=\"Fot\u00f3grafo profesional de rock en Madrid LMC\" width=\"600\" height=\"400\" srcset=\"https:\/\/www.fotografo-profesional.net\/diario\/wp-content\/uploads\/2019\/03\/Luz-Casal-por-fot\u00f3grafo-profesional-en-Madrid-LMC-02.jpg 600w, https:\/\/www.fotografo-profesional.net\/diario\/wp-content\/uploads\/2019\/03\/Luz-Casal-por-fot\u00f3grafo-profesional-en-Madrid-LMC-02-300x200.jpg 300w\" sizes=\"(max-width: 600px) 100vw, 600px\" \/><\/p>\n<p>Adem\u00e1s, durante todo el concierto Luz Casal desbord\u00f3 energ\u00eda a raudales, movi\u00e9ndose incansablemente de un rinc\u00f3n a otro del escenario y <a href=\"https:\/\/www.fotografo-profesional.net\/portfolio\/fotografia-de-espectaculos\/\"><span style=\"color: #0000ff;\"><em>llegando a agitar su melena<\/em><\/span><\/a>, haciendo r\u00e1pidos c\u00edrculos con su cabeza, con una fuerza que parec\u00eda que se tratase de una joven rockera que empezara su carrera en vez de toda una veterana curtida en mil batalllas, ya reconocida y con una larga trayectoria sobre los escenarios.<br \/>\nVamos, que en algunos momentos recordaba a la telonera que fue de la gira de presentaci\u00f3n de El \u201cRock de una noche de verano\u201d de <a href=\"https:\/\/www.insonoro.com\/cronica\/3807\/miguel-rios\"><span style=\"color: #0000ff;\"><em>Miguel R\u00edos<\/em><\/span><\/a>, all\u00e1 por 1983; o la joven que hac\u00eda voces en el disco \u201cEn Directo\u201d, <a href=\"https:\/\/www.insonoro.com\/cronica\/3803\/festival-cultura-inquieta-2018:-rulo-y-la-contrabanda---rosendo---badlands\"><span style=\"color: #0000ff;\"><em>de Le\u00f1o<\/em><\/span><\/a>, en vez de <strong>la gran dama del rock en castellano<\/strong> (la Jefa) que es hoy en d\u00eda. Como si no hubiera pasado el tiempo por su energ\u00eda vital&#8230;<br \/>\nLa primera parte concluir\u00eda con \u201cRufino\u201d, su <span style=\"color: #0000ff;\"><em>tema m\u00e1s<\/em> <\/span><a href=\"https:\/\/www.fotografo-profesional.net\/diario\/2019\/08\/26\/fotografo-de-rock-en-madrid\/\"><span style=\"color: #0000ff;\"><em>rockero en ese concierto<\/em><\/span><\/a>, en el que la artista imitaba los andares de un ping\u00fcino cuando citaba a dicho animal en la letra. \u201cMe gusta veros bailar\u201d, a\u00f1adi\u00f3 al ver la reacci\u00f3n del p\u00fablico.<\/p>\n<h4>Bises<\/h4>\n<p>Luz Casal volver\u00eda al escenario acompa\u00f1ada \u00fanicamente por su teclista para ofrecer \u201cLo eres todo\u201d, tras la que saldr\u00eda el resto de la banda para interpretar \u201cPiensa en m\u00ed\u201d (tremendamente popular por haber formado parte de la banda sonora de \u201cTacones lejanos\u201d, pel\u00edcula de Pedro Almod\u00f3var), que recibir\u00eda otra de las grandes ovaciones de la noche.<\/p>\n<p>Acabar\u00eda la velada con \u201cAmores\u201d, canci\u00f3n de Mari Trini (otra mujer destacada en la lucha feminista, que fue muy popular durante las d\u00e9cadas de 1970 y 1980, y a la que rinde homenaje tambi\u00e9n en su \u00faltimo disco, el cual incluye esta versi\u00f3n), porque, dijo: \u201cNo debemos permitir que se la olvide\u201d.<br \/>\nUna vez terminado el homenaje, el p\u00fablico la aplaudir\u00eda hasta desde las ventanas de los edificios que rodeaban el escenario, con lo que concluir\u00eda el concierto y las fiestas patronales de Torrelavega.<\/p>\n<p>Sin duda fue <strong>uno de los mejores conciertos de rock<\/strong> a los que asist\u00ed el pasado a\u00f1o 2018, por lo que he decidido recuperar esta cr\u00f3nica que estaba in\u00e9dita y publicarla ahora que se acaba de celebrar en Espa\u00f1a, de nuevo con gran \u00e9xito, la segunda huelga feminista. Las fotograf\u00edas publicadas hoy de aquel concierto tambi\u00e9n estaban in\u00e9ditas.<\/p>\n","protected":false},"excerpt":{"rendered":"<p>Si hay una figura en el rock estatal que sea representativa de la lucha de las mujeres por abrirse camino en un mundo profesional altamente dominado por los hombres, esa es la de Luz Casal. Adem\u00e1s, su lucha no ha sido \u00fanicamente en el terreno musical desde que comenzara su carrera en la segunda mitad [&hellip;]<\/p>\n","protected":false},"author":2,"featured_media":563,"comment_status":"closed","ping_status":"open","sticky":false,"template":"","format":"standard","meta":[],"categories":[43,52,45,189,174,207],"tags":[32,233,69,81,117,59,234,119,120,474,307,232,473,475],"yoast_head":"<!-- This site is optimized with the Yoast SEO plugin v20.8 - https:\/\/yoast.com\/wordpress\/plugins\/seo\/ -->\n<title>Luz Casal en Torrelavega - Luis Miguel del Campo<\/title>\n<meta name=\"description\" content=\"Cr\u00f3nica in\u00e9dita del concierto de Luz Casal en las fiestas patronales de Torrelavega (Cantabria) celebrado en agosto de 2018.\" \/>\n<meta name=\"robots\" content=\"index, follow, max-snippet:-1, max-image-preview:large, max-video-preview:-1\" \/>\n<link rel=\"canonical\" href=\"https:\/\/www.fotografo-profesional.net\/diario\/2019\/03\/11\/luz-casal-en-torrelavega\/\" \/>\n<meta property=\"og:locale\" content=\"es_ES\" \/>\n<meta property=\"og:type\" content=\"article\" \/>\n<meta property=\"og:title\" content=\"Luz Casal en Torrelavega - Luis Miguel del Campo\" \/>\n<meta property=\"og:description\" content=\"Cr\u00f3nica in\u00e9dita del concierto de Luz Casal en las fiestas patronales de Torrelavega (Cantabria) celebrado en agosto de 2018.\" \/>\n<meta property=\"og:url\" content=\"https:\/\/www.fotografo-profesional.net\/diario\/2019\/03\/11\/luz-casal-en-torrelavega\/\" \/>\n<meta property=\"og:site_name\" content=\"Luis Miguel del Campo\" \/>\n<meta property=\"article:published_time\" content=\"2019-03-11T17:13:24+00:00\" \/>\n<meta property=\"article:modified_time\" content=\"2020-05-28T16:12:30+00:00\" \/>\n<meta property=\"og:image\" content=\"https:\/\/www.fotografo-profesional.net\/diario\/wp-content\/uploads\/2019\/03\/Luz-Casal-por-fot\u00f3grafo-profesional-en-Madrid-LMC.jpg\" \/>\n\t<meta property=\"og:image:width\" content=\"600\" \/>\n\t<meta property=\"og:image:height\" content=\"400\" \/>\n\t<meta property=\"og:image:type\" content=\"image\/jpeg\" \/>\n<meta name=\"author\" content=\"Luis Miguel del Campo\" \/>\n<meta name=\"twitter:card\" content=\"summary_large_image\" \/>\n<meta name=\"twitter:label1\" content=\"Escrito por\" \/>\n\t<meta name=\"twitter:data1\" content=\"Luis Miguel del Campo\" \/>\n\t<meta name=\"twitter:label2\" content=\"Tiempo de lectura\" \/>\n\t<meta name=\"twitter:data2\" content=\"5 minutos\" \/>\n<script type=\"application\/ld+json\" class=\"yoast-schema-graph\">{\"@context\":\"https:\/\/schema.org\",\"@graph\":[{\"@type\":\"WebPage\",\"@id\":\"https:\/\/www.fotografo-profesional.net\/diario\/2019\/03\/11\/luz-casal-en-torrelavega\/\",\"url\":\"https:\/\/www.fotografo-profesional.net\/diario\/2019\/03\/11\/luz-casal-en-torrelavega\/\",\"name\":\"Luz Casal en Torrelavega - Luis Miguel del Campo\",\"isPartOf\":{\"@id\":\"https:\/\/www.fotografo-profesional.net\/diario\/#website\"},\"datePublished\":\"2019-03-11T17:13:24+00:00\",\"dateModified\":\"2020-05-28T16:12:30+00:00\",\"author\":{\"@id\":\"https:\/\/www.fotografo-profesional.net\/diario\/#\/schema\/person\/220504871d765b4c30a0af1d2fe93533\"},\"description\":\"Cr\u00f3nica in\u00e9dita del concierto de Luz Casal en las fiestas patronales de Torrelavega (Cantabria) celebrado en agosto de 2018.\",\"breadcrumb\":{\"@id\":\"https:\/\/www.fotografo-profesional.net\/diario\/2019\/03\/11\/luz-casal-en-torrelavega\/#breadcrumb\"},\"inLanguage\":\"es\",\"potentialAction\":[{\"@type\":\"ReadAction\",\"target\":[\"https:\/\/www.fotografo-profesional.net\/diario\/2019\/03\/11\/luz-casal-en-torrelavega\/\"]}]},{\"@type\":\"BreadcrumbList\",\"@id\":\"https:\/\/www.fotografo-profesional.net\/diario\/2019\/03\/11\/luz-casal-en-torrelavega\/#breadcrumb\",\"itemListElement\":[{\"@type\":\"ListItem\",\"position\":1,\"name\":\"Inicio\",\"item\":\"https:\/\/www.fotografo-profesional.net\/diario\/\"},{\"@type\":\"ListItem\",\"position\":2,\"name\":\"Luz Casal en Torrelavega\"}]},{\"@type\":\"WebSite\",\"@id\":\"https:\/\/www.fotografo-profesional.net\/diario\/#website\",\"url\":\"https:\/\/www.fotografo-profesional.net\/diario\/\",\"name\":\"Luis Miguel del Campo\",\"description\":\"Blog de un fot\u00f3grafo profesional\",\"potentialAction\":[{\"@type\":\"SearchAction\",\"target\":{\"@type\":\"EntryPoint\",\"urlTemplate\":\"https:\/\/www.fotografo-profesional.net\/diario\/?s={search_term_string}\"},\"query-input\":\"required name=search_term_string\"}],\"inLanguage\":\"es\"},{\"@type\":\"Person\",\"@id\":\"https:\/\/www.fotografo-profesional.net\/diario\/#\/schema\/person\/220504871d765b4c30a0af1d2fe93533\",\"name\":\"Luis Miguel del Campo\",\"image\":{\"@type\":\"ImageObject\",\"inLanguage\":\"es\",\"@id\":\"https:\/\/www.fotografo-profesional.net\/diario\/#\/schema\/person\/image\/\",\"url\":\"https:\/\/secure.gravatar.com\/avatar\/84bb1120095136de86f122a882a42d61?s=96&d=mm&r=g\",\"contentUrl\":\"https:\/\/secure.gravatar.com\/avatar\/84bb1120095136de86f122a882a42d61?s=96&d=mm&r=g\",\"caption\":\"Luis Miguel del Campo\"},\"url\":\"https:\/\/www.fotografo-profesional.net\/diario\/author\/admin_lmdc\/\"}]}<\/script>\n<!-- \/ Yoast SEO plugin. -->","yoast_head_json":{"title":"Luz Casal en Torrelavega - Luis Miguel del Campo","description":"Cr\u00f3nica in\u00e9dita del concierto de Luz Casal en las fiestas patronales de Torrelavega (Cantabria) celebrado en agosto de 2018.","robots":{"index":"index","follow":"follow","max-snippet":"max-snippet:-1","max-image-preview":"max-image-preview:large","max-video-preview":"max-video-preview:-1"},"canonical":"https:\/\/www.fotografo-profesional.net\/diario\/2019\/03\/11\/luz-casal-en-torrelavega\/","og_locale":"es_ES","og_type":"article","og_title":"Luz Casal en Torrelavega - Luis Miguel del Campo","og_description":"Cr\u00f3nica in\u00e9dita del concierto de Luz Casal en las fiestas patronales de Torrelavega (Cantabria) celebrado en agosto de 2018.","og_url":"https:\/\/www.fotografo-profesional.net\/diario\/2019\/03\/11\/luz-casal-en-torrelavega\/","og_site_name":"Luis Miguel del Campo","article_published_time":"2019-03-11T17:13:24+00:00","article_modified_time":"2020-05-28T16:12:30+00:00","og_image":[{"width":600,"height":400,"url":"https:\/\/www.fotografo-profesional.net\/diario\/wp-content\/uploads\/2019\/03\/Luz-Casal-por-fot\u00f3grafo-profesional-en-Madrid-LMC.jpg","type":"image\/jpeg"}],"author":"Luis Miguel del Campo","twitter_card":"summary_large_image","twitter_misc":{"Escrito por":"Luis Miguel del Campo","Tiempo de lectura":"5 minutos"},"schema":{"@context":"https:\/\/schema.org","@graph":[{"@type":"WebPage","@id":"https:\/\/www.fotografo-profesional.net\/diario\/2019\/03\/11\/luz-casal-en-torrelavega\/","url":"https:\/\/www.fotografo-profesional.net\/diario\/2019\/03\/11\/luz-casal-en-torrelavega\/","name":"Luz Casal en Torrelavega - Luis Miguel del Campo","isPartOf":{"@id":"https:\/\/www.fotografo-profesional.net\/diario\/#website"},"datePublished":"2019-03-11T17:13:24+00:00","dateModified":"2020-05-28T16:12:30+00:00","author":{"@id":"https:\/\/www.fotografo-profesional.net\/diario\/#\/schema\/person\/220504871d765b4c30a0af1d2fe93533"},"description":"Cr\u00f3nica in\u00e9dita del concierto de Luz Casal en las fiestas patronales de Torrelavega (Cantabria) celebrado en agosto de 2018.","breadcrumb":{"@id":"https:\/\/www.fotografo-profesional.net\/diario\/2019\/03\/11\/luz-casal-en-torrelavega\/#breadcrumb"},"inLanguage":"es","potentialAction":[{"@type":"ReadAction","target":["https:\/\/www.fotografo-profesional.net\/diario\/2019\/03\/11\/luz-casal-en-torrelavega\/"]}]},{"@type":"BreadcrumbList","@id":"https:\/\/www.fotografo-profesional.net\/diario\/2019\/03\/11\/luz-casal-en-torrelavega\/#breadcrumb","itemListElement":[{"@type":"ListItem","position":1,"name":"Inicio","item":"https:\/\/www.fotografo-profesional.net\/diario\/"},{"@type":"ListItem","position":2,"name":"Luz Casal en Torrelavega"}]},{"@type":"WebSite","@id":"https:\/\/www.fotografo-profesional.net\/diario\/#website","url":"https:\/\/www.fotografo-profesional.net\/diario\/","name":"Luis Miguel del Campo","description":"Blog de un fot\u00f3grafo profesional","potentialAction":[{"@type":"SearchAction","target":{"@type":"EntryPoint","urlTemplate":"https:\/\/www.fotografo-profesional.net\/diario\/?s={search_term_string}"},"query-input":"required name=search_term_string"}],"inLanguage":"es"},{"@type":"Person","@id":"https:\/\/www.fotografo-profesional.net\/diario\/#\/schema\/person\/220504871d765b4c30a0af1d2fe93533","name":"Luis Miguel del Campo","image":{"@type":"ImageObject","inLanguage":"es","@id":"https:\/\/www.fotografo-profesional.net\/diario\/#\/schema\/person\/image\/","url":"https:\/\/secure.gravatar.com\/avatar\/84bb1120095136de86f122a882a42d61?s=96&d=mm&r=g","contentUrl":"https:\/\/secure.gravatar.com\/avatar\/84bb1120095136de86f122a882a42d61?s=96&d=mm&r=g","caption":"Luis Miguel del Campo"},"url":"https:\/\/www.fotografo-profesional.net\/diario\/author\/admin_lmdc\/"}]}},"_links":{"self":[{"href":"https:\/\/www.fotografo-profesional.net\/diario\/wp-json\/wp\/v2\/posts\/557"}],"collection":[{"href":"https:\/\/www.fotografo-profesional.net\/diario\/wp-json\/wp\/v2\/posts"}],"about":[{"href":"https:\/\/www.fotografo-profesional.net\/diario\/wp-json\/wp\/v2\/types\/post"}],"author":[{"embeddable":true,"href":"https:\/\/www.fotografo-profesional.net\/diario\/wp-json\/wp\/v2\/users\/2"}],"replies":[{"embeddable":true,"href":"https:\/\/www.fotografo-profesional.net\/diario\/wp-json\/wp\/v2\/comments?post=557"}],"version-history":[{"count":4,"href":"https:\/\/www.fotografo-profesional.net\/diario\/wp-json\/wp\/v2\/posts\/557\/revisions"}],"predecessor-version":[{"id":1962,"href":"https:\/\/www.fotografo-profesional.net\/diario\/wp-json\/wp\/v2\/posts\/557\/revisions\/1962"}],"wp:featuredmedia":[{"embeddable":true,"href":"https:\/\/www.fotografo-profesional.net\/diario\/wp-json\/wp\/v2\/media\/563"}],"wp:attachment":[{"href":"https:\/\/www.fotografo-profesional.net\/diario\/wp-json\/wp\/v2\/media?parent=557"}],"wp:term":[{"taxonomy":"category","embeddable":true,"href":"https:\/\/www.fotografo-profesional.net\/diario\/wp-json\/wp\/v2\/categories?post=557"},{"taxonomy":"post_tag","embeddable":true,"href":"https:\/\/www.fotografo-profesional.net\/diario\/wp-json\/wp\/v2\/tags?post=557"}],"curies":[{"name":"wp","href":"https:\/\/api.w.org\/{rel}","templated":true}]}}