{"id":567,"date":"2019-03-18T12:41:48","date_gmt":"2019-03-18T11:41:48","guid":{"rendered":"https:\/\/www.fotografo-profesional.net\/diario\/?p=567"},"modified":"2020-06-06T19:17:05","modified_gmt":"2020-06-06T17:17:05","slug":"el-mundo-fotografico-de-hoy","status":"publish","type":"post","link":"https:\/\/www.fotografo-profesional.net\/diario\/2019\/03\/18\/el-mundo-fotografico-de-hoy\/","title":{"rendered":"El mundo fotogr\u00e1fico de hoy"},"content":{"rendered":"<p><img decoding=\"async\" class=\"aligncenter wp-image-574 size-full\" src=\"https:\/\/www.fotografo-profesional.net\/diario\/wp-content\/uploads\/2019\/03\/Modelo-por-fot\u00f3grafo-profesional-en-Madrid-LMC.jpg\" alt=\"El mundo fotogr\u00e1fico de hoy por fot\u00f3grafo profesional en Madrid LMC\" width=\"450\" height=\"600\" srcset=\"https:\/\/www.fotografo-profesional.net\/diario\/wp-content\/uploads\/2019\/03\/Modelo-por-fot\u00f3grafo-profesional-en-Madrid-LMC.jpg 450w, https:\/\/www.fotografo-profesional.net\/diario\/wp-content\/uploads\/2019\/03\/Modelo-por-fot\u00f3grafo-profesional-en-Madrid-LMC-225x300.jpg 225w\" sizes=\"(max-width: 450px) 100vw, 450px\" \/><\/p>\n<p>Hoy en d\u00eda mucha gente se hace llamar <strong>fot\u00f3grafo profesional,<\/strong> tanto en Madrid, que es la ciudad que mejor conozco, como en el resto del Estado. Y es que demasiado a menudo se utiliza la palabra profesional de forma inapropiada en el mundo fotogr\u00e1fico de hoy.<\/p>\n<p>Porque mucho fot\u00f3grafo aficionado ha aterrizado en el mundo de la fotograf\u00eda \u00faltimamente y se hace pasar por profesional, algo que abunda en las grandes ciudades como Madrid. Generalmente se les descubre por la calidad de sus trabajos, pero, lo malo, es que hay algunas empresas a las que \u00e9stos les valen; aunque s\u00f3lo sea por precio.<\/p>\n<p>De entrada, <a href=\"https:\/\/www.fotografo-profesional.net\"><span style=\"color: #0000ff;\"><em>fot\u00f3grafo profesional<\/em><\/span><\/a> es el que vive de su trabajo en el campo de la fotograf\u00eda. Por definici\u00f3n. Aunque cada vez cueste m\u00e1s, debido a la gran cantidad de competencia desleal que existe en esta profesi\u00f3n. En Madrid hay infinidad de grupos, grup\u00fasculos o asociaciones donde los supuestos fot\u00f3grafos profesionales ofrecen sus servicios por cantidades irrisorias, tanto que a esos precios es imposible vivir de la fotograf\u00eda. \u00bfDeclaran lo que perciben por su actividad?<br \/>Es tan f\u00e1cil como buscar en Internet fot\u00f3grafos en Madrid para encontrar alg\u00fan infiltrado entre los fot\u00f3grafos profesionales de Madrid de verdad.<\/p>\n<p>Por no hablar de los que<strong> regalan sus fotograf\u00edas a artistas famosos<\/strong> simplemente por tener la satisfacci\u00f3n de que su \u00eddolo comparta una fotograf\u00eda en las redes sociales que ha sido hecha por \u00e9l.<\/p>\n<h4>Mala costumbre<\/h4>\n<p>Lo peor de todo en el mundo fotogr\u00e1fico de hoy es que algunos representantes de artistas de larga carrera y ya con nombre reconocido <a href=\"https:\/\/www.fotografo-profesional.net\/contactar\/\"><span style=\"color: #0000ff;\"><em>se pongan en contacto<\/em><\/span><\/a> con alg\u00fan fot\u00f3grafo profesional de Madrid para que les regale las fotograf\u00edas de su representado. Esto se debe a que los fot\u00f3grafos aficionados que van a los conciertos con c\u00e1mara fotogr\u00e1fica se las regalan encantados.<\/p>\n<p>No s\u00e9 es si alguna de estas personas al obtener la negativa por parte del fot\u00f3grafo profesional de Madrid a regalar sus fotograf\u00edas le transmite la realidad a su representado. O, por el contrario, justifica el no haber conseguido la fotograf\u00eda arguyendo que el <a href=\"https:\/\/www.fotografo-profesional.net\/portfolio\/fotografia-de-espectaculos\/\"><span style=\"color: #0000ff;\"><em>fot\u00f3grafo profesional de<\/em><\/span><span style=\"color: #0000ff;\"><em> espect\u00e1culos <\/em><\/span><\/a>le pidi\u00f3 un precio desorbitado por la imagen&#8230;<\/p>\n\n\n<p><\/p>\n","protected":false},"excerpt":{"rendered":"<p>Hoy en d\u00eda mucha gente se hace llamar fot\u00f3grafo profesional, tanto en Madrid, que es la ciudad que mejor conozco, como en el resto del Estado. Y es que demasiado a menudo se utiliza la palabra profesional de forma inapropiada en el mundo fotogr\u00e1fico de hoy. Porque mucho fot\u00f3grafo aficionado ha aterrizado en el mundo [&hellip;]<\/p>\n","protected":false},"author":2,"featured_media":574,"comment_status":"closed","ping_status":"open","sticky":false,"template":"","format":"standard","meta":[],"categories":[50,51,45,189,172,207],"tags":[27,26,484,485,117,59,119,120,307],"yoast_head":"<!-- This site is optimized with the Yoast SEO plugin v20.8 - https:\/\/yoast.com\/wordpress\/plugins\/seo\/ -->\n<title>El mundo fotogr\u00e1fico de hoy - Luis Miguel del Campo<\/title>\n<meta name=\"description\" content=\"El concepto &quot;profesional&quot; en el mundo fotogr\u00e1fico digital de hoy en d\u00eda, en el que todo el mundo se ofrece como fot\u00f3grafo profesional.\" \/>\n<meta name=\"robots\" content=\"index, follow, max-snippet:-1, max-image-preview:large, max-video-preview:-1\" \/>\n<link rel=\"canonical\" href=\"https:\/\/www.fotografo-profesional.net\/diario\/2019\/03\/18\/el-mundo-fotografico-de-hoy\/\" \/>\n<meta property=\"og:locale\" content=\"es_ES\" \/>\n<meta property=\"og:type\" content=\"article\" \/>\n<meta property=\"og:title\" content=\"El mundo fotogr\u00e1fico de hoy - Luis Miguel del Campo\" \/>\n<meta property=\"og:description\" content=\"El concepto &quot;profesional&quot; en el mundo fotogr\u00e1fico digital de hoy en d\u00eda, en el que todo el mundo se ofrece como fot\u00f3grafo profesional.\" \/>\n<meta property=\"og:url\" content=\"https:\/\/www.fotografo-profesional.net\/diario\/2019\/03\/18\/el-mundo-fotografico-de-hoy\/\" \/>\n<meta property=\"og:site_name\" content=\"Luis Miguel del Campo\" \/>\n<meta property=\"article:published_time\" content=\"2019-03-18T11:41:48+00:00\" \/>\n<meta property=\"article:modified_time\" content=\"2020-06-06T17:17:05+00:00\" \/>\n<meta property=\"og:image\" content=\"https:\/\/www.fotografo-profesional.net\/diario\/wp-content\/uploads\/2019\/03\/Modelo-por-fot\u00f3grafo-profesional-en-Madrid-LMC.jpg\" \/>\n\t<meta property=\"og:image:width\" content=\"450\" \/>\n\t<meta property=\"og:image:height\" content=\"600\" \/>\n\t<meta property=\"og:image:type\" content=\"image\/jpeg\" \/>\n<meta name=\"author\" content=\"Luis Miguel del Campo\" \/>\n<meta name=\"twitter:card\" content=\"summary_large_image\" \/>\n<meta name=\"twitter:label1\" content=\"Escrito por\" \/>\n\t<meta name=\"twitter:data1\" content=\"Luis Miguel del Campo\" \/>\n\t<meta name=\"twitter:label2\" content=\"Tiempo de lectura\" \/>\n\t<meta name=\"twitter:data2\" content=\"2 minutos\" \/>\n<script type=\"application\/ld+json\" class=\"yoast-schema-graph\">{\"@context\":\"https:\/\/schema.org\",\"@graph\":[{\"@type\":\"WebPage\",\"@id\":\"https:\/\/www.fotografo-profesional.net\/diario\/2019\/03\/18\/el-mundo-fotografico-de-hoy\/\",\"url\":\"https:\/\/www.fotografo-profesional.net\/diario\/2019\/03\/18\/el-mundo-fotografico-de-hoy\/\",\"name\":\"El mundo fotogr\u00e1fico de hoy - Luis Miguel del Campo\",\"isPartOf\":{\"@id\":\"https:\/\/www.fotografo-profesional.net\/diario\/#website\"},\"datePublished\":\"2019-03-18T11:41:48+00:00\",\"dateModified\":\"2020-06-06T17:17:05+00:00\",\"author\":{\"@id\":\"https:\/\/www.fotografo-profesional.net\/diario\/#\/schema\/person\/220504871d765b4c30a0af1d2fe93533\"},\"description\":\"El concepto \\\"profesional\\\" en el mundo fotogr\u00e1fico digital de hoy en d\u00eda, en el que todo el mundo se ofrece como fot\u00f3grafo profesional.\",\"breadcrumb\":{\"@id\":\"https:\/\/www.fotografo-profesional.net\/diario\/2019\/03\/18\/el-mundo-fotografico-de-hoy\/#breadcrumb\"},\"inLanguage\":\"es\",\"potentialAction\":[{\"@type\":\"ReadAction\",\"target\":[\"https:\/\/www.fotografo-profesional.net\/diario\/2019\/03\/18\/el-mundo-fotografico-de-hoy\/\"]}]},{\"@type\":\"BreadcrumbList\",\"@id\":\"https:\/\/www.fotografo-profesional.net\/diario\/2019\/03\/18\/el-mundo-fotografico-de-hoy\/#breadcrumb\",\"itemListElement\":[{\"@type\":\"ListItem\",\"position\":1,\"name\":\"Inicio\",\"item\":\"https:\/\/www.fotografo-profesional.net\/diario\/\"},{\"@type\":\"ListItem\",\"position\":2,\"name\":\"El mundo fotogr\u00e1fico de hoy\"}]},{\"@type\":\"WebSite\",\"@id\":\"https:\/\/www.fotografo-profesional.net\/diario\/#website\",\"url\":\"https:\/\/www.fotografo-profesional.net\/diario\/\",\"name\":\"Luis Miguel del Campo\",\"description\":\"Blog de un fot\u00f3grafo profesional\",\"potentialAction\":[{\"@type\":\"SearchAction\",\"target\":{\"@type\":\"EntryPoint\",\"urlTemplate\":\"https:\/\/www.fotografo-profesional.net\/diario\/?s={search_term_string}\"},\"query-input\":\"required name=search_term_string\"}],\"inLanguage\":\"es\"},{\"@type\":\"Person\",\"@id\":\"https:\/\/www.fotografo-profesional.net\/diario\/#\/schema\/person\/220504871d765b4c30a0af1d2fe93533\",\"name\":\"Luis Miguel del Campo\",\"image\":{\"@type\":\"ImageObject\",\"inLanguage\":\"es\",\"@id\":\"https:\/\/www.fotografo-profesional.net\/diario\/#\/schema\/person\/image\/\",\"url\":\"https:\/\/secure.gravatar.com\/avatar\/84bb1120095136de86f122a882a42d61?s=96&d=mm&r=g\",\"contentUrl\":\"https:\/\/secure.gravatar.com\/avatar\/84bb1120095136de86f122a882a42d61?s=96&d=mm&r=g\",\"caption\":\"Luis Miguel del Campo\"},\"url\":\"https:\/\/www.fotografo-profesional.net\/diario\/author\/admin_lmdc\/\"}]}<\/script>\n<!-- \/ Yoast SEO plugin. -->","yoast_head_json":{"title":"El mundo fotogr\u00e1fico de hoy - Luis Miguel del Campo","description":"El concepto \"profesional\" en el mundo fotogr\u00e1fico digital de hoy en d\u00eda, en el que todo el mundo se ofrece como fot\u00f3grafo profesional.","robots":{"index":"index","follow":"follow","max-snippet":"max-snippet:-1","max-image-preview":"max-image-preview:large","max-video-preview":"max-video-preview:-1"},"canonical":"https:\/\/www.fotografo-profesional.net\/diario\/2019\/03\/18\/el-mundo-fotografico-de-hoy\/","og_locale":"es_ES","og_type":"article","og_title":"El mundo fotogr\u00e1fico de hoy - Luis Miguel del Campo","og_description":"El concepto \"profesional\" en el mundo fotogr\u00e1fico digital de hoy en d\u00eda, en el que todo el mundo se ofrece como fot\u00f3grafo profesional.","og_url":"https:\/\/www.fotografo-profesional.net\/diario\/2019\/03\/18\/el-mundo-fotografico-de-hoy\/","og_site_name":"Luis Miguel del Campo","article_published_time":"2019-03-18T11:41:48+00:00","article_modified_time":"2020-06-06T17:17:05+00:00","og_image":[{"width":450,"height":600,"url":"https:\/\/www.fotografo-profesional.net\/diario\/wp-content\/uploads\/2019\/03\/Modelo-por-fot\u00f3grafo-profesional-en-Madrid-LMC.jpg","type":"image\/jpeg"}],"author":"Luis Miguel del Campo","twitter_card":"summary_large_image","twitter_misc":{"Escrito por":"Luis Miguel del Campo","Tiempo de lectura":"2 minutos"},"schema":{"@context":"https:\/\/schema.org","@graph":[{"@type":"WebPage","@id":"https:\/\/www.fotografo-profesional.net\/diario\/2019\/03\/18\/el-mundo-fotografico-de-hoy\/","url":"https:\/\/www.fotografo-profesional.net\/diario\/2019\/03\/18\/el-mundo-fotografico-de-hoy\/","name":"El mundo fotogr\u00e1fico de hoy - Luis Miguel del Campo","isPartOf":{"@id":"https:\/\/www.fotografo-profesional.net\/diario\/#website"},"datePublished":"2019-03-18T11:41:48+00:00","dateModified":"2020-06-06T17:17:05+00:00","author":{"@id":"https:\/\/www.fotografo-profesional.net\/diario\/#\/schema\/person\/220504871d765b4c30a0af1d2fe93533"},"description":"El concepto \"profesional\" en el mundo fotogr\u00e1fico digital de hoy en d\u00eda, en el que todo el mundo se ofrece como fot\u00f3grafo profesional.","breadcrumb":{"@id":"https:\/\/www.fotografo-profesional.net\/diario\/2019\/03\/18\/el-mundo-fotografico-de-hoy\/#breadcrumb"},"inLanguage":"es","potentialAction":[{"@type":"ReadAction","target":["https:\/\/www.fotografo-profesional.net\/diario\/2019\/03\/18\/el-mundo-fotografico-de-hoy\/"]}]},{"@type":"BreadcrumbList","@id":"https:\/\/www.fotografo-profesional.net\/diario\/2019\/03\/18\/el-mundo-fotografico-de-hoy\/#breadcrumb","itemListElement":[{"@type":"ListItem","position":1,"name":"Inicio","item":"https:\/\/www.fotografo-profesional.net\/diario\/"},{"@type":"ListItem","position":2,"name":"El mundo fotogr\u00e1fico de hoy"}]},{"@type":"WebSite","@id":"https:\/\/www.fotografo-profesional.net\/diario\/#website","url":"https:\/\/www.fotografo-profesional.net\/diario\/","name":"Luis Miguel del Campo","description":"Blog de un fot\u00f3grafo profesional","potentialAction":[{"@type":"SearchAction","target":{"@type":"EntryPoint","urlTemplate":"https:\/\/www.fotografo-profesional.net\/diario\/?s={search_term_string}"},"query-input":"required name=search_term_string"}],"inLanguage":"es"},{"@type":"Person","@id":"https:\/\/www.fotografo-profesional.net\/diario\/#\/schema\/person\/220504871d765b4c30a0af1d2fe93533","name":"Luis Miguel del Campo","image":{"@type":"ImageObject","inLanguage":"es","@id":"https:\/\/www.fotografo-profesional.net\/diario\/#\/schema\/person\/image\/","url":"https:\/\/secure.gravatar.com\/avatar\/84bb1120095136de86f122a882a42d61?s=96&d=mm&r=g","contentUrl":"https:\/\/secure.gravatar.com\/avatar\/84bb1120095136de86f122a882a42d61?s=96&d=mm&r=g","caption":"Luis Miguel del Campo"},"url":"https:\/\/www.fotografo-profesional.net\/diario\/author\/admin_lmdc\/"}]}},"_links":{"self":[{"href":"https:\/\/www.fotografo-profesional.net\/diario\/wp-json\/wp\/v2\/posts\/567"}],"collection":[{"href":"https:\/\/www.fotografo-profesional.net\/diario\/wp-json\/wp\/v2\/posts"}],"about":[{"href":"https:\/\/www.fotografo-profesional.net\/diario\/wp-json\/wp\/v2\/types\/post"}],"author":[{"embeddable":true,"href":"https:\/\/www.fotografo-profesional.net\/diario\/wp-json\/wp\/v2\/users\/2"}],"replies":[{"embeddable":true,"href":"https:\/\/www.fotografo-profesional.net\/diario\/wp-json\/wp\/v2\/comments?post=567"}],"version-history":[{"count":5,"href":"https:\/\/www.fotografo-profesional.net\/diario\/wp-json\/wp\/v2\/posts\/567\/revisions"}],"predecessor-version":[{"id":2001,"href":"https:\/\/www.fotografo-profesional.net\/diario\/wp-json\/wp\/v2\/posts\/567\/revisions\/2001"}],"wp:featuredmedia":[{"embeddable":true,"href":"https:\/\/www.fotografo-profesional.net\/diario\/wp-json\/wp\/v2\/media\/574"}],"wp:attachment":[{"href":"https:\/\/www.fotografo-profesional.net\/diario\/wp-json\/wp\/v2\/media?parent=567"}],"wp:term":[{"taxonomy":"category","embeddable":true,"href":"https:\/\/www.fotografo-profesional.net\/diario\/wp-json\/wp\/v2\/categories?post=567"},{"taxonomy":"post_tag","embeddable":true,"href":"https:\/\/www.fotografo-profesional.net\/diario\/wp-json\/wp\/v2\/tags?post=567"}],"curies":[{"name":"wp","href":"https:\/\/api.w.org\/{rel}","templated":true}]}}