{"id":573,"date":"2019-03-21T22:06:09","date_gmt":"2019-03-21T21:06:09","guid":{"rendered":"https:\/\/www.fotografo-profesional.net\/diario\/?p=573"},"modified":"2021-07-14T12:54:42","modified_gmt":"2021-07-14T10:54:42","slug":"bodas-con-complementos","status":"publish","type":"post","link":"https:\/\/www.fotografo-profesional.net\/diario\/2019\/03\/21\/bodas-con-complementos\/","title":{"rendered":"Bodas con complementos"},"content":{"rendered":"<p><img decoding=\"async\" class=\"aligncenter wp-image-578 size-full\" src=\"https:\/\/www.fotografo-profesional.net\/diario\/wp-content\/uploads\/2019\/03\/Boda-con-Tuna-por-fot\u00f3grafo-profesional-en-Madrid-LMC.jpg\" alt=\"Bodas con complementos como la Tuna\" width=\"600\" height=\"400\" srcset=\"https:\/\/www.fotografo-profesional.net\/diario\/wp-content\/uploads\/2019\/03\/Boda-con-Tuna-por-fot\u00f3grafo-profesional-en-Madrid-LMC.jpg 600w, https:\/\/www.fotografo-profesional.net\/diario\/wp-content\/uploads\/2019\/03\/Boda-con-Tuna-por-fot\u00f3grafo-profesional-en-Madrid-LMC-300x200.jpg 300w\" sizes=\"(max-width: 600px) 100vw, 600px\" \/><\/p>\n<p>Muchas veces las parejas que se casan contratan a un <strong>fot\u00f3grafo de bodas en Madrid<\/strong> que sea barato porque no tienen presupuesto para m\u00e1s. M\u00e1s, si quieren tener bodas con complementos. Porque el hecho de que se trate de un <a href=\"https:\/\/www.fotografo-profesional.net\/diario\/2019\/12\/13\/fotografo-de-bodas-a-buen-precio\/\">fot\u00f3grafo barato de boda<\/a> no significa que vaya a hacer un mal reportaje de boda.<\/p>\n<p>En ocasiones sorprende la poca diferencia de calidad entre un fot\u00f3grafo barato de boda con los precios de un fot\u00f3grafo de boda con alta tarifa de Madrid.<br \/>\nQuiz\u00e1 las fotograf\u00edas de este \u00faltimo est\u00e9n m\u00e1s retocadas, lo que tambi\u00e9n les resta naturalidad y espontaneidad; dos cosas que cada vez buscan m\u00e1s las parejas que se van a casar.<\/p>\n<p>&nbsp;<\/p>\n<p>Las parejas de novios cada vez demandan m\u00e1s <strong>complementos para <span style=\"color: #0000ff;\"><a style=\"color: #0000ff;\" href=\"https:\/\/www.fotografo-profesional.net\/portfolio\/fotografia-de-bodas\/\">sus reportajes de boda<\/a><\/span><\/strong>, como pueden ser fotograf\u00edas o v\u00eddeo desde drones, una calesa que les transporte a la iglesia o lugar de la ceremonia, fotocol tras el convite, grupo musical que amenice el baile&#8230; O \u00e1lbumes digitales con las fotograf\u00edas retocadas de la boda, como un libro.<\/p>\n<p>As\u00ed que una vez comparada la calidad del trabajo de un<strong> fot\u00f3grafo barato de boda<\/strong> con la de uno de alta tarifa en Madrid y comprobado el alto nivel del primero comparado con el segundo contratan los servicios del fot\u00f3grafo profesional de bodas en Madrid que es m\u00e1s barato y con la diferencia de precio que se ahorra la pareja de novios complementan las actividades de su boda con otros servicios o complementos como los detallados arriba.<\/p>\n<h4>Prueba de calidad<\/h4>\n<p>Siempre, la mejor manera de comprobar la calidad de un fot\u00f3grafo profesional de bodas en Madrid que sea barato es revisar sus muestrarios de \u00e1lbumes, tanto digitales como tradicionales, pues en Internet se puede disimular la falta de calidad de las fotograf\u00edas, algo que una vez que contemplas las copias en papel o \u00e1lbum (digital o tradicional) la calidad salta a la vista .<\/p>\n<p>Pide siempre <strong>comprobar los muestrarios de \u00e1lbumes de fotograf\u00edas;<\/strong> con independencia de que vayas a contratar el reportaje de boda con \u00e1lbum fotogr\u00e1fico o sin \u00e9l.<\/p>\n","protected":false},"excerpt":{"rendered":"<p>Muchas veces las parejas que se casan contratan a un fot\u00f3grafo de bodas en Madrid que sea barato porque no tienen presupuesto para m\u00e1s. M\u00e1s, si quieren tener bodas con complementos. Porque el hecho de que se trate de un fot\u00f3grafo barato de boda no significa que vaya a hacer un mal reportaje de boda. [&hellip;]<\/p>\n","protected":false},"author":2,"featured_media":578,"comment_status":"closed","ping_status":"open","sticky":false,"template":"","format":"standard","meta":[],"categories":[175,171,45,189,172,207],"tags":[315,291,134,117,59,119,120,94,454,121,452],"yoast_head":"<!-- This site is optimized with the Yoast SEO plugin v20.8 - https:\/\/yoast.com\/wordpress\/plugins\/seo\/ -->\n<title>Bodas con complementos - Luis Miguel del Campo<\/title>\n<meta name=\"description\" content=\"Valorar la calidad de un fot\u00f3grafo de bodas en Madrid que sea barato para poder disponer de m\u00e1s dinero que gastar en complementos para la boda.\" \/>\n<meta name=\"robots\" content=\"index, follow, max-snippet:-1, max-image-preview:large, max-video-preview:-1\" \/>\n<link rel=\"canonical\" href=\"https:\/\/www.fotografo-profesional.net\/diario\/2019\/03\/21\/bodas-con-complementos\/\" \/>\n<meta property=\"og:locale\" content=\"es_ES\" \/>\n<meta property=\"og:type\" content=\"article\" \/>\n<meta property=\"og:title\" content=\"Bodas con complementos - Luis Miguel del Campo\" \/>\n<meta property=\"og:description\" content=\"Valorar la calidad de un fot\u00f3grafo de bodas en Madrid que sea barato para poder disponer de m\u00e1s dinero que gastar en complementos para la boda.\" \/>\n<meta property=\"og:url\" content=\"https:\/\/www.fotografo-profesional.net\/diario\/2019\/03\/21\/bodas-con-complementos\/\" \/>\n<meta property=\"og:site_name\" content=\"Luis Miguel del Campo\" \/>\n<meta property=\"article:published_time\" content=\"2019-03-21T21:06:09+00:00\" \/>\n<meta property=\"article:modified_time\" content=\"2021-07-14T10:54:42+00:00\" \/>\n<meta property=\"og:image\" content=\"https:\/\/www.fotografo-profesional.net\/diario\/wp-content\/uploads\/2019\/03\/Boda-con-Tuna-por-fot\u00f3grafo-profesional-en-Madrid-LMC.jpg\" \/>\n\t<meta property=\"og:image:width\" content=\"600\" \/>\n\t<meta property=\"og:image:height\" content=\"400\" \/>\n\t<meta property=\"og:image:type\" content=\"image\/jpeg\" \/>\n<meta name=\"author\" content=\"Luis Miguel del Campo\" \/>\n<meta name=\"twitter:card\" content=\"summary_large_image\" \/>\n<meta name=\"twitter:label1\" content=\"Escrito por\" \/>\n\t<meta name=\"twitter:data1\" content=\"Luis Miguel del Campo\" \/>\n\t<meta name=\"twitter:label2\" content=\"Tiempo de lectura\" \/>\n\t<meta name=\"twitter:data2\" content=\"2 minutos\" \/>\n<script type=\"application\/ld+json\" class=\"yoast-schema-graph\">{\"@context\":\"https:\/\/schema.org\",\"@graph\":[{\"@type\":\"WebPage\",\"@id\":\"https:\/\/www.fotografo-profesional.net\/diario\/2019\/03\/21\/bodas-con-complementos\/\",\"url\":\"https:\/\/www.fotografo-profesional.net\/diario\/2019\/03\/21\/bodas-con-complementos\/\",\"name\":\"Bodas con complementos - Luis Miguel del Campo\",\"isPartOf\":{\"@id\":\"https:\/\/www.fotografo-profesional.net\/diario\/#website\"},\"datePublished\":\"2019-03-21T21:06:09+00:00\",\"dateModified\":\"2021-07-14T10:54:42+00:00\",\"author\":{\"@id\":\"https:\/\/www.fotografo-profesional.net\/diario\/#\/schema\/person\/220504871d765b4c30a0af1d2fe93533\"},\"description\":\"Valorar la calidad de un fot\u00f3grafo de bodas en Madrid que sea barato para poder disponer de m\u00e1s dinero que gastar en complementos para la boda.\",\"breadcrumb\":{\"@id\":\"https:\/\/www.fotografo-profesional.net\/diario\/2019\/03\/21\/bodas-con-complementos\/#breadcrumb\"},\"inLanguage\":\"es\",\"potentialAction\":[{\"@type\":\"ReadAction\",\"target\":[\"https:\/\/www.fotografo-profesional.net\/diario\/2019\/03\/21\/bodas-con-complementos\/\"]}]},{\"@type\":\"BreadcrumbList\",\"@id\":\"https:\/\/www.fotografo-profesional.net\/diario\/2019\/03\/21\/bodas-con-complementos\/#breadcrumb\",\"itemListElement\":[{\"@type\":\"ListItem\",\"position\":1,\"name\":\"Inicio\",\"item\":\"https:\/\/www.fotografo-profesional.net\/diario\/\"},{\"@type\":\"ListItem\",\"position\":2,\"name\":\"Bodas con complementos\"}]},{\"@type\":\"WebSite\",\"@id\":\"https:\/\/www.fotografo-profesional.net\/diario\/#website\",\"url\":\"https:\/\/www.fotografo-profesional.net\/diario\/\",\"name\":\"Luis Miguel del Campo\",\"description\":\"Blog de un fot\u00f3grafo profesional\",\"potentialAction\":[{\"@type\":\"SearchAction\",\"target\":{\"@type\":\"EntryPoint\",\"urlTemplate\":\"https:\/\/www.fotografo-profesional.net\/diario\/?s={search_term_string}\"},\"query-input\":\"required name=search_term_string\"}],\"inLanguage\":\"es\"},{\"@type\":\"Person\",\"@id\":\"https:\/\/www.fotografo-profesional.net\/diario\/#\/schema\/person\/220504871d765b4c30a0af1d2fe93533\",\"name\":\"Luis Miguel del Campo\",\"image\":{\"@type\":\"ImageObject\",\"inLanguage\":\"es\",\"@id\":\"https:\/\/www.fotografo-profesional.net\/diario\/#\/schema\/person\/image\/\",\"url\":\"https:\/\/secure.gravatar.com\/avatar\/84bb1120095136de86f122a882a42d61?s=96&d=mm&r=g\",\"contentUrl\":\"https:\/\/secure.gravatar.com\/avatar\/84bb1120095136de86f122a882a42d61?s=96&d=mm&r=g\",\"caption\":\"Luis Miguel del Campo\"},\"url\":\"https:\/\/www.fotografo-profesional.net\/diario\/author\/admin_lmdc\/\"}]}<\/script>\n<!-- \/ Yoast SEO plugin. -->","yoast_head_json":{"title":"Bodas con complementos - Luis Miguel del Campo","description":"Valorar la calidad de un fot\u00f3grafo de bodas en Madrid que sea barato para poder disponer de m\u00e1s dinero que gastar en complementos para la boda.","robots":{"index":"index","follow":"follow","max-snippet":"max-snippet:-1","max-image-preview":"max-image-preview:large","max-video-preview":"max-video-preview:-1"},"canonical":"https:\/\/www.fotografo-profesional.net\/diario\/2019\/03\/21\/bodas-con-complementos\/","og_locale":"es_ES","og_type":"article","og_title":"Bodas con complementos - Luis Miguel del Campo","og_description":"Valorar la calidad de un fot\u00f3grafo de bodas en Madrid que sea barato para poder disponer de m\u00e1s dinero que gastar en complementos para la boda.","og_url":"https:\/\/www.fotografo-profesional.net\/diario\/2019\/03\/21\/bodas-con-complementos\/","og_site_name":"Luis Miguel del Campo","article_published_time":"2019-03-21T21:06:09+00:00","article_modified_time":"2021-07-14T10:54:42+00:00","og_image":[{"width":600,"height":400,"url":"https:\/\/www.fotografo-profesional.net\/diario\/wp-content\/uploads\/2019\/03\/Boda-con-Tuna-por-fot\u00f3grafo-profesional-en-Madrid-LMC.jpg","type":"image\/jpeg"}],"author":"Luis Miguel del Campo","twitter_card":"summary_large_image","twitter_misc":{"Escrito por":"Luis Miguel del Campo","Tiempo de lectura":"2 minutos"},"schema":{"@context":"https:\/\/schema.org","@graph":[{"@type":"WebPage","@id":"https:\/\/www.fotografo-profesional.net\/diario\/2019\/03\/21\/bodas-con-complementos\/","url":"https:\/\/www.fotografo-profesional.net\/diario\/2019\/03\/21\/bodas-con-complementos\/","name":"Bodas con complementos - Luis Miguel del Campo","isPartOf":{"@id":"https:\/\/www.fotografo-profesional.net\/diario\/#website"},"datePublished":"2019-03-21T21:06:09+00:00","dateModified":"2021-07-14T10:54:42+00:00","author":{"@id":"https:\/\/www.fotografo-profesional.net\/diario\/#\/schema\/person\/220504871d765b4c30a0af1d2fe93533"},"description":"Valorar la calidad de un fot\u00f3grafo de bodas en Madrid que sea barato para poder disponer de m\u00e1s dinero que gastar en complementos para la boda.","breadcrumb":{"@id":"https:\/\/www.fotografo-profesional.net\/diario\/2019\/03\/21\/bodas-con-complementos\/#breadcrumb"},"inLanguage":"es","potentialAction":[{"@type":"ReadAction","target":["https:\/\/www.fotografo-profesional.net\/diario\/2019\/03\/21\/bodas-con-complementos\/"]}]},{"@type":"BreadcrumbList","@id":"https:\/\/www.fotografo-profesional.net\/diario\/2019\/03\/21\/bodas-con-complementos\/#breadcrumb","itemListElement":[{"@type":"ListItem","position":1,"name":"Inicio","item":"https:\/\/www.fotografo-profesional.net\/diario\/"},{"@type":"ListItem","position":2,"name":"Bodas con complementos"}]},{"@type":"WebSite","@id":"https:\/\/www.fotografo-profesional.net\/diario\/#website","url":"https:\/\/www.fotografo-profesional.net\/diario\/","name":"Luis Miguel del Campo","description":"Blog de un fot\u00f3grafo profesional","potentialAction":[{"@type":"SearchAction","target":{"@type":"EntryPoint","urlTemplate":"https:\/\/www.fotografo-profesional.net\/diario\/?s={search_term_string}"},"query-input":"required name=search_term_string"}],"inLanguage":"es"},{"@type":"Person","@id":"https:\/\/www.fotografo-profesional.net\/diario\/#\/schema\/person\/220504871d765b4c30a0af1d2fe93533","name":"Luis Miguel del Campo","image":{"@type":"ImageObject","inLanguage":"es","@id":"https:\/\/www.fotografo-profesional.net\/diario\/#\/schema\/person\/image\/","url":"https:\/\/secure.gravatar.com\/avatar\/84bb1120095136de86f122a882a42d61?s=96&d=mm&r=g","contentUrl":"https:\/\/secure.gravatar.com\/avatar\/84bb1120095136de86f122a882a42d61?s=96&d=mm&r=g","caption":"Luis Miguel del Campo"},"url":"https:\/\/www.fotografo-profesional.net\/diario\/author\/admin_lmdc\/"}]}},"_links":{"self":[{"href":"https:\/\/www.fotografo-profesional.net\/diario\/wp-json\/wp\/v2\/posts\/573"}],"collection":[{"href":"https:\/\/www.fotografo-profesional.net\/diario\/wp-json\/wp\/v2\/posts"}],"about":[{"href":"https:\/\/www.fotografo-profesional.net\/diario\/wp-json\/wp\/v2\/types\/post"}],"author":[{"embeddable":true,"href":"https:\/\/www.fotografo-profesional.net\/diario\/wp-json\/wp\/v2\/users\/2"}],"replies":[{"embeddable":true,"href":"https:\/\/www.fotografo-profesional.net\/diario\/wp-json\/wp\/v2\/comments?post=573"}],"version-history":[{"count":4,"href":"https:\/\/www.fotografo-profesional.net\/diario\/wp-json\/wp\/v2\/posts\/573\/revisions"}],"predecessor-version":[{"id":2846,"href":"https:\/\/www.fotografo-profesional.net\/diario\/wp-json\/wp\/v2\/posts\/573\/revisions\/2846"}],"wp:featuredmedia":[{"embeddable":true,"href":"https:\/\/www.fotografo-profesional.net\/diario\/wp-json\/wp\/v2\/media\/578"}],"wp:attachment":[{"href":"https:\/\/www.fotografo-profesional.net\/diario\/wp-json\/wp\/v2\/media?parent=573"}],"wp:term":[{"taxonomy":"category","embeddable":true,"href":"https:\/\/www.fotografo-profesional.net\/diario\/wp-json\/wp\/v2\/categories?post=573"},{"taxonomy":"post_tag","embeddable":true,"href":"https:\/\/www.fotografo-profesional.net\/diario\/wp-json\/wp\/v2\/tags?post=573"}],"curies":[{"name":"wp","href":"https:\/\/api.w.org\/{rel}","templated":true}]}}