{"id":58,"date":"2018-04-08T19:29:51","date_gmt":"2018-04-08T19:29:51","guid":{"rendered":"https:\/\/www.fotografo-profesional.net\/diario-de-un-fotografo-profesional-en-madrid\/?p=58"},"modified":"2020-04-11T12:31:30","modified_gmt":"2020-04-11T10:31:30","slug":"que-te-impulsa-a-hacer-fotografias","status":"publish","type":"post","link":"https:\/\/www.fotografo-profesional.net\/diario\/2018\/04\/08\/que-te-impulsa-a-hacer-fotografias\/","title":{"rendered":"Qu\u00e9 te impulsa a hacer fotograf\u00edas"},"content":{"rendered":"<p><img decoding=\"async\" class=\"aligncenter wp-image-61\" src=\"\/diario\/wp-content\/uploads\/2018\/04\/Palacio-de-Cibeles-por-fotografos-profesionales-en-madrid.jpg\" alt=\"Fotograf\u00edas de paisajes urbanos\" width=\"610\" height=\"407\" srcset=\"https:\/\/www.fotografo-profesional.net\/diario\/wp-content\/uploads\/2018\/04\/Palacio-de-Cibeles-por-fotografos-profesionales-en-madrid.jpg 700w, https:\/\/www.fotografo-profesional.net\/diario\/wp-content\/uploads\/2018\/04\/Palacio-de-Cibeles-por-fotografos-profesionales-en-madrid-300x200.jpg 300w\" sizes=\"(max-width: 610px) 100vw, 610px\" \/><\/p>\n<p><strong>Hoy en d\u00eda todo el mundo hace fotograf\u00edas a diario<\/strong>, algo que antes de la implantaci\u00f3n de la tecnolog\u00eda digital en la vida de la inmensa mayor\u00eda de la poblaci\u00f3n no ocurr\u00eda; es m\u00e1s, hab\u00eda personas que pasaban toda su vida sin haber hecho ninguna. Pero no me refiero a los selfis que se hacen con el m\u00f3vil a diario, de forma enfermiza y compulsiva. O a los operarios que toman im\u00e1genes para justificar su trabajo realizado ante los jefes o ante las personas afectadas por su labor: fontaneros, empleados de limpieza, controladores de aparcamiento&#8230; Ni a los momentos familiares de los que todo el mundo quiere tener constancia.<\/p>\n<p>Tambi\u00e9n es muy com\u00fan ir por la calle y encontrar a cualquier tipo de persona que ante una situaci\u00f3n que le parece interesante saca su tel\u00e9fono m\u00f3vil y toma una imagen que inmediatamente difunde en WhatsAPP o redes sociales. Es muy frecuente que en alguna situaci\u00f3n callejera, como puede ser un accidente de autom\u00f3vil ajeno, por ejemplo, hay unos cuantos transe\u00fantes que al verlo hacen fotograf\u00edas con af\u00e1n reporteril; se ha dado el caso de personas que han tomado fotograf\u00edas de alg\u00fan muerto en la calle y las ha difundido p\u00fablicamente sin ning\u00fan tipo de consideraci\u00f3n. Sin embargo, cada vez es m\u00e1s frecuente encontrar a personas de una ciudad en la que viven que agarran su c\u00e1mara el fin de semana y salen a hacer fotograf\u00edas.<\/p>\n<p>Estoy hablando de fotograf\u00edas tomadas con intenci\u00f3n comunicativa, creativa, art\u00edstica, en las que se pretende documentar situaciones sociol\u00f3gicas o comunicar sensaciones y sentimientos del que fotograf\u00eda; sin llegar a ser \u00e9ste un fot\u00f3grafo profesional. No es necesario que salgan de viaje para ello, sino que llevan su equipo para patear las calles por las que pasan a diario.<br \/>\nSi t\u00fa eres uno de los afectados por el virus de la fotograf\u00eda quiz\u00e1 deb\u00edas plantearte ciertas cuestiones como, por ejemplo, el tipo de fotograf\u00eda en el que centrar tus inquietudes creativas. Me explico.<\/p>\n<p><strong>Puedes dirigir todos tus esfuerzos en la consecuci\u00f3n de paisajes y postales urbanas<\/strong>. Esta es una modalidad muy apreciada por el gran p\u00fablico. <a href=\"https:\/\/www.fotografo-profesional.net\/diario\/2018\/09\/23\/postales-fotograficas-de-madrid\/\"><em><span style=\"color: #33cccc;\">Una postal<\/span><\/em><\/a>\u00a0tiene siempre una gran aceptaci\u00f3n en las redes sociales. Muchas veces lo que m\u00e1s cuenta es el motivo, con independencia de que la forma de tratarlo se salga o no de lo manido y tantas veces visto antes. Un motivo vistoso, monumental o result\u00f3n generar\u00e1 aceptaci\u00f3n del p\u00fablico inmediatamente; m\u00e1s que cualquier otra imagen en la que resulte menos f\u00e1cil desentra\u00f1ar su contenido, significado o tratamiento. Este es un buen nicho en el que trabajar si quieres una pronta aceptaci\u00f3n por parte del p\u00fablico.<\/p>\n<p><strong>Otra opci\u00f3n es la fotograf\u00eda de animales<\/strong>. Categor\u00eda muy apreciada y que tiene un gran n\u00famero de seguidores. Dentro de ella puedes centrarte en las <a href=\"https:\/\/www.fotografo-profesional.net\/diario\/2020\/01\/31\/fotografia-de-mascotas-en-madrid\/\"><span style=\"color: #33cccc;\"><em>mascotas<\/em><\/span><\/a> (tuyas o ajenas), visitar zool\u00f3gicos y reservas o pasear por el campo a la caza y captura fotogr\u00e1fica de animales. Eso s\u00ed, no te recomiendo que vayas por la calle asaltando con la c\u00e1mara a las mascotas de otras personas sin hablar con ellos y pedirles permiso para tomar fotograf\u00edas. En la mayor\u00eda de los casos te lo van a permitir y, adem\u00e1s, se van a sentir orgullosos de que quieras fotografiar a sus animales.<\/p>\n<p><img decoding=\"async\" class=\"aligncenter wp-image-63\" src=\"\/diario\/wp-content\/uploads\/2018\/04\/Mascotas-por-fotografo-profesional-en-madrid.jpg\" alt=\"Fotograf\u00edas de mascotas\" width=\"610\" height=\"458\" srcset=\"https:\/\/www.fotografo-profesional.net\/diario\/wp-content\/uploads\/2018\/04\/Mascotas-por-fotografo-profesional-en-madrid.jpg 700w, https:\/\/www.fotografo-profesional.net\/diario\/wp-content\/uploads\/2018\/04\/Mascotas-por-fotografo-profesional-en-madrid-300x225.jpg 300w\" sizes=\"(max-width: 610px) 100vw, 610px\" \/><\/p>\n<p>O te puedes centrar en los retratos&#8230; Aunque pueda no parecerlo a simple vista, esta disciplina es la m\u00e1s dif\u00edcil. Si quieres conseguir retratos que merezcan la pena, claro; que reflejen la esencia y la personalidad de la persona retratada. Dentro de esta categor\u00eda est\u00e1 la subcategor\u00eda de los retratos de ni\u00f1os. Dedic\u00e1ndote a esta disciplina tienes de partida ya ganados unos cuantos puntos de tus futuros seguidores. No obstante tienes que ser cuidadoso con algo muy importante: no se pueden publicar fotograf\u00edas de ni\u00f1os sin expresa autorizaci\u00f3n de sus padres y tutores. No es nada recomendable ni admisible ir por ah\u00ed haciendo retratos de ni\u00f1os sin haber sido autorizado previamente. Mucho menos, ir public\u00e1ndolas en las redes sociales<\/p>\n<p><strong>Son muy jugosas las celebraciones y actos p\u00fablicos<\/strong>. Ya sean <a href=\"https:\/\/www.fotografo-profesional.net\/diario\/2019\/10\/19\/fotografo-de-eventos-deportivos\/\"><span style=\"color: #33cccc;\"><em>deportivos<\/em><\/span><\/a>, religiosos, conmemorativos, festivos&#8230; Modalidad muy barata y f\u00e1cil de cubrir cuando los actos se celebran en la calle. Solo has de ir armado con tu c\u00e1mara, apostarte en uno o varios lugares claves del recorrido y disparar a mansalva. Eso s\u00ed, convendr\u00eda que conocieses de antemano el recorrido y si se va a haber un momento especial durante \u00e9ste.<\/p>\n<p><img decoding=\"async\" class=\"aligncenter wp-image-62\" src=\"\/diario\/wp-content\/uploads\/2018\/04\/Semana-Santa-por-fotografo-profesional-en-madrid.jpg\" alt=\"fotograf\u00edas de eventos p\u00fablicos\" width=\"610\" height=\"407\" srcset=\"https:\/\/www.fotografo-profesional.net\/diario\/wp-content\/uploads\/2018\/04\/Semana-Santa-por-fotografo-profesional-en-madrid.jpg 700w, https:\/\/www.fotografo-profesional.net\/diario\/wp-content\/uploads\/2018\/04\/Semana-Santa-por-fotografo-profesional-en-madrid-300x200.jpg 300w\" sizes=\"(max-width: 610px) 100vw, 610px\" \/><\/p>\n<p>Tambi\u00e9n est\u00e1 muy extendida la fotograf\u00eda de <a href=\"https:\/\/www.fotografo-profesional.net\/diario\/2019\/10\/05\/fotografia-de-conciertos-de-rock\/\"><span style=\"color: #33cccc;\"><em>conciertos<\/em><\/span><\/a>. Si no hace muchos a\u00f1os estaba rigurosamente controlado el acceso con c\u00e1maras fotogr\u00e1ficas a los recintos en los que se celebraban conciertos, en los \u00faltimos a\u00f1os, sobre todo en la salas, el p\u00fablico puede acceder con equipo fotogr\u00e1fico sin ning\u00fan problema y tomar todas las im\u00e1genes que quiera; incluso v\u00eddeos. Adem\u00e1s, no debes preocuparte por el tama\u00f1o de la c\u00e1mara que tienes.<\/p>\n<p>Ya sabes que el tama\u00f1o no siempre es lo que importa. Importa m\u00e1s el lugar desde el que tomes las fotograf\u00edas, as\u00ed que si vas a hacer fotograf\u00edas de conciertos tienes que ir dispuesto a disputar los lugares privilegiados con quien se ponga por delante, aunque est\u00e9 trabajando y lleve all\u00ed desde que abrieron las puertas de la sala. Luego las fotograf\u00edas que consigas pueden gustar o no, pero nadie te puede quitar la satisfacci\u00f3n de haberlas hecho; y de epatar a tus amistades. No te prives de subirlas a las redes sociales&#8230; Por supuesto.<\/p>\n<p>Aparte de las actitudes anteriormente expuestas, tambi\u00e9n te puedes acercar a hacer fotograf\u00edas de cualquier tipo con humildad, sin armar mucho alboroto, siendo amable con quien te cruces y pidiendo las cosas por favor. Generalmente esta forma de proceder te abre muchas m\u00e1s puertas. Y te facilita las cosas.<\/p>\n<p>Sobre todo: <strong>busca un punto de vista distinto al del resto de los fot\u00f3grafos<\/strong>. Original. Crea tu voz propia para que tus fotograf\u00edas acaben siendo reconocidas sin necesidad de que el espectador vea la firma.<\/p>\n<p>Tambi\u00e9n puedes dedicar tus esfuerzos a hacer fotograf\u00edas que se salgan de las categor\u00edas tan claras expuestas anteriormente. Puedes buscar la abstracci\u00f3n&#8230; Por ejemplo.<\/p>\n<p>El futuro es tuyo, chaval (o chavala).<\/p>\n","protected":false},"excerpt":{"rendered":"<p>Hoy en d\u00eda todo el mundo hace fotograf\u00edas a diario, algo que antes de la implantaci\u00f3n de la tecnolog\u00eda digital en la vida de la inmensa mayor\u00eda de la poblaci\u00f3n no ocurr\u00eda; es m\u00e1s, hab\u00eda personas que pasaban toda su vida sin haber hecho ninguna. Pero no me refiero a los selfis que se hacen [&hellip;]<\/p>\n","protected":false},"author":2,"featured_media":61,"comment_status":"open","ping_status":"open","sticky":false,"template":"","format":"standard","meta":[],"categories":[418,31,29,30,48,188,189,172,207],"tags":[78,396,32,34,33,397,81,99,348,284,338,307,225],"yoast_head":"<!-- This site is optimized with the Yoast SEO plugin v20.8 - https:\/\/yoast.com\/wordpress\/plugins\/seo\/ -->\n<title>Qu\u00e9 te impulsa a hacer fotograf\u00edas - Luis Miguel del Campo<\/title>\n<meta name=\"description\" content=\"Para descubrir qu\u00e9 disciplina fotogr\u00e1fica se ajusta m\u00e1s a tu forma de ser deber\u00edas plantearte qu\u00e9 te impulsa a hacer fotograf\u00edas.\" \/>\n<meta name=\"robots\" content=\"index, follow, max-snippet:-1, max-image-preview:large, max-video-preview:-1\" \/>\n<link rel=\"canonical\" href=\"https:\/\/www.fotografo-profesional.net\/diario\/2018\/04\/08\/que-te-impulsa-a-hacer-fotografias\/\" \/>\n<meta property=\"og:locale\" content=\"es_ES\" \/>\n<meta property=\"og:type\" content=\"article\" \/>\n<meta property=\"og:title\" content=\"Qu\u00e9 te impulsa a hacer fotograf\u00edas - Luis Miguel del Campo\" \/>\n<meta property=\"og:description\" content=\"Para descubrir qu\u00e9 disciplina fotogr\u00e1fica se ajusta m\u00e1s a tu forma de ser deber\u00edas plantearte qu\u00e9 te impulsa a hacer fotograf\u00edas.\" \/>\n<meta property=\"og:url\" content=\"https:\/\/www.fotografo-profesional.net\/diario\/2018\/04\/08\/que-te-impulsa-a-hacer-fotografias\/\" \/>\n<meta property=\"og:site_name\" content=\"Luis Miguel del Campo\" \/>\n<meta property=\"article:published_time\" content=\"2018-04-08T19:29:51+00:00\" \/>\n<meta property=\"article:modified_time\" content=\"2020-04-11T10:31:30+00:00\" \/>\n<meta property=\"og:image\" content=\"https:\/\/www.fotografo-profesional.net\/diario\/wp-content\/uploads\/2018\/04\/Palacio-de-Cibeles-por-fotografos-profesionales-en-madrid.jpg\" \/>\n\t<meta property=\"og:image:width\" content=\"700\" \/>\n\t<meta property=\"og:image:height\" content=\"467\" \/>\n\t<meta property=\"og:image:type\" content=\"image\/jpeg\" \/>\n<meta name=\"author\" content=\"Luis Miguel del Campo\" \/>\n<meta name=\"twitter:card\" content=\"summary_large_image\" \/>\n<meta name=\"twitter:label1\" content=\"Escrito por\" \/>\n\t<meta name=\"twitter:data1\" content=\"Luis Miguel del Campo\" \/>\n\t<meta name=\"twitter:label2\" content=\"Tiempo de lectura\" \/>\n\t<meta name=\"twitter:data2\" content=\"6 minutos\" \/>\n<script type=\"application\/ld+json\" class=\"yoast-schema-graph\">{\"@context\":\"https:\/\/schema.org\",\"@graph\":[{\"@type\":\"WebPage\",\"@id\":\"https:\/\/www.fotografo-profesional.net\/diario\/2018\/04\/08\/que-te-impulsa-a-hacer-fotografias\/\",\"url\":\"https:\/\/www.fotografo-profesional.net\/diario\/2018\/04\/08\/que-te-impulsa-a-hacer-fotografias\/\",\"name\":\"Qu\u00e9 te impulsa a hacer fotograf\u00edas - Luis Miguel del Campo\",\"isPartOf\":{\"@id\":\"https:\/\/www.fotografo-profesional.net\/diario\/#website\"},\"datePublished\":\"2018-04-08T19:29:51+00:00\",\"dateModified\":\"2020-04-11T10:31:30+00:00\",\"author\":{\"@id\":\"https:\/\/www.fotografo-profesional.net\/diario\/#\/schema\/person\/220504871d765b4c30a0af1d2fe93533\"},\"description\":\"Para descubrir qu\u00e9 disciplina fotogr\u00e1fica se ajusta m\u00e1s a tu forma de ser deber\u00edas plantearte qu\u00e9 te impulsa a hacer fotograf\u00edas.\",\"breadcrumb\":{\"@id\":\"https:\/\/www.fotografo-profesional.net\/diario\/2018\/04\/08\/que-te-impulsa-a-hacer-fotografias\/#breadcrumb\"},\"inLanguage\":\"es\",\"potentialAction\":[{\"@type\":\"ReadAction\",\"target\":[\"https:\/\/www.fotografo-profesional.net\/diario\/2018\/04\/08\/que-te-impulsa-a-hacer-fotografias\/\"]}]},{\"@type\":\"BreadcrumbList\",\"@id\":\"https:\/\/www.fotografo-profesional.net\/diario\/2018\/04\/08\/que-te-impulsa-a-hacer-fotografias\/#breadcrumb\",\"itemListElement\":[{\"@type\":\"ListItem\",\"position\":1,\"name\":\"Inicio\",\"item\":\"https:\/\/www.fotografo-profesional.net\/diario\/\"},{\"@type\":\"ListItem\",\"position\":2,\"name\":\"Qu\u00e9 te impulsa a hacer fotograf\u00edas\"}]},{\"@type\":\"WebSite\",\"@id\":\"https:\/\/www.fotografo-profesional.net\/diario\/#website\",\"url\":\"https:\/\/www.fotografo-profesional.net\/diario\/\",\"name\":\"Luis Miguel del Campo\",\"description\":\"Blog de un fot\u00f3grafo profesional\",\"potentialAction\":[{\"@type\":\"SearchAction\",\"target\":{\"@type\":\"EntryPoint\",\"urlTemplate\":\"https:\/\/www.fotografo-profesional.net\/diario\/?s={search_term_string}\"},\"query-input\":\"required name=search_term_string\"}],\"inLanguage\":\"es\"},{\"@type\":\"Person\",\"@id\":\"https:\/\/www.fotografo-profesional.net\/diario\/#\/schema\/person\/220504871d765b4c30a0af1d2fe93533\",\"name\":\"Luis Miguel del Campo\",\"image\":{\"@type\":\"ImageObject\",\"inLanguage\":\"es\",\"@id\":\"https:\/\/www.fotografo-profesional.net\/diario\/#\/schema\/person\/image\/\",\"url\":\"https:\/\/secure.gravatar.com\/avatar\/84bb1120095136de86f122a882a42d61?s=96&d=mm&r=g\",\"contentUrl\":\"https:\/\/secure.gravatar.com\/avatar\/84bb1120095136de86f122a882a42d61?s=96&d=mm&r=g\",\"caption\":\"Luis Miguel del Campo\"},\"url\":\"https:\/\/www.fotografo-profesional.net\/diario\/author\/admin_lmdc\/\"}]}<\/script>\n<!-- \/ Yoast SEO plugin. -->","yoast_head_json":{"title":"Qu\u00e9 te impulsa a hacer fotograf\u00edas - Luis Miguel del Campo","description":"Para descubrir qu\u00e9 disciplina fotogr\u00e1fica se ajusta m\u00e1s a tu forma de ser deber\u00edas plantearte qu\u00e9 te impulsa a hacer fotograf\u00edas.","robots":{"index":"index","follow":"follow","max-snippet":"max-snippet:-1","max-image-preview":"max-image-preview:large","max-video-preview":"max-video-preview:-1"},"canonical":"https:\/\/www.fotografo-profesional.net\/diario\/2018\/04\/08\/que-te-impulsa-a-hacer-fotografias\/","og_locale":"es_ES","og_type":"article","og_title":"Qu\u00e9 te impulsa a hacer fotograf\u00edas - Luis Miguel del Campo","og_description":"Para descubrir qu\u00e9 disciplina fotogr\u00e1fica se ajusta m\u00e1s a tu forma de ser deber\u00edas plantearte qu\u00e9 te impulsa a hacer fotograf\u00edas.","og_url":"https:\/\/www.fotografo-profesional.net\/diario\/2018\/04\/08\/que-te-impulsa-a-hacer-fotografias\/","og_site_name":"Luis Miguel del Campo","article_published_time":"2018-04-08T19:29:51+00:00","article_modified_time":"2020-04-11T10:31:30+00:00","og_image":[{"width":700,"height":467,"url":"https:\/\/www.fotografo-profesional.net\/diario\/wp-content\/uploads\/2018\/04\/Palacio-de-Cibeles-por-fotografos-profesionales-en-madrid.jpg","type":"image\/jpeg"}],"author":"Luis Miguel del Campo","twitter_card":"summary_large_image","twitter_misc":{"Escrito por":"Luis Miguel del Campo","Tiempo de lectura":"6 minutos"},"schema":{"@context":"https:\/\/schema.org","@graph":[{"@type":"WebPage","@id":"https:\/\/www.fotografo-profesional.net\/diario\/2018\/04\/08\/que-te-impulsa-a-hacer-fotografias\/","url":"https:\/\/www.fotografo-profesional.net\/diario\/2018\/04\/08\/que-te-impulsa-a-hacer-fotografias\/","name":"Qu\u00e9 te impulsa a hacer fotograf\u00edas - Luis Miguel del Campo","isPartOf":{"@id":"https:\/\/www.fotografo-profesional.net\/diario\/#website"},"datePublished":"2018-04-08T19:29:51+00:00","dateModified":"2020-04-11T10:31:30+00:00","author":{"@id":"https:\/\/www.fotografo-profesional.net\/diario\/#\/schema\/person\/220504871d765b4c30a0af1d2fe93533"},"description":"Para descubrir qu\u00e9 disciplina fotogr\u00e1fica se ajusta m\u00e1s a tu forma de ser deber\u00edas plantearte qu\u00e9 te impulsa a hacer fotograf\u00edas.","breadcrumb":{"@id":"https:\/\/www.fotografo-profesional.net\/diario\/2018\/04\/08\/que-te-impulsa-a-hacer-fotografias\/#breadcrumb"},"inLanguage":"es","potentialAction":[{"@type":"ReadAction","target":["https:\/\/www.fotografo-profesional.net\/diario\/2018\/04\/08\/que-te-impulsa-a-hacer-fotografias\/"]}]},{"@type":"BreadcrumbList","@id":"https:\/\/www.fotografo-profesional.net\/diario\/2018\/04\/08\/que-te-impulsa-a-hacer-fotografias\/#breadcrumb","itemListElement":[{"@type":"ListItem","position":1,"name":"Inicio","item":"https:\/\/www.fotografo-profesional.net\/diario\/"},{"@type":"ListItem","position":2,"name":"Qu\u00e9 te impulsa a hacer fotograf\u00edas"}]},{"@type":"WebSite","@id":"https:\/\/www.fotografo-profesional.net\/diario\/#website","url":"https:\/\/www.fotografo-profesional.net\/diario\/","name":"Luis Miguel del Campo","description":"Blog de un fot\u00f3grafo profesional","potentialAction":[{"@type":"SearchAction","target":{"@type":"EntryPoint","urlTemplate":"https:\/\/www.fotografo-profesional.net\/diario\/?s={search_term_string}"},"query-input":"required name=search_term_string"}],"inLanguage":"es"},{"@type":"Person","@id":"https:\/\/www.fotografo-profesional.net\/diario\/#\/schema\/person\/220504871d765b4c30a0af1d2fe93533","name":"Luis Miguel del Campo","image":{"@type":"ImageObject","inLanguage":"es","@id":"https:\/\/www.fotografo-profesional.net\/diario\/#\/schema\/person\/image\/","url":"https:\/\/secure.gravatar.com\/avatar\/84bb1120095136de86f122a882a42d61?s=96&d=mm&r=g","contentUrl":"https:\/\/secure.gravatar.com\/avatar\/84bb1120095136de86f122a882a42d61?s=96&d=mm&r=g","caption":"Luis Miguel del Campo"},"url":"https:\/\/www.fotografo-profesional.net\/diario\/author\/admin_lmdc\/"}]}},"_links":{"self":[{"href":"https:\/\/www.fotografo-profesional.net\/diario\/wp-json\/wp\/v2\/posts\/58"}],"collection":[{"href":"https:\/\/www.fotografo-profesional.net\/diario\/wp-json\/wp\/v2\/posts"}],"about":[{"href":"https:\/\/www.fotografo-profesional.net\/diario\/wp-json\/wp\/v2\/types\/post"}],"author":[{"embeddable":true,"href":"https:\/\/www.fotografo-profesional.net\/diario\/wp-json\/wp\/v2\/users\/2"}],"replies":[{"embeddable":true,"href":"https:\/\/www.fotografo-profesional.net\/diario\/wp-json\/wp\/v2\/comments?post=58"}],"version-history":[{"count":13,"href":"https:\/\/www.fotografo-profesional.net\/diario\/wp-json\/wp\/v2\/posts\/58\/revisions"}],"predecessor-version":[{"id":1664,"href":"https:\/\/www.fotografo-profesional.net\/diario\/wp-json\/wp\/v2\/posts\/58\/revisions\/1664"}],"wp:featuredmedia":[{"embeddable":true,"href":"https:\/\/www.fotografo-profesional.net\/diario\/wp-json\/wp\/v2\/media\/61"}],"wp:attachment":[{"href":"https:\/\/www.fotografo-profesional.net\/diario\/wp-json\/wp\/v2\/media?parent=58"}],"wp:term":[{"taxonomy":"category","embeddable":true,"href":"https:\/\/www.fotografo-profesional.net\/diario\/wp-json\/wp\/v2\/categories?post=58"},{"taxonomy":"post_tag","embeddable":true,"href":"https:\/\/www.fotografo-profesional.net\/diario\/wp-json\/wp\/v2\/tags?post=58"}],"curies":[{"name":"wp","href":"https:\/\/api.w.org\/{rel}","templated":true}]}}