{"id":598,"date":"2019-04-08T16:03:51","date_gmt":"2019-04-08T14:03:51","guid":{"rendered":"https:\/\/www.fotografo-profesional.net\/diario\/?p=598"},"modified":"2019-11-30T20:27:49","modified_gmt":"2019-11-30T19:27:49","slug":"detalles-de-un-fotografo-de-boda","status":"publish","type":"post","link":"https:\/\/www.fotografo-profesional.net\/diario\/2019\/04\/08\/detalles-de-un-fotografo-de-boda\/","title":{"rendered":"Detalles de un fot\u00f3grafo de boda"},"content":{"rendered":"<p><img decoding=\"async\" class=\"size-full wp-image-603 aligncenter\" src=\"https:\/\/www.fotografo-profesional.net\/diario\/wp-content\/uploads\/2019\/04\/Fot\u00f3grafo-de-Madrid-LMC.jpg\" alt=\"Fot\u00f3grafo barato de boda en Madrid\" width=\"600\" height=\"400\" srcset=\"https:\/\/www.fotografo-profesional.net\/diario\/wp-content\/uploads\/2019\/04\/Fot\u00f3grafo-de-Madrid-LMC.jpg 600w, https:\/\/www.fotografo-profesional.net\/diario\/wp-content\/uploads\/2019\/04\/Fot\u00f3grafo-de-Madrid-LMC-300x200.jpg 300w\" sizes=\"(max-width: 600px) 100vw, 600px\" \/><\/p>\n<p>Un reportaje de boda es todo un mundo. Un d\u00eda de <a href=\"https:\/\/www.fotografo-profesional.net\/portfolio\/fotografia-de-bodas\/\"><span style=\"color: #33cccc;\"><em>reportaje de boda<\/em><\/span><\/a> puede durar una eternidad, dependiendo para qui\u00e9n. Para los novios suele parecerlo, sobre todo al final del d\u00eda. El<strong> fot\u00f3grafo de boda<\/strong> est\u00e1 acostumbrado y, aunque tambi\u00e9n se cansa, sabe como dosificar el esfuerzo sin derrochar energ\u00edas.<\/p>\n<p>Adem\u00e1s, una de las labores del <span style=\"color: #000000;\">fot\u00f3grafo de boda<\/span> es estar al tanto de todo para que no se le escape ning\u00fan detalle de la celebraci\u00f3n. Incluso, en muchos casos, ha de recordar tanto a los novios como a los invitados que hay que hacer una fotograf\u00eda de alg\u00fan momento significativo, porque si no, al entregar el <strong>reportaje fotogr\u00e1fico de boda<\/strong> los reci\u00e9n casados la van a echar en falta, pues es muy frecuente que estando inmersos en la celebraci\u00f3n se les pase esa circunstancia.<\/p>\n<p>Particularmente soy un <span style=\"color: #000000;\">fot\u00f3grafo de boda <\/span>que prefiere captar momentos espont\u00e1neos antes que posados, que suele dejar que los acontecimientos se desarrollen interviniendo lo menos posible en su desarrollo para no influir en ellos.<br \/>\nMe gusta pasar desapercibido mientras observo detenidamente lo que sucede a mi alrededor para capturarlo una vez que se presenta.<br \/>\nLos momentos en que los novios est\u00e1n relajados son propicios para conseguir <strong>fotograf\u00edas de boda espont\u00e1neas<\/strong>. Si adem\u00e1s tienen animales en sus casas, seguro que alguna buena fotograf\u00eda va a salir del encuentro entre <a href=\"https:\/\/www.fotografo-profesional.net\/diario\/2018\/11\/29\/books-con-ninos-y-animales\/\"><span style=\"color: #33cccc;\"><em>las personas y sus mascotas<\/em><\/span><\/a>.<br \/>\nTal es el caso de la fotograf\u00eda de boda de la cabecera. Est\u00e1 hecha en esos momentos en los que la novia y su familia hab\u00edan acabado de prepararse para la ceremonia y les sobraban unos minutos antes de salir hacia el ayuntamiento. Y en ese momento aparecieron los perros, momento que el fot\u00f3grafo de boda no pod\u00eda dejar de aprovechar. Tan solo hab\u00eda que estar atento a lo que fuera a suceder. Y sucedi\u00f3 esta entra\u00f1able fotograf\u00eda de boda.<\/p>\n","protected":false},"excerpt":{"rendered":"<p>Un reportaje de boda es todo un mundo. Un d\u00eda de reportaje de boda puede durar una eternidad, dependiendo para qui\u00e9n. Para los novios suele parecerlo, sobre todo al final del d\u00eda. El fot\u00f3grafo de boda est\u00e1 acostumbrado y, aunque tambi\u00e9n se cansa, sabe como dosificar el esfuerzo sin derrochar energ\u00edas. Adem\u00e1s, una de las [&hellip;]<\/p>\n","protected":false},"author":2,"featured_media":603,"comment_status":"closed","ping_status":"open","sticky":false,"template":"","format":"standard","meta":[],"categories":[15,171,173,189,172,207],"tags":[134,117,59,119,120,94],"yoast_head":"<!-- This site is optimized with the Yoast SEO plugin v20.8 - https:\/\/yoast.com\/wordpress\/plugins\/seo\/ -->\n<title>Detalles de un fot\u00f3grafo de boda - Luis Miguel del Campo<\/title>\n<meta name=\"description\" content=\"La diferencia de un fot\u00f3grafo de boda con los dem\u00e1s muchas veces est\u00e1 en los detalles que refleja en sus reportajes fotogr\u00e1ficos.\" \/>\n<meta name=\"robots\" content=\"index, follow, max-snippet:-1, max-image-preview:large, max-video-preview:-1\" \/>\n<link rel=\"canonical\" href=\"https:\/\/www.fotografo-profesional.net\/diario\/2019\/04\/08\/detalles-de-un-fotografo-de-boda\/\" \/>\n<meta property=\"og:locale\" content=\"es_ES\" \/>\n<meta property=\"og:type\" content=\"article\" \/>\n<meta property=\"og:title\" content=\"Detalles de un fot\u00f3grafo de boda - Luis Miguel del Campo\" \/>\n<meta property=\"og:description\" content=\"La diferencia de un fot\u00f3grafo de boda con los dem\u00e1s muchas veces est\u00e1 en los detalles que refleja en sus reportajes fotogr\u00e1ficos.\" \/>\n<meta property=\"og:url\" content=\"https:\/\/www.fotografo-profesional.net\/diario\/2019\/04\/08\/detalles-de-un-fotografo-de-boda\/\" \/>\n<meta property=\"og:site_name\" content=\"Luis Miguel del Campo\" \/>\n<meta property=\"article:published_time\" content=\"2019-04-08T14:03:51+00:00\" \/>\n<meta property=\"article:modified_time\" content=\"2019-11-30T19:27:49+00:00\" \/>\n<meta property=\"og:image\" content=\"https:\/\/www.fotografo-profesional.net\/diario\/wp-content\/uploads\/2019\/04\/Fot\u00f3grafo-de-Madrid-LMC.jpg\" \/>\n\t<meta property=\"og:image:width\" content=\"600\" \/>\n\t<meta property=\"og:image:height\" content=\"400\" \/>\n\t<meta property=\"og:image:type\" content=\"image\/jpeg\" \/>\n<meta name=\"author\" content=\"Luis Miguel del Campo\" \/>\n<meta name=\"twitter:card\" content=\"summary_large_image\" \/>\n<meta name=\"twitter:label1\" content=\"Escrito por\" \/>\n\t<meta name=\"twitter:data1\" content=\"Luis Miguel del Campo\" \/>\n\t<meta name=\"twitter:label2\" content=\"Tiempo de lectura\" \/>\n\t<meta name=\"twitter:data2\" content=\"2 minutos\" \/>\n<script type=\"application\/ld+json\" class=\"yoast-schema-graph\">{\"@context\":\"https:\/\/schema.org\",\"@graph\":[{\"@type\":\"WebPage\",\"@id\":\"https:\/\/www.fotografo-profesional.net\/diario\/2019\/04\/08\/detalles-de-un-fotografo-de-boda\/\",\"url\":\"https:\/\/www.fotografo-profesional.net\/diario\/2019\/04\/08\/detalles-de-un-fotografo-de-boda\/\",\"name\":\"Detalles de un fot\u00f3grafo de boda - Luis Miguel del Campo\",\"isPartOf\":{\"@id\":\"https:\/\/www.fotografo-profesional.net\/diario\/#website\"},\"datePublished\":\"2019-04-08T14:03:51+00:00\",\"dateModified\":\"2019-11-30T19:27:49+00:00\",\"author\":{\"@id\":\"https:\/\/www.fotografo-profesional.net\/diario\/#\/schema\/person\/220504871d765b4c30a0af1d2fe93533\"},\"description\":\"La diferencia de un fot\u00f3grafo de boda con los dem\u00e1s muchas veces est\u00e1 en los detalles que refleja en sus reportajes fotogr\u00e1ficos.\",\"breadcrumb\":{\"@id\":\"https:\/\/www.fotografo-profesional.net\/diario\/2019\/04\/08\/detalles-de-un-fotografo-de-boda\/#breadcrumb\"},\"inLanguage\":\"es\",\"potentialAction\":[{\"@type\":\"ReadAction\",\"target\":[\"https:\/\/www.fotografo-profesional.net\/diario\/2019\/04\/08\/detalles-de-un-fotografo-de-boda\/\"]}]},{\"@type\":\"BreadcrumbList\",\"@id\":\"https:\/\/www.fotografo-profesional.net\/diario\/2019\/04\/08\/detalles-de-un-fotografo-de-boda\/#breadcrumb\",\"itemListElement\":[{\"@type\":\"ListItem\",\"position\":1,\"name\":\"Inicio\",\"item\":\"https:\/\/www.fotografo-profesional.net\/diario\/\"},{\"@type\":\"ListItem\",\"position\":2,\"name\":\"Detalles de un fot\u00f3grafo de boda\"}]},{\"@type\":\"WebSite\",\"@id\":\"https:\/\/www.fotografo-profesional.net\/diario\/#website\",\"url\":\"https:\/\/www.fotografo-profesional.net\/diario\/\",\"name\":\"Luis Miguel del Campo\",\"description\":\"Blog de un fot\u00f3grafo profesional\",\"potentialAction\":[{\"@type\":\"SearchAction\",\"target\":{\"@type\":\"EntryPoint\",\"urlTemplate\":\"https:\/\/www.fotografo-profesional.net\/diario\/?s={search_term_string}\"},\"query-input\":\"required name=search_term_string\"}],\"inLanguage\":\"es\"},{\"@type\":\"Person\",\"@id\":\"https:\/\/www.fotografo-profesional.net\/diario\/#\/schema\/person\/220504871d765b4c30a0af1d2fe93533\",\"name\":\"Luis Miguel del Campo\",\"image\":{\"@type\":\"ImageObject\",\"inLanguage\":\"es\",\"@id\":\"https:\/\/www.fotografo-profesional.net\/diario\/#\/schema\/person\/image\/\",\"url\":\"https:\/\/secure.gravatar.com\/avatar\/84bb1120095136de86f122a882a42d61?s=96&d=mm&r=g\",\"contentUrl\":\"https:\/\/secure.gravatar.com\/avatar\/84bb1120095136de86f122a882a42d61?s=96&d=mm&r=g\",\"caption\":\"Luis Miguel del Campo\"},\"url\":\"https:\/\/www.fotografo-profesional.net\/diario\/author\/admin_lmdc\/\"}]}<\/script>\n<!-- \/ Yoast SEO plugin. -->","yoast_head_json":{"title":"Detalles de un fot\u00f3grafo de boda - Luis Miguel del Campo","description":"La diferencia de un fot\u00f3grafo de boda con los dem\u00e1s muchas veces est\u00e1 en los detalles que refleja en sus reportajes fotogr\u00e1ficos.","robots":{"index":"index","follow":"follow","max-snippet":"max-snippet:-1","max-image-preview":"max-image-preview:large","max-video-preview":"max-video-preview:-1"},"canonical":"https:\/\/www.fotografo-profesional.net\/diario\/2019\/04\/08\/detalles-de-un-fotografo-de-boda\/","og_locale":"es_ES","og_type":"article","og_title":"Detalles de un fot\u00f3grafo de boda - Luis Miguel del Campo","og_description":"La diferencia de un fot\u00f3grafo de boda con los dem\u00e1s muchas veces est\u00e1 en los detalles que refleja en sus reportajes fotogr\u00e1ficos.","og_url":"https:\/\/www.fotografo-profesional.net\/diario\/2019\/04\/08\/detalles-de-un-fotografo-de-boda\/","og_site_name":"Luis Miguel del Campo","article_published_time":"2019-04-08T14:03:51+00:00","article_modified_time":"2019-11-30T19:27:49+00:00","og_image":[{"width":600,"height":400,"url":"https:\/\/www.fotografo-profesional.net\/diario\/wp-content\/uploads\/2019\/04\/Fot\u00f3grafo-de-Madrid-LMC.jpg","type":"image\/jpeg"}],"author":"Luis Miguel del Campo","twitter_card":"summary_large_image","twitter_misc":{"Escrito por":"Luis Miguel del Campo","Tiempo de lectura":"2 minutos"},"schema":{"@context":"https:\/\/schema.org","@graph":[{"@type":"WebPage","@id":"https:\/\/www.fotografo-profesional.net\/diario\/2019\/04\/08\/detalles-de-un-fotografo-de-boda\/","url":"https:\/\/www.fotografo-profesional.net\/diario\/2019\/04\/08\/detalles-de-un-fotografo-de-boda\/","name":"Detalles de un fot\u00f3grafo de boda - Luis Miguel del Campo","isPartOf":{"@id":"https:\/\/www.fotografo-profesional.net\/diario\/#website"},"datePublished":"2019-04-08T14:03:51+00:00","dateModified":"2019-11-30T19:27:49+00:00","author":{"@id":"https:\/\/www.fotografo-profesional.net\/diario\/#\/schema\/person\/220504871d765b4c30a0af1d2fe93533"},"description":"La diferencia de un fot\u00f3grafo de boda con los dem\u00e1s muchas veces est\u00e1 en los detalles que refleja en sus reportajes fotogr\u00e1ficos.","breadcrumb":{"@id":"https:\/\/www.fotografo-profesional.net\/diario\/2019\/04\/08\/detalles-de-un-fotografo-de-boda\/#breadcrumb"},"inLanguage":"es","potentialAction":[{"@type":"ReadAction","target":["https:\/\/www.fotografo-profesional.net\/diario\/2019\/04\/08\/detalles-de-un-fotografo-de-boda\/"]}]},{"@type":"BreadcrumbList","@id":"https:\/\/www.fotografo-profesional.net\/diario\/2019\/04\/08\/detalles-de-un-fotografo-de-boda\/#breadcrumb","itemListElement":[{"@type":"ListItem","position":1,"name":"Inicio","item":"https:\/\/www.fotografo-profesional.net\/diario\/"},{"@type":"ListItem","position":2,"name":"Detalles de un fot\u00f3grafo de boda"}]},{"@type":"WebSite","@id":"https:\/\/www.fotografo-profesional.net\/diario\/#website","url":"https:\/\/www.fotografo-profesional.net\/diario\/","name":"Luis Miguel del Campo","description":"Blog de un fot\u00f3grafo profesional","potentialAction":[{"@type":"SearchAction","target":{"@type":"EntryPoint","urlTemplate":"https:\/\/www.fotografo-profesional.net\/diario\/?s={search_term_string}"},"query-input":"required name=search_term_string"}],"inLanguage":"es"},{"@type":"Person","@id":"https:\/\/www.fotografo-profesional.net\/diario\/#\/schema\/person\/220504871d765b4c30a0af1d2fe93533","name":"Luis Miguel del Campo","image":{"@type":"ImageObject","inLanguage":"es","@id":"https:\/\/www.fotografo-profesional.net\/diario\/#\/schema\/person\/image\/","url":"https:\/\/secure.gravatar.com\/avatar\/84bb1120095136de86f122a882a42d61?s=96&d=mm&r=g","contentUrl":"https:\/\/secure.gravatar.com\/avatar\/84bb1120095136de86f122a882a42d61?s=96&d=mm&r=g","caption":"Luis Miguel del Campo"},"url":"https:\/\/www.fotografo-profesional.net\/diario\/author\/admin_lmdc\/"}]}},"_links":{"self":[{"href":"https:\/\/www.fotografo-profesional.net\/diario\/wp-json\/wp\/v2\/posts\/598"}],"collection":[{"href":"https:\/\/www.fotografo-profesional.net\/diario\/wp-json\/wp\/v2\/posts"}],"about":[{"href":"https:\/\/www.fotografo-profesional.net\/diario\/wp-json\/wp\/v2\/types\/post"}],"author":[{"embeddable":true,"href":"https:\/\/www.fotografo-profesional.net\/diario\/wp-json\/wp\/v2\/users\/2"}],"replies":[{"embeddable":true,"href":"https:\/\/www.fotografo-profesional.net\/diario\/wp-json\/wp\/v2\/comments?post=598"}],"version-history":[{"count":3,"href":"https:\/\/www.fotografo-profesional.net\/diario\/wp-json\/wp\/v2\/posts\/598\/revisions"}],"predecessor-version":[{"id":913,"href":"https:\/\/www.fotografo-profesional.net\/diario\/wp-json\/wp\/v2\/posts\/598\/revisions\/913"}],"wp:featuredmedia":[{"embeddable":true,"href":"https:\/\/www.fotografo-profesional.net\/diario\/wp-json\/wp\/v2\/media\/603"}],"wp:attachment":[{"href":"https:\/\/www.fotografo-profesional.net\/diario\/wp-json\/wp\/v2\/media?parent=598"}],"wp:term":[{"taxonomy":"category","embeddable":true,"href":"https:\/\/www.fotografo-profesional.net\/diario\/wp-json\/wp\/v2\/categories?post=598"},{"taxonomy":"post_tag","embeddable":true,"href":"https:\/\/www.fotografo-profesional.net\/diario\/wp-json\/wp\/v2\/tags?post=598"}],"curies":[{"name":"wp","href":"https:\/\/api.w.org\/{rel}","templated":true}]}}