{"id":602,"date":"2019-04-15T13:23:09","date_gmt":"2019-04-15T11:23:09","guid":{"rendered":"https:\/\/www.fotografo-profesional.net\/diario\/?p=602"},"modified":"2020-06-09T16:58:44","modified_gmt":"2020-06-09T14:58:44","slug":"reportajes-en-semana-santa","status":"publish","type":"post","link":"https:\/\/www.fotografo-profesional.net\/diario\/2019\/04\/15\/reportajes-en-semana-santa\/","title":{"rendered":"Reportajes en Semana Santa"},"content":{"rendered":"<p><img decoding=\"async\" class=\"aligncenter wp-image-610 size-full\" src=\"https:\/\/www.fotografo-profesional.net\/diario\/wp-content\/uploads\/2019\/04\/Procesi\u00f3n-por-fot\u00f3grafo-de-Madrid-LMC.jpg\" alt=\"Situaci\u00f3nes de reportajes en Semana Santa por fot\u00f3grafo de Madrid LMC \" width=\"600\" height=\"400\" srcset=\"https:\/\/www.fotografo-profesional.net\/diario\/wp-content\/uploads\/2019\/04\/Procesi\u00f3n-por-fot\u00f3grafo-de-Madrid-LMC.jpg 600w, https:\/\/www.fotografo-profesional.net\/diario\/wp-content\/uploads\/2019\/04\/Procesi\u00f3n-por-fot\u00f3grafo-de-Madrid-LMC-300x200.jpg 300w\" sizes=\"(max-width: 600px) 100vw, 600px\" \/><\/p>\n<h4>Estampas de Madrid (0073)<\/h4>\n<p>Esta semana que hoy empieza es una de las semanas del a\u00f1o que m\u00e1s fot\u00f3grafos se congregan en las calles de Madrid atra\u00eddos por las procesiones de Semana Santa. Tambi\u00e9n hay quien aprovecha estos d\u00edas para marcharse de vacaciones y disfrutar haciendo fotograf\u00edas de los lugares a los que viaja.<\/p>\n<p>En mi caso, siempre que puedo salgo a la calle con mi c\u00e1mara <a href=\"https:\/\/www.fotografo-profesional.net\/portfolio\/fotografia-de-eventos\/\"><span style=\"color: #0000ff;\"><em>para tomar instant\u00e1neas<\/em><\/span><\/a> de lo que sucede por las calles de Madrid. No iba a ser menos en estas fechas. Eso s\u00ed, evito todo lo posible tomar fotograf\u00edas ya vistas hasta la saciedad o las que popularmente se conocen como \u201cfotograf\u00edas bonitas\u201d de los pasos de las procesiones, de los vestidos de los penitentes&#8230; <strong>Me interesa m\u00e1s el fen\u00f3meno social y sociol\u00f3gico de la Semana Santa<\/strong>. Respeto lo dem\u00e1s, pero para hacer ese tipo de fotograf\u00edas ya hay muchos fot\u00f3grafos en Madrid. No quita que yo tambi\u00e9n haga alguna que otra fotograf\u00eda de un cristo o de una virgen engalanada con adornos florales para la procesi\u00f3n. Pero las postales se las dejo a otros fot\u00f3grafos, que seguramente las hacen mejor que yo.<\/p>\n<p>Me detengo cuando veo la expresi\u00f3n de un penitente que sufre andando descalzo e intento entender qu\u00e9 le mueve a sufrir de esa manera. Y tomo una fotograf\u00eda. Esos son mis reportajes en Semana Santa.<br \/>\nO a esa ni\u00f1a que viste de cofrade y participa en la procesi\u00f3n con sus familiares. O de ese otro, como el de la fotograf\u00eda que encabeza este art\u00edculo, que ajeno a lo que sucede a su alrededor se encuentra totalmente abstra\u00eddo en el juego del tel\u00e9fono m\u00f3vil de sus padres.<br \/>\nAdem\u00e1s, <strong>cada d\u00eda es m\u00e1s dif\u00edcil hacer \u201cfotograf\u00edas bonitas\u201d de procesiones en Madrid<\/strong> en las que no salga la mayor parte del p\u00fablico asistente empu\u00f1ando sus tel\u00e9fonos m\u00f3viles para tomar fotograf\u00edas de forma compulsiva. Sobre todo en las grandes ciudades. En los municipios m\u00e1s peque\u00f1os se encuentran menos fot\u00f3grafos voraces que en Madrid capital. Algo que se agradece.<br \/>\nSi quieres hacer reportajes de procesiones en Semana Santa te recomiendo que te desplaces a alg\u00fan municipio peque\u00f1o, donde tendr\u00e1s m\u00e1s posibilidades de conseguirlo.\u00a0Incluso puedes compatibilizar las vacaciones con las fotograf\u00edas de procesiones si has viajado fuera de Madrid. Eso s\u00ed, te sugiero que busques puntos de vista distintos a los tradicionales. Aporta una <strong>visi\u00f3n propia de la Semana Santa<\/strong>.<\/p>\n","protected":false},"excerpt":{"rendered":"<p>Estampas de Madrid (0073) Esta semana que hoy empieza es una de las semanas del a\u00f1o que m\u00e1s fot\u00f3grafos se congregan en las calles de Madrid atra\u00eddos por las procesiones de Semana Santa. Tambi\u00e9n hay quien aprovecha estos d\u00edas para marcharse de vacaciones y disfrutar haciendo fotograf\u00edas de los lugares a los que viaja. En [&hellip;]<\/p>\n","protected":false},"author":2,"featured_media":610,"comment_status":"closed","ping_status":"open","sticky":false,"template":"","format":"standard","meta":[],"categories":[48,74,116],"tags":[110,117,119,120,121],"yoast_head":"<!-- This site is optimized with the Yoast SEO plugin v20.8 - https:\/\/yoast.com\/wordpress\/plugins\/seo\/ -->\n<title>Reportajes en Semana Santa - Luis Miguel del Campo<\/title>\n<meta name=\"description\" content=\"Todas las calles se llenan estos d\u00edas de fot\u00f3grafos que quieren hacer reportajes en Semana Santa de las procesiones. Algunos buscan detalles menos vistos.\" \/>\n<meta name=\"robots\" content=\"index, follow, max-snippet:-1, max-image-preview:large, max-video-preview:-1\" \/>\n<link rel=\"canonical\" href=\"https:\/\/www.fotografo-profesional.net\/diario\/2019\/04\/15\/reportajes-en-semana-santa\/\" \/>\n<meta property=\"og:locale\" content=\"es_ES\" \/>\n<meta property=\"og:type\" content=\"article\" \/>\n<meta property=\"og:title\" content=\"Reportajes en Semana Santa - Luis Miguel del Campo\" \/>\n<meta property=\"og:description\" content=\"Todas las calles se llenan estos d\u00edas de fot\u00f3grafos que quieren hacer reportajes en Semana Santa de las procesiones. Algunos buscan detalles menos vistos.\" \/>\n<meta property=\"og:url\" content=\"https:\/\/www.fotografo-profesional.net\/diario\/2019\/04\/15\/reportajes-en-semana-santa\/\" \/>\n<meta property=\"og:site_name\" content=\"Luis Miguel del Campo\" \/>\n<meta property=\"article:published_time\" content=\"2019-04-15T11:23:09+00:00\" \/>\n<meta property=\"article:modified_time\" content=\"2020-06-09T14:58:44+00:00\" \/>\n<meta property=\"og:image\" content=\"https:\/\/www.fotografo-profesional.net\/diario\/wp-content\/uploads\/2019\/04\/Procesi\u00f3n-por-fot\u00f3grafo-de-Madrid-LMC.jpg\" \/>\n\t<meta property=\"og:image:width\" content=\"600\" \/>\n\t<meta property=\"og:image:height\" content=\"400\" \/>\n\t<meta property=\"og:image:type\" content=\"image\/jpeg\" \/>\n<meta name=\"author\" content=\"Luis Miguel del Campo\" \/>\n<meta name=\"twitter:card\" content=\"summary_large_image\" \/>\n<meta name=\"twitter:label1\" content=\"Escrito por\" \/>\n\t<meta name=\"twitter:data1\" content=\"Luis Miguel del Campo\" \/>\n\t<meta name=\"twitter:label2\" content=\"Tiempo de lectura\" \/>\n\t<meta name=\"twitter:data2\" content=\"2 minutos\" \/>\n<script type=\"application\/ld+json\" class=\"yoast-schema-graph\">{\"@context\":\"https:\/\/schema.org\",\"@graph\":[{\"@type\":\"WebPage\",\"@id\":\"https:\/\/www.fotografo-profesional.net\/diario\/2019\/04\/15\/reportajes-en-semana-santa\/\",\"url\":\"https:\/\/www.fotografo-profesional.net\/diario\/2019\/04\/15\/reportajes-en-semana-santa\/\",\"name\":\"Reportajes en Semana Santa - Luis Miguel del Campo\",\"isPartOf\":{\"@id\":\"https:\/\/www.fotografo-profesional.net\/diario\/#website\"},\"datePublished\":\"2019-04-15T11:23:09+00:00\",\"dateModified\":\"2020-06-09T14:58:44+00:00\",\"author\":{\"@id\":\"https:\/\/www.fotografo-profesional.net\/diario\/#\/schema\/person\/220504871d765b4c30a0af1d2fe93533\"},\"description\":\"Todas las calles se llenan estos d\u00edas de fot\u00f3grafos que quieren hacer reportajes en Semana Santa de las procesiones. Algunos buscan detalles menos vistos.\",\"breadcrumb\":{\"@id\":\"https:\/\/www.fotografo-profesional.net\/diario\/2019\/04\/15\/reportajes-en-semana-santa\/#breadcrumb\"},\"inLanguage\":\"es\",\"potentialAction\":[{\"@type\":\"ReadAction\",\"target\":[\"https:\/\/www.fotografo-profesional.net\/diario\/2019\/04\/15\/reportajes-en-semana-santa\/\"]}]},{\"@type\":\"BreadcrumbList\",\"@id\":\"https:\/\/www.fotografo-profesional.net\/diario\/2019\/04\/15\/reportajes-en-semana-santa\/#breadcrumb\",\"itemListElement\":[{\"@type\":\"ListItem\",\"position\":1,\"name\":\"Inicio\",\"item\":\"https:\/\/www.fotografo-profesional.net\/diario\/\"},{\"@type\":\"ListItem\",\"position\":2,\"name\":\"Reportajes en Semana Santa\"}]},{\"@type\":\"WebSite\",\"@id\":\"https:\/\/www.fotografo-profesional.net\/diario\/#website\",\"url\":\"https:\/\/www.fotografo-profesional.net\/diario\/\",\"name\":\"Luis Miguel del Campo\",\"description\":\"Blog de un fot\u00f3grafo profesional\",\"potentialAction\":[{\"@type\":\"SearchAction\",\"target\":{\"@type\":\"EntryPoint\",\"urlTemplate\":\"https:\/\/www.fotografo-profesional.net\/diario\/?s={search_term_string}\"},\"query-input\":\"required name=search_term_string\"}],\"inLanguage\":\"es\"},{\"@type\":\"Person\",\"@id\":\"https:\/\/www.fotografo-profesional.net\/diario\/#\/schema\/person\/220504871d765b4c30a0af1d2fe93533\",\"name\":\"Luis Miguel del Campo\",\"image\":{\"@type\":\"ImageObject\",\"inLanguage\":\"es\",\"@id\":\"https:\/\/www.fotografo-profesional.net\/diario\/#\/schema\/person\/image\/\",\"url\":\"https:\/\/secure.gravatar.com\/avatar\/84bb1120095136de86f122a882a42d61?s=96&d=mm&r=g\",\"contentUrl\":\"https:\/\/secure.gravatar.com\/avatar\/84bb1120095136de86f122a882a42d61?s=96&d=mm&r=g\",\"caption\":\"Luis Miguel del Campo\"},\"url\":\"https:\/\/www.fotografo-profesional.net\/diario\/author\/admin_lmdc\/\"}]}<\/script>\n<!-- \/ Yoast SEO plugin. -->","yoast_head_json":{"title":"Reportajes en Semana Santa - Luis Miguel del Campo","description":"Todas las calles se llenan estos d\u00edas de fot\u00f3grafos que quieren hacer reportajes en Semana Santa de las procesiones. Algunos buscan detalles menos vistos.","robots":{"index":"index","follow":"follow","max-snippet":"max-snippet:-1","max-image-preview":"max-image-preview:large","max-video-preview":"max-video-preview:-1"},"canonical":"https:\/\/www.fotografo-profesional.net\/diario\/2019\/04\/15\/reportajes-en-semana-santa\/","og_locale":"es_ES","og_type":"article","og_title":"Reportajes en Semana Santa - Luis Miguel del Campo","og_description":"Todas las calles se llenan estos d\u00edas de fot\u00f3grafos que quieren hacer reportajes en Semana Santa de las procesiones. Algunos buscan detalles menos vistos.","og_url":"https:\/\/www.fotografo-profesional.net\/diario\/2019\/04\/15\/reportajes-en-semana-santa\/","og_site_name":"Luis Miguel del Campo","article_published_time":"2019-04-15T11:23:09+00:00","article_modified_time":"2020-06-09T14:58:44+00:00","og_image":[{"width":600,"height":400,"url":"https:\/\/www.fotografo-profesional.net\/diario\/wp-content\/uploads\/2019\/04\/Procesi\u00f3n-por-fot\u00f3grafo-de-Madrid-LMC.jpg","type":"image\/jpeg"}],"author":"Luis Miguel del Campo","twitter_card":"summary_large_image","twitter_misc":{"Escrito por":"Luis Miguel del Campo","Tiempo de lectura":"2 minutos"},"schema":{"@context":"https:\/\/schema.org","@graph":[{"@type":"WebPage","@id":"https:\/\/www.fotografo-profesional.net\/diario\/2019\/04\/15\/reportajes-en-semana-santa\/","url":"https:\/\/www.fotografo-profesional.net\/diario\/2019\/04\/15\/reportajes-en-semana-santa\/","name":"Reportajes en Semana Santa - Luis Miguel del Campo","isPartOf":{"@id":"https:\/\/www.fotografo-profesional.net\/diario\/#website"},"datePublished":"2019-04-15T11:23:09+00:00","dateModified":"2020-06-09T14:58:44+00:00","author":{"@id":"https:\/\/www.fotografo-profesional.net\/diario\/#\/schema\/person\/220504871d765b4c30a0af1d2fe93533"},"description":"Todas las calles se llenan estos d\u00edas de fot\u00f3grafos que quieren hacer reportajes en Semana Santa de las procesiones. Algunos buscan detalles menos vistos.","breadcrumb":{"@id":"https:\/\/www.fotografo-profesional.net\/diario\/2019\/04\/15\/reportajes-en-semana-santa\/#breadcrumb"},"inLanguage":"es","potentialAction":[{"@type":"ReadAction","target":["https:\/\/www.fotografo-profesional.net\/diario\/2019\/04\/15\/reportajes-en-semana-santa\/"]}]},{"@type":"BreadcrumbList","@id":"https:\/\/www.fotografo-profesional.net\/diario\/2019\/04\/15\/reportajes-en-semana-santa\/#breadcrumb","itemListElement":[{"@type":"ListItem","position":1,"name":"Inicio","item":"https:\/\/www.fotografo-profesional.net\/diario\/"},{"@type":"ListItem","position":2,"name":"Reportajes en Semana Santa"}]},{"@type":"WebSite","@id":"https:\/\/www.fotografo-profesional.net\/diario\/#website","url":"https:\/\/www.fotografo-profesional.net\/diario\/","name":"Luis Miguel del Campo","description":"Blog de un fot\u00f3grafo profesional","potentialAction":[{"@type":"SearchAction","target":{"@type":"EntryPoint","urlTemplate":"https:\/\/www.fotografo-profesional.net\/diario\/?s={search_term_string}"},"query-input":"required name=search_term_string"}],"inLanguage":"es"},{"@type":"Person","@id":"https:\/\/www.fotografo-profesional.net\/diario\/#\/schema\/person\/220504871d765b4c30a0af1d2fe93533","name":"Luis Miguel del Campo","image":{"@type":"ImageObject","inLanguage":"es","@id":"https:\/\/www.fotografo-profesional.net\/diario\/#\/schema\/person\/image\/","url":"https:\/\/secure.gravatar.com\/avatar\/84bb1120095136de86f122a882a42d61?s=96&d=mm&r=g","contentUrl":"https:\/\/secure.gravatar.com\/avatar\/84bb1120095136de86f122a882a42d61?s=96&d=mm&r=g","caption":"Luis Miguel del Campo"},"url":"https:\/\/www.fotografo-profesional.net\/diario\/author\/admin_lmdc\/"}]}},"_links":{"self":[{"href":"https:\/\/www.fotografo-profesional.net\/diario\/wp-json\/wp\/v2\/posts\/602"}],"collection":[{"href":"https:\/\/www.fotografo-profesional.net\/diario\/wp-json\/wp\/v2\/posts"}],"about":[{"href":"https:\/\/www.fotografo-profesional.net\/diario\/wp-json\/wp\/v2\/types\/post"}],"author":[{"embeddable":true,"href":"https:\/\/www.fotografo-profesional.net\/diario\/wp-json\/wp\/v2\/users\/2"}],"replies":[{"embeddable":true,"href":"https:\/\/www.fotografo-profesional.net\/diario\/wp-json\/wp\/v2\/comments?post=602"}],"version-history":[{"count":4,"href":"https:\/\/www.fotografo-profesional.net\/diario\/wp-json\/wp\/v2\/posts\/602\/revisions"}],"predecessor-version":[{"id":2010,"href":"https:\/\/www.fotografo-profesional.net\/diario\/wp-json\/wp\/v2\/posts\/602\/revisions\/2010"}],"wp:featuredmedia":[{"embeddable":true,"href":"https:\/\/www.fotografo-profesional.net\/diario\/wp-json\/wp\/v2\/media\/610"}],"wp:attachment":[{"href":"https:\/\/www.fotografo-profesional.net\/diario\/wp-json\/wp\/v2\/media?parent=602"}],"wp:term":[{"taxonomy":"category","embeddable":true,"href":"https:\/\/www.fotografo-profesional.net\/diario\/wp-json\/wp\/v2\/categories?post=602"},{"taxonomy":"post_tag","embeddable":true,"href":"https:\/\/www.fotografo-profesional.net\/diario\/wp-json\/wp\/v2\/tags?post=602"}],"curies":[{"name":"wp","href":"https:\/\/api.w.org\/{rel}","templated":true}]}}