{"id":609,"date":"2019-04-19T18:44:04","date_gmt":"2019-04-19T16:44:04","guid":{"rendered":"https:\/\/www.fotografo-profesional.net\/diario\/?p=609"},"modified":"2020-06-09T17:15:30","modified_gmt":"2020-06-09T15:15:30","slug":"proceso-de-trabajo-en-bodas","status":"publish","type":"post","link":"https:\/\/www.fotografo-profesional.net\/diario\/2019\/04\/19\/proceso-de-trabajo-en-bodas\/","title":{"rendered":"Proceso de trabajo en bodas"},"content":{"rendered":"<p><img decoding=\"async\" class=\"aligncenter wp-image-614 size-full\" src=\"https:\/\/www.fotografo-profesional.net\/diario\/wp-content\/uploads\/2019\/04\/Boda-por-fot\u00f3grafo-profesional-en-Madrid-LMC-003.jpg\" alt=\"Proceso de trabajo de un fot\u00f3grafo de bodas en Madrid barato 001\" width=\"600\" height=\"383\" srcset=\"https:\/\/www.fotografo-profesional.net\/diario\/wp-content\/uploads\/2019\/04\/Boda-por-fot\u00f3grafo-profesional-en-Madrid-LMC-003.jpg 600w, https:\/\/www.fotografo-profesional.net\/diario\/wp-content\/uploads\/2019\/04\/Boda-por-fot\u00f3grafo-profesional-en-Madrid-LMC-003-300x192.jpg 300w\" sizes=\"(max-width: 600px) 100vw, 600px\" \/><\/p>\n<p>A menudo me preguntan los clientes c\u00f3mo es el proceso de trabajo que sigo en los <a href=\"https:\/\/www.fotografo-profesional.net\/diario\/2018\/08\/09\/reportaje-de-boda-religiosa\/\"><span style=\"color: #0000ff;\"><em>reportajes de bodas<\/em><\/span><\/a> una vez que est\u00e1n tomadas todas las fotograf\u00edas. Porque los novios siempre tienen dudas de si les voy a entregar todas las fotograf\u00edas que haga durante la boda, si van a poder elegir ellos las que vayan a ir en el \u00e1lbum digital, el tiempo que va a tardar en estar listo el \u00e1lbum&#8230;<\/p>\n<p>Es l\u00f3gico por su parte porque lo normal es que sea la primera vez que se casen, y si ya lo hicieron anteriormente es muy probablemente que o bien no se acuerden o bien piensen que puedas tener una metodolog\u00eda de trabajo distinta a la del fot\u00f3grafo que les hizo el reportaje de su anterior enlace matrimonial. Cada fot\u00f3grafo profesional tiene un proceso de trabajo distinto en <a href=\"https:\/\/www.fotografo-profesional.net\/portfolio\/fotografia-de-bodas\/\"><span style=\"color: #0000ff;\"><em>fotograf\u00eda de bodas<\/em><\/span><\/a>.\u00a0<\/p>\n<p>Lo m\u00e1s probable es que todos los fot\u00f3grafos de boda empleemos una metodolog\u00eda muy parecida, salvo peque\u00f1as diferencias. Aunque el fot\u00f3grafo de boda sea barato&#8230;<br \/>Entrego todas las fotograf\u00edas que tomo durante la boda. Evidentemente, con excepciones: si a la hora de disparar se ha movido uno de los novios de forma que s\u00f3lo se le ve la nuca, no la entrego; si alguno de los invitados que sale en una fotograf\u00eda ha salido con un gesto grotesco en el momento de la captura, no la entrego; si&#8230;<\/p>\n<h4>Los reci\u00e9n casados deciden<\/h4>\n<p>Creo que con estos dos ejemplos todo el mundo se har\u00e1 una idea de cu\u00e1les son las fotos que no entrego. Porque cuando hago un reportaje de boda <strong>no escatimo a la hora de disparar ya que ir\u00eda en perjuicio del reportaje<\/strong>, pues se perder\u00edan fotograf\u00edas interesantes; tampoco me niego a hacer ninguna fotograf\u00eda de grupo que me pidan los invitados, aunque prefiera las espont\u00e1neas en las que la gente ha sido capturada sin darse cuenta de que e fot\u00f3grafo les iba a pillar in fraganti.<\/p>\n<p>En cuanto tengo hecha esta primera criba subo todas las dem\u00e1s fotograf\u00edas a una ftp de acceso restringido que s\u00f3lo los reci\u00e9n casados conocer\u00e1n para que s\u00f3lo ellos y quienes ellos quieran puedan ver las fotograf\u00edas y elegir las que deseen que incluya en el \u00e1lbum digital. Porque <strong>los \u00e1lbumes digitales no los maqueto con plantillas<\/strong>, sino que cada uno lo maqueto seg\u00fan las preferencias de la pareja de reci\u00e9n casados y dependiendo de los formatos de las fotograf\u00edas que se han elegido. Tambi\u00e9n hago sugerencias a las parejas. Eso s\u00ed.<\/p>\n<p>En cuanto al tiempo que se tarda en tener listo el \u00e1lbum digital, depende de la complejidad de la edici\u00f3n de \u00e9ste y del <strong>proceso de elaboraci\u00f3n artesanal de los pliegos<\/strong>, seg\u00fan el grosor de \u00e9stos, y de la portada. Una vez maquetado un \u00e1lbum digital su fabricaci\u00f3n f\u00edsica tarda un m\u00ednimo de quince d\u00edas; si quieres guardar tus fotograf\u00edas de recuerdo de tu boda en un \u00e1lbum digital de calidad, claro.<\/p>\n\n\n<p><\/p>\n","protected":false},"excerpt":{"rendered":"<p>A menudo me preguntan los clientes c\u00f3mo es el proceso de trabajo que sigo en los reportajes de bodas una vez que est\u00e1n tomadas todas las fotograf\u00edas. Porque los novios siempre tienen dudas de si les voy a entregar todas las fotograf\u00edas que haga durante la boda, si van a poder elegir ellos las que [&hellip;]<\/p>\n","protected":false},"author":2,"featured_media":614,"comment_status":"closed","ping_status":"open","sticky":false,"template":"","format":"standard","meta":[],"categories":[171,45,189,172,207,14],"tags":[134,117,59,119,120,94],"yoast_head":"<!-- This site is optimized with the Yoast SEO plugin v20.8 - https:\/\/yoast.com\/wordpress\/plugins\/seo\/ -->\n<title>Proceso de trabajo en bodas - Luis Miguel del Campo<\/title>\n<meta name=\"description\" content=\"Proceso de trabajo en la creaci\u00f3n de un \u00e1lbum digital una vez realizados los reportajes de bodas. Algo que siempre preguntan las parejas de novios.\" \/>\n<meta name=\"robots\" content=\"index, follow, max-snippet:-1, max-image-preview:large, max-video-preview:-1\" \/>\n<link rel=\"canonical\" href=\"https:\/\/www.fotografo-profesional.net\/diario\/2019\/04\/19\/proceso-de-trabajo-en-bodas\/\" \/>\n<meta property=\"og:locale\" content=\"es_ES\" \/>\n<meta property=\"og:type\" content=\"article\" \/>\n<meta property=\"og:title\" content=\"Proceso de trabajo en bodas - Luis Miguel del Campo\" \/>\n<meta property=\"og:description\" content=\"Proceso de trabajo en la creaci\u00f3n de un \u00e1lbum digital una vez realizados los reportajes de bodas. Algo que siempre preguntan las parejas de novios.\" \/>\n<meta property=\"og:url\" content=\"https:\/\/www.fotografo-profesional.net\/diario\/2019\/04\/19\/proceso-de-trabajo-en-bodas\/\" \/>\n<meta property=\"og:site_name\" content=\"Luis Miguel del Campo\" \/>\n<meta property=\"article:published_time\" content=\"2019-04-19T16:44:04+00:00\" \/>\n<meta property=\"article:modified_time\" content=\"2020-06-09T15:15:30+00:00\" \/>\n<meta property=\"og:image\" content=\"https:\/\/www.fotografo-profesional.net\/diario\/wp-content\/uploads\/2019\/04\/Boda-por-fot\u00f3grafo-profesional-en-Madrid-LMC-003.jpg\" \/>\n\t<meta property=\"og:image:width\" content=\"600\" \/>\n\t<meta property=\"og:image:height\" content=\"383\" \/>\n\t<meta property=\"og:image:type\" content=\"image\/jpeg\" \/>\n<meta name=\"author\" content=\"Luis Miguel del Campo\" \/>\n<meta name=\"twitter:card\" content=\"summary_large_image\" \/>\n<meta name=\"twitter:label1\" content=\"Escrito por\" \/>\n\t<meta name=\"twitter:data1\" content=\"Luis Miguel del Campo\" \/>\n\t<meta name=\"twitter:label2\" content=\"Tiempo de lectura\" \/>\n\t<meta name=\"twitter:data2\" content=\"3 minutos\" \/>\n<script type=\"application\/ld+json\" class=\"yoast-schema-graph\">{\"@context\":\"https:\/\/schema.org\",\"@graph\":[{\"@type\":\"WebPage\",\"@id\":\"https:\/\/www.fotografo-profesional.net\/diario\/2019\/04\/19\/proceso-de-trabajo-en-bodas\/\",\"url\":\"https:\/\/www.fotografo-profesional.net\/diario\/2019\/04\/19\/proceso-de-trabajo-en-bodas\/\",\"name\":\"Proceso de trabajo en bodas - Luis Miguel del Campo\",\"isPartOf\":{\"@id\":\"https:\/\/www.fotografo-profesional.net\/diario\/#website\"},\"datePublished\":\"2019-04-19T16:44:04+00:00\",\"dateModified\":\"2020-06-09T15:15:30+00:00\",\"author\":{\"@id\":\"https:\/\/www.fotografo-profesional.net\/diario\/#\/schema\/person\/220504871d765b4c30a0af1d2fe93533\"},\"description\":\"Proceso de trabajo en la creaci\u00f3n de un \u00e1lbum digital una vez realizados los reportajes de bodas. Algo que siempre preguntan las parejas de novios.\",\"breadcrumb\":{\"@id\":\"https:\/\/www.fotografo-profesional.net\/diario\/2019\/04\/19\/proceso-de-trabajo-en-bodas\/#breadcrumb\"},\"inLanguage\":\"es\",\"potentialAction\":[{\"@type\":\"ReadAction\",\"target\":[\"https:\/\/www.fotografo-profesional.net\/diario\/2019\/04\/19\/proceso-de-trabajo-en-bodas\/\"]}]},{\"@type\":\"BreadcrumbList\",\"@id\":\"https:\/\/www.fotografo-profesional.net\/diario\/2019\/04\/19\/proceso-de-trabajo-en-bodas\/#breadcrumb\",\"itemListElement\":[{\"@type\":\"ListItem\",\"position\":1,\"name\":\"Inicio\",\"item\":\"https:\/\/www.fotografo-profesional.net\/diario\/\"},{\"@type\":\"ListItem\",\"position\":2,\"name\":\"Proceso de trabajo en bodas\"}]},{\"@type\":\"WebSite\",\"@id\":\"https:\/\/www.fotografo-profesional.net\/diario\/#website\",\"url\":\"https:\/\/www.fotografo-profesional.net\/diario\/\",\"name\":\"Luis Miguel del Campo\",\"description\":\"Blog de un fot\u00f3grafo profesional\",\"potentialAction\":[{\"@type\":\"SearchAction\",\"target\":{\"@type\":\"EntryPoint\",\"urlTemplate\":\"https:\/\/www.fotografo-profesional.net\/diario\/?s={search_term_string}\"},\"query-input\":\"required name=search_term_string\"}],\"inLanguage\":\"es\"},{\"@type\":\"Person\",\"@id\":\"https:\/\/www.fotografo-profesional.net\/diario\/#\/schema\/person\/220504871d765b4c30a0af1d2fe93533\",\"name\":\"Luis Miguel del Campo\",\"image\":{\"@type\":\"ImageObject\",\"inLanguage\":\"es\",\"@id\":\"https:\/\/www.fotografo-profesional.net\/diario\/#\/schema\/person\/image\/\",\"url\":\"https:\/\/secure.gravatar.com\/avatar\/84bb1120095136de86f122a882a42d61?s=96&d=mm&r=g\",\"contentUrl\":\"https:\/\/secure.gravatar.com\/avatar\/84bb1120095136de86f122a882a42d61?s=96&d=mm&r=g\",\"caption\":\"Luis Miguel del Campo\"},\"url\":\"https:\/\/www.fotografo-profesional.net\/diario\/author\/admin_lmdc\/\"}]}<\/script>\n<!-- \/ Yoast SEO plugin. -->","yoast_head_json":{"title":"Proceso de trabajo en bodas - Luis Miguel del Campo","description":"Proceso de trabajo en la creaci\u00f3n de un \u00e1lbum digital una vez realizados los reportajes de bodas. Algo que siempre preguntan las parejas de novios.","robots":{"index":"index","follow":"follow","max-snippet":"max-snippet:-1","max-image-preview":"max-image-preview:large","max-video-preview":"max-video-preview:-1"},"canonical":"https:\/\/www.fotografo-profesional.net\/diario\/2019\/04\/19\/proceso-de-trabajo-en-bodas\/","og_locale":"es_ES","og_type":"article","og_title":"Proceso de trabajo en bodas - Luis Miguel del Campo","og_description":"Proceso de trabajo en la creaci\u00f3n de un \u00e1lbum digital una vez realizados los reportajes de bodas. Algo que siempre preguntan las parejas de novios.","og_url":"https:\/\/www.fotografo-profesional.net\/diario\/2019\/04\/19\/proceso-de-trabajo-en-bodas\/","og_site_name":"Luis Miguel del Campo","article_published_time":"2019-04-19T16:44:04+00:00","article_modified_time":"2020-06-09T15:15:30+00:00","og_image":[{"width":600,"height":383,"url":"https:\/\/www.fotografo-profesional.net\/diario\/wp-content\/uploads\/2019\/04\/Boda-por-fot\u00f3grafo-profesional-en-Madrid-LMC-003.jpg","type":"image\/jpeg"}],"author":"Luis Miguel del Campo","twitter_card":"summary_large_image","twitter_misc":{"Escrito por":"Luis Miguel del Campo","Tiempo de lectura":"3 minutos"},"schema":{"@context":"https:\/\/schema.org","@graph":[{"@type":"WebPage","@id":"https:\/\/www.fotografo-profesional.net\/diario\/2019\/04\/19\/proceso-de-trabajo-en-bodas\/","url":"https:\/\/www.fotografo-profesional.net\/diario\/2019\/04\/19\/proceso-de-trabajo-en-bodas\/","name":"Proceso de trabajo en bodas - Luis Miguel del Campo","isPartOf":{"@id":"https:\/\/www.fotografo-profesional.net\/diario\/#website"},"datePublished":"2019-04-19T16:44:04+00:00","dateModified":"2020-06-09T15:15:30+00:00","author":{"@id":"https:\/\/www.fotografo-profesional.net\/diario\/#\/schema\/person\/220504871d765b4c30a0af1d2fe93533"},"description":"Proceso de trabajo en la creaci\u00f3n de un \u00e1lbum digital una vez realizados los reportajes de bodas. Algo que siempre preguntan las parejas de novios.","breadcrumb":{"@id":"https:\/\/www.fotografo-profesional.net\/diario\/2019\/04\/19\/proceso-de-trabajo-en-bodas\/#breadcrumb"},"inLanguage":"es","potentialAction":[{"@type":"ReadAction","target":["https:\/\/www.fotografo-profesional.net\/diario\/2019\/04\/19\/proceso-de-trabajo-en-bodas\/"]}]},{"@type":"BreadcrumbList","@id":"https:\/\/www.fotografo-profesional.net\/diario\/2019\/04\/19\/proceso-de-trabajo-en-bodas\/#breadcrumb","itemListElement":[{"@type":"ListItem","position":1,"name":"Inicio","item":"https:\/\/www.fotografo-profesional.net\/diario\/"},{"@type":"ListItem","position":2,"name":"Proceso de trabajo en bodas"}]},{"@type":"WebSite","@id":"https:\/\/www.fotografo-profesional.net\/diario\/#website","url":"https:\/\/www.fotografo-profesional.net\/diario\/","name":"Luis Miguel del Campo","description":"Blog de un fot\u00f3grafo profesional","potentialAction":[{"@type":"SearchAction","target":{"@type":"EntryPoint","urlTemplate":"https:\/\/www.fotografo-profesional.net\/diario\/?s={search_term_string}"},"query-input":"required name=search_term_string"}],"inLanguage":"es"},{"@type":"Person","@id":"https:\/\/www.fotografo-profesional.net\/diario\/#\/schema\/person\/220504871d765b4c30a0af1d2fe93533","name":"Luis Miguel del Campo","image":{"@type":"ImageObject","inLanguage":"es","@id":"https:\/\/www.fotografo-profesional.net\/diario\/#\/schema\/person\/image\/","url":"https:\/\/secure.gravatar.com\/avatar\/84bb1120095136de86f122a882a42d61?s=96&d=mm&r=g","contentUrl":"https:\/\/secure.gravatar.com\/avatar\/84bb1120095136de86f122a882a42d61?s=96&d=mm&r=g","caption":"Luis Miguel del Campo"},"url":"https:\/\/www.fotografo-profesional.net\/diario\/author\/admin_lmdc\/"}]}},"_links":{"self":[{"href":"https:\/\/www.fotografo-profesional.net\/diario\/wp-json\/wp\/v2\/posts\/609"}],"collection":[{"href":"https:\/\/www.fotografo-profesional.net\/diario\/wp-json\/wp\/v2\/posts"}],"about":[{"href":"https:\/\/www.fotografo-profesional.net\/diario\/wp-json\/wp\/v2\/types\/post"}],"author":[{"embeddable":true,"href":"https:\/\/www.fotografo-profesional.net\/diario\/wp-json\/wp\/v2\/users\/2"}],"replies":[{"embeddable":true,"href":"https:\/\/www.fotografo-profesional.net\/diario\/wp-json\/wp\/v2\/comments?post=609"}],"version-history":[{"count":3,"href":"https:\/\/www.fotografo-profesional.net\/diario\/wp-json\/wp\/v2\/posts\/609\/revisions"}],"predecessor-version":[{"id":2012,"href":"https:\/\/www.fotografo-profesional.net\/diario\/wp-json\/wp\/v2\/posts\/609\/revisions\/2012"}],"wp:featuredmedia":[{"embeddable":true,"href":"https:\/\/www.fotografo-profesional.net\/diario\/wp-json\/wp\/v2\/media\/614"}],"wp:attachment":[{"href":"https:\/\/www.fotografo-profesional.net\/diario\/wp-json\/wp\/v2\/media?parent=609"}],"wp:term":[{"taxonomy":"category","embeddable":true,"href":"https:\/\/www.fotografo-profesional.net\/diario\/wp-json\/wp\/v2\/categories?post=609"},{"taxonomy":"post_tag","embeddable":true,"href":"https:\/\/www.fotografo-profesional.net\/diario\/wp-json\/wp\/v2\/tags?post=609"}],"curies":[{"name":"wp","href":"https:\/\/api.w.org\/{rel}","templated":true}]}}