{"id":617,"date":"2019-04-26T12:49:42","date_gmt":"2019-04-26T10:49:42","guid":{"rendered":"https:\/\/www.fotografo-profesional.net\/diario\/?p=617"},"modified":"2019-04-26T12:49:42","modified_gmt":"2019-04-26T10:49:42","slug":"exposicion-de-anthony-hernandez","status":"publish","type":"post","link":"https:\/\/www.fotografo-profesional.net\/diario\/2019\/04\/26\/exposicion-de-anthony-hernandez\/","title":{"rendered":"Exposici\u00f3n de Anthony Hern\u00e1ndez"},"content":{"rendered":"<p><img decoding=\"async\" class=\"size-full wp-image-625 aligncenter\" src=\"https:\/\/www.fotografo-profesional.net\/diario\/wp-content\/uploads\/2019\/04\/Expo-por-fot\u00f3grafo-en-Madrid-LMC-004.jpg\" alt=\"Fot\u00f3grafo profesional madrid\" width=\"600\" height=\"400\" srcset=\"https:\/\/www.fotografo-profesional.net\/diario\/wp-content\/uploads\/2019\/04\/Expo-por-fot\u00f3grafo-en-Madrid-LMC-004.jpg 600w, https:\/\/www.fotografo-profesional.net\/diario\/wp-content\/uploads\/2019\/04\/Expo-por-fot\u00f3grafo-en-Madrid-LMC-004-300x200.jpg 300w\" sizes=\"(max-width: 600px) 100vw, 600px\" \/><\/p>\n<p>La sala de la Fundaci\u00f3n Mapfre situada en la madrile\u00f1a calle de B\u00e1rbara de Braganza ofrece una <strong>exposici\u00f3n retrospectiva de Anthony Hern\u00e1ndez<\/strong> donde se pueden contemplar fotograf\u00edas tomadas desde finales de la d\u00e9cada de 1960 a los primeros a\u00f1os de este siglo XXI; hasta el cercano 2017 en concreto.<\/p>\n<p><a href=\"https:\/\/www.fotografo-profesional.net\/portfolio\/fotografia-de-eventos\/\">https:\/\/www.fotografo-profesional.net\/portfolio\/fotografia-de-eventos\/<\/a><\/p>\n<p>Aunque la inmensa mayor\u00eda de la obra fotogr\u00e1fica del angelino est\u00e1 tomada en exteriores, muchas de ellas en la calle, contiene distintas tem\u00e1ticas. Desde las primeras im\u00e1genes que tom\u00f3 en blanco y negro con una peque\u00f1a c\u00e1mara r\u00e9flex en las proximidades de su casa, que se pueden considerar dentro de lo que se conoce como fotograf\u00eda de calle (pese a que la intenci\u00f3n dista mucho de reflejar el glamur de Los \u00c1ngeles, como suele ser habitual, sino el mundo de las empleadas de hogar latinas o las personas sin hogar), hasta las <strong>Im\u00e1genes Filtradas (muy cercanas a la pintura)<\/strong> que tom\u00f3 en color con una c\u00e1mara de gran formato en 2017, tambi\u00e9n en su ciudad.<\/p>\n<p><img decoding=\"async\" class=\"size-full wp-image-623 aligncenter\" src=\"https:\/\/www.fotografo-profesional.net\/diario\/wp-content\/uploads\/2019\/04\/Expo-por-fot\u00f3grafo-en-Madrid-LMC-002.jpg\" alt=\"Fot\u00f3grafo profesional LMC \" width=\"600\" height=\"400\" srcset=\"https:\/\/www.fotografo-profesional.net\/diario\/wp-content\/uploads\/2019\/04\/Expo-por-fot\u00f3grafo-en-Madrid-LMC-002.jpg 600w, https:\/\/www.fotografo-profesional.net\/diario\/wp-content\/uploads\/2019\/04\/Expo-por-fot\u00f3grafo-en-Madrid-LMC-002-300x200.jpg 300w\" sizes=\"(max-width: 600px) 100vw, 600px\" \/><\/p>\n<p>Entre unas y otras desarroll\u00f3 unas cuantas series pero en las que su ciudad seguir\u00eda siendo su tema principal. Eso no quita que no viajara y fotografiara en Europa (en esta exposici\u00f3n puede verse una fotograf\u00eda suya tomada junto al madrile\u00f1o Estanque del Retiro).<\/p>\n<p>Algunas de las series de su primera \u00e9poca que se ofrecen son paisajes automovil\u00edsticos, zonas de transporte p\u00fablico, zonas de uso p\u00fablico y cotos p\u00fablicos de pesca. En ellas solo hay fotograf\u00edas en blanco y negro.<\/p>\n<p><img decoding=\"async\" class=\"size-full wp-image-626 aligncenter\" src=\"https:\/\/www.fotografo-profesional.net\/diario\/wp-content\/uploads\/2019\/04\/Expo-por-fot\u00f3grafo-en-Madrid-LMC-005.jpg\" alt=\"Tomada por fot\u00f3grafo profesional en Madrid\" width=\"600\" height=\"400\" srcset=\"https:\/\/www.fotografo-profesional.net\/diario\/wp-content\/uploads\/2019\/04\/Expo-por-fot\u00f3grafo-en-Madrid-LMC-005.jpg 600w, https:\/\/www.fotografo-profesional.net\/diario\/wp-content\/uploads\/2019\/04\/Expo-por-fot\u00f3grafo-en-Madrid-LMC-005-300x200.jpg 300w\" sizes=\"(max-width: 600px) 100vw, 600px\" \/><\/p>\n<p>Sin embargo a partir de 1984 s\u00f3lo tomar\u00eda fotograf\u00edas en color, coincidiendo este cambio con su serie fotogr\u00e1fica Rodeo Drive. Adem\u00e1s, ser\u00eda la \u00faltima en la que aparecer\u00edan personas, aunque traten de ellas. Como en Paisajes para los Sin Techo, donde muestra con sensibilidad los lugares donde \u00e9stos acampaban pero no hay presencia de persona alguna.<\/p>\n<p><img decoding=\"async\" class=\"size-full wp-image-624 aligncenter\" src=\"https:\/\/www.fotografo-profesional.net\/diario\/wp-content\/uploads\/2019\/04\/Expo-por-fot\u00f3grafo-en-Madrid-LMC-003.jpg\" alt=\"Expo por fot\u00f3grafo en Madrid\" width=\"600\" height=\"400\" srcset=\"https:\/\/www.fotografo-profesional.net\/diario\/wp-content\/uploads\/2019\/04\/Expo-por-fot\u00f3grafo-en-Madrid-LMC-003.jpg 600w, https:\/\/www.fotografo-profesional.net\/diario\/wp-content\/uploads\/2019\/04\/Expo-por-fot\u00f3grafo-en-Madrid-LMC-003-300x200.jpg 300w\" sizes=\"(max-width: 600px) 100vw, 600px\" \/><\/p>\n<p>Siguiendo con esta premisa hasta nuestros d\u00edas realizar\u00eda sus siguientes trabajos:<br \/>\nRuinas Urbanas, Se\u00f1ales y Huellas, Para Siempre e Im\u00e1genes Filtradas. En esta \u00faltima, la m\u00e1s reciente, fotograf\u00eda a trav\u00e9s de los paneles perforados de las paradas de autob\u00fas, dando un aspecto pict\u00f3rico al resultado final de sus fotograf\u00edas.<\/p>\n<p><img decoding=\"async\" class=\"size-full wp-image-622 aligncenter\" src=\"https:\/\/www.fotografo-profesional.net\/diario\/wp-content\/uploads\/2019\/04\/Expo-por-fot\u00f3grafo-en-Madrid-LMC-001.jpg\" alt=\"Expo por fot\u00f3grafo profesional en Madrid\" width=\"600\" height=\"400\" srcset=\"https:\/\/www.fotografo-profesional.net\/diario\/wp-content\/uploads\/2019\/04\/Expo-por-fot\u00f3grafo-en-Madrid-LMC-001.jpg 600w, https:\/\/www.fotografo-profesional.net\/diario\/wp-content\/uploads\/2019\/04\/Expo-por-fot\u00f3grafo-en-Madrid-LMC-001-300x200.jpg 300w\" sizes=\"(max-width: 600px) 100vw, 600px\" \/><\/p>\n","protected":false},"excerpt":{"rendered":"<p>La sala de la Fundaci\u00f3n Mapfre situada en la madrile\u00f1a calle de B\u00e1rbara de Braganza ofrece una exposici\u00f3n retrospectiva de Anthony Hern\u00e1ndez donde se pueden contemplar fotograf\u00edas tomadas desde finales de la d\u00e9cada de 1960 a los primeros a\u00f1os de este siglo XXI; hasta el cercano 2017 en concreto. https:\/\/www.fotografo-profesional.net\/portfolio\/fotografia-de-eventos\/ Aunque la inmensa mayor\u00eda de [&hellip;]<\/p>\n","protected":false},"author":2,"featured_media":622,"comment_status":"closed","ping_status":"open","sticky":false,"template":"","format":"standard","meta":[],"categories":[35],"tags":[152,117,119,120],"yoast_head":"<!-- This site is optimized with the Yoast SEO plugin v20.8 - https:\/\/yoast.com\/wordpress\/plugins\/seo\/ -->\n<title>Exposici\u00f3n de Anthony Hern\u00e1ndez - Luis Miguel del Campo<\/title>\n<meta name=\"description\" content=\"Exposici\u00f3n del fot\u00f3grafo Anthony Hern\u00e1ndez que se puede contemplar en Madrid hasta el 12 de mayo de 2019 en la que se muestran series de toda su trayectoria\" \/>\n<meta name=\"robots\" content=\"index, follow, max-snippet:-1, max-image-preview:large, max-video-preview:-1\" \/>\n<link rel=\"canonical\" href=\"https:\/\/www.fotografo-profesional.net\/diario\/2019\/04\/26\/exposicion-de-anthony-hernandez\/\" \/>\n<meta property=\"og:locale\" content=\"es_ES\" \/>\n<meta property=\"og:type\" content=\"article\" \/>\n<meta property=\"og:title\" content=\"Exposici\u00f3n de Anthony Hern\u00e1ndez - Luis Miguel del Campo\" \/>\n<meta property=\"og:description\" content=\"Exposici\u00f3n del fot\u00f3grafo Anthony Hern\u00e1ndez que se puede contemplar en Madrid hasta el 12 de mayo de 2019 en la que se muestran series de toda su trayectoria\" \/>\n<meta property=\"og:url\" content=\"https:\/\/www.fotografo-profesional.net\/diario\/2019\/04\/26\/exposicion-de-anthony-hernandez\/\" \/>\n<meta property=\"og:site_name\" content=\"Luis Miguel del Campo\" \/>\n<meta property=\"article:published_time\" content=\"2019-04-26T10:49:42+00:00\" \/>\n<meta property=\"og:image\" content=\"https:\/\/www.fotografo-profesional.net\/diario\/wp-content\/uploads\/2019\/04\/Expo-por-fot\u00f3grafo-en-Madrid-LMC-001.jpg\" \/>\n\t<meta property=\"og:image:width\" content=\"600\" \/>\n\t<meta property=\"og:image:height\" content=\"400\" \/>\n\t<meta property=\"og:image:type\" content=\"image\/jpeg\" \/>\n<meta name=\"author\" content=\"Luis Miguel del Campo\" \/>\n<meta name=\"twitter:card\" content=\"summary_large_image\" \/>\n<meta name=\"twitter:label1\" content=\"Escrito por\" \/>\n\t<meta name=\"twitter:data1\" content=\"Luis Miguel del Campo\" \/>\n\t<meta name=\"twitter:label2\" content=\"Tiempo de lectura\" \/>\n\t<meta name=\"twitter:data2\" content=\"2 minutos\" \/>\n<script type=\"application\/ld+json\" class=\"yoast-schema-graph\">{\"@context\":\"https:\/\/schema.org\",\"@graph\":[{\"@type\":\"WebPage\",\"@id\":\"https:\/\/www.fotografo-profesional.net\/diario\/2019\/04\/26\/exposicion-de-anthony-hernandez\/\",\"url\":\"https:\/\/www.fotografo-profesional.net\/diario\/2019\/04\/26\/exposicion-de-anthony-hernandez\/\",\"name\":\"Exposici\u00f3n de Anthony Hern\u00e1ndez - Luis Miguel del Campo\",\"isPartOf\":{\"@id\":\"https:\/\/www.fotografo-profesional.net\/diario\/#website\"},\"datePublished\":\"2019-04-26T10:49:42+00:00\",\"dateModified\":\"2019-04-26T10:49:42+00:00\",\"author\":{\"@id\":\"https:\/\/www.fotografo-profesional.net\/diario\/#\/schema\/person\/220504871d765b4c30a0af1d2fe93533\"},\"description\":\"Exposici\u00f3n del fot\u00f3grafo Anthony Hern\u00e1ndez que se puede contemplar en Madrid hasta el 12 de mayo de 2019 en la que se muestran series de toda su trayectoria\",\"breadcrumb\":{\"@id\":\"https:\/\/www.fotografo-profesional.net\/diario\/2019\/04\/26\/exposicion-de-anthony-hernandez\/#breadcrumb\"},\"inLanguage\":\"es\",\"potentialAction\":[{\"@type\":\"ReadAction\",\"target\":[\"https:\/\/www.fotografo-profesional.net\/diario\/2019\/04\/26\/exposicion-de-anthony-hernandez\/\"]}]},{\"@type\":\"BreadcrumbList\",\"@id\":\"https:\/\/www.fotografo-profesional.net\/diario\/2019\/04\/26\/exposicion-de-anthony-hernandez\/#breadcrumb\",\"itemListElement\":[{\"@type\":\"ListItem\",\"position\":1,\"name\":\"Inicio\",\"item\":\"https:\/\/www.fotografo-profesional.net\/diario\/\"},{\"@type\":\"ListItem\",\"position\":2,\"name\":\"Exposici\u00f3n de Anthony Hern\u00e1ndez\"}]},{\"@type\":\"WebSite\",\"@id\":\"https:\/\/www.fotografo-profesional.net\/diario\/#website\",\"url\":\"https:\/\/www.fotografo-profesional.net\/diario\/\",\"name\":\"Luis Miguel del Campo\",\"description\":\"Blog de un fot\u00f3grafo profesional\",\"potentialAction\":[{\"@type\":\"SearchAction\",\"target\":{\"@type\":\"EntryPoint\",\"urlTemplate\":\"https:\/\/www.fotografo-profesional.net\/diario\/?s={search_term_string}\"},\"query-input\":\"required name=search_term_string\"}],\"inLanguage\":\"es\"},{\"@type\":\"Person\",\"@id\":\"https:\/\/www.fotografo-profesional.net\/diario\/#\/schema\/person\/220504871d765b4c30a0af1d2fe93533\",\"name\":\"Luis Miguel del Campo\",\"image\":{\"@type\":\"ImageObject\",\"inLanguage\":\"es\",\"@id\":\"https:\/\/www.fotografo-profesional.net\/diario\/#\/schema\/person\/image\/\",\"url\":\"https:\/\/secure.gravatar.com\/avatar\/84bb1120095136de86f122a882a42d61?s=96&d=mm&r=g\",\"contentUrl\":\"https:\/\/secure.gravatar.com\/avatar\/84bb1120095136de86f122a882a42d61?s=96&d=mm&r=g\",\"caption\":\"Luis Miguel del Campo\"},\"url\":\"https:\/\/www.fotografo-profesional.net\/diario\/author\/admin_lmdc\/\"}]}<\/script>\n<!-- \/ Yoast SEO plugin. -->","yoast_head_json":{"title":"Exposici\u00f3n de Anthony Hern\u00e1ndez - Luis Miguel del Campo","description":"Exposici\u00f3n del fot\u00f3grafo Anthony Hern\u00e1ndez que se puede contemplar en Madrid hasta el 12 de mayo de 2019 en la que se muestran series de toda su trayectoria","robots":{"index":"index","follow":"follow","max-snippet":"max-snippet:-1","max-image-preview":"max-image-preview:large","max-video-preview":"max-video-preview:-1"},"canonical":"https:\/\/www.fotografo-profesional.net\/diario\/2019\/04\/26\/exposicion-de-anthony-hernandez\/","og_locale":"es_ES","og_type":"article","og_title":"Exposici\u00f3n de Anthony Hern\u00e1ndez - Luis Miguel del Campo","og_description":"Exposici\u00f3n del fot\u00f3grafo Anthony Hern\u00e1ndez que se puede contemplar en Madrid hasta el 12 de mayo de 2019 en la que se muestran series de toda su trayectoria","og_url":"https:\/\/www.fotografo-profesional.net\/diario\/2019\/04\/26\/exposicion-de-anthony-hernandez\/","og_site_name":"Luis Miguel del Campo","article_published_time":"2019-04-26T10:49:42+00:00","og_image":[{"width":600,"height":400,"url":"https:\/\/www.fotografo-profesional.net\/diario\/wp-content\/uploads\/2019\/04\/Expo-por-fot\u00f3grafo-en-Madrid-LMC-001.jpg","type":"image\/jpeg"}],"author":"Luis Miguel del Campo","twitter_card":"summary_large_image","twitter_misc":{"Escrito por":"Luis Miguel del Campo","Tiempo de lectura":"2 minutos"},"schema":{"@context":"https:\/\/schema.org","@graph":[{"@type":"WebPage","@id":"https:\/\/www.fotografo-profesional.net\/diario\/2019\/04\/26\/exposicion-de-anthony-hernandez\/","url":"https:\/\/www.fotografo-profesional.net\/diario\/2019\/04\/26\/exposicion-de-anthony-hernandez\/","name":"Exposici\u00f3n de Anthony Hern\u00e1ndez - Luis Miguel del Campo","isPartOf":{"@id":"https:\/\/www.fotografo-profesional.net\/diario\/#website"},"datePublished":"2019-04-26T10:49:42+00:00","dateModified":"2019-04-26T10:49:42+00:00","author":{"@id":"https:\/\/www.fotografo-profesional.net\/diario\/#\/schema\/person\/220504871d765b4c30a0af1d2fe93533"},"description":"Exposici\u00f3n del fot\u00f3grafo Anthony Hern\u00e1ndez que se puede contemplar en Madrid hasta el 12 de mayo de 2019 en la que se muestran series de toda su trayectoria","breadcrumb":{"@id":"https:\/\/www.fotografo-profesional.net\/diario\/2019\/04\/26\/exposicion-de-anthony-hernandez\/#breadcrumb"},"inLanguage":"es","potentialAction":[{"@type":"ReadAction","target":["https:\/\/www.fotografo-profesional.net\/diario\/2019\/04\/26\/exposicion-de-anthony-hernandez\/"]}]},{"@type":"BreadcrumbList","@id":"https:\/\/www.fotografo-profesional.net\/diario\/2019\/04\/26\/exposicion-de-anthony-hernandez\/#breadcrumb","itemListElement":[{"@type":"ListItem","position":1,"name":"Inicio","item":"https:\/\/www.fotografo-profesional.net\/diario\/"},{"@type":"ListItem","position":2,"name":"Exposici\u00f3n de Anthony Hern\u00e1ndez"}]},{"@type":"WebSite","@id":"https:\/\/www.fotografo-profesional.net\/diario\/#website","url":"https:\/\/www.fotografo-profesional.net\/diario\/","name":"Luis Miguel del Campo","description":"Blog de un fot\u00f3grafo profesional","potentialAction":[{"@type":"SearchAction","target":{"@type":"EntryPoint","urlTemplate":"https:\/\/www.fotografo-profesional.net\/diario\/?s={search_term_string}"},"query-input":"required name=search_term_string"}],"inLanguage":"es"},{"@type":"Person","@id":"https:\/\/www.fotografo-profesional.net\/diario\/#\/schema\/person\/220504871d765b4c30a0af1d2fe93533","name":"Luis Miguel del Campo","image":{"@type":"ImageObject","inLanguage":"es","@id":"https:\/\/www.fotografo-profesional.net\/diario\/#\/schema\/person\/image\/","url":"https:\/\/secure.gravatar.com\/avatar\/84bb1120095136de86f122a882a42d61?s=96&d=mm&r=g","contentUrl":"https:\/\/secure.gravatar.com\/avatar\/84bb1120095136de86f122a882a42d61?s=96&d=mm&r=g","caption":"Luis Miguel del Campo"},"url":"https:\/\/www.fotografo-profesional.net\/diario\/author\/admin_lmdc\/"}]}},"_links":{"self":[{"href":"https:\/\/www.fotografo-profesional.net\/diario\/wp-json\/wp\/v2\/posts\/617"}],"collection":[{"href":"https:\/\/www.fotografo-profesional.net\/diario\/wp-json\/wp\/v2\/posts"}],"about":[{"href":"https:\/\/www.fotografo-profesional.net\/diario\/wp-json\/wp\/v2\/types\/post"}],"author":[{"embeddable":true,"href":"https:\/\/www.fotografo-profesional.net\/diario\/wp-json\/wp\/v2\/users\/2"}],"replies":[{"embeddable":true,"href":"https:\/\/www.fotografo-profesional.net\/diario\/wp-json\/wp\/v2\/comments?post=617"}],"version-history":[{"count":2,"href":"https:\/\/www.fotografo-profesional.net\/diario\/wp-json\/wp\/v2\/posts\/617\/revisions"}],"predecessor-version":[{"id":627,"href":"https:\/\/www.fotografo-profesional.net\/diario\/wp-json\/wp\/v2\/posts\/617\/revisions\/627"}],"wp:featuredmedia":[{"embeddable":true,"href":"https:\/\/www.fotografo-profesional.net\/diario\/wp-json\/wp\/v2\/media\/622"}],"wp:attachment":[{"href":"https:\/\/www.fotografo-profesional.net\/diario\/wp-json\/wp\/v2\/media?parent=617"}],"wp:term":[{"taxonomy":"category","embeddable":true,"href":"https:\/\/www.fotografo-profesional.net\/diario\/wp-json\/wp\/v2\/categories?post=617"},{"taxonomy":"post_tag","embeddable":true,"href":"https:\/\/www.fotografo-profesional.net\/diario\/wp-json\/wp\/v2\/tags?post=617"}],"curies":[{"name":"wp","href":"https:\/\/api.w.org\/{rel}","templated":true}]}}