{"id":621,"date":"2019-04-30T19:55:02","date_gmt":"2019-04-30T17:55:02","guid":{"rendered":"https:\/\/www.fotografo-profesional.net\/diario\/?p=621"},"modified":"2019-04-30T19:55:02","modified_gmt":"2019-04-30T17:55:02","slug":"fotografo-en-la-carretera-0002","status":"publish","type":"post","link":"https:\/\/www.fotografo-profesional.net\/diario\/2019\/04\/30\/fotografo-en-la-carretera-0002\/","title":{"rendered":"Fot\u00f3grafo en la carretera (0002)"},"content":{"rendered":"<p><img decoding=\"async\" class=\"size-full wp-image-630 aligncenter\" src=\"https:\/\/www.fotografo-profesional.net\/diario\/wp-content\/uploads\/2019\/04\/Fot\u00f3grafo-de-Madrid-LMC-en-la-carretera-0002.jpg\" alt=\"Fot\u00f3grafo profesional de Madrid LMC en la carretera 0002\" width=\"600\" height=\"400\" srcset=\"https:\/\/www.fotografo-profesional.net\/diario\/wp-content\/uploads\/2019\/04\/Fot\u00f3grafo-de-Madrid-LMC-en-la-carretera-0002.jpg 600w, https:\/\/www.fotografo-profesional.net\/diario\/wp-content\/uploads\/2019\/04\/Fot\u00f3grafo-de-Madrid-LMC-en-la-carretera-0002-300x200.jpg 300w\" sizes=\"(max-width: 600px) 100vw, 600px\" \/><\/p>\n<p>Se agradece que de vez en cuando me encarguen alg\u00fan <strong>reportaje fuera de la provincia de Madrid<\/strong> porque me puedo convertir en un fot\u00f3grafo en la carretera. En este caso se trataba de un reportaje de bautizo en la provincia de Soria. Omitiremos los detalles exactos de la localizaci\u00f3n porque no vienen al caso.<\/p>\n<p><a href=\"https:\/\/www.fotografo-profesional.net\/portfolio\/fotografia-de-eventos\/\">https:\/\/www.fotografo-profesional.net\/portfolio\/fotografia-de-eventos\/<\/a><\/p>\n<p>El caso es que estos reportajes que requieren viajes suelen surgir por alg\u00fan otro trabajo realizado anteriormente en el que alguno de los familiares o de los invitados a la boda, como fue en este caso, llegado otro evento familiar, se les ocurre que para <strong>fot\u00f3grafo del bautizo de su hijo<\/strong> podr\u00edan ponerse en contacto con aquel profesional que hizo ese \u00e1lbum de boda de su prima que tanto les gust\u00f3 a ver si tiene la fecha disponible y conocer cu\u00e1nto les cobrar\u00eda por desplazarse a su ciudad y tomar las fotograf\u00edas de la ceremonia y del convite.<br \/>\nSiempre me encanta que me pregunten porque mis gastos por desplazamiento son bastante discretos y asequibles. Y es que me gusta mucho desplazarme a otras localidades distantes de la Comunidad de Madrid.<\/p>\n<p>Adem\u00e1s, siempre que tengo que desplazarme para hacer un reportaje y dispongo de tiempo suficiente suelo desviarme por carreteras secundarias para intentar descubrir pueblos o aldeas que reflejen la esencia de esa zona.<br \/>\nLa fotograf\u00eda que ilustra este art\u00edculo est\u00e1 hecha a primera hora de la ma\u00f1ana en una peque\u00f1a localidad de Soria (adivinar el nombre ser\u00eda de premio para el que no viva por all\u00ed). S\u00e9 que quedar\u00eda mejor si no estuviera el coche rojo, pero el caso es que all\u00ed estaba y yo no ten\u00eda tiempo para esperar a que lo movieran; entre otras cosas porque pod\u00edan pasar d\u00edas hasta que esto ocurriera.<br \/>\nEn lo que s\u00ed me entretuve fue en esperar a que sucediese algo. Ese algo fue la motocicleta que apareci\u00f3 minutos despu\u00e9s. As\u00ed que tom\u00e9 la fotograf\u00eda y volv\u00ed a poner rumbo hacia el <strong>reportaje de bautizo<\/strong> en que me esperaban unas horas despu\u00e9s en la localidad soriana.<br \/>\nY, por supuesto, llegu\u00e9 a tiempo. Tuve que esperar poco m\u00e1s de una hora hasta que empezara el bautizo.<\/p>\n","protected":false},"excerpt":{"rendered":"<p>Se agradece que de vez en cuando me encarguen alg\u00fan reportaje fuera de la provincia de Madrid porque me puedo convertir en un fot\u00f3grafo en la carretera. En este caso se trataba de un reportaje de bautizo en la provincia de Soria. Omitiremos los detalles exactos de la localizaci\u00f3n porque no vienen al caso. https:\/\/www.fotografo-profesional.net\/portfolio\/fotografia-de-eventos\/ [&hellip;]<\/p>\n","protected":false},"author":2,"featured_media":630,"comment_status":"closed","ping_status":"open","sticky":false,"template":"","format":"standard","meta":[],"categories":[242,243,188,189,174,207,74],"tags":[117,59,119,120,197],"yoast_head":"<!-- This site is optimized with the Yoast SEO plugin v20.8 - https:\/\/yoast.com\/wordpress\/plugins\/seo\/ -->\n<title>Fot\u00f3grafo en la carretera (0002) - Luis Miguel del Campo<\/title>\n<meta name=\"description\" content=\"Cuando vas con tiempo a hacer un reportaje de bautizo fuera de Madrid te da tiempo a detenerte a hacer otras fotograf\u00edas en el camino.\" \/>\n<meta name=\"robots\" content=\"index, follow, max-snippet:-1, max-image-preview:large, max-video-preview:-1\" \/>\n<link rel=\"canonical\" href=\"https:\/\/www.fotografo-profesional.net\/diario\/2019\/04\/30\/fotografo-en-la-carretera-0002\/\" \/>\n<meta property=\"og:locale\" content=\"es_ES\" \/>\n<meta property=\"og:type\" content=\"article\" \/>\n<meta property=\"og:title\" content=\"Fot\u00f3grafo en la carretera (0002) - Luis Miguel del Campo\" \/>\n<meta property=\"og:description\" content=\"Cuando vas con tiempo a hacer un reportaje de bautizo fuera de Madrid te da tiempo a detenerte a hacer otras fotograf\u00edas en el camino.\" \/>\n<meta property=\"og:url\" content=\"https:\/\/www.fotografo-profesional.net\/diario\/2019\/04\/30\/fotografo-en-la-carretera-0002\/\" \/>\n<meta property=\"og:site_name\" content=\"Luis Miguel del Campo\" \/>\n<meta property=\"article:published_time\" content=\"2019-04-30T17:55:02+00:00\" \/>\n<meta property=\"og:image\" content=\"https:\/\/www.fotografo-profesional.net\/diario\/wp-content\/uploads\/2019\/04\/Fot\u00f3grafo-de-Madrid-LMC-en-la-carretera-0002.jpg\" \/>\n\t<meta property=\"og:image:width\" content=\"600\" \/>\n\t<meta property=\"og:image:height\" content=\"400\" \/>\n\t<meta property=\"og:image:type\" content=\"image\/jpeg\" \/>\n<meta name=\"author\" content=\"Luis Miguel del Campo\" \/>\n<meta name=\"twitter:card\" content=\"summary_large_image\" \/>\n<meta name=\"twitter:label1\" content=\"Escrito por\" \/>\n\t<meta name=\"twitter:data1\" content=\"Luis Miguel del Campo\" \/>\n\t<meta name=\"twitter:label2\" content=\"Tiempo de lectura\" \/>\n\t<meta name=\"twitter:data2\" content=\"2 minutos\" \/>\n<script type=\"application\/ld+json\" class=\"yoast-schema-graph\">{\"@context\":\"https:\/\/schema.org\",\"@graph\":[{\"@type\":\"WebPage\",\"@id\":\"https:\/\/www.fotografo-profesional.net\/diario\/2019\/04\/30\/fotografo-en-la-carretera-0002\/\",\"url\":\"https:\/\/www.fotografo-profesional.net\/diario\/2019\/04\/30\/fotografo-en-la-carretera-0002\/\",\"name\":\"Fot\u00f3grafo en la carretera (0002) - Luis Miguel del Campo\",\"isPartOf\":{\"@id\":\"https:\/\/www.fotografo-profesional.net\/diario\/#website\"},\"datePublished\":\"2019-04-30T17:55:02+00:00\",\"dateModified\":\"2019-04-30T17:55:02+00:00\",\"author\":{\"@id\":\"https:\/\/www.fotografo-profesional.net\/diario\/#\/schema\/person\/220504871d765b4c30a0af1d2fe93533\"},\"description\":\"Cuando vas con tiempo a hacer un reportaje de bautizo fuera de Madrid te da tiempo a detenerte a hacer otras fotograf\u00edas en el camino.\",\"breadcrumb\":{\"@id\":\"https:\/\/www.fotografo-profesional.net\/diario\/2019\/04\/30\/fotografo-en-la-carretera-0002\/#breadcrumb\"},\"inLanguage\":\"es\",\"potentialAction\":[{\"@type\":\"ReadAction\",\"target\":[\"https:\/\/www.fotografo-profesional.net\/diario\/2019\/04\/30\/fotografo-en-la-carretera-0002\/\"]}]},{\"@type\":\"BreadcrumbList\",\"@id\":\"https:\/\/www.fotografo-profesional.net\/diario\/2019\/04\/30\/fotografo-en-la-carretera-0002\/#breadcrumb\",\"itemListElement\":[{\"@type\":\"ListItem\",\"position\":1,\"name\":\"Inicio\",\"item\":\"https:\/\/www.fotografo-profesional.net\/diario\/\"},{\"@type\":\"ListItem\",\"position\":2,\"name\":\"Fot\u00f3grafo en la carretera (0002)\"}]},{\"@type\":\"WebSite\",\"@id\":\"https:\/\/www.fotografo-profesional.net\/diario\/#website\",\"url\":\"https:\/\/www.fotografo-profesional.net\/diario\/\",\"name\":\"Luis Miguel del Campo\",\"description\":\"Blog de un fot\u00f3grafo profesional\",\"potentialAction\":[{\"@type\":\"SearchAction\",\"target\":{\"@type\":\"EntryPoint\",\"urlTemplate\":\"https:\/\/www.fotografo-profesional.net\/diario\/?s={search_term_string}\"},\"query-input\":\"required name=search_term_string\"}],\"inLanguage\":\"es\"},{\"@type\":\"Person\",\"@id\":\"https:\/\/www.fotografo-profesional.net\/diario\/#\/schema\/person\/220504871d765b4c30a0af1d2fe93533\",\"name\":\"Luis Miguel del Campo\",\"image\":{\"@type\":\"ImageObject\",\"inLanguage\":\"es\",\"@id\":\"https:\/\/www.fotografo-profesional.net\/diario\/#\/schema\/person\/image\/\",\"url\":\"https:\/\/secure.gravatar.com\/avatar\/84bb1120095136de86f122a882a42d61?s=96&d=mm&r=g\",\"contentUrl\":\"https:\/\/secure.gravatar.com\/avatar\/84bb1120095136de86f122a882a42d61?s=96&d=mm&r=g\",\"caption\":\"Luis Miguel del Campo\"},\"url\":\"https:\/\/www.fotografo-profesional.net\/diario\/author\/admin_lmdc\/\"}]}<\/script>\n<!-- \/ Yoast SEO plugin. -->","yoast_head_json":{"title":"Fot\u00f3grafo en la carretera (0002) - Luis Miguel del Campo","description":"Cuando vas con tiempo a hacer un reportaje de bautizo fuera de Madrid te da tiempo a detenerte a hacer otras fotograf\u00edas en el camino.","robots":{"index":"index","follow":"follow","max-snippet":"max-snippet:-1","max-image-preview":"max-image-preview:large","max-video-preview":"max-video-preview:-1"},"canonical":"https:\/\/www.fotografo-profesional.net\/diario\/2019\/04\/30\/fotografo-en-la-carretera-0002\/","og_locale":"es_ES","og_type":"article","og_title":"Fot\u00f3grafo en la carretera (0002) - Luis Miguel del Campo","og_description":"Cuando vas con tiempo a hacer un reportaje de bautizo fuera de Madrid te da tiempo a detenerte a hacer otras fotograf\u00edas en el camino.","og_url":"https:\/\/www.fotografo-profesional.net\/diario\/2019\/04\/30\/fotografo-en-la-carretera-0002\/","og_site_name":"Luis Miguel del Campo","article_published_time":"2019-04-30T17:55:02+00:00","og_image":[{"width":600,"height":400,"url":"https:\/\/www.fotografo-profesional.net\/diario\/wp-content\/uploads\/2019\/04\/Fot\u00f3grafo-de-Madrid-LMC-en-la-carretera-0002.jpg","type":"image\/jpeg"}],"author":"Luis Miguel del Campo","twitter_card":"summary_large_image","twitter_misc":{"Escrito por":"Luis Miguel del Campo","Tiempo de lectura":"2 minutos"},"schema":{"@context":"https:\/\/schema.org","@graph":[{"@type":"WebPage","@id":"https:\/\/www.fotografo-profesional.net\/diario\/2019\/04\/30\/fotografo-en-la-carretera-0002\/","url":"https:\/\/www.fotografo-profesional.net\/diario\/2019\/04\/30\/fotografo-en-la-carretera-0002\/","name":"Fot\u00f3grafo en la carretera (0002) - Luis Miguel del Campo","isPartOf":{"@id":"https:\/\/www.fotografo-profesional.net\/diario\/#website"},"datePublished":"2019-04-30T17:55:02+00:00","dateModified":"2019-04-30T17:55:02+00:00","author":{"@id":"https:\/\/www.fotografo-profesional.net\/diario\/#\/schema\/person\/220504871d765b4c30a0af1d2fe93533"},"description":"Cuando vas con tiempo a hacer un reportaje de bautizo fuera de Madrid te da tiempo a detenerte a hacer otras fotograf\u00edas en el camino.","breadcrumb":{"@id":"https:\/\/www.fotografo-profesional.net\/diario\/2019\/04\/30\/fotografo-en-la-carretera-0002\/#breadcrumb"},"inLanguage":"es","potentialAction":[{"@type":"ReadAction","target":["https:\/\/www.fotografo-profesional.net\/diario\/2019\/04\/30\/fotografo-en-la-carretera-0002\/"]}]},{"@type":"BreadcrumbList","@id":"https:\/\/www.fotografo-profesional.net\/diario\/2019\/04\/30\/fotografo-en-la-carretera-0002\/#breadcrumb","itemListElement":[{"@type":"ListItem","position":1,"name":"Inicio","item":"https:\/\/www.fotografo-profesional.net\/diario\/"},{"@type":"ListItem","position":2,"name":"Fot\u00f3grafo en la carretera (0002)"}]},{"@type":"WebSite","@id":"https:\/\/www.fotografo-profesional.net\/diario\/#website","url":"https:\/\/www.fotografo-profesional.net\/diario\/","name":"Luis Miguel del Campo","description":"Blog de un fot\u00f3grafo profesional","potentialAction":[{"@type":"SearchAction","target":{"@type":"EntryPoint","urlTemplate":"https:\/\/www.fotografo-profesional.net\/diario\/?s={search_term_string}"},"query-input":"required name=search_term_string"}],"inLanguage":"es"},{"@type":"Person","@id":"https:\/\/www.fotografo-profesional.net\/diario\/#\/schema\/person\/220504871d765b4c30a0af1d2fe93533","name":"Luis Miguel del Campo","image":{"@type":"ImageObject","inLanguage":"es","@id":"https:\/\/www.fotografo-profesional.net\/diario\/#\/schema\/person\/image\/","url":"https:\/\/secure.gravatar.com\/avatar\/84bb1120095136de86f122a882a42d61?s=96&d=mm&r=g","contentUrl":"https:\/\/secure.gravatar.com\/avatar\/84bb1120095136de86f122a882a42d61?s=96&d=mm&r=g","caption":"Luis Miguel del Campo"},"url":"https:\/\/www.fotografo-profesional.net\/diario\/author\/admin_lmdc\/"}]}},"_links":{"self":[{"href":"https:\/\/www.fotografo-profesional.net\/diario\/wp-json\/wp\/v2\/posts\/621"}],"collection":[{"href":"https:\/\/www.fotografo-profesional.net\/diario\/wp-json\/wp\/v2\/posts"}],"about":[{"href":"https:\/\/www.fotografo-profesional.net\/diario\/wp-json\/wp\/v2\/types\/post"}],"author":[{"embeddable":true,"href":"https:\/\/www.fotografo-profesional.net\/diario\/wp-json\/wp\/v2\/users\/2"}],"replies":[{"embeddable":true,"href":"https:\/\/www.fotografo-profesional.net\/diario\/wp-json\/wp\/v2\/comments?post=621"}],"version-history":[{"count":2,"href":"https:\/\/www.fotografo-profesional.net\/diario\/wp-json\/wp\/v2\/posts\/621\/revisions"}],"predecessor-version":[{"id":631,"href":"https:\/\/www.fotografo-profesional.net\/diario\/wp-json\/wp\/v2\/posts\/621\/revisions\/631"}],"wp:featuredmedia":[{"embeddable":true,"href":"https:\/\/www.fotografo-profesional.net\/diario\/wp-json\/wp\/v2\/media\/630"}],"wp:attachment":[{"href":"https:\/\/www.fotografo-profesional.net\/diario\/wp-json\/wp\/v2\/media?parent=621"}],"wp:term":[{"taxonomy":"category","embeddable":true,"href":"https:\/\/www.fotografo-profesional.net\/diario\/wp-json\/wp\/v2\/categories?post=621"},{"taxonomy":"post_tag","embeddable":true,"href":"https:\/\/www.fotografo-profesional.net\/diario\/wp-json\/wp\/v2\/tags?post=621"}],"curies":[{"name":"wp","href":"https:\/\/api.w.org\/{rel}","templated":true}]}}