{"id":629,"date":"2019-05-03T14:52:57","date_gmt":"2019-05-03T12:52:57","guid":{"rendered":"https:\/\/www.fotografo-profesional.net\/diario\/?p=629"},"modified":"2020-06-09T17:20:43","modified_gmt":"2020-06-09T15:20:43","slug":"los-colores-de-la-primavera","status":"publish","type":"post","link":"https:\/\/www.fotografo-profesional.net\/diario\/2019\/05\/03\/los-colores-de-la-primavera\/","title":{"rendered":"Los colores de la primavera"},"content":{"rendered":"<p><img decoding=\"async\" class=\"size-full wp-image-634 aligncenter\" src=\"https:\/\/www.fotografo-profesional.net\/diario\/wp-content\/uploads\/2019\/05\/Primavera-por-fot\u00f3grafo-profesional-en-Madrid-LMC-001.jpg\" alt=\"lavanda por fot\u00f3grafo de Madrid\" width=\"600\" height=\"400\" srcset=\"https:\/\/www.fotografo-profesional.net\/diario\/wp-content\/uploads\/2019\/05\/Primavera-por-fot\u00f3grafo-profesional-en-Madrid-LMC-001.jpg 600w, https:\/\/www.fotografo-profesional.net\/diario\/wp-content\/uploads\/2019\/05\/Primavera-por-fot\u00f3grafo-profesional-en-Madrid-LMC-001-300x200.jpg 300w\" sizes=\"(max-width: 600px) 100vw, 600px\" \/><\/p>\n<p>Ahora que definitivamente parece que ha llegado el sol y el calor, lo que vulgarmente se conoce como buen tiempo, <strong>es una \u00e9poca muy buena para salir a la calle con tu c\u00e1mara fotogr\u00e1fica al cuello y <a href=\"https:\/\/www.fotografo-profesional.net\/portfolio\/fotografia-de-eventos\/\"><span style=\"color: #0000ff;\"><em>captar los colores de la primavera.<\/em><\/span><\/a><\/strong><\/p>\n<p>Justo en estos d\u00edas son en los que la naturaleza ofrece una amplia gama de colores, ya que las flores se muestran en su mayor esplendor y, eligiendo una buena hora del d\u00eda, la iluminaci\u00f3n te puede ayudar a crear fotograf\u00edas incre\u00edbles. No obstante, ser\u00e1 deseable que no te limites a capturar la naturaleza desde el primer punto de vista que encuentres. Piensa la fotograf\u00eda antes de apretar el disparador. Un gran motivo no siempre garantiza una buena fotograf\u00eda; <strong>el fot\u00f3grafo tiene que poner algo de su parte para conseguir un buen resultado final<\/strong>. Juega con la perspectiva, con el punto de vista, con los primeros planos, con la profundidad de campo, con las combinaciones de colores&#8230;<br \/>\nSi vas a hacer <a href=\"https:\/\/www.fotografo-profesional.net\/diario\/2020\/06\/02\/fotografia-de-naturaleza-con-distintos-fines\/\"><span style=\"color: #0000ff;\"><em>fotograf\u00edas de flores o plantas<\/em><\/span><\/a> desde muy cerca debes tener en cuenta que necesitar\u00e1s un objetivo macro para conseguir que la fotograf\u00eda est\u00e9 dentro de foco.<br \/>\nPrueba y experimenta con objetivos de cualquier distancia focal, cualquiera puede servir para atrapar la primavera dentro de tu encuadre.<\/p>\n<p>Aunque fotografiar los colores de la primavera no significa que haya que capturar im\u00e1genes de todas las flores que encuentres a tu paso. Hay muchos otros motivos que tambi\u00e9n reflejan la primavera, aunque no incluyan flores. Es solo cuesti\u00f3n de echarle imaginaci\u00f3n o saber ver las fotograf\u00edas que el mundo te brinda a tu paso.<br \/>\nTambi\u00e9n la ropa que las personas lucen en esta \u00e9poca del a\u00f1o suele ser de un cromatismo muy vistoso. Adem\u00e1s, la combinaci\u00f3n de personas con la naturaleza florida da unas muy buenos resultados. Si adem\u00e1s las personas que aparecen en las im\u00e1genes son ni\u00f1os, tanto mejor. <strong>Mant\u00e9n alerta tus instintos de fot\u00f3grafo.<\/strong><br \/>\nUn mont\u00f3n de buenas fotograf\u00edas van a pasar por delante de tus ojos durante esta estaci\u00f3n. Solo tienes que estar atento, componer y disparar.<\/p>\n","protected":false},"excerpt":{"rendered":"<p>Ahora que definitivamente parece que ha llegado el sol y el calor, lo que vulgarmente se conoce como buen tiempo, es una \u00e9poca muy buena para salir a la calle con tu c\u00e1mara fotogr\u00e1fica al cuello y captar los colores de la primavera. Justo en estos d\u00edas son en los que la naturaleza ofrece una [&hellip;]<\/p>\n","protected":false},"author":2,"featured_media":634,"comment_status":"closed","ping_status":"open","sticky":false,"template":"","format":"standard","meta":[],"categories":[188,189,174,207,74],"tags":[117,59,119,120],"yoast_head":"<!-- This site is optimized with the Yoast SEO plugin v20.8 - https:\/\/yoast.com\/wordpress\/plugins\/seo\/ -->\n<title>Los colores de la primavera - Luis Miguel del Campo<\/title>\n<meta name=\"description\" content=\"En estos d\u00edas los colores que ofrece la primavera te pueden ayudar a conseguir grandes fotograf\u00edas. \u00danicamente has de estar atento para captarla.\" \/>\n<meta name=\"robots\" content=\"index, follow, max-snippet:-1, max-image-preview:large, max-video-preview:-1\" \/>\n<link rel=\"canonical\" href=\"https:\/\/www.fotografo-profesional.net\/diario\/2019\/05\/03\/los-colores-de-la-primavera\/\" \/>\n<meta property=\"og:locale\" content=\"es_ES\" \/>\n<meta property=\"og:type\" content=\"article\" \/>\n<meta property=\"og:title\" content=\"Los colores de la primavera - Luis Miguel del Campo\" \/>\n<meta property=\"og:description\" content=\"En estos d\u00edas los colores que ofrece la primavera te pueden ayudar a conseguir grandes fotograf\u00edas. \u00danicamente has de estar atento para captarla.\" \/>\n<meta property=\"og:url\" content=\"https:\/\/www.fotografo-profesional.net\/diario\/2019\/05\/03\/los-colores-de-la-primavera\/\" \/>\n<meta property=\"og:site_name\" content=\"Luis Miguel del Campo\" \/>\n<meta property=\"article:published_time\" content=\"2019-05-03T12:52:57+00:00\" \/>\n<meta property=\"article:modified_time\" content=\"2020-06-09T15:20:43+00:00\" \/>\n<meta property=\"og:image\" content=\"https:\/\/www.fotografo-profesional.net\/diario\/wp-content\/uploads\/2019\/05\/Primavera-por-fot\u00f3grafo-profesional-en-Madrid-LMC-001.jpg\" \/>\n\t<meta property=\"og:image:width\" content=\"600\" \/>\n\t<meta property=\"og:image:height\" content=\"400\" \/>\n\t<meta property=\"og:image:type\" content=\"image\/jpeg\" \/>\n<meta name=\"author\" content=\"Luis Miguel del Campo\" \/>\n<meta name=\"twitter:card\" content=\"summary_large_image\" \/>\n<meta name=\"twitter:label1\" content=\"Escrito por\" \/>\n\t<meta name=\"twitter:data1\" content=\"Luis Miguel del Campo\" \/>\n\t<meta name=\"twitter:label2\" content=\"Tiempo de lectura\" \/>\n\t<meta name=\"twitter:data2\" content=\"2 minutos\" \/>\n<script type=\"application\/ld+json\" class=\"yoast-schema-graph\">{\"@context\":\"https:\/\/schema.org\",\"@graph\":[{\"@type\":\"WebPage\",\"@id\":\"https:\/\/www.fotografo-profesional.net\/diario\/2019\/05\/03\/los-colores-de-la-primavera\/\",\"url\":\"https:\/\/www.fotografo-profesional.net\/diario\/2019\/05\/03\/los-colores-de-la-primavera\/\",\"name\":\"Los colores de la primavera - Luis Miguel del Campo\",\"isPartOf\":{\"@id\":\"https:\/\/www.fotografo-profesional.net\/diario\/#website\"},\"datePublished\":\"2019-05-03T12:52:57+00:00\",\"dateModified\":\"2020-06-09T15:20:43+00:00\",\"author\":{\"@id\":\"https:\/\/www.fotografo-profesional.net\/diario\/#\/schema\/person\/220504871d765b4c30a0af1d2fe93533\"},\"description\":\"En estos d\u00edas los colores que ofrece la primavera te pueden ayudar a conseguir grandes fotograf\u00edas. \u00danicamente has de estar atento para captarla.\",\"breadcrumb\":{\"@id\":\"https:\/\/www.fotografo-profesional.net\/diario\/2019\/05\/03\/los-colores-de-la-primavera\/#breadcrumb\"},\"inLanguage\":\"es\",\"potentialAction\":[{\"@type\":\"ReadAction\",\"target\":[\"https:\/\/www.fotografo-profesional.net\/diario\/2019\/05\/03\/los-colores-de-la-primavera\/\"]}]},{\"@type\":\"BreadcrumbList\",\"@id\":\"https:\/\/www.fotografo-profesional.net\/diario\/2019\/05\/03\/los-colores-de-la-primavera\/#breadcrumb\",\"itemListElement\":[{\"@type\":\"ListItem\",\"position\":1,\"name\":\"Inicio\",\"item\":\"https:\/\/www.fotografo-profesional.net\/diario\/\"},{\"@type\":\"ListItem\",\"position\":2,\"name\":\"Los colores de la primavera\"}]},{\"@type\":\"WebSite\",\"@id\":\"https:\/\/www.fotografo-profesional.net\/diario\/#website\",\"url\":\"https:\/\/www.fotografo-profesional.net\/diario\/\",\"name\":\"Luis Miguel del Campo\",\"description\":\"Blog de un fot\u00f3grafo profesional\",\"potentialAction\":[{\"@type\":\"SearchAction\",\"target\":{\"@type\":\"EntryPoint\",\"urlTemplate\":\"https:\/\/www.fotografo-profesional.net\/diario\/?s={search_term_string}\"},\"query-input\":\"required name=search_term_string\"}],\"inLanguage\":\"es\"},{\"@type\":\"Person\",\"@id\":\"https:\/\/www.fotografo-profesional.net\/diario\/#\/schema\/person\/220504871d765b4c30a0af1d2fe93533\",\"name\":\"Luis Miguel del Campo\",\"image\":{\"@type\":\"ImageObject\",\"inLanguage\":\"es\",\"@id\":\"https:\/\/www.fotografo-profesional.net\/diario\/#\/schema\/person\/image\/\",\"url\":\"https:\/\/secure.gravatar.com\/avatar\/84bb1120095136de86f122a882a42d61?s=96&d=mm&r=g\",\"contentUrl\":\"https:\/\/secure.gravatar.com\/avatar\/84bb1120095136de86f122a882a42d61?s=96&d=mm&r=g\",\"caption\":\"Luis Miguel del Campo\"},\"url\":\"https:\/\/www.fotografo-profesional.net\/diario\/author\/admin_lmdc\/\"}]}<\/script>\n<!-- \/ Yoast SEO plugin. -->","yoast_head_json":{"title":"Los colores de la primavera - Luis Miguel del Campo","description":"En estos d\u00edas los colores que ofrece la primavera te pueden ayudar a conseguir grandes fotograf\u00edas. \u00danicamente has de estar atento para captarla.","robots":{"index":"index","follow":"follow","max-snippet":"max-snippet:-1","max-image-preview":"max-image-preview:large","max-video-preview":"max-video-preview:-1"},"canonical":"https:\/\/www.fotografo-profesional.net\/diario\/2019\/05\/03\/los-colores-de-la-primavera\/","og_locale":"es_ES","og_type":"article","og_title":"Los colores de la primavera - Luis Miguel del Campo","og_description":"En estos d\u00edas los colores que ofrece la primavera te pueden ayudar a conseguir grandes fotograf\u00edas. \u00danicamente has de estar atento para captarla.","og_url":"https:\/\/www.fotografo-profesional.net\/diario\/2019\/05\/03\/los-colores-de-la-primavera\/","og_site_name":"Luis Miguel del Campo","article_published_time":"2019-05-03T12:52:57+00:00","article_modified_time":"2020-06-09T15:20:43+00:00","og_image":[{"width":600,"height":400,"url":"https:\/\/www.fotografo-profesional.net\/diario\/wp-content\/uploads\/2019\/05\/Primavera-por-fot\u00f3grafo-profesional-en-Madrid-LMC-001.jpg","type":"image\/jpeg"}],"author":"Luis Miguel del Campo","twitter_card":"summary_large_image","twitter_misc":{"Escrito por":"Luis Miguel del Campo","Tiempo de lectura":"2 minutos"},"schema":{"@context":"https:\/\/schema.org","@graph":[{"@type":"WebPage","@id":"https:\/\/www.fotografo-profesional.net\/diario\/2019\/05\/03\/los-colores-de-la-primavera\/","url":"https:\/\/www.fotografo-profesional.net\/diario\/2019\/05\/03\/los-colores-de-la-primavera\/","name":"Los colores de la primavera - Luis Miguel del Campo","isPartOf":{"@id":"https:\/\/www.fotografo-profesional.net\/diario\/#website"},"datePublished":"2019-05-03T12:52:57+00:00","dateModified":"2020-06-09T15:20:43+00:00","author":{"@id":"https:\/\/www.fotografo-profesional.net\/diario\/#\/schema\/person\/220504871d765b4c30a0af1d2fe93533"},"description":"En estos d\u00edas los colores que ofrece la primavera te pueden ayudar a conseguir grandes fotograf\u00edas. \u00danicamente has de estar atento para captarla.","breadcrumb":{"@id":"https:\/\/www.fotografo-profesional.net\/diario\/2019\/05\/03\/los-colores-de-la-primavera\/#breadcrumb"},"inLanguage":"es","potentialAction":[{"@type":"ReadAction","target":["https:\/\/www.fotografo-profesional.net\/diario\/2019\/05\/03\/los-colores-de-la-primavera\/"]}]},{"@type":"BreadcrumbList","@id":"https:\/\/www.fotografo-profesional.net\/diario\/2019\/05\/03\/los-colores-de-la-primavera\/#breadcrumb","itemListElement":[{"@type":"ListItem","position":1,"name":"Inicio","item":"https:\/\/www.fotografo-profesional.net\/diario\/"},{"@type":"ListItem","position":2,"name":"Los colores de la primavera"}]},{"@type":"WebSite","@id":"https:\/\/www.fotografo-profesional.net\/diario\/#website","url":"https:\/\/www.fotografo-profesional.net\/diario\/","name":"Luis Miguel del Campo","description":"Blog de un fot\u00f3grafo profesional","potentialAction":[{"@type":"SearchAction","target":{"@type":"EntryPoint","urlTemplate":"https:\/\/www.fotografo-profesional.net\/diario\/?s={search_term_string}"},"query-input":"required name=search_term_string"}],"inLanguage":"es"},{"@type":"Person","@id":"https:\/\/www.fotografo-profesional.net\/diario\/#\/schema\/person\/220504871d765b4c30a0af1d2fe93533","name":"Luis Miguel del Campo","image":{"@type":"ImageObject","inLanguage":"es","@id":"https:\/\/www.fotografo-profesional.net\/diario\/#\/schema\/person\/image\/","url":"https:\/\/secure.gravatar.com\/avatar\/84bb1120095136de86f122a882a42d61?s=96&d=mm&r=g","contentUrl":"https:\/\/secure.gravatar.com\/avatar\/84bb1120095136de86f122a882a42d61?s=96&d=mm&r=g","caption":"Luis Miguel del Campo"},"url":"https:\/\/www.fotografo-profesional.net\/diario\/author\/admin_lmdc\/"}]}},"_links":{"self":[{"href":"https:\/\/www.fotografo-profesional.net\/diario\/wp-json\/wp\/v2\/posts\/629"}],"collection":[{"href":"https:\/\/www.fotografo-profesional.net\/diario\/wp-json\/wp\/v2\/posts"}],"about":[{"href":"https:\/\/www.fotografo-profesional.net\/diario\/wp-json\/wp\/v2\/types\/post"}],"author":[{"embeddable":true,"href":"https:\/\/www.fotografo-profesional.net\/diario\/wp-json\/wp\/v2\/users\/2"}],"replies":[{"embeddable":true,"href":"https:\/\/www.fotografo-profesional.net\/diario\/wp-json\/wp\/v2\/comments?post=629"}],"version-history":[{"count":3,"href":"https:\/\/www.fotografo-profesional.net\/diario\/wp-json\/wp\/v2\/posts\/629\/revisions"}],"predecessor-version":[{"id":2014,"href":"https:\/\/www.fotografo-profesional.net\/diario\/wp-json\/wp\/v2\/posts\/629\/revisions\/2014"}],"wp:featuredmedia":[{"embeddable":true,"href":"https:\/\/www.fotografo-profesional.net\/diario\/wp-json\/wp\/v2\/media\/634"}],"wp:attachment":[{"href":"https:\/\/www.fotografo-profesional.net\/diario\/wp-json\/wp\/v2\/media?parent=629"}],"wp:term":[{"taxonomy":"category","embeddable":true,"href":"https:\/\/www.fotografo-profesional.net\/diario\/wp-json\/wp\/v2\/categories?post=629"},{"taxonomy":"post_tag","embeddable":true,"href":"https:\/\/www.fotografo-profesional.net\/diario\/wp-json\/wp\/v2\/tags?post=629"}],"curies":[{"name":"wp","href":"https:\/\/api.w.org\/{rel}","templated":true}]}}