{"id":65,"date":"2018-05-30T12:09:52","date_gmt":"2018-05-30T12:09:52","guid":{"rendered":"https:\/\/www.fotografo-profesional.net\/diario-de-un-fotografo-profesional-en-madrid\/?p=65"},"modified":"2020-04-11T12:47:31","modified_gmt":"2020-04-11T10:47:31","slug":"isabel-munoz-la-antropologia-de-los-sentimientos","status":"publish","type":"post","link":"https:\/\/www.fotografo-profesional.net\/diario\/2018\/05\/30\/isabel-munoz-la-antropologia-de-los-sentimientos\/","title":{"rendered":"Isabel Mu\u00f1oz: La antropolog\u00eda de los sentimientos"},"content":{"rendered":"<p><img decoding=\"async\" class=\"aligncenter wp-image-70\" src=\"\/diario\/wp-content\/uploads\/2018\/05\/Isabel-Mu\u00f1oz-por-fot\u00f3grafo-en-Madrid-003.jpg\" alt=\"Isabel Mu\u00f1oz Fot\u00f3grafa\" width=\"600\" height=\"401\" srcset=\"https:\/\/www.fotografo-profesional.net\/diario\/wp-content\/uploads\/2018\/05\/Isabel-Mu\u00f1oz-por-fot\u00f3grafo-en-Madrid-003.jpg 800w, https:\/\/www.fotografo-profesional.net\/diario\/wp-content\/uploads\/2018\/05\/Isabel-Mu\u00f1oz-por-fot\u00f3grafo-en-Madrid-003-300x200.jpg 300w, https:\/\/www.fotografo-profesional.net\/diario\/wp-content\/uploads\/2018\/05\/Isabel-Mu\u00f1oz-por-fot\u00f3grafo-en-Madrid-003-768x513.jpg 768w\" sizes=\"(max-width: 600px) 100vw, 600px\" \/><\/p>\n<p>Tabacalera (sala La Principal) est\u00e1 ofreciendo desde el 27 de abril hasta el 17 de junio una selecci\u00f3n de<strong> las series y fotograf\u00edas m\u00e1s representativas de Isabel Mu\u00f1oz<\/strong>, correspondientes a algo m\u00e1s de los \u00faltimos veinte a\u00f1os (1995-2018). En La antropolog\u00eda de los sentimientos, t\u00edtulo de esta <a href=\"https:\/\/www.fotografo-profesional.net\/diario\/2019\/08\/19\/exposicion-de-berenice-abbott\/\"><em><span style=\"color: #00ccff;\">interesante exposici\u00f3n<\/span><\/em><\/a>, se pueden ver 97 fotograf\u00edas y seis instalaciones audiovisuales. Abundan las im\u00e1genes en gran formato, pero tambi\u00e9n se pueden disfrutar obras de tama\u00f1o muy reducido, como en Sexo (2002).<\/p>\n<p>La primera sala, la m\u00e1s grande, nos ofrece Kudo San (2018), una instalaci\u00f3n audiovisual formada por cuatro grandes paneles en los que personas de varias etnias se mueven, gritan, gesticulan, se retuercen\u2026 Pero nada acontece en todas las pantallas al mismo tiempo; en cada una de ellas podemos ver una acci\u00f3n diferente a la que est\u00e1 ocurriendo en las otras. Desde esta primera propuesta queda clara la importancia que tiene el cuerpo humano en toda la obra que se nos presenta. Obra nada menos que de la fot\u00f3grafa galardonada con el Premio Nacional de Fotograf\u00eda en 2016.<\/p>\n<p>A partir de aqu\u00ed podemos contemplar Agua (2016), \u00c1lbum de familia (2015-16), Mitolog\u00edas (2012) y Cris\u00e1lida (2018) en la siguiente secci\u00f3n. Que muestran cuerpos sumergidos en acci\u00f3n, gorilas con expresiones y comportamientos muy humanos, desnudos con m\u00e1scaras mitol\u00f3gicas\u2026 Bien sea en cada caso en blanco y negro o color.<\/p>\n<p><img decoding=\"async\" class=\"aligncenter wp-image-68\" src=\"\/diario\/wp-content\/uploads\/2018\/05\/Isabel-Mu\u00f1oz-por-fot\u00f3grafo-en-Madrid-001.jpg\" alt=\"Fot\u00f3grafo profesional en Madrid LMC\" width=\"600\" height=\"401\" srcset=\"https:\/\/www.fotografo-profesional.net\/diario\/wp-content\/uploads\/2018\/05\/Isabel-Mu\u00f1oz-por-fot\u00f3grafo-en-Madrid-001.jpg 800w, https:\/\/www.fotografo-profesional.net\/diario\/wp-content\/uploads\/2018\/05\/Isabel-Mu\u00f1oz-por-fot\u00f3grafo-en-Madrid-001-300x200.jpg 300w, https:\/\/www.fotografo-profesional.net\/diario\/wp-content\/uploads\/2018\/05\/Isabel-Mu\u00f1oz-por-fot\u00f3grafo-en-Madrid-001-768x513.jpg 768w\" sizes=\"(max-width: 600px) 100vw, 600px\" \/><\/p>\n<h5>El sexo es el tema de la siguiente secci\u00f3n:<\/h5>\n<p>Fragmentos (1995), im\u00e1genes del cuerpo humano desnudo y que la fot\u00f3grafa considera un trabajo inconcluso; Sexo (2002), en la que no se dan situaciones de violencia, aunque sean representaci\u00f3n cruda del acto sexual; y SM (2002), que no es otra cosa que otra exploraci\u00f3n relativa al sexo en im\u00e1genes de sadomasoquismo, de nuevo compuesta por fragmentos del cuerpo humano que no hieren al ser contemplados.<\/p>\n<p><img decoding=\"async\" class=\"aligncenter wp-image-69\" src=\"\/diario\/wp-content\/uploads\/2018\/05\/Isabel-Mu\u00f1oz-por-fot\u00f3grafo-en-Madrid-002.jpg\" alt=\"Isabel Mu\u00f1oz Fot\u00f3grafa\" width=\"600\" height=\"401\" srcset=\"https:\/\/www.fotografo-profesional.net\/diario\/wp-content\/uploads\/2018\/05\/Isabel-Mu\u00f1oz-por-fot\u00f3grafo-en-Madrid-002.jpg 800w, https:\/\/www.fotografo-profesional.net\/diario\/wp-content\/uploads\/2018\/05\/Isabel-Mu\u00f1oz-por-fot\u00f3grafo-en-Madrid-002-300x200.jpg 300w, https:\/\/www.fotografo-profesional.net\/diario\/wp-content\/uploads\/2018\/05\/Isabel-Mu\u00f1oz-por-fot\u00f3grafo-en-Madrid-002-768x513.jpg 768w\" sizes=\"(max-width: 600px) 100vw, 600px\" \/><\/p>\n<p>La tercera secci\u00f3n la conforman Hijras (2012), que son la encarnaci\u00f3n del tercer sexo en la cultura hind\u00fa, y que van modelando su cuerpo desde peque\u00f1as para acabar siendo lo que quieren ser; y Trans (2007-2018), en la que ha ido retratando con elegancia a transexuales de Brasil que se dedican a la prostituci\u00f3n.<br \/>\nContorsionistas (1998), chinos en posturas llenas de plasticidad y Metamorfosis (2016), im\u00e1genes de nuevo de cuerpos tatuados y tambi\u00e9n con objetos met\u00e1licos que atraviesan su piel.<\/p>\n<p><img decoding=\"async\" class=\"aligncenter wp-image-72\" src=\"\/diario\/wp-content\/uploads\/2018\/05\/Isabel-Mu\u00f1oz-por-fot\u00f3grafo-en-Madrid-005.jpg\" alt=\"Fot\u00f3grafo profesional en Madrid LMC\" width=\"600\" height=\"401\" srcset=\"https:\/\/www.fotografo-profesional.net\/diario\/wp-content\/uploads\/2018\/05\/Isabel-Mu\u00f1oz-por-fot\u00f3grafo-en-Madrid-005.jpg 800w, https:\/\/www.fotografo-profesional.net\/diario\/wp-content\/uploads\/2018\/05\/Isabel-Mu\u00f1oz-por-fot\u00f3grafo-en-Madrid-005-300x200.jpg 300w, https:\/\/www.fotografo-profesional.net\/diario\/wp-content\/uploads\/2018\/05\/Isabel-Mu\u00f1oz-por-fot\u00f3grafo-en-Madrid-005-768x513.jpg 768w\" sizes=\"(max-width: 600px) 100vw, 600px\" \/><\/p>\n<p>En Etiop\u00eda (2000-2005) Isabel Mu\u00f1oz nos muestra a los pueblos del r\u00edo Omo, las tribus boda, karo y surma, quienes pintan su piel como marca de pertenencia tribal. Mientras que <strong>en Maras (2002) son presos de El Salvador los que son fotografiados<\/strong> con sus cuerpos repletos de tatuajes, lo que constituye su estrategia ret\u00f3rica.<\/p>\n<p><img decoding=\"async\" class=\"aligncenter wp-image-71\" src=\"\/diario\/wp-content\/uploads\/2018\/05\/Isabel-Mu\u00f1oz-por-fot\u00f3grafo-en-Madrid-004.jpg\" alt=\"Isabel Mu\u00f1oz Fot\u00f3grafa\" width=\"600\" height=\"401\" srcset=\"https:\/\/www.fotografo-profesional.net\/diario\/wp-content\/uploads\/2018\/05\/Isabel-Mu\u00f1oz-por-fot\u00f3grafo-en-Madrid-004.jpg 800w, https:\/\/www.fotografo-profesional.net\/diario\/wp-content\/uploads\/2018\/05\/Isabel-Mu\u00f1oz-por-fot\u00f3grafo-en-Madrid-004-300x200.jpg 300w, https:\/\/www.fotografo-profesional.net\/diario\/wp-content\/uploads\/2018\/05\/Isabel-Mu\u00f1oz-por-fot\u00f3grafo-en-Madrid-004-768x513.jpg 768w\" sizes=\"(max-width: 600px) 100vw, 600px\" \/><\/p>\n<p><strong>Se conoce como La Bestia a la red de ferrocarriles que une las fronteras sur y norte de M\u00e9xico<\/strong>, la cual utilizan los migrantes que intentan llegar a Estados Unidos. Esta historia, en la que participa Isabel Mu\u00f1oz en su periplo intentando reflejar esta realidad de forma fotogr\u00e1fica se nos cuenta en un v\u00eddeo de 5 minutos, realizado en 2008.<\/p>\n<p>Amor y \u00e9xtasis (2010), personas con objetos que atraviesan la piel de sus caras, ya sean los carrillos, la lengua, etc.; Shaol\u00edn (1999); Nueve Dioses (2016); y Metamorfosis II (2016), compuesta por fotograf\u00edas de cuerpos suspendidos de cables.<\/p>\n<p><img decoding=\"async\" class=\"aligncenter wp-image-73\" src=\"\/diario\/wp-content\/uploads\/2018\/05\/Isabel-Mu\u00f1oz-por-fot\u00f3grafo-en-Madrid-006.jpg\" alt=\"Fot\u00f3grafo profesional en Madrid LMC\" width=\"600\" height=\"401\" srcset=\"https:\/\/www.fotografo-profesional.net\/diario\/wp-content\/uploads\/2018\/05\/Isabel-Mu\u00f1oz-por-fot\u00f3grafo-en-Madrid-006.jpg 800w, https:\/\/www.fotografo-profesional.net\/diario\/wp-content\/uploads\/2018\/05\/Isabel-Mu\u00f1oz-por-fot\u00f3grafo-en-Madrid-006-300x200.jpg 300w, https:\/\/www.fotografo-profesional.net\/diario\/wp-content\/uploads\/2018\/05\/Isabel-Mu\u00f1oz-por-fot\u00f3grafo-en-Madrid-006-768x513.jpg 768w\" sizes=\"(max-width: 600px) 100vw, 600px\" \/><\/p>\n<h5>Por \u00faltimo<\/h5>\n<p>En Locura (2016) encontramos un autorretrato de la fot\u00f3grafa con su cabeza llena de cables, por pura empat\u00eda con el resto de personas que aparecen en esta serie de un denso blanco y negro. Y es que hay que estar un poco loco para continuar sobreviviendo en este mundo de hoy en d\u00eda.<\/p>\n<p><img decoding=\"async\" class=\"aligncenter wp-image-74\" src=\"\/diario\/wp-content\/uploads\/2018\/05\/Isabel-Mu\u00f1oz-por-fot\u00f3grafo-en-Madrid-007.jpg\" alt=\"Isabel Mu\u00f1oz Fot\u00f3grafa\" width=\"600\" height=\"401\" srcset=\"https:\/\/www.fotografo-profesional.net\/diario\/wp-content\/uploads\/2018\/05\/Isabel-Mu\u00f1oz-por-fot\u00f3grafo-en-Madrid-007.jpg 800w, https:\/\/www.fotografo-profesional.net\/diario\/wp-content\/uploads\/2018\/05\/Isabel-Mu\u00f1oz-por-fot\u00f3grafo-en-Madrid-007-300x200.jpg 300w, https:\/\/www.fotografo-profesional.net\/diario\/wp-content\/uploads\/2018\/05\/Isabel-Mu\u00f1oz-por-fot\u00f3grafo-en-Madrid-007-768x513.jpg 768w\" sizes=\"(max-width: 600px) 100vw, 600px\" \/><\/p>\n<p>Acabada la visita queda una sensaci\u00f3n muy completa de lo compleja que es la obra de la fot\u00f3grafa catalana que hace ya muchos a\u00f1os fij\u00f3 su base de operaciones en Madrid. <strong>Es una exposici\u00f3n que no deber\u00eda perderse ning\u00fan aficionado a la fotograf\u00eda<\/strong>; mucho menos cualquier fot\u00f3grafo profesional de Madrid.<\/p>\n","protected":false},"excerpt":{"rendered":"<p>Tabacalera (sala La Principal) est\u00e1 ofreciendo desde el 27 de abril hasta el 17 de junio una selecci\u00f3n de las series y fotograf\u00edas m\u00e1s representativas de Isabel Mu\u00f1oz, correspondientes a algo m\u00e1s de los \u00faltimos veinte a\u00f1os (1995-2018). En La antropolog\u00eda de los sentimientos, t\u00edtulo de esta interesante exposici\u00f3n, se pueden ver 97 fotograf\u00edas y [&hellip;]<\/p>\n","protected":false},"author":2,"featured_media":68,"comment_status":"open","ping_status":"open","sticky":false,"template":"","format":"standard","meta":[],"categories":[35,257,116],"tags":[32,117,119,271,307,121,272],"yoast_head":"<!-- This site is optimized with the Yoast SEO plugin v20.8 - https:\/\/yoast.com\/wordpress\/plugins\/seo\/ -->\n<title>Isabel Mu\u00f1oz: La antropolog\u00eda de los sentimientos - Luis Miguel del Campo<\/title>\n<meta name=\"description\" content=\"La antropolog\u00eda de los Sentimientos nos ofrece las series y obras fotogr\u00e1ficas m\u00e1s significativas que Isabel Mu\u00f1oz ha realizado durante los \u00faltimos 20 a\u00f1os.\" \/>\n<meta name=\"robots\" content=\"index, follow, max-snippet:-1, max-image-preview:large, max-video-preview:-1\" \/>\n<link rel=\"canonical\" href=\"https:\/\/www.fotografo-profesional.net\/diario\/2018\/05\/30\/isabel-munoz-la-antropologia-de-los-sentimientos\/\" \/>\n<meta property=\"og:locale\" content=\"es_ES\" \/>\n<meta property=\"og:type\" content=\"article\" \/>\n<meta property=\"og:title\" content=\"Isabel Mu\u00f1oz: La antropolog\u00eda de los sentimientos - Luis Miguel del Campo\" \/>\n<meta property=\"og:description\" content=\"La antropolog\u00eda de los Sentimientos nos ofrece las series y obras fotogr\u00e1ficas m\u00e1s significativas que Isabel Mu\u00f1oz ha realizado durante los \u00faltimos 20 a\u00f1os.\" \/>\n<meta property=\"og:url\" content=\"https:\/\/www.fotografo-profesional.net\/diario\/2018\/05\/30\/isabel-munoz-la-antropologia-de-los-sentimientos\/\" \/>\n<meta property=\"og:site_name\" content=\"Luis Miguel del Campo\" \/>\n<meta property=\"article:published_time\" content=\"2018-05-30T12:09:52+00:00\" \/>\n<meta property=\"article:modified_time\" content=\"2020-04-11T10:47:31+00:00\" \/>\n<meta property=\"og:image\" content=\"https:\/\/www.fotografo-profesional.net\/diario\/wp-content\/uploads\/2018\/05\/Isabel-Mu\u00f1oz-por-fot\u00f3grafo-en-Madrid-001.jpg\" \/>\n\t<meta property=\"og:image:width\" content=\"800\" \/>\n\t<meta property=\"og:image:height\" content=\"534\" \/>\n\t<meta property=\"og:image:type\" content=\"image\/jpeg\" \/>\n<meta name=\"author\" content=\"Luis Miguel del Campo\" \/>\n<meta name=\"twitter:card\" content=\"summary_large_image\" \/>\n<meta name=\"twitter:label1\" content=\"Escrito por\" \/>\n\t<meta name=\"twitter:data1\" content=\"Luis Miguel del Campo\" \/>\n\t<meta name=\"twitter:label2\" content=\"Tiempo de lectura\" \/>\n\t<meta name=\"twitter:data2\" content=\"3 minutos\" \/>\n<script type=\"application\/ld+json\" class=\"yoast-schema-graph\">{\"@context\":\"https:\/\/schema.org\",\"@graph\":[{\"@type\":\"WebPage\",\"@id\":\"https:\/\/www.fotografo-profesional.net\/diario\/2018\/05\/30\/isabel-munoz-la-antropologia-de-los-sentimientos\/\",\"url\":\"https:\/\/www.fotografo-profesional.net\/diario\/2018\/05\/30\/isabel-munoz-la-antropologia-de-los-sentimientos\/\",\"name\":\"Isabel Mu\u00f1oz: La antropolog\u00eda de los sentimientos - Luis Miguel del Campo\",\"isPartOf\":{\"@id\":\"https:\/\/www.fotografo-profesional.net\/diario\/#website\"},\"datePublished\":\"2018-05-30T12:09:52+00:00\",\"dateModified\":\"2020-04-11T10:47:31+00:00\",\"author\":{\"@id\":\"https:\/\/www.fotografo-profesional.net\/diario\/#\/schema\/person\/220504871d765b4c30a0af1d2fe93533\"},\"description\":\"La antropolog\u00eda de los Sentimientos nos ofrece las series y obras fotogr\u00e1ficas m\u00e1s significativas que Isabel Mu\u00f1oz ha realizado durante los \u00faltimos 20 a\u00f1os.\",\"breadcrumb\":{\"@id\":\"https:\/\/www.fotografo-profesional.net\/diario\/2018\/05\/30\/isabel-munoz-la-antropologia-de-los-sentimientos\/#breadcrumb\"},\"inLanguage\":\"es\",\"potentialAction\":[{\"@type\":\"ReadAction\",\"target\":[\"https:\/\/www.fotografo-profesional.net\/diario\/2018\/05\/30\/isabel-munoz-la-antropologia-de-los-sentimientos\/\"]}]},{\"@type\":\"BreadcrumbList\",\"@id\":\"https:\/\/www.fotografo-profesional.net\/diario\/2018\/05\/30\/isabel-munoz-la-antropologia-de-los-sentimientos\/#breadcrumb\",\"itemListElement\":[{\"@type\":\"ListItem\",\"position\":1,\"name\":\"Inicio\",\"item\":\"https:\/\/www.fotografo-profesional.net\/diario\/\"},{\"@type\":\"ListItem\",\"position\":2,\"name\":\"Isabel Mu\u00f1oz: La antropolog\u00eda de los sentimientos\"}]},{\"@type\":\"WebSite\",\"@id\":\"https:\/\/www.fotografo-profesional.net\/diario\/#website\",\"url\":\"https:\/\/www.fotografo-profesional.net\/diario\/\",\"name\":\"Luis Miguel del Campo\",\"description\":\"Blog de un fot\u00f3grafo profesional\",\"potentialAction\":[{\"@type\":\"SearchAction\",\"target\":{\"@type\":\"EntryPoint\",\"urlTemplate\":\"https:\/\/www.fotografo-profesional.net\/diario\/?s={search_term_string}\"},\"query-input\":\"required name=search_term_string\"}],\"inLanguage\":\"es\"},{\"@type\":\"Person\",\"@id\":\"https:\/\/www.fotografo-profesional.net\/diario\/#\/schema\/person\/220504871d765b4c30a0af1d2fe93533\",\"name\":\"Luis Miguel del Campo\",\"image\":{\"@type\":\"ImageObject\",\"inLanguage\":\"es\",\"@id\":\"https:\/\/www.fotografo-profesional.net\/diario\/#\/schema\/person\/image\/\",\"url\":\"https:\/\/secure.gravatar.com\/avatar\/84bb1120095136de86f122a882a42d61?s=96&d=mm&r=g\",\"contentUrl\":\"https:\/\/secure.gravatar.com\/avatar\/84bb1120095136de86f122a882a42d61?s=96&d=mm&r=g\",\"caption\":\"Luis Miguel del Campo\"},\"url\":\"https:\/\/www.fotografo-profesional.net\/diario\/author\/admin_lmdc\/\"}]}<\/script>\n<!-- \/ Yoast SEO plugin. -->","yoast_head_json":{"title":"Isabel Mu\u00f1oz: La antropolog\u00eda de los sentimientos - Luis Miguel del Campo","description":"La antropolog\u00eda de los Sentimientos nos ofrece las series y obras fotogr\u00e1ficas m\u00e1s significativas que Isabel Mu\u00f1oz ha realizado durante los \u00faltimos 20 a\u00f1os.","robots":{"index":"index","follow":"follow","max-snippet":"max-snippet:-1","max-image-preview":"max-image-preview:large","max-video-preview":"max-video-preview:-1"},"canonical":"https:\/\/www.fotografo-profesional.net\/diario\/2018\/05\/30\/isabel-munoz-la-antropologia-de-los-sentimientos\/","og_locale":"es_ES","og_type":"article","og_title":"Isabel Mu\u00f1oz: La antropolog\u00eda de los sentimientos - Luis Miguel del Campo","og_description":"La antropolog\u00eda de los Sentimientos nos ofrece las series y obras fotogr\u00e1ficas m\u00e1s significativas que Isabel Mu\u00f1oz ha realizado durante los \u00faltimos 20 a\u00f1os.","og_url":"https:\/\/www.fotografo-profesional.net\/diario\/2018\/05\/30\/isabel-munoz-la-antropologia-de-los-sentimientos\/","og_site_name":"Luis Miguel del Campo","article_published_time":"2018-05-30T12:09:52+00:00","article_modified_time":"2020-04-11T10:47:31+00:00","og_image":[{"width":800,"height":534,"url":"https:\/\/www.fotografo-profesional.net\/diario\/wp-content\/uploads\/2018\/05\/Isabel-Mu\u00f1oz-por-fot\u00f3grafo-en-Madrid-001.jpg","type":"image\/jpeg"}],"author":"Luis Miguel del Campo","twitter_card":"summary_large_image","twitter_misc":{"Escrito por":"Luis Miguel del Campo","Tiempo de lectura":"3 minutos"},"schema":{"@context":"https:\/\/schema.org","@graph":[{"@type":"WebPage","@id":"https:\/\/www.fotografo-profesional.net\/diario\/2018\/05\/30\/isabel-munoz-la-antropologia-de-los-sentimientos\/","url":"https:\/\/www.fotografo-profesional.net\/diario\/2018\/05\/30\/isabel-munoz-la-antropologia-de-los-sentimientos\/","name":"Isabel Mu\u00f1oz: La antropolog\u00eda de los sentimientos - Luis Miguel del Campo","isPartOf":{"@id":"https:\/\/www.fotografo-profesional.net\/diario\/#website"},"datePublished":"2018-05-30T12:09:52+00:00","dateModified":"2020-04-11T10:47:31+00:00","author":{"@id":"https:\/\/www.fotografo-profesional.net\/diario\/#\/schema\/person\/220504871d765b4c30a0af1d2fe93533"},"description":"La antropolog\u00eda de los Sentimientos nos ofrece las series y obras fotogr\u00e1ficas m\u00e1s significativas que Isabel Mu\u00f1oz ha realizado durante los \u00faltimos 20 a\u00f1os.","breadcrumb":{"@id":"https:\/\/www.fotografo-profesional.net\/diario\/2018\/05\/30\/isabel-munoz-la-antropologia-de-los-sentimientos\/#breadcrumb"},"inLanguage":"es","potentialAction":[{"@type":"ReadAction","target":["https:\/\/www.fotografo-profesional.net\/diario\/2018\/05\/30\/isabel-munoz-la-antropologia-de-los-sentimientos\/"]}]},{"@type":"BreadcrumbList","@id":"https:\/\/www.fotografo-profesional.net\/diario\/2018\/05\/30\/isabel-munoz-la-antropologia-de-los-sentimientos\/#breadcrumb","itemListElement":[{"@type":"ListItem","position":1,"name":"Inicio","item":"https:\/\/www.fotografo-profesional.net\/diario\/"},{"@type":"ListItem","position":2,"name":"Isabel Mu\u00f1oz: La antropolog\u00eda de los sentimientos"}]},{"@type":"WebSite","@id":"https:\/\/www.fotografo-profesional.net\/diario\/#website","url":"https:\/\/www.fotografo-profesional.net\/diario\/","name":"Luis Miguel del Campo","description":"Blog de un fot\u00f3grafo profesional","potentialAction":[{"@type":"SearchAction","target":{"@type":"EntryPoint","urlTemplate":"https:\/\/www.fotografo-profesional.net\/diario\/?s={search_term_string}"},"query-input":"required name=search_term_string"}],"inLanguage":"es"},{"@type":"Person","@id":"https:\/\/www.fotografo-profesional.net\/diario\/#\/schema\/person\/220504871d765b4c30a0af1d2fe93533","name":"Luis Miguel del Campo","image":{"@type":"ImageObject","inLanguage":"es","@id":"https:\/\/www.fotografo-profesional.net\/diario\/#\/schema\/person\/image\/","url":"https:\/\/secure.gravatar.com\/avatar\/84bb1120095136de86f122a882a42d61?s=96&d=mm&r=g","contentUrl":"https:\/\/secure.gravatar.com\/avatar\/84bb1120095136de86f122a882a42d61?s=96&d=mm&r=g","caption":"Luis Miguel del Campo"},"url":"https:\/\/www.fotografo-profesional.net\/diario\/author\/admin_lmdc\/"}]}},"_links":{"self":[{"href":"https:\/\/www.fotografo-profesional.net\/diario\/wp-json\/wp\/v2\/posts\/65"}],"collection":[{"href":"https:\/\/www.fotografo-profesional.net\/diario\/wp-json\/wp\/v2\/posts"}],"about":[{"href":"https:\/\/www.fotografo-profesional.net\/diario\/wp-json\/wp\/v2\/types\/post"}],"author":[{"embeddable":true,"href":"https:\/\/www.fotografo-profesional.net\/diario\/wp-json\/wp\/v2\/users\/2"}],"replies":[{"embeddable":true,"href":"https:\/\/www.fotografo-profesional.net\/diario\/wp-json\/wp\/v2\/comments?post=65"}],"version-history":[{"count":14,"href":"https:\/\/www.fotografo-profesional.net\/diario\/wp-json\/wp\/v2\/posts\/65\/revisions"}],"predecessor-version":[{"id":1666,"href":"https:\/\/www.fotografo-profesional.net\/diario\/wp-json\/wp\/v2\/posts\/65\/revisions\/1666"}],"wp:featuredmedia":[{"embeddable":true,"href":"https:\/\/www.fotografo-profesional.net\/diario\/wp-json\/wp\/v2\/media\/68"}],"wp:attachment":[{"href":"https:\/\/www.fotografo-profesional.net\/diario\/wp-json\/wp\/v2\/media?parent=65"}],"wp:term":[{"taxonomy":"category","embeddable":true,"href":"https:\/\/www.fotografo-profesional.net\/diario\/wp-json\/wp\/v2\/categories?post=65"},{"taxonomy":"post_tag","embeddable":true,"href":"https:\/\/www.fotografo-profesional.net\/diario\/wp-json\/wp\/v2\/tags?post=65"}],"curies":[{"name":"wp","href":"https:\/\/api.w.org\/{rel}","templated":true}]}}