{"id":685,"date":"2019-06-23T21:37:32","date_gmt":"2019-06-23T19:37:32","guid":{"rendered":"https:\/\/www.fotografo-profesional.net\/diario\/?p=685"},"modified":"2020-06-09T17:56:38","modified_gmt":"2020-06-09T15:56:38","slug":"reportero-de-sucesos-en-madrid","status":"publish","type":"post","link":"https:\/\/www.fotografo-profesional.net\/diario\/2019\/06\/23\/reportero-de-sucesos-en-madrid\/","title":{"rendered":"Reportero de sucesos en Madrid"},"content":{"rendered":"<p><img decoding=\"async\" class=\"size-full wp-image-688 aligncenter\" src=\"https:\/\/www.fotografo-profesional.net\/diario\/wp-content\/uploads\/2019\/06\/Fot\u00f3grafo-profesional-en-Madrid-LMC-0012.jpg\" alt=\"fot\u00f3grafo de sucesos\" width=\"600\" height=\"400\" srcset=\"https:\/\/www.fotografo-profesional.net\/diario\/wp-content\/uploads\/2019\/06\/Fot\u00f3grafo-profesional-en-Madrid-LMC-0012.jpg 600w, https:\/\/www.fotografo-profesional.net\/diario\/wp-content\/uploads\/2019\/06\/Fot\u00f3grafo-profesional-en-Madrid-LMC-0012-300x200.jpg 300w\" sizes=\"(max-width: 600px) 100vw, 600px\" \/><\/p>\n<h4>Estampas de Madrid (0077)<\/h4>\n<p>Un reportero de sucesos ha de estar siempre al pie de la noticia, bien porque se haya desplazado a un lugar en el que transcurra alg\u00fan acontecimiento en el que se prevea que puede conseguir buenas fotograf\u00edas, le hayan comunicado que est\u00e1 sucediendo un acontecimiento en tal lugar o, en el mejor de los casos, que tenga la virtud de transitar por el lugar adecuado en el momento preciso. Tener buena estrella, que se dice, y toparse con las noticias.<\/p>\n<p><a href=\"https:\/\/www.fotografo-profesional.net\/portfolio\/fotografia-de-eventos\/\">https:\/\/www.fotografo-profesional.net\/portfolio\/fotografia-de-eventos\/<\/a><\/p>\n<p>Esto \u00faltimo me sucedi\u00f3 el pasado jueves mientras caminaba por el centro de Alcal\u00e1 de Henares porque ten\u00eda que solucionar un asunto completamente alejado de mi profesi\u00f3n cuando me encontr\u00e9 que en la calle Rico Home hab\u00eda una peque\u00f1a cig\u00fce\u00f1a caminando por la acera, ante la sorpresa de los vecinos. Afortunadamente llevaba una c\u00e1mara fotogr\u00e1fica encima, por lo que r\u00e1pidamente me convert\u00ed en un reportero de sucesos y pude tomar unas cuantas fotograf\u00edas de esta curiosa situaci\u00f3n.<br \/>\nEs muy conocida la existencia de una gran colonia de cig\u00fce\u00f1as en la ciudad complutense. De hecho, se fomenta construyendo nidos para ellas en los tejados de los monumentos del centro de la ciudad. Tambi\u00e9n se conoce a esta localidad madrile\u00f1a como \u00abla ciudad de las cig\u00fce\u00f1as\u00bb, por lo que en principio nadie deber\u00eda haberse sorprendido de que una de estas aves se encontrara en una de sus calles. Lo que hac\u00eda singular esta situaci\u00f3n era que no volaba, sino que se desplazaba sobre la acera caminando y con restos de sangre en su cabeza.<\/p>\n<h4>Desenlace<\/h4>\n<p>Enseguida reaccionaron los vecinos y avisaron a la polic\u00eda municipal, present\u00e1ndose un coche patrulla a los pocos minutos. El animal, al verse rodeado de un n\u00famero considerable de personas, algo a lo que no est\u00e1 acostumbrado, inici\u00f3 un torpe vuelo a poca distancia de la calzada, haciendo dif\u00edcil su captura.<\/p>\n<p>Afortunadamente consiguieron atrapar a la peque\u00f1a un poco m\u00e1s adelante y entregarla a SEO\/BirdLife, organismo que se encarga normalmente de atenderlas cuando tienen alg\u00fan percance.<\/p>\n<p>Hoy en d\u00eda la prensa local de muchas ciudades se suele surtir de im\u00e1genes que le facilitan ciudadanos presentes en este tipo de situaciones, que se convierten en un reportero de sucesos por un d\u00eda. Tal fue el caso en esta situaci\u00f3n, pues hubo un vecino que tom\u00f3 una instant\u00e1nea desde su terraza, adelant\u00e1ndose a todo el mundo; incluido yo mismo, pese a haber pasado por all\u00ed poco despu\u00e9s.<\/p>\n","protected":false},"excerpt":{"rendered":"<p>Estampas de Madrid (0077) Un reportero de sucesos ha de estar siempre al pie de la noticia, bien porque se haya desplazado a un lugar en el que transcurra alg\u00fan acontecimiento en el que se prevea que puede conseguir buenas fotograf\u00edas, le hayan comunicado que est\u00e1 sucediendo un acontecimiento en tal lugar o, en el [&hellip;]<\/p>\n","protected":false},"author":2,"featured_media":688,"comment_status":"closed","ping_status":"open","sticky":false,"template":"","format":"standard","meta":[],"categories":[173,189,172,207],"tags":[117,59,119,120,163,145],"yoast_head":"<!-- This site is optimized with the Yoast SEO plugin v20.8 - https:\/\/yoast.com\/wordpress\/plugins\/seo\/ -->\n<title>Reportero de sucesos en Madrid - Luis Miguel del Campo<\/title>\n<meta name=\"description\" content=\"Maneras en las que un reportero de sucesos llega a capturar las fotograf\u00edas que ilustran los peri\u00f3dicos y c\u00f3mo ha evolucionado el oficio\" \/>\n<meta name=\"robots\" content=\"index, follow, max-snippet:-1, max-image-preview:large, max-video-preview:-1\" \/>\n<link rel=\"canonical\" href=\"https:\/\/www.fotografo-profesional.net\/diario\/2019\/06\/23\/reportero-de-sucesos-en-madrid\/\" \/>\n<meta property=\"og:locale\" content=\"es_ES\" \/>\n<meta property=\"og:type\" content=\"article\" \/>\n<meta property=\"og:title\" content=\"Reportero de sucesos en Madrid - Luis Miguel del Campo\" \/>\n<meta property=\"og:description\" content=\"Maneras en las que un reportero de sucesos llega a capturar las fotograf\u00edas que ilustran los peri\u00f3dicos y c\u00f3mo ha evolucionado el oficio\" \/>\n<meta property=\"og:url\" content=\"https:\/\/www.fotografo-profesional.net\/diario\/2019\/06\/23\/reportero-de-sucesos-en-madrid\/\" \/>\n<meta property=\"og:site_name\" content=\"Luis Miguel del Campo\" \/>\n<meta property=\"article:published_time\" content=\"2019-06-23T19:37:32+00:00\" \/>\n<meta property=\"article:modified_time\" content=\"2020-06-09T15:56:38+00:00\" \/>\n<meta property=\"og:image\" content=\"https:\/\/www.fotografo-profesional.net\/diario\/wp-content\/uploads\/2019\/06\/Fot\u00f3grafo-profesional-en-Madrid-LMC-0012.jpg\" \/>\n\t<meta property=\"og:image:width\" content=\"600\" \/>\n\t<meta property=\"og:image:height\" content=\"400\" \/>\n\t<meta property=\"og:image:type\" content=\"image\/jpeg\" \/>\n<meta name=\"author\" content=\"Luis Miguel del Campo\" \/>\n<meta name=\"twitter:card\" content=\"summary_large_image\" \/>\n<meta name=\"twitter:label1\" content=\"Escrito por\" \/>\n\t<meta name=\"twitter:data1\" content=\"Luis Miguel del Campo\" \/>\n\t<meta name=\"twitter:label2\" content=\"Tiempo de lectura\" \/>\n\t<meta name=\"twitter:data2\" content=\"2 minutos\" \/>\n<script type=\"application\/ld+json\" class=\"yoast-schema-graph\">{\"@context\":\"https:\/\/schema.org\",\"@graph\":[{\"@type\":\"WebPage\",\"@id\":\"https:\/\/www.fotografo-profesional.net\/diario\/2019\/06\/23\/reportero-de-sucesos-en-madrid\/\",\"url\":\"https:\/\/www.fotografo-profesional.net\/diario\/2019\/06\/23\/reportero-de-sucesos-en-madrid\/\",\"name\":\"Reportero de sucesos en Madrid - Luis Miguel del Campo\",\"isPartOf\":{\"@id\":\"https:\/\/www.fotografo-profesional.net\/diario\/#website\"},\"datePublished\":\"2019-06-23T19:37:32+00:00\",\"dateModified\":\"2020-06-09T15:56:38+00:00\",\"author\":{\"@id\":\"https:\/\/www.fotografo-profesional.net\/diario\/#\/schema\/person\/220504871d765b4c30a0af1d2fe93533\"},\"description\":\"Maneras en las que un reportero de sucesos llega a capturar las fotograf\u00edas que ilustran los peri\u00f3dicos y c\u00f3mo ha evolucionado el oficio\",\"breadcrumb\":{\"@id\":\"https:\/\/www.fotografo-profesional.net\/diario\/2019\/06\/23\/reportero-de-sucesos-en-madrid\/#breadcrumb\"},\"inLanguage\":\"es\",\"potentialAction\":[{\"@type\":\"ReadAction\",\"target\":[\"https:\/\/www.fotografo-profesional.net\/diario\/2019\/06\/23\/reportero-de-sucesos-en-madrid\/\"]}]},{\"@type\":\"BreadcrumbList\",\"@id\":\"https:\/\/www.fotografo-profesional.net\/diario\/2019\/06\/23\/reportero-de-sucesos-en-madrid\/#breadcrumb\",\"itemListElement\":[{\"@type\":\"ListItem\",\"position\":1,\"name\":\"Inicio\",\"item\":\"https:\/\/www.fotografo-profesional.net\/diario\/\"},{\"@type\":\"ListItem\",\"position\":2,\"name\":\"Reportero de sucesos en Madrid\"}]},{\"@type\":\"WebSite\",\"@id\":\"https:\/\/www.fotografo-profesional.net\/diario\/#website\",\"url\":\"https:\/\/www.fotografo-profesional.net\/diario\/\",\"name\":\"Luis Miguel del Campo\",\"description\":\"Blog de un fot\u00f3grafo profesional\",\"potentialAction\":[{\"@type\":\"SearchAction\",\"target\":{\"@type\":\"EntryPoint\",\"urlTemplate\":\"https:\/\/www.fotografo-profesional.net\/diario\/?s={search_term_string}\"},\"query-input\":\"required name=search_term_string\"}],\"inLanguage\":\"es\"},{\"@type\":\"Person\",\"@id\":\"https:\/\/www.fotografo-profesional.net\/diario\/#\/schema\/person\/220504871d765b4c30a0af1d2fe93533\",\"name\":\"Luis Miguel del Campo\",\"image\":{\"@type\":\"ImageObject\",\"inLanguage\":\"es\",\"@id\":\"https:\/\/www.fotografo-profesional.net\/diario\/#\/schema\/person\/image\/\",\"url\":\"https:\/\/secure.gravatar.com\/avatar\/84bb1120095136de86f122a882a42d61?s=96&d=mm&r=g\",\"contentUrl\":\"https:\/\/secure.gravatar.com\/avatar\/84bb1120095136de86f122a882a42d61?s=96&d=mm&r=g\",\"caption\":\"Luis Miguel del Campo\"},\"url\":\"https:\/\/www.fotografo-profesional.net\/diario\/author\/admin_lmdc\/\"}]}<\/script>\n<!-- \/ Yoast SEO plugin. -->","yoast_head_json":{"title":"Reportero de sucesos en Madrid - Luis Miguel del Campo","description":"Maneras en las que un reportero de sucesos llega a capturar las fotograf\u00edas que ilustran los peri\u00f3dicos y c\u00f3mo ha evolucionado el oficio","robots":{"index":"index","follow":"follow","max-snippet":"max-snippet:-1","max-image-preview":"max-image-preview:large","max-video-preview":"max-video-preview:-1"},"canonical":"https:\/\/www.fotografo-profesional.net\/diario\/2019\/06\/23\/reportero-de-sucesos-en-madrid\/","og_locale":"es_ES","og_type":"article","og_title":"Reportero de sucesos en Madrid - Luis Miguel del Campo","og_description":"Maneras en las que un reportero de sucesos llega a capturar las fotograf\u00edas que ilustran los peri\u00f3dicos y c\u00f3mo ha evolucionado el oficio","og_url":"https:\/\/www.fotografo-profesional.net\/diario\/2019\/06\/23\/reportero-de-sucesos-en-madrid\/","og_site_name":"Luis Miguel del Campo","article_published_time":"2019-06-23T19:37:32+00:00","article_modified_time":"2020-06-09T15:56:38+00:00","og_image":[{"width":600,"height":400,"url":"https:\/\/www.fotografo-profesional.net\/diario\/wp-content\/uploads\/2019\/06\/Fot\u00f3grafo-profesional-en-Madrid-LMC-0012.jpg","type":"image\/jpeg"}],"author":"Luis Miguel del Campo","twitter_card":"summary_large_image","twitter_misc":{"Escrito por":"Luis Miguel del Campo","Tiempo de lectura":"2 minutos"},"schema":{"@context":"https:\/\/schema.org","@graph":[{"@type":"WebPage","@id":"https:\/\/www.fotografo-profesional.net\/diario\/2019\/06\/23\/reportero-de-sucesos-en-madrid\/","url":"https:\/\/www.fotografo-profesional.net\/diario\/2019\/06\/23\/reportero-de-sucesos-en-madrid\/","name":"Reportero de sucesos en Madrid - Luis Miguel del Campo","isPartOf":{"@id":"https:\/\/www.fotografo-profesional.net\/diario\/#website"},"datePublished":"2019-06-23T19:37:32+00:00","dateModified":"2020-06-09T15:56:38+00:00","author":{"@id":"https:\/\/www.fotografo-profesional.net\/diario\/#\/schema\/person\/220504871d765b4c30a0af1d2fe93533"},"description":"Maneras en las que un reportero de sucesos llega a capturar las fotograf\u00edas que ilustran los peri\u00f3dicos y c\u00f3mo ha evolucionado el oficio","breadcrumb":{"@id":"https:\/\/www.fotografo-profesional.net\/diario\/2019\/06\/23\/reportero-de-sucesos-en-madrid\/#breadcrumb"},"inLanguage":"es","potentialAction":[{"@type":"ReadAction","target":["https:\/\/www.fotografo-profesional.net\/diario\/2019\/06\/23\/reportero-de-sucesos-en-madrid\/"]}]},{"@type":"BreadcrumbList","@id":"https:\/\/www.fotografo-profesional.net\/diario\/2019\/06\/23\/reportero-de-sucesos-en-madrid\/#breadcrumb","itemListElement":[{"@type":"ListItem","position":1,"name":"Inicio","item":"https:\/\/www.fotografo-profesional.net\/diario\/"},{"@type":"ListItem","position":2,"name":"Reportero de sucesos en Madrid"}]},{"@type":"WebSite","@id":"https:\/\/www.fotografo-profesional.net\/diario\/#website","url":"https:\/\/www.fotografo-profesional.net\/diario\/","name":"Luis Miguel del Campo","description":"Blog de un fot\u00f3grafo profesional","potentialAction":[{"@type":"SearchAction","target":{"@type":"EntryPoint","urlTemplate":"https:\/\/www.fotografo-profesional.net\/diario\/?s={search_term_string}"},"query-input":"required name=search_term_string"}],"inLanguage":"es"},{"@type":"Person","@id":"https:\/\/www.fotografo-profesional.net\/diario\/#\/schema\/person\/220504871d765b4c30a0af1d2fe93533","name":"Luis Miguel del Campo","image":{"@type":"ImageObject","inLanguage":"es","@id":"https:\/\/www.fotografo-profesional.net\/diario\/#\/schema\/person\/image\/","url":"https:\/\/secure.gravatar.com\/avatar\/84bb1120095136de86f122a882a42d61?s=96&d=mm&r=g","contentUrl":"https:\/\/secure.gravatar.com\/avatar\/84bb1120095136de86f122a882a42d61?s=96&d=mm&r=g","caption":"Luis Miguel del Campo"},"url":"https:\/\/www.fotografo-profesional.net\/diario\/author\/admin_lmdc\/"}]}},"_links":{"self":[{"href":"https:\/\/www.fotografo-profesional.net\/diario\/wp-json\/wp\/v2\/posts\/685"}],"collection":[{"href":"https:\/\/www.fotografo-profesional.net\/diario\/wp-json\/wp\/v2\/posts"}],"about":[{"href":"https:\/\/www.fotografo-profesional.net\/diario\/wp-json\/wp\/v2\/types\/post"}],"author":[{"embeddable":true,"href":"https:\/\/www.fotografo-profesional.net\/diario\/wp-json\/wp\/v2\/users\/2"}],"replies":[{"embeddable":true,"href":"https:\/\/www.fotografo-profesional.net\/diario\/wp-json\/wp\/v2\/comments?post=685"}],"version-history":[{"count":3,"href":"https:\/\/www.fotografo-profesional.net\/diario\/wp-json\/wp\/v2\/posts\/685\/revisions"}],"predecessor-version":[{"id":2024,"href":"https:\/\/www.fotografo-profesional.net\/diario\/wp-json\/wp\/v2\/posts\/685\/revisions\/2024"}],"wp:featuredmedia":[{"embeddable":true,"href":"https:\/\/www.fotografo-profesional.net\/diario\/wp-json\/wp\/v2\/media\/688"}],"wp:attachment":[{"href":"https:\/\/www.fotografo-profesional.net\/diario\/wp-json\/wp\/v2\/media?parent=685"}],"wp:term":[{"taxonomy":"category","embeddable":true,"href":"https:\/\/www.fotografo-profesional.net\/diario\/wp-json\/wp\/v2\/categories?post=685"},{"taxonomy":"post_tag","embeddable":true,"href":"https:\/\/www.fotografo-profesional.net\/diario\/wp-json\/wp\/v2\/tags?post=685"}],"curies":[{"name":"wp","href":"https:\/\/api.w.org\/{rel}","templated":true}]}}