{"id":687,"date":"2019-06-29T14:04:23","date_gmt":"2019-06-29T12:04:23","guid":{"rendered":"https:\/\/www.fotografo-profesional.net\/diario\/?p=687"},"modified":"2020-06-09T17:59:03","modified_gmt":"2020-06-09T15:59:03","slug":"casa-alberto-taberna-en-madrid-desde-1827","status":"publish","type":"post","link":"https:\/\/www.fotografo-profesional.net\/diario\/2019\/06\/29\/casa-alberto-taberna-en-madrid-desde-1827\/","title":{"rendered":"Casa Alberto. Taberna en Madrid desde 1827"},"content":{"rendered":"<p><img decoding=\"async\" class=\"size-full wp-image-692 aligncenter\" src=\"https:\/\/www.fotografo-profesional.net\/diario\/wp-content\/uploads\/2019\/06\/Fot\u00f3grafo-profesional-en-Madrid-LMC-0013.jpg\" alt=\"Casa Alberto vista por fot\u00f3grafo en Madrid Luis Miguel del Campo\" width=\"600\" height=\"400\" srcset=\"https:\/\/www.fotografo-profesional.net\/diario\/wp-content\/uploads\/2019\/06\/Fot\u00f3grafo-profesional-en-Madrid-LMC-0013.jpg 600w, https:\/\/www.fotografo-profesional.net\/diario\/wp-content\/uploads\/2019\/06\/Fot\u00f3grafo-profesional-en-Madrid-LMC-0013-300x200.jpg 300w\" sizes=\"(max-width: 600px) 100vw, 600px\" \/><\/p>\n<h3>Estampas de Madrid (0078)<\/h3>\n<p>De entre los bares m\u00e1s antiguos de Madrid destaca <strong>Casa Alberto, taberna fundada en 1827<\/strong>, que conserva elementos de la original (su barra, su botellero y su man\u00f3metro). Est\u00e1 ubicada en la calle de las Huertas, en el edificio en el que vivi\u00f3 Miguel de Cervantes y escribi\u00f3 \u201cViaje al Parnaso\u201d. Tambi\u00e9n conserva unas taquillas de sus primeros a\u00f1os, donde se pod\u00edan adquirir entradas con descuento para la cl\u00e1 del Teatro Espa\u00f1ol; adem\u00e1s, multitud de espectadores de todos los teatros de los alrededores ha terminado sus noches all\u00ed a lo largo de sus m\u00e1s de ciento cincuenta a\u00f1os de existencia.<\/p>\n<p><a href=\"https:\/\/www.fotografo-profesional.net\/portfolio\/fotografia-publicitaria\/\">https:\/\/www.fotografo-profesional.net\/portfolio\/fotografia-publicitaria\/<\/a><\/p>\n<p>El Alberto al que hace referencia su nombre actual se refiere a Alberto de Dios, quien entr\u00f3 a trabajar en la taberna en 1915, dedic\u00e1ndose a dirigir el local desde 1925.<br \/>\nHoy en d\u00eda intentan mantener el sabor tradicional de su cocina. Desde las tapas estrellas de sus primeros a\u00f1os, como era el bacalao rebozado, hasta el cocido de los jueves que se ofrece en la actualidad todas las semanas.<br \/>\n<strong>La raci\u00f3n recomendada es el revuelto de bacalao con patatas paja<\/strong>. Y la bebida, verm\u00fa Yzaguirre de grifo. Tambi\u00e9n son recomendables las tapas de rabo de toro, alb\u00f3ndigas de ternera, callos, caracoles, manitas de cordero, oreja guisada o pimiento de piquillo relleno de rabo de toro.<br \/>\nSus raciones son generosas y sus precios resultan adecuados a lo que se sirve.<\/p>\n<p>En Casa Alberto el restaurante se encuentra al fondo del local. No es grande, por lo que conviene reservar mesa para asegurarse. Se ofrecen desde platos tradicionales a cocina de vanguardia; con garant\u00eda de quedar satisfecho por la calidad de sus platos y la exquisita atenci\u00f3n que se presta.<\/p>\n<p>Como curiosidad, en la d\u00e9cada de 1940 se celebraba en Casa Alberto la tertulia del torero Antonio Segura Campos. De hecho,<strong> la decoraci\u00f3n que sigue teniendo actualmente es taurina<\/strong>. Hoy en d\u00eda es visitado por turistas -tanto nacionales como extranjeros-, amantes de los toros como gente del espect\u00e1culo en general y familias de todo tipo.<\/p>\n","protected":false},"excerpt":{"rendered":"<p>Estampas de Madrid (0078) De entre los bares m\u00e1s antiguos de Madrid destaca Casa Alberto, taberna fundada en 1827, que conserva elementos de la original (su barra, su botellero y su man\u00f3metro). Est\u00e1 ubicada en la calle de las Huertas, en el edificio en el que vivi\u00f3 Miguel de Cervantes y escribi\u00f3 \u201cViaje al Parnaso\u201d. [&hellip;]<\/p>\n","protected":false},"author":2,"featured_media":692,"comment_status":"closed","ping_status":"open","sticky":false,"template":"","format":"standard","meta":[],"categories":[209,188,189,172,207],"tags":[249,109,110,117,59,119,120,145],"yoast_head":"<!-- This site is optimized with the Yoast SEO plugin v20.8 - https:\/\/yoast.com\/wordpress\/plugins\/seo\/ -->\n<title>Casa Alberto. Taberna en Madrid desde 1827 - Luis Miguel del Campo<\/title>\n<meta name=\"description\" content=\"Estampa de Madrid de uno de sus restaurantes m\u00e1s t\u00edpicos y antiguos: Casa Alberto. as\u00ed como informaci\u00f3n y curiosidades de lo que puedes encontrar.\" \/>\n<meta name=\"robots\" content=\"index, follow, max-snippet:-1, max-image-preview:large, max-video-preview:-1\" \/>\n<link rel=\"canonical\" href=\"https:\/\/www.fotografo-profesional.net\/diario\/2019\/06\/29\/casa-alberto-taberna-en-madrid-desde-1827\/\" \/>\n<meta property=\"og:locale\" content=\"es_ES\" \/>\n<meta property=\"og:type\" content=\"article\" \/>\n<meta property=\"og:title\" content=\"Casa Alberto. Taberna en Madrid desde 1827 - Luis Miguel del Campo\" \/>\n<meta property=\"og:description\" content=\"Estampa de Madrid de uno de sus restaurantes m\u00e1s t\u00edpicos y antiguos: Casa Alberto. as\u00ed como informaci\u00f3n y curiosidades de lo que puedes encontrar.\" \/>\n<meta property=\"og:url\" content=\"https:\/\/www.fotografo-profesional.net\/diario\/2019\/06\/29\/casa-alberto-taberna-en-madrid-desde-1827\/\" \/>\n<meta property=\"og:site_name\" content=\"Luis Miguel del Campo\" \/>\n<meta property=\"article:published_time\" content=\"2019-06-29T12:04:23+00:00\" \/>\n<meta property=\"article:modified_time\" content=\"2020-06-09T15:59:03+00:00\" \/>\n<meta property=\"og:image\" content=\"https:\/\/www.fotografo-profesional.net\/diario\/wp-content\/uploads\/2019\/06\/Fot\u00f3grafo-profesional-en-Madrid-LMC-0013.jpg\" \/>\n\t<meta property=\"og:image:width\" content=\"600\" \/>\n\t<meta property=\"og:image:height\" content=\"400\" \/>\n\t<meta property=\"og:image:type\" content=\"image\/jpeg\" \/>\n<meta name=\"author\" content=\"Luis Miguel del Campo\" \/>\n<meta name=\"twitter:card\" content=\"summary_large_image\" \/>\n<meta name=\"twitter:label1\" content=\"Escrito por\" \/>\n\t<meta name=\"twitter:data1\" content=\"Luis Miguel del Campo\" \/>\n\t<meta name=\"twitter:label2\" content=\"Tiempo de lectura\" \/>\n\t<meta name=\"twitter:data2\" content=\"2 minutos\" \/>\n<script type=\"application\/ld+json\" class=\"yoast-schema-graph\">{\"@context\":\"https:\/\/schema.org\",\"@graph\":[{\"@type\":\"WebPage\",\"@id\":\"https:\/\/www.fotografo-profesional.net\/diario\/2019\/06\/29\/casa-alberto-taberna-en-madrid-desde-1827\/\",\"url\":\"https:\/\/www.fotografo-profesional.net\/diario\/2019\/06\/29\/casa-alberto-taberna-en-madrid-desde-1827\/\",\"name\":\"Casa Alberto. Taberna en Madrid desde 1827 - Luis Miguel del Campo\",\"isPartOf\":{\"@id\":\"https:\/\/www.fotografo-profesional.net\/diario\/#website\"},\"datePublished\":\"2019-06-29T12:04:23+00:00\",\"dateModified\":\"2020-06-09T15:59:03+00:00\",\"author\":{\"@id\":\"https:\/\/www.fotografo-profesional.net\/diario\/#\/schema\/person\/220504871d765b4c30a0af1d2fe93533\"},\"description\":\"Estampa de Madrid de uno de sus restaurantes m\u00e1s t\u00edpicos y antiguos: Casa Alberto. as\u00ed como informaci\u00f3n y curiosidades de lo que puedes encontrar.\",\"breadcrumb\":{\"@id\":\"https:\/\/www.fotografo-profesional.net\/diario\/2019\/06\/29\/casa-alberto-taberna-en-madrid-desde-1827\/#breadcrumb\"},\"inLanguage\":\"es\",\"potentialAction\":[{\"@type\":\"ReadAction\",\"target\":[\"https:\/\/www.fotografo-profesional.net\/diario\/2019\/06\/29\/casa-alberto-taberna-en-madrid-desde-1827\/\"]}]},{\"@type\":\"BreadcrumbList\",\"@id\":\"https:\/\/www.fotografo-profesional.net\/diario\/2019\/06\/29\/casa-alberto-taberna-en-madrid-desde-1827\/#breadcrumb\",\"itemListElement\":[{\"@type\":\"ListItem\",\"position\":1,\"name\":\"Inicio\",\"item\":\"https:\/\/www.fotografo-profesional.net\/diario\/\"},{\"@type\":\"ListItem\",\"position\":2,\"name\":\"Casa Alberto. Taberna en Madrid desde 1827\"}]},{\"@type\":\"WebSite\",\"@id\":\"https:\/\/www.fotografo-profesional.net\/diario\/#website\",\"url\":\"https:\/\/www.fotografo-profesional.net\/diario\/\",\"name\":\"Luis Miguel del Campo\",\"description\":\"Blog de un fot\u00f3grafo profesional\",\"potentialAction\":[{\"@type\":\"SearchAction\",\"target\":{\"@type\":\"EntryPoint\",\"urlTemplate\":\"https:\/\/www.fotografo-profesional.net\/diario\/?s={search_term_string}\"},\"query-input\":\"required name=search_term_string\"}],\"inLanguage\":\"es\"},{\"@type\":\"Person\",\"@id\":\"https:\/\/www.fotografo-profesional.net\/diario\/#\/schema\/person\/220504871d765b4c30a0af1d2fe93533\",\"name\":\"Luis Miguel del Campo\",\"image\":{\"@type\":\"ImageObject\",\"inLanguage\":\"es\",\"@id\":\"https:\/\/www.fotografo-profesional.net\/diario\/#\/schema\/person\/image\/\",\"url\":\"https:\/\/secure.gravatar.com\/avatar\/84bb1120095136de86f122a882a42d61?s=96&d=mm&r=g\",\"contentUrl\":\"https:\/\/secure.gravatar.com\/avatar\/84bb1120095136de86f122a882a42d61?s=96&d=mm&r=g\",\"caption\":\"Luis Miguel del Campo\"},\"url\":\"https:\/\/www.fotografo-profesional.net\/diario\/author\/admin_lmdc\/\"}]}<\/script>\n<!-- \/ Yoast SEO plugin. -->","yoast_head_json":{"title":"Casa Alberto. Taberna en Madrid desde 1827 - Luis Miguel del Campo","description":"Estampa de Madrid de uno de sus restaurantes m\u00e1s t\u00edpicos y antiguos: Casa Alberto. as\u00ed como informaci\u00f3n y curiosidades de lo que puedes encontrar.","robots":{"index":"index","follow":"follow","max-snippet":"max-snippet:-1","max-image-preview":"max-image-preview:large","max-video-preview":"max-video-preview:-1"},"canonical":"https:\/\/www.fotografo-profesional.net\/diario\/2019\/06\/29\/casa-alberto-taberna-en-madrid-desde-1827\/","og_locale":"es_ES","og_type":"article","og_title":"Casa Alberto. Taberna en Madrid desde 1827 - Luis Miguel del Campo","og_description":"Estampa de Madrid de uno de sus restaurantes m\u00e1s t\u00edpicos y antiguos: Casa Alberto. as\u00ed como informaci\u00f3n y curiosidades de lo que puedes encontrar.","og_url":"https:\/\/www.fotografo-profesional.net\/diario\/2019\/06\/29\/casa-alberto-taberna-en-madrid-desde-1827\/","og_site_name":"Luis Miguel del Campo","article_published_time":"2019-06-29T12:04:23+00:00","article_modified_time":"2020-06-09T15:59:03+00:00","og_image":[{"width":600,"height":400,"url":"https:\/\/www.fotografo-profesional.net\/diario\/wp-content\/uploads\/2019\/06\/Fot\u00f3grafo-profesional-en-Madrid-LMC-0013.jpg","type":"image\/jpeg"}],"author":"Luis Miguel del Campo","twitter_card":"summary_large_image","twitter_misc":{"Escrito por":"Luis Miguel del Campo","Tiempo de lectura":"2 minutos"},"schema":{"@context":"https:\/\/schema.org","@graph":[{"@type":"WebPage","@id":"https:\/\/www.fotografo-profesional.net\/diario\/2019\/06\/29\/casa-alberto-taberna-en-madrid-desde-1827\/","url":"https:\/\/www.fotografo-profesional.net\/diario\/2019\/06\/29\/casa-alberto-taberna-en-madrid-desde-1827\/","name":"Casa Alberto. Taberna en Madrid desde 1827 - Luis Miguel del Campo","isPartOf":{"@id":"https:\/\/www.fotografo-profesional.net\/diario\/#website"},"datePublished":"2019-06-29T12:04:23+00:00","dateModified":"2020-06-09T15:59:03+00:00","author":{"@id":"https:\/\/www.fotografo-profesional.net\/diario\/#\/schema\/person\/220504871d765b4c30a0af1d2fe93533"},"description":"Estampa de Madrid de uno de sus restaurantes m\u00e1s t\u00edpicos y antiguos: Casa Alberto. as\u00ed como informaci\u00f3n y curiosidades de lo que puedes encontrar.","breadcrumb":{"@id":"https:\/\/www.fotografo-profesional.net\/diario\/2019\/06\/29\/casa-alberto-taberna-en-madrid-desde-1827\/#breadcrumb"},"inLanguage":"es","potentialAction":[{"@type":"ReadAction","target":["https:\/\/www.fotografo-profesional.net\/diario\/2019\/06\/29\/casa-alberto-taberna-en-madrid-desde-1827\/"]}]},{"@type":"BreadcrumbList","@id":"https:\/\/www.fotografo-profesional.net\/diario\/2019\/06\/29\/casa-alberto-taberna-en-madrid-desde-1827\/#breadcrumb","itemListElement":[{"@type":"ListItem","position":1,"name":"Inicio","item":"https:\/\/www.fotografo-profesional.net\/diario\/"},{"@type":"ListItem","position":2,"name":"Casa Alberto. Taberna en Madrid desde 1827"}]},{"@type":"WebSite","@id":"https:\/\/www.fotografo-profesional.net\/diario\/#website","url":"https:\/\/www.fotografo-profesional.net\/diario\/","name":"Luis Miguel del Campo","description":"Blog de un fot\u00f3grafo profesional","potentialAction":[{"@type":"SearchAction","target":{"@type":"EntryPoint","urlTemplate":"https:\/\/www.fotografo-profesional.net\/diario\/?s={search_term_string}"},"query-input":"required name=search_term_string"}],"inLanguage":"es"},{"@type":"Person","@id":"https:\/\/www.fotografo-profesional.net\/diario\/#\/schema\/person\/220504871d765b4c30a0af1d2fe93533","name":"Luis Miguel del Campo","image":{"@type":"ImageObject","inLanguage":"es","@id":"https:\/\/www.fotografo-profesional.net\/diario\/#\/schema\/person\/image\/","url":"https:\/\/secure.gravatar.com\/avatar\/84bb1120095136de86f122a882a42d61?s=96&d=mm&r=g","contentUrl":"https:\/\/secure.gravatar.com\/avatar\/84bb1120095136de86f122a882a42d61?s=96&d=mm&r=g","caption":"Luis Miguel del Campo"},"url":"https:\/\/www.fotografo-profesional.net\/diario\/author\/admin_lmdc\/"}]}},"_links":{"self":[{"href":"https:\/\/www.fotografo-profesional.net\/diario\/wp-json\/wp\/v2\/posts\/687"}],"collection":[{"href":"https:\/\/www.fotografo-profesional.net\/diario\/wp-json\/wp\/v2\/posts"}],"about":[{"href":"https:\/\/www.fotografo-profesional.net\/diario\/wp-json\/wp\/v2\/types\/post"}],"author":[{"embeddable":true,"href":"https:\/\/www.fotografo-profesional.net\/diario\/wp-json\/wp\/v2\/users\/2"}],"replies":[{"embeddable":true,"href":"https:\/\/www.fotografo-profesional.net\/diario\/wp-json\/wp\/v2\/comments?post=687"}],"version-history":[{"count":4,"href":"https:\/\/www.fotografo-profesional.net\/diario\/wp-json\/wp\/v2\/posts\/687\/revisions"}],"predecessor-version":[{"id":2025,"href":"https:\/\/www.fotografo-profesional.net\/diario\/wp-json\/wp\/v2\/posts\/687\/revisions\/2025"}],"wp:featuredmedia":[{"embeddable":true,"href":"https:\/\/www.fotografo-profesional.net\/diario\/wp-json\/wp\/v2\/media\/692"}],"wp:attachment":[{"href":"https:\/\/www.fotografo-profesional.net\/diario\/wp-json\/wp\/v2\/media?parent=687"}],"wp:term":[{"taxonomy":"category","embeddable":true,"href":"https:\/\/www.fotografo-profesional.net\/diario\/wp-json\/wp\/v2\/categories?post=687"},{"taxonomy":"post_tag","embeddable":true,"href":"https:\/\/www.fotografo-profesional.net\/diario\/wp-json\/wp\/v2\/tags?post=687"}],"curies":[{"name":"wp","href":"https:\/\/api.w.org\/{rel}","templated":true}]}}