{"id":703,"date":"2019-07-22T20:48:10","date_gmt":"2019-07-22T18:48:10","guid":{"rendered":"https:\/\/www.fotografo-profesional.net\/diario\/?p=703"},"modified":"2020-06-09T18:00:38","modified_gmt":"2020-06-09T16:00:38","slug":"fotografia-de-arquitectura-de-madrid","status":"publish","type":"post","link":"https:\/\/www.fotografo-profesional.net\/diario\/2019\/07\/22\/fotografia-de-arquitectura-de-madrid\/","title":{"rendered":"Fotograf\u00eda de arquitectura de Madrid"},"content":{"rendered":"<p><img decoding=\"async\" class=\"size-full wp-image-710 aligncenter\" src=\"https:\/\/www.fotografo-profesional.net\/diario\/wp-content\/uploads\/2019\/07\/Fot\u00f3grafo-profesional-en-Madrid-0017.jpg\" alt=\"Fotograf\u00eda de arquitectura\" width=\"600\" height=\"400\" srcset=\"https:\/\/www.fotografo-profesional.net\/diario\/wp-content\/uploads\/2019\/07\/Fot\u00f3grafo-profesional-en-Madrid-0017.jpg 600w, https:\/\/www.fotografo-profesional.net\/diario\/wp-content\/uploads\/2019\/07\/Fot\u00f3grafo-profesional-en-Madrid-0017-300x200.jpg 300w\" sizes=\"(max-width: 600px) 100vw, 600px\" \/><\/p>\n<p>La <strong>fotograf\u00eda de arquitectura<\/strong> es una disciplina en la que hay que tener en cuenta ciertos conocimientos, como los aplicados para la toma de la fotograf\u00eda que encabeza este art\u00edculo.<\/p>\n<h2>Estampas de Madrid (0079)<\/h2>\n<p>Corresponde al Real Conservatorio Superior de M\u00fasica de Madrid, que est\u00e1 enclavado en la plaza de Juan Goytisolo. La denominaci\u00f3n de esta plaza es muy reciente, ya que anteriormente se le daba el nombre de una de las calles que la rodean (Doctor Drumen) o popularmente era conocida como la plaza del museo Reina Sof\u00eda. As\u00ed tambi\u00e9n, la direcci\u00f3n del Conservatorio figura en algunos lugares como en Doctor Mata n\u00ba 2 o en la calle de Santa Isabel n\u00ba 53, por donde tiene puertas de acceso.<\/p>\n<p>El caso es que para tomar esta fotograf\u00eda de arquitectura me situ\u00e9 en un punto de la plaza de forma que los tejados de los edificios adyacentes convergieran hacia la fachada del Conservatorio.<strong> La hora de toma de la fotograf\u00eda no estaba demasiado pr\u00f3xima al centro del d\u00eda<\/strong>, por lo que la iluminaci\u00f3n no resulta plana; adem\u00e1s, esto favoreci\u00f3 que no hubiera demasiados transe\u00fantes por la plaza, dejando despejado el campo visual para que se centrara en el edificio.<\/p>\n<p>La persona que hay sentada en el banco, por su actitud, postura y posici\u00f3n en el encuadre, adem\u00e1s de por estar en sombra, tambi\u00e9n ayuda a que centremos nuestra atenci\u00f3n en el edificio sin distraernos en ella. Adem\u00e1s, las l\u00edneas horizontales de fuga tambi\u00e9n convergen hacia el edificio. Y <strong>el punto de vista bajo dota de grandiosidad al edificio<\/strong>.<br \/>\nCon estos cuatro conceptos b\u00e1sicos se logra una fotograf\u00eda de arquitectura digna que contiene la totalidad del edificio. Este edificio es otra de las caracter\u00edsticas <a href=\"https:\/\/www.fotografo-profesional.net\/diario\/2019\/06\/29\/estampas-de-madrid-0063\/\">estampas de Madrid<\/a>.<\/p>\n<p>Como curiosidad, decir que el Real Conservatorio Superior de M\u00fasica de Madrid fue fundado el 15 de julio de 1830, por lo que es considerada la instituci\u00f3n m\u00e1s antigua de Espa\u00f1a de ense\u00f1anza musical. La primera ubicaci\u00f3n de este Conservatorio madrile\u00f1o estuvo en la Plaza de los Mostenses. La inauguraci\u00f3n del edificio actual como Real Conservatorio Superior de M\u00fasica de Madrid tuvo lugar el 12 de diciembre de 1990. Cuenta con cuarenta aulas, veintisiete cabinas y dos auditorios. Anteriormente era el Hospital Cl\u00ednico de San Carlos.<\/p>\n","protected":false},"excerpt":{"rendered":"<p>La fotograf\u00eda de arquitectura es una disciplina en la que hay que tener en cuenta ciertos conocimientos, como los aplicados para la toma de la fotograf\u00eda que encabeza este art\u00edculo. Estampas de Madrid (0079) Corresponde al Real Conservatorio Superior de M\u00fasica de Madrid, que est\u00e1 enclavado en la plaza de Juan Goytisolo. La denominaci\u00f3n de [&hellip;]<\/p>\n","protected":false},"author":2,"featured_media":710,"comment_status":"closed","ping_status":"open","sticky":false,"template":"","format":"standard","meta":[],"categories":[209,256,45,189,172,207],"tags":[261,109,110,117,59,119,120,260,145],"yoast_head":"<!-- This site is optimized with the Yoast SEO plugin v20.8 - https:\/\/yoast.com\/wordpress\/plugins\/seo\/ -->\n<title>Fotograf\u00eda de arquitectura de Madrid - Luis Miguel del Campo<\/title>\n<meta name=\"description\" content=\"Hay unos cuantos conceptos b\u00e1sicos en la fotograf\u00eda de arquitectura que siempre conviene tener en cuenta para favorecer el recorrido visual en ella.\" \/>\n<meta name=\"robots\" content=\"index, follow, max-snippet:-1, max-image-preview:large, max-video-preview:-1\" \/>\n<link rel=\"canonical\" href=\"https:\/\/www.fotografo-profesional.net\/diario\/2019\/07\/22\/fotografia-de-arquitectura-de-madrid\/\" \/>\n<meta property=\"og:locale\" content=\"es_ES\" \/>\n<meta property=\"og:type\" content=\"article\" \/>\n<meta property=\"og:title\" content=\"Fotograf\u00eda de arquitectura de Madrid - Luis Miguel del Campo\" \/>\n<meta property=\"og:description\" content=\"Hay unos cuantos conceptos b\u00e1sicos en la fotograf\u00eda de arquitectura que siempre conviene tener en cuenta para favorecer el recorrido visual en ella.\" \/>\n<meta property=\"og:url\" content=\"https:\/\/www.fotografo-profesional.net\/diario\/2019\/07\/22\/fotografia-de-arquitectura-de-madrid\/\" \/>\n<meta property=\"og:site_name\" content=\"Luis Miguel del Campo\" \/>\n<meta property=\"article:published_time\" content=\"2019-07-22T18:48:10+00:00\" \/>\n<meta property=\"article:modified_time\" content=\"2020-06-09T16:00:38+00:00\" \/>\n<meta property=\"og:image\" content=\"https:\/\/www.fotografo-profesional.net\/diario\/wp-content\/uploads\/2019\/07\/Fot\u00f3grafo-profesional-en-Madrid-0017.jpg\" \/>\n\t<meta property=\"og:image:width\" content=\"600\" \/>\n\t<meta property=\"og:image:height\" content=\"400\" \/>\n\t<meta property=\"og:image:type\" content=\"image\/jpeg\" \/>\n<meta name=\"author\" content=\"Luis Miguel del Campo\" \/>\n<meta name=\"twitter:card\" content=\"summary_large_image\" \/>\n<meta name=\"twitter:label1\" content=\"Escrito por\" \/>\n\t<meta name=\"twitter:data1\" content=\"Luis Miguel del Campo\" \/>\n\t<meta name=\"twitter:label2\" content=\"Tiempo de lectura\" \/>\n\t<meta name=\"twitter:data2\" content=\"2 minutos\" \/>\n<script type=\"application\/ld+json\" class=\"yoast-schema-graph\">{\"@context\":\"https:\/\/schema.org\",\"@graph\":[{\"@type\":\"WebPage\",\"@id\":\"https:\/\/www.fotografo-profesional.net\/diario\/2019\/07\/22\/fotografia-de-arquitectura-de-madrid\/\",\"url\":\"https:\/\/www.fotografo-profesional.net\/diario\/2019\/07\/22\/fotografia-de-arquitectura-de-madrid\/\",\"name\":\"Fotograf\u00eda de arquitectura de Madrid - Luis Miguel del Campo\",\"isPartOf\":{\"@id\":\"https:\/\/www.fotografo-profesional.net\/diario\/#website\"},\"datePublished\":\"2019-07-22T18:48:10+00:00\",\"dateModified\":\"2020-06-09T16:00:38+00:00\",\"author\":{\"@id\":\"https:\/\/www.fotografo-profesional.net\/diario\/#\/schema\/person\/220504871d765b4c30a0af1d2fe93533\"},\"description\":\"Hay unos cuantos conceptos b\u00e1sicos en la fotograf\u00eda de arquitectura que siempre conviene tener en cuenta para favorecer el recorrido visual en ella.\",\"breadcrumb\":{\"@id\":\"https:\/\/www.fotografo-profesional.net\/diario\/2019\/07\/22\/fotografia-de-arquitectura-de-madrid\/#breadcrumb\"},\"inLanguage\":\"es\",\"potentialAction\":[{\"@type\":\"ReadAction\",\"target\":[\"https:\/\/www.fotografo-profesional.net\/diario\/2019\/07\/22\/fotografia-de-arquitectura-de-madrid\/\"]}]},{\"@type\":\"BreadcrumbList\",\"@id\":\"https:\/\/www.fotografo-profesional.net\/diario\/2019\/07\/22\/fotografia-de-arquitectura-de-madrid\/#breadcrumb\",\"itemListElement\":[{\"@type\":\"ListItem\",\"position\":1,\"name\":\"Inicio\",\"item\":\"https:\/\/www.fotografo-profesional.net\/diario\/\"},{\"@type\":\"ListItem\",\"position\":2,\"name\":\"Fotograf\u00eda de arquitectura de Madrid\"}]},{\"@type\":\"WebSite\",\"@id\":\"https:\/\/www.fotografo-profesional.net\/diario\/#website\",\"url\":\"https:\/\/www.fotografo-profesional.net\/diario\/\",\"name\":\"Luis Miguel del Campo\",\"description\":\"Blog de un fot\u00f3grafo profesional\",\"potentialAction\":[{\"@type\":\"SearchAction\",\"target\":{\"@type\":\"EntryPoint\",\"urlTemplate\":\"https:\/\/www.fotografo-profesional.net\/diario\/?s={search_term_string}\"},\"query-input\":\"required name=search_term_string\"}],\"inLanguage\":\"es\"},{\"@type\":\"Person\",\"@id\":\"https:\/\/www.fotografo-profesional.net\/diario\/#\/schema\/person\/220504871d765b4c30a0af1d2fe93533\",\"name\":\"Luis Miguel del Campo\",\"image\":{\"@type\":\"ImageObject\",\"inLanguage\":\"es\",\"@id\":\"https:\/\/www.fotografo-profesional.net\/diario\/#\/schema\/person\/image\/\",\"url\":\"https:\/\/secure.gravatar.com\/avatar\/84bb1120095136de86f122a882a42d61?s=96&d=mm&r=g\",\"contentUrl\":\"https:\/\/secure.gravatar.com\/avatar\/84bb1120095136de86f122a882a42d61?s=96&d=mm&r=g\",\"caption\":\"Luis Miguel del Campo\"},\"url\":\"https:\/\/www.fotografo-profesional.net\/diario\/author\/admin_lmdc\/\"}]}<\/script>\n<!-- \/ Yoast SEO plugin. -->","yoast_head_json":{"title":"Fotograf\u00eda de arquitectura de Madrid - Luis Miguel del Campo","description":"Hay unos cuantos conceptos b\u00e1sicos en la fotograf\u00eda de arquitectura que siempre conviene tener en cuenta para favorecer el recorrido visual en ella.","robots":{"index":"index","follow":"follow","max-snippet":"max-snippet:-1","max-image-preview":"max-image-preview:large","max-video-preview":"max-video-preview:-1"},"canonical":"https:\/\/www.fotografo-profesional.net\/diario\/2019\/07\/22\/fotografia-de-arquitectura-de-madrid\/","og_locale":"es_ES","og_type":"article","og_title":"Fotograf\u00eda de arquitectura de Madrid - Luis Miguel del Campo","og_description":"Hay unos cuantos conceptos b\u00e1sicos en la fotograf\u00eda de arquitectura que siempre conviene tener en cuenta para favorecer el recorrido visual en ella.","og_url":"https:\/\/www.fotografo-profesional.net\/diario\/2019\/07\/22\/fotografia-de-arquitectura-de-madrid\/","og_site_name":"Luis Miguel del Campo","article_published_time":"2019-07-22T18:48:10+00:00","article_modified_time":"2020-06-09T16:00:38+00:00","og_image":[{"width":600,"height":400,"url":"https:\/\/www.fotografo-profesional.net\/diario\/wp-content\/uploads\/2019\/07\/Fot\u00f3grafo-profesional-en-Madrid-0017.jpg","type":"image\/jpeg"}],"author":"Luis Miguel del Campo","twitter_card":"summary_large_image","twitter_misc":{"Escrito por":"Luis Miguel del Campo","Tiempo de lectura":"2 minutos"},"schema":{"@context":"https:\/\/schema.org","@graph":[{"@type":"WebPage","@id":"https:\/\/www.fotografo-profesional.net\/diario\/2019\/07\/22\/fotografia-de-arquitectura-de-madrid\/","url":"https:\/\/www.fotografo-profesional.net\/diario\/2019\/07\/22\/fotografia-de-arquitectura-de-madrid\/","name":"Fotograf\u00eda de arquitectura de Madrid - Luis Miguel del Campo","isPartOf":{"@id":"https:\/\/www.fotografo-profesional.net\/diario\/#website"},"datePublished":"2019-07-22T18:48:10+00:00","dateModified":"2020-06-09T16:00:38+00:00","author":{"@id":"https:\/\/www.fotografo-profesional.net\/diario\/#\/schema\/person\/220504871d765b4c30a0af1d2fe93533"},"description":"Hay unos cuantos conceptos b\u00e1sicos en la fotograf\u00eda de arquitectura que siempre conviene tener en cuenta para favorecer el recorrido visual en ella.","breadcrumb":{"@id":"https:\/\/www.fotografo-profesional.net\/diario\/2019\/07\/22\/fotografia-de-arquitectura-de-madrid\/#breadcrumb"},"inLanguage":"es","potentialAction":[{"@type":"ReadAction","target":["https:\/\/www.fotografo-profesional.net\/diario\/2019\/07\/22\/fotografia-de-arquitectura-de-madrid\/"]}]},{"@type":"BreadcrumbList","@id":"https:\/\/www.fotografo-profesional.net\/diario\/2019\/07\/22\/fotografia-de-arquitectura-de-madrid\/#breadcrumb","itemListElement":[{"@type":"ListItem","position":1,"name":"Inicio","item":"https:\/\/www.fotografo-profesional.net\/diario\/"},{"@type":"ListItem","position":2,"name":"Fotograf\u00eda de arquitectura de Madrid"}]},{"@type":"WebSite","@id":"https:\/\/www.fotografo-profesional.net\/diario\/#website","url":"https:\/\/www.fotografo-profesional.net\/diario\/","name":"Luis Miguel del Campo","description":"Blog de un fot\u00f3grafo profesional","potentialAction":[{"@type":"SearchAction","target":{"@type":"EntryPoint","urlTemplate":"https:\/\/www.fotografo-profesional.net\/diario\/?s={search_term_string}"},"query-input":"required name=search_term_string"}],"inLanguage":"es"},{"@type":"Person","@id":"https:\/\/www.fotografo-profesional.net\/diario\/#\/schema\/person\/220504871d765b4c30a0af1d2fe93533","name":"Luis Miguel del Campo","image":{"@type":"ImageObject","inLanguage":"es","@id":"https:\/\/www.fotografo-profesional.net\/diario\/#\/schema\/person\/image\/","url":"https:\/\/secure.gravatar.com\/avatar\/84bb1120095136de86f122a882a42d61?s=96&d=mm&r=g","contentUrl":"https:\/\/secure.gravatar.com\/avatar\/84bb1120095136de86f122a882a42d61?s=96&d=mm&r=g","caption":"Luis Miguel del Campo"},"url":"https:\/\/www.fotografo-profesional.net\/diario\/author\/admin_lmdc\/"}]}},"_links":{"self":[{"href":"https:\/\/www.fotografo-profesional.net\/diario\/wp-json\/wp\/v2\/posts\/703"}],"collection":[{"href":"https:\/\/www.fotografo-profesional.net\/diario\/wp-json\/wp\/v2\/posts"}],"about":[{"href":"https:\/\/www.fotografo-profesional.net\/diario\/wp-json\/wp\/v2\/types\/post"}],"author":[{"embeddable":true,"href":"https:\/\/www.fotografo-profesional.net\/diario\/wp-json\/wp\/v2\/users\/2"}],"replies":[{"embeddable":true,"href":"https:\/\/www.fotografo-profesional.net\/diario\/wp-json\/wp\/v2\/comments?post=703"}],"version-history":[{"count":6,"href":"https:\/\/www.fotografo-profesional.net\/diario\/wp-json\/wp\/v2\/posts\/703\/revisions"}],"predecessor-version":[{"id":2026,"href":"https:\/\/www.fotografo-profesional.net\/diario\/wp-json\/wp\/v2\/posts\/703\/revisions\/2026"}],"wp:featuredmedia":[{"embeddable":true,"href":"https:\/\/www.fotografo-profesional.net\/diario\/wp-json\/wp\/v2\/media\/710"}],"wp:attachment":[{"href":"https:\/\/www.fotografo-profesional.net\/diario\/wp-json\/wp\/v2\/media?parent=703"}],"wp:term":[{"taxonomy":"category","embeddable":true,"href":"https:\/\/www.fotografo-profesional.net\/diario\/wp-json\/wp\/v2\/categories?post=703"},{"taxonomy":"post_tag","embeddable":true,"href":"https:\/\/www.fotografo-profesional.net\/diario\/wp-json\/wp\/v2\/tags?post=703"}],"curies":[{"name":"wp","href":"https:\/\/api.w.org\/{rel}","templated":true}]}}