{"id":713,"date":"2019-08-05T21:29:22","date_gmt":"2019-08-05T19:29:22","guid":{"rendered":"https:\/\/www.fotografo-profesional.net\/diario\/?p=713"},"modified":"2020-06-09T18:12:40","modified_gmt":"2020-06-09T16:12:40","slug":"reportajes-de-conciertos-de-musica-clasica","status":"publish","type":"post","link":"https:\/\/www.fotografo-profesional.net\/diario\/2019\/08\/05\/reportajes-de-conciertos-de-musica-clasica\/","title":{"rendered":"Reportajes de conciertos de m\u00fasica cl\u00e1sica"},"content":{"rendered":"<p><img decoding=\"async\" class=\"size-full wp-image-728 aligncenter\" src=\"https:\/\/www.fotografo-profesional.net\/diario\/wp-content\/uploads\/2019\/08\/Fot\u00f3grafo-profesional-en-Madrid-LMC-0018.jpg\" alt=\"Reportajes de conciertos de m\u00fasica cl\u00e1sica\" width=\"600\" height=\"400\" srcset=\"https:\/\/www.fotografo-profesional.net\/diario\/wp-content\/uploads\/2019\/08\/Fot\u00f3grafo-profesional-en-Madrid-LMC-0018.jpg 600w, https:\/\/www.fotografo-profesional.net\/diario\/wp-content\/uploads\/2019\/08\/Fot\u00f3grafo-profesional-en-Madrid-LMC-0018-300x200.jpg 300w\" sizes=\"(max-width: 600px) 100vw, 600px\" \/><\/p>\n<p>Cuando digo que hago reportajes de conciertos, la mayor\u00eda de la gente se imagina que me refiero a <a href=\"https:\/\/www.fotografo-profesional.net\/diario\/2019\/08\/26\/fotografo-de-rock-en-madrid\/\"><span style=\"color: #0000ff;\"><em>reportajes de conciertos de rock<\/em><\/span><\/a>. Y en gran parte de los casos es as\u00ed. Sin embargo, tambi\u00e9n realizo reportajes de conciertos de m\u00fasica cl\u00e1sica cuando se presenta la ocasi\u00f3n. En el caso que voy a contar a continuaci\u00f3n, al que corresponde la fotograf\u00eda que encabeza este art\u00edculo se trat\u00f3 nada menos que de un concierto solidario que tuvo lugar el 7 de marzo de 2014 Sala de C\u00e1mara del <strong>Auditorio Nacional de M\u00fasica de Madrid<\/strong>.<\/p>\n<p>Dicho concierto fue organizado por el Rotary Club Madrid-Serrano con el fin de recaudar fondos para continuar subvencionando los proyectos de car\u00e1cter educativo, sanitario y humanitario que esta organizaci\u00f3n desarrolla.<\/p>\n<p>En este evento solidario la <strong>Orquesta de C\u00e1mara del Real Conservatorio Superior de M\u00fasica \u201cVictoria Eugenia\u201d de Granada<\/strong>, dirigida por <strong>Juan Paulo G\u00f3mez<\/strong>, interpretar\u00eda el concierto para piano y orquesta n\u00ba 5 Op. 73 \u201cEmperador\u201d de Ludwig van Beethoven, en que el solista fue <strong>Juan Carlos Garvayo<\/strong>, y el concierto para viol\u00edn y orquesta Op. 64 de F\u00e9lix Mendelssohn, que cont\u00f3 con la intervenci\u00f3n como solista de <strong>Ara Malikian<\/strong>.<br \/>El Auditorio Nacional de M\u00fasica de Madrid es un lugar donde suelen predominar los conciertos de m\u00fasica cl\u00e1sica. La Sala Sinf\u00f3nica tiene un capacidad de 2.324 localidades, mientras que la Sala de C\u00e1mara dispone de seiscientas noventa y dos localidades. Si bien esta segunda sala es m\u00e1s peque\u00f1a, conviene hacer notar que el escenario tiene la nada despreciable superficie de cien metros cuadrados.<\/p>\n<h4>Normas e inconvenientes<\/h4>\n<p>En cualquiera de sus salas las normas son muy estrictas y cuidan mucho que no se moleste al p\u00fablico ni a los m\u00fasicos mientras estos est\u00e1n interpretando las obras musicales. Por ello el realizar <strong>reportajes de conciertos de m\u00fasica cl\u00e1sica<\/strong> en estas salas es harto complicado y requiere de tacto, educaci\u00f3n y respeto de las normas.<\/p>\n<p>Por ello, la mayor parte del reportaje lo tuve que hacer duante el ensayo, con el inconveniente de que, mientras se desarrolla \u00e9ste, los m\u00fasicos todav\u00eda visten de manera informal, reservando la etiqueta \u00fanicamente para el momento del concierto.<br \/>Por lo dem\u00e1s, hacer reportajes de conciertos de m\u00fasica cl\u00e1sica es similar a hacerlos <a href=\"https:\/\/www.fotografo-profesional.net\/diario\/2019\/10\/05\/fotografia-de-conciertos-de-rock\/\"><span style=\"color: #0000ff;\"><em>de conciertos de rock<\/em><\/span><\/a>, de <a href=\"https:\/\/www.fotografo-profesional.net\/diario\/2018\/07\/02\/reportajes-de-espectaculos-publicos\/\"><em><span style=\"color: #0000ff;\">reportajes de obras de teatro<\/span><\/em><\/a> o <span style=\"color: #0000ff;\"><a style=\"color: #0000ff;\" href=\"https:\/\/www.fotografo-profesional.net\/diario\/2019\/05\/26\/reportaje-de-congreso-en-madrid\/\">de congresos<\/a><\/span>&#8230; Sobre todo cuando ya se tiene una considerable experiencia como <a href=\"https:\/\/www.fotografo-profesional.net\/portfolio\/fotografia-de-eventos\/\"><span style=\"color: #0000ff;\"><em>fot\u00f3grafo de reportajes de eventos<\/em><\/span>.<\/a><\/p>\n<p>\u00a0<\/p>\n\n\n<p><\/p>\n","protected":false},"excerpt":{"rendered":"<p>Cuando digo que hago reportajes de conciertos, la mayor\u00eda de la gente se imagina que me refiero a reportajes de conciertos de rock. Y en gran parte de los casos es as\u00ed. Sin embargo, tambi\u00e9n realizo reportajes de conciertos de m\u00fasica cl\u00e1sica cuando se presenta la ocasi\u00f3n. En el caso que voy a contar a [&hellip;]<\/p>\n","protected":false},"author":2,"featured_media":728,"comment_status":"closed","ping_status":"open","sticky":false,"template":"","format":"standard","meta":[],"categories":[161,45,189,162,172,207,262],"tags":[264,32,117,59,119,120,266,68,263,265,121],"yoast_head":"<!-- This site is optimized with the Yoast SEO plugin v20.8 - https:\/\/yoast.com\/wordpress\/plugins\/seo\/ -->\n<title>Reportajes de conciertos de m\u00fasica cl\u00e1sica - Luis Miguel del Campo<\/title>\n<meta name=\"description\" content=\"A menudo los reportajes de conciertos de m\u00fasica cl\u00e1sica tienen la dificultad de que el fot\u00f3grafo tiene limitda su capacidad de movimiento por la sala.\" \/>\n<meta name=\"robots\" content=\"index, follow, max-snippet:-1, max-image-preview:large, max-video-preview:-1\" \/>\n<link rel=\"canonical\" href=\"https:\/\/www.fotografo-profesional.net\/diario\/2019\/08\/05\/reportajes-de-conciertos-de-musica-clasica\/\" \/>\n<meta property=\"og:locale\" content=\"es_ES\" \/>\n<meta property=\"og:type\" content=\"article\" \/>\n<meta property=\"og:title\" content=\"Reportajes de conciertos de m\u00fasica cl\u00e1sica - Luis Miguel del Campo\" \/>\n<meta property=\"og:description\" content=\"A menudo los reportajes de conciertos de m\u00fasica cl\u00e1sica tienen la dificultad de que el fot\u00f3grafo tiene limitda su capacidad de movimiento por la sala.\" \/>\n<meta property=\"og:url\" content=\"https:\/\/www.fotografo-profesional.net\/diario\/2019\/08\/05\/reportajes-de-conciertos-de-musica-clasica\/\" \/>\n<meta property=\"og:site_name\" content=\"Luis Miguel del Campo\" \/>\n<meta property=\"article:published_time\" content=\"2019-08-05T19:29:22+00:00\" \/>\n<meta property=\"article:modified_time\" content=\"2020-06-09T16:12:40+00:00\" \/>\n<meta property=\"og:image\" content=\"https:\/\/www.fotografo-profesional.net\/diario\/wp-content\/uploads\/2019\/08\/Fot\u00f3grafo-profesional-en-Madrid-LMC-0018.jpg\" \/>\n\t<meta property=\"og:image:width\" content=\"600\" \/>\n\t<meta property=\"og:image:height\" content=\"400\" \/>\n\t<meta property=\"og:image:type\" content=\"image\/jpeg\" \/>\n<meta name=\"author\" content=\"Luis Miguel del Campo\" \/>\n<meta name=\"twitter:card\" content=\"summary_large_image\" \/>\n<meta name=\"twitter:label1\" content=\"Escrito por\" \/>\n\t<meta name=\"twitter:data1\" content=\"Luis Miguel del Campo\" \/>\n\t<meta name=\"twitter:label2\" content=\"Tiempo de lectura\" \/>\n\t<meta name=\"twitter:data2\" content=\"2 minutos\" \/>\n<script type=\"application\/ld+json\" class=\"yoast-schema-graph\">{\"@context\":\"https:\/\/schema.org\",\"@graph\":[{\"@type\":\"WebPage\",\"@id\":\"https:\/\/www.fotografo-profesional.net\/diario\/2019\/08\/05\/reportajes-de-conciertos-de-musica-clasica\/\",\"url\":\"https:\/\/www.fotografo-profesional.net\/diario\/2019\/08\/05\/reportajes-de-conciertos-de-musica-clasica\/\",\"name\":\"Reportajes de conciertos de m\u00fasica cl\u00e1sica - Luis Miguel del Campo\",\"isPartOf\":{\"@id\":\"https:\/\/www.fotografo-profesional.net\/diario\/#website\"},\"datePublished\":\"2019-08-05T19:29:22+00:00\",\"dateModified\":\"2020-06-09T16:12:40+00:00\",\"author\":{\"@id\":\"https:\/\/www.fotografo-profesional.net\/diario\/#\/schema\/person\/220504871d765b4c30a0af1d2fe93533\"},\"description\":\"A menudo los reportajes de conciertos de m\u00fasica cl\u00e1sica tienen la dificultad de que el fot\u00f3grafo tiene limitda su capacidad de movimiento por la sala.\",\"breadcrumb\":{\"@id\":\"https:\/\/www.fotografo-profesional.net\/diario\/2019\/08\/05\/reportajes-de-conciertos-de-musica-clasica\/#breadcrumb\"},\"inLanguage\":\"es\",\"potentialAction\":[{\"@type\":\"ReadAction\",\"target\":[\"https:\/\/www.fotografo-profesional.net\/diario\/2019\/08\/05\/reportajes-de-conciertos-de-musica-clasica\/\"]}]},{\"@type\":\"BreadcrumbList\",\"@id\":\"https:\/\/www.fotografo-profesional.net\/diario\/2019\/08\/05\/reportajes-de-conciertos-de-musica-clasica\/#breadcrumb\",\"itemListElement\":[{\"@type\":\"ListItem\",\"position\":1,\"name\":\"Inicio\",\"item\":\"https:\/\/www.fotografo-profesional.net\/diario\/\"},{\"@type\":\"ListItem\",\"position\":2,\"name\":\"Reportajes de conciertos de m\u00fasica cl\u00e1sica\"}]},{\"@type\":\"WebSite\",\"@id\":\"https:\/\/www.fotografo-profesional.net\/diario\/#website\",\"url\":\"https:\/\/www.fotografo-profesional.net\/diario\/\",\"name\":\"Luis Miguel del Campo\",\"description\":\"Blog de un fot\u00f3grafo profesional\",\"potentialAction\":[{\"@type\":\"SearchAction\",\"target\":{\"@type\":\"EntryPoint\",\"urlTemplate\":\"https:\/\/www.fotografo-profesional.net\/diario\/?s={search_term_string}\"},\"query-input\":\"required name=search_term_string\"}],\"inLanguage\":\"es\"},{\"@type\":\"Person\",\"@id\":\"https:\/\/www.fotografo-profesional.net\/diario\/#\/schema\/person\/220504871d765b4c30a0af1d2fe93533\",\"name\":\"Luis Miguel del Campo\",\"image\":{\"@type\":\"ImageObject\",\"inLanguage\":\"es\",\"@id\":\"https:\/\/www.fotografo-profesional.net\/diario\/#\/schema\/person\/image\/\",\"url\":\"https:\/\/secure.gravatar.com\/avatar\/84bb1120095136de86f122a882a42d61?s=96&d=mm&r=g\",\"contentUrl\":\"https:\/\/secure.gravatar.com\/avatar\/84bb1120095136de86f122a882a42d61?s=96&d=mm&r=g\",\"caption\":\"Luis Miguel del Campo\"},\"url\":\"https:\/\/www.fotografo-profesional.net\/diario\/author\/admin_lmdc\/\"}]}<\/script>\n<!-- \/ Yoast SEO plugin. -->","yoast_head_json":{"title":"Reportajes de conciertos de m\u00fasica cl\u00e1sica - Luis Miguel del Campo","description":"A menudo los reportajes de conciertos de m\u00fasica cl\u00e1sica tienen la dificultad de que el fot\u00f3grafo tiene limitda su capacidad de movimiento por la sala.","robots":{"index":"index","follow":"follow","max-snippet":"max-snippet:-1","max-image-preview":"max-image-preview:large","max-video-preview":"max-video-preview:-1"},"canonical":"https:\/\/www.fotografo-profesional.net\/diario\/2019\/08\/05\/reportajes-de-conciertos-de-musica-clasica\/","og_locale":"es_ES","og_type":"article","og_title":"Reportajes de conciertos de m\u00fasica cl\u00e1sica - Luis Miguel del Campo","og_description":"A menudo los reportajes de conciertos de m\u00fasica cl\u00e1sica tienen la dificultad de que el fot\u00f3grafo tiene limitda su capacidad de movimiento por la sala.","og_url":"https:\/\/www.fotografo-profesional.net\/diario\/2019\/08\/05\/reportajes-de-conciertos-de-musica-clasica\/","og_site_name":"Luis Miguel del Campo","article_published_time":"2019-08-05T19:29:22+00:00","article_modified_time":"2020-06-09T16:12:40+00:00","og_image":[{"width":600,"height":400,"url":"https:\/\/www.fotografo-profesional.net\/diario\/wp-content\/uploads\/2019\/08\/Fot\u00f3grafo-profesional-en-Madrid-LMC-0018.jpg","type":"image\/jpeg"}],"author":"Luis Miguel del Campo","twitter_card":"summary_large_image","twitter_misc":{"Escrito por":"Luis Miguel del Campo","Tiempo de lectura":"2 minutos"},"schema":{"@context":"https:\/\/schema.org","@graph":[{"@type":"WebPage","@id":"https:\/\/www.fotografo-profesional.net\/diario\/2019\/08\/05\/reportajes-de-conciertos-de-musica-clasica\/","url":"https:\/\/www.fotografo-profesional.net\/diario\/2019\/08\/05\/reportajes-de-conciertos-de-musica-clasica\/","name":"Reportajes de conciertos de m\u00fasica cl\u00e1sica - Luis Miguel del Campo","isPartOf":{"@id":"https:\/\/www.fotografo-profesional.net\/diario\/#website"},"datePublished":"2019-08-05T19:29:22+00:00","dateModified":"2020-06-09T16:12:40+00:00","author":{"@id":"https:\/\/www.fotografo-profesional.net\/diario\/#\/schema\/person\/220504871d765b4c30a0af1d2fe93533"},"description":"A menudo los reportajes de conciertos de m\u00fasica cl\u00e1sica tienen la dificultad de que el fot\u00f3grafo tiene limitda su capacidad de movimiento por la sala.","breadcrumb":{"@id":"https:\/\/www.fotografo-profesional.net\/diario\/2019\/08\/05\/reportajes-de-conciertos-de-musica-clasica\/#breadcrumb"},"inLanguage":"es","potentialAction":[{"@type":"ReadAction","target":["https:\/\/www.fotografo-profesional.net\/diario\/2019\/08\/05\/reportajes-de-conciertos-de-musica-clasica\/"]}]},{"@type":"BreadcrumbList","@id":"https:\/\/www.fotografo-profesional.net\/diario\/2019\/08\/05\/reportajes-de-conciertos-de-musica-clasica\/#breadcrumb","itemListElement":[{"@type":"ListItem","position":1,"name":"Inicio","item":"https:\/\/www.fotografo-profesional.net\/diario\/"},{"@type":"ListItem","position":2,"name":"Reportajes de conciertos de m\u00fasica cl\u00e1sica"}]},{"@type":"WebSite","@id":"https:\/\/www.fotografo-profesional.net\/diario\/#website","url":"https:\/\/www.fotografo-profesional.net\/diario\/","name":"Luis Miguel del Campo","description":"Blog de un fot\u00f3grafo profesional","potentialAction":[{"@type":"SearchAction","target":{"@type":"EntryPoint","urlTemplate":"https:\/\/www.fotografo-profesional.net\/diario\/?s={search_term_string}"},"query-input":"required name=search_term_string"}],"inLanguage":"es"},{"@type":"Person","@id":"https:\/\/www.fotografo-profesional.net\/diario\/#\/schema\/person\/220504871d765b4c30a0af1d2fe93533","name":"Luis Miguel del Campo","image":{"@type":"ImageObject","inLanguage":"es","@id":"https:\/\/www.fotografo-profesional.net\/diario\/#\/schema\/person\/image\/","url":"https:\/\/secure.gravatar.com\/avatar\/84bb1120095136de86f122a882a42d61?s=96&d=mm&r=g","contentUrl":"https:\/\/secure.gravatar.com\/avatar\/84bb1120095136de86f122a882a42d61?s=96&d=mm&r=g","caption":"Luis Miguel del Campo"},"url":"https:\/\/www.fotografo-profesional.net\/diario\/author\/admin_lmdc\/"}]}},"_links":{"self":[{"href":"https:\/\/www.fotografo-profesional.net\/diario\/wp-json\/wp\/v2\/posts\/713"}],"collection":[{"href":"https:\/\/www.fotografo-profesional.net\/diario\/wp-json\/wp\/v2\/posts"}],"about":[{"href":"https:\/\/www.fotografo-profesional.net\/diario\/wp-json\/wp\/v2\/types\/post"}],"author":[{"embeddable":true,"href":"https:\/\/www.fotografo-profesional.net\/diario\/wp-json\/wp\/v2\/users\/2"}],"replies":[{"embeddable":true,"href":"https:\/\/www.fotografo-profesional.net\/diario\/wp-json\/wp\/v2\/comments?post=713"}],"version-history":[{"count":3,"href":"https:\/\/www.fotografo-profesional.net\/diario\/wp-json\/wp\/v2\/posts\/713\/revisions"}],"predecessor-version":[{"id":2027,"href":"https:\/\/www.fotografo-profesional.net\/diario\/wp-json\/wp\/v2\/posts\/713\/revisions\/2027"}],"wp:featuredmedia":[{"embeddable":true,"href":"https:\/\/www.fotografo-profesional.net\/diario\/wp-json\/wp\/v2\/media\/728"}],"wp:attachment":[{"href":"https:\/\/www.fotografo-profesional.net\/diario\/wp-json\/wp\/v2\/media?parent=713"}],"wp:term":[{"taxonomy":"category","embeddable":true,"href":"https:\/\/www.fotografo-profesional.net\/diario\/wp-json\/wp\/v2\/categories?post=713"},{"taxonomy":"post_tag","embeddable":true,"href":"https:\/\/www.fotografo-profesional.net\/diario\/wp-json\/wp\/v2\/tags?post=713"}],"curies":[{"name":"wp","href":"https:\/\/api.w.org\/{rel}","templated":true}]}}