{"id":779,"date":"2019-08-31T17:24:37","date_gmt":"2019-08-31T15:24:37","guid":{"rendered":"https:\/\/www.fotografo-profesional.net\/diario\/?p=779"},"modified":"2019-09-09T18:51:39","modified_gmt":"2019-09-09T16:51:39","slug":"book-de-pareja-en-estudio","status":"publish","type":"post","link":"https:\/\/www.fotografo-profesional.net\/diario\/2019\/08\/31\/book-de-pareja-en-estudio\/","title":{"rendered":"Book de pareja en estudio"},"content":{"rendered":"<p><img decoding=\"async\" class=\"size-full wp-image-784 aligncenter\" src=\"https:\/\/www.fotografo-profesional.net\/diario\/wp-content\/uploads\/2019\/08\/Fot\u00f3grafo-profesional-en-Madrid-LMC-0024.jpg\" alt=\"Book de pareja en estudio\" width=\"600\" height=\"459\" srcset=\"https:\/\/www.fotografo-profesional.net\/diario\/wp-content\/uploads\/2019\/08\/Fot\u00f3grafo-profesional-en-Madrid-LMC-0024.jpg 600w, https:\/\/www.fotografo-profesional.net\/diario\/wp-content\/uploads\/2019\/08\/Fot\u00f3grafo-profesional-en-Madrid-LMC-0024-300x230.jpg 300w\" sizes=\"(max-width: 600px) 100vw, 600px\" \/><\/p>\n<p>Aparte de las personas que necesitan un book profesional de estudio porque trabajan en el mundo art\u00edstico del cine, <em><a href=\"https:\/\/www.fotografo-profesional.net\/diario\/2018\/07\/02\/reportajes-de-espectaculos-i\/\">el teatro<\/a><\/em> o la televisi\u00f3n; o de los profesionales que requieren fotograf\u00edas de calidad que sean acordes con la <em><a href=\"https:\/\/www.fotografo-profesional.net\/diario\/2019\/05\/30\/fotografias-de-imagen-corporativa\/\">imagen corporativa de su empresa<\/a><\/em>, tambi\u00e9n hay muchas otras situaciones, necesidades o caprichos para acercarse a un estudio fotogr\u00e1fico y contratar una sesi\u00f3n.<br \/>\n<strong>Un caso muy frecuente en el que se suele requerir del trabajo de un fot\u00f3grafo profesional es para un book de pareja en estudio<\/strong>. No s\u00f3lo con motivo del d\u00eda de los enamorados o de una preboda, que tambi\u00e9n sucede, sino por conservar un recuerdo de la pareja de esa etapa de su vida en com\u00fan.<br \/>\nGeneralmente es una de las dos personas (en parejas heterosexuales suele ser el hombre) el que contrata la sesi\u00f3n como regalo para su pareja; en las menos de las ocasiones son los dos los que toman la decisi\u00f3n conjuntamente.<br \/>\nEl desarrollo de la sesi\u00f3n del book de pareja en estudio depende de si los clientes tienen una idea previa muy clara o simplemente dejan todo a merced de la experiencia y criterio del fot\u00f3grafo. Se dan casos en los que ambos quieren lucir sus mejores galas para tener el book como tarjeta de presentaci\u00f3n para cualquier ocasi\u00f3n que les pueda surgir. <strong>Otras, las intenciones son m\u00e1s desenfadadas y se trata tan solo de pasar un rato divertido<\/strong> con sus uniformes profesionales y con ropa m\u00e1s desenfadada. Ni que decir que informal no es sin\u00f3nimo de que el trabajo sea descuidado y falto de profesionalidad.<br \/>\nTambi\u00e9n se da el caso de que los clientes quieran enfocar el book de pareja de estudio para que sea un compendio de todo lo anterior. Y hasta hay casos en los que desean acabar con algunas tomas de fotograf\u00edas m\u00e1s \u00edntimas que ser\u00edan propias de fotograf\u00eda budoire o de<a href=\"https:\/\/www.fotografo-profesional.net\/diario\/2018\/09\/08\/books-de-desnudo-artistico\/\"><em> books de desnudo art\u00edstico en estudio<\/em><\/a>. En este \u00faltimo caso, la complicidad y confianza entre el fot\u00f3grafo y la pareja ha tenido que ser muy alta hasta ese momento para que resulte un colof\u00f3n perfecto del book de pareja en estudio, que <strong>un fot\u00f3grafo profesional sabe iluminar, dirigir las poses de la pareja y crear la atm\u00f3sfera indicada para que resulte sugerente y elegante<\/strong>, huyendo de cualquier tipo de zafiedad.<\/p>\n","protected":false},"excerpt":{"rendered":"<p>Aparte de las personas que necesitan un book profesional de estudio porque trabajan en el mundo art\u00edstico del cine, el teatro o la televisi\u00f3n; o de los profesionales que requieren fotograf\u00edas de calidad que sean acordes con la imagen corporativa de su empresa, tambi\u00e9n hay muchas otras situaciones, necesidades o caprichos para acercarse a un [&hellip;]<\/p>\n","protected":false},"author":2,"featured_media":784,"comment_status":"closed","ping_status":"open","sticky":false,"template":"","format":"standard","meta":[],"categories":[239,51,104,173,189,172,207],"tags":[27,282,283,28,99,59,284,120],"yoast_head":"<!-- This site is optimized with the Yoast SEO plugin v20.8 - https:\/\/yoast.com\/wordpress\/plugins\/seo\/ -->\n<title>Book de pareja en estudio - Luis Miguel del Campo<\/title>\n<meta name=\"description\" content=\"Hay muchos motivos por los que todo tipo de personas contratan a un fot\u00f3grafo profesional para que hacerse un book de pareja en estudio.\" \/>\n<meta name=\"robots\" content=\"index, follow, max-snippet:-1, max-image-preview:large, max-video-preview:-1\" \/>\n<link rel=\"canonical\" href=\"https:\/\/www.fotografo-profesional.net\/diario\/2019\/08\/31\/book-de-pareja-en-estudio\/\" \/>\n<meta property=\"og:locale\" content=\"es_ES\" \/>\n<meta property=\"og:type\" content=\"article\" \/>\n<meta property=\"og:title\" content=\"Book de pareja en estudio - Luis Miguel del Campo\" \/>\n<meta property=\"og:description\" content=\"Hay muchos motivos por los que todo tipo de personas contratan a un fot\u00f3grafo profesional para que hacerse un book de pareja en estudio.\" \/>\n<meta property=\"og:url\" content=\"https:\/\/www.fotografo-profesional.net\/diario\/2019\/08\/31\/book-de-pareja-en-estudio\/\" \/>\n<meta property=\"og:site_name\" content=\"Luis Miguel del Campo\" \/>\n<meta property=\"article:published_time\" content=\"2019-08-31T15:24:37+00:00\" \/>\n<meta property=\"article:modified_time\" content=\"2019-09-09T16:51:39+00:00\" \/>\n<meta property=\"og:image\" content=\"https:\/\/www.fotografo-profesional.net\/diario\/wp-content\/uploads\/2019\/08\/Fot\u00f3grafo-profesional-en-Madrid-LMC-0024.jpg\" \/>\n\t<meta property=\"og:image:width\" content=\"600\" \/>\n\t<meta property=\"og:image:height\" content=\"459\" \/>\n\t<meta property=\"og:image:type\" content=\"image\/jpeg\" \/>\n<meta name=\"author\" content=\"Luis Miguel del Campo\" \/>\n<meta name=\"twitter:card\" content=\"summary_large_image\" \/>\n<meta name=\"twitter:label1\" content=\"Escrito por\" \/>\n\t<meta name=\"twitter:data1\" content=\"Luis Miguel del Campo\" \/>\n\t<meta name=\"twitter:label2\" content=\"Tiempo de lectura\" \/>\n\t<meta name=\"twitter:data2\" content=\"2 minutos\" \/>\n<script type=\"application\/ld+json\" class=\"yoast-schema-graph\">{\"@context\":\"https:\/\/schema.org\",\"@graph\":[{\"@type\":\"WebPage\",\"@id\":\"https:\/\/www.fotografo-profesional.net\/diario\/2019\/08\/31\/book-de-pareja-en-estudio\/\",\"url\":\"https:\/\/www.fotografo-profesional.net\/diario\/2019\/08\/31\/book-de-pareja-en-estudio\/\",\"name\":\"Book de pareja en estudio - Luis Miguel del Campo\",\"isPartOf\":{\"@id\":\"https:\/\/www.fotografo-profesional.net\/diario\/#website\"},\"datePublished\":\"2019-08-31T15:24:37+00:00\",\"dateModified\":\"2019-09-09T16:51:39+00:00\",\"author\":{\"@id\":\"https:\/\/www.fotografo-profesional.net\/diario\/#\/schema\/person\/220504871d765b4c30a0af1d2fe93533\"},\"description\":\"Hay muchos motivos por los que todo tipo de personas contratan a un fot\u00f3grafo profesional para que hacerse un book de pareja en estudio.\",\"breadcrumb\":{\"@id\":\"https:\/\/www.fotografo-profesional.net\/diario\/2019\/08\/31\/book-de-pareja-en-estudio\/#breadcrumb\"},\"inLanguage\":\"es\",\"potentialAction\":[{\"@type\":\"ReadAction\",\"target\":[\"https:\/\/www.fotografo-profesional.net\/diario\/2019\/08\/31\/book-de-pareja-en-estudio\/\"]}]},{\"@type\":\"BreadcrumbList\",\"@id\":\"https:\/\/www.fotografo-profesional.net\/diario\/2019\/08\/31\/book-de-pareja-en-estudio\/#breadcrumb\",\"itemListElement\":[{\"@type\":\"ListItem\",\"position\":1,\"name\":\"Inicio\",\"item\":\"https:\/\/www.fotografo-profesional.net\/diario\/\"},{\"@type\":\"ListItem\",\"position\":2,\"name\":\"Book de pareja en estudio\"}]},{\"@type\":\"WebSite\",\"@id\":\"https:\/\/www.fotografo-profesional.net\/diario\/#website\",\"url\":\"https:\/\/www.fotografo-profesional.net\/diario\/\",\"name\":\"Luis Miguel del Campo\",\"description\":\"Blog de un fot\u00f3grafo profesional\",\"potentialAction\":[{\"@type\":\"SearchAction\",\"target\":{\"@type\":\"EntryPoint\",\"urlTemplate\":\"https:\/\/www.fotografo-profesional.net\/diario\/?s={search_term_string}\"},\"query-input\":\"required name=search_term_string\"}],\"inLanguage\":\"es\"},{\"@type\":\"Person\",\"@id\":\"https:\/\/www.fotografo-profesional.net\/diario\/#\/schema\/person\/220504871d765b4c30a0af1d2fe93533\",\"name\":\"Luis Miguel del Campo\",\"image\":{\"@type\":\"ImageObject\",\"inLanguage\":\"es\",\"@id\":\"https:\/\/www.fotografo-profesional.net\/diario\/#\/schema\/person\/image\/\",\"url\":\"https:\/\/secure.gravatar.com\/avatar\/84bb1120095136de86f122a882a42d61?s=96&d=mm&r=g\",\"contentUrl\":\"https:\/\/secure.gravatar.com\/avatar\/84bb1120095136de86f122a882a42d61?s=96&d=mm&r=g\",\"caption\":\"Luis Miguel del Campo\"},\"url\":\"https:\/\/www.fotografo-profesional.net\/diario\/author\/admin_lmdc\/\"}]}<\/script>\n<!-- \/ Yoast SEO plugin. -->","yoast_head_json":{"title":"Book de pareja en estudio - Luis Miguel del Campo","description":"Hay muchos motivos por los que todo tipo de personas contratan a un fot\u00f3grafo profesional para que hacerse un book de pareja en estudio.","robots":{"index":"index","follow":"follow","max-snippet":"max-snippet:-1","max-image-preview":"max-image-preview:large","max-video-preview":"max-video-preview:-1"},"canonical":"https:\/\/www.fotografo-profesional.net\/diario\/2019\/08\/31\/book-de-pareja-en-estudio\/","og_locale":"es_ES","og_type":"article","og_title":"Book de pareja en estudio - Luis Miguel del Campo","og_description":"Hay muchos motivos por los que todo tipo de personas contratan a un fot\u00f3grafo profesional para que hacerse un book de pareja en estudio.","og_url":"https:\/\/www.fotografo-profesional.net\/diario\/2019\/08\/31\/book-de-pareja-en-estudio\/","og_site_name":"Luis Miguel del Campo","article_published_time":"2019-08-31T15:24:37+00:00","article_modified_time":"2019-09-09T16:51:39+00:00","og_image":[{"width":600,"height":459,"url":"https:\/\/www.fotografo-profesional.net\/diario\/wp-content\/uploads\/2019\/08\/Fot\u00f3grafo-profesional-en-Madrid-LMC-0024.jpg","type":"image\/jpeg"}],"author":"Luis Miguel del Campo","twitter_card":"summary_large_image","twitter_misc":{"Escrito por":"Luis Miguel del Campo","Tiempo de lectura":"2 minutos"},"schema":{"@context":"https:\/\/schema.org","@graph":[{"@type":"WebPage","@id":"https:\/\/www.fotografo-profesional.net\/diario\/2019\/08\/31\/book-de-pareja-en-estudio\/","url":"https:\/\/www.fotografo-profesional.net\/diario\/2019\/08\/31\/book-de-pareja-en-estudio\/","name":"Book de pareja en estudio - Luis Miguel del Campo","isPartOf":{"@id":"https:\/\/www.fotografo-profesional.net\/diario\/#website"},"datePublished":"2019-08-31T15:24:37+00:00","dateModified":"2019-09-09T16:51:39+00:00","author":{"@id":"https:\/\/www.fotografo-profesional.net\/diario\/#\/schema\/person\/220504871d765b4c30a0af1d2fe93533"},"description":"Hay muchos motivos por los que todo tipo de personas contratan a un fot\u00f3grafo profesional para que hacerse un book de pareja en estudio.","breadcrumb":{"@id":"https:\/\/www.fotografo-profesional.net\/diario\/2019\/08\/31\/book-de-pareja-en-estudio\/#breadcrumb"},"inLanguage":"es","potentialAction":[{"@type":"ReadAction","target":["https:\/\/www.fotografo-profesional.net\/diario\/2019\/08\/31\/book-de-pareja-en-estudio\/"]}]},{"@type":"BreadcrumbList","@id":"https:\/\/www.fotografo-profesional.net\/diario\/2019\/08\/31\/book-de-pareja-en-estudio\/#breadcrumb","itemListElement":[{"@type":"ListItem","position":1,"name":"Inicio","item":"https:\/\/www.fotografo-profesional.net\/diario\/"},{"@type":"ListItem","position":2,"name":"Book de pareja en estudio"}]},{"@type":"WebSite","@id":"https:\/\/www.fotografo-profesional.net\/diario\/#website","url":"https:\/\/www.fotografo-profesional.net\/diario\/","name":"Luis Miguel del Campo","description":"Blog de un fot\u00f3grafo profesional","potentialAction":[{"@type":"SearchAction","target":{"@type":"EntryPoint","urlTemplate":"https:\/\/www.fotografo-profesional.net\/diario\/?s={search_term_string}"},"query-input":"required name=search_term_string"}],"inLanguage":"es"},{"@type":"Person","@id":"https:\/\/www.fotografo-profesional.net\/diario\/#\/schema\/person\/220504871d765b4c30a0af1d2fe93533","name":"Luis Miguel del Campo","image":{"@type":"ImageObject","inLanguage":"es","@id":"https:\/\/www.fotografo-profesional.net\/diario\/#\/schema\/person\/image\/","url":"https:\/\/secure.gravatar.com\/avatar\/84bb1120095136de86f122a882a42d61?s=96&d=mm&r=g","contentUrl":"https:\/\/secure.gravatar.com\/avatar\/84bb1120095136de86f122a882a42d61?s=96&d=mm&r=g","caption":"Luis Miguel del Campo"},"url":"https:\/\/www.fotografo-profesional.net\/diario\/author\/admin_lmdc\/"}]}},"_links":{"self":[{"href":"https:\/\/www.fotografo-profesional.net\/diario\/wp-json\/wp\/v2\/posts\/779"}],"collection":[{"href":"https:\/\/www.fotografo-profesional.net\/diario\/wp-json\/wp\/v2\/posts"}],"about":[{"href":"https:\/\/www.fotografo-profesional.net\/diario\/wp-json\/wp\/v2\/types\/post"}],"author":[{"embeddable":true,"href":"https:\/\/www.fotografo-profesional.net\/diario\/wp-json\/wp\/v2\/users\/2"}],"replies":[{"embeddable":true,"href":"https:\/\/www.fotografo-profesional.net\/diario\/wp-json\/wp\/v2\/comments?post=779"}],"version-history":[{"count":4,"href":"https:\/\/www.fotografo-profesional.net\/diario\/wp-json\/wp\/v2\/posts\/779\/revisions"}],"predecessor-version":[{"id":795,"href":"https:\/\/www.fotografo-profesional.net\/diario\/wp-json\/wp\/v2\/posts\/779\/revisions\/795"}],"wp:featuredmedia":[{"embeddable":true,"href":"https:\/\/www.fotografo-profesional.net\/diario\/wp-json\/wp\/v2\/media\/784"}],"wp:attachment":[{"href":"https:\/\/www.fotografo-profesional.net\/diario\/wp-json\/wp\/v2\/media?parent=779"}],"wp:term":[{"taxonomy":"category","embeddable":true,"href":"https:\/\/www.fotografo-profesional.net\/diario\/wp-json\/wp\/v2\/categories?post=779"},{"taxonomy":"post_tag","embeddable":true,"href":"https:\/\/www.fotografo-profesional.net\/diario\/wp-json\/wp\/v2\/tags?post=779"}],"curies":[{"name":"wp","href":"https:\/\/api.w.org\/{rel}","templated":true}]}}