{"id":801,"date":"2019-09-19T16:43:43","date_gmt":"2019-09-19T14:43:43","guid":{"rendered":"https:\/\/www.fotografo-profesional.net\/diario\/?p=801"},"modified":"2019-09-19T16:43:45","modified_gmt":"2019-09-19T14:43:45","slug":"fotografia-de-urbanizaciones","status":"publish","type":"post","link":"https:\/\/www.fotografo-profesional.net\/diario\/2019\/09\/19\/fotografia-de-urbanizaciones\/","title":{"rendered":"Fotograf\u00eda de urbanizaciones"},"content":{"rendered":"<p><img decoding=\"async\" class=\"size-full wp-image-807 aligncenter\" src=\"https:\/\/www.fotografo-profesional.net\/diario\/wp-content\/uploads\/2019\/09\/Fot\u00f3grafo-profesional-en-Madrid-LMC-0029.jpg\" alt=\"Fotograf\u00eda de urbanizaciones\" width=\"600\" height=\"450\" srcset=\"https:\/\/www.fotografo-profesional.net\/diario\/wp-content\/uploads\/2019\/09\/Fot\u00f3grafo-profesional-en-Madrid-LMC-0029.jpg 600w, https:\/\/www.fotografo-profesional.net\/diario\/wp-content\/uploads\/2019\/09\/Fot\u00f3grafo-profesional-en-Madrid-LMC-0029-300x225.jpg 300w\" sizes=\"(max-width: 600px) 100vw, 600px\" \/><\/p>\n<p>La <strong>fotograf\u00eda de urbanizaciones<\/strong> tiene peculiaridades en las que un <a href=\"https:\/\/www.fotografo-profesional.net\/diario\/2019\/06\/11\/fotografo-promocional-de-inmuebles\/\"><span style=\"color: #33cccc;\"><em>fot\u00f3grafo inmobiliario<\/em><\/span><\/a> debe incidir para remarcar ciertos aspectos que le interesen destacar al vendedor de la promoci\u00f3n. Y es que, adem\u00e1s de fotografiar los interiores de cada inmueble destacando la distribuci\u00f3n, la luminosidad, las cualidades de las habitaciones, la calidad de los materiales&#8230;, <strong>es fundamental que queden reflejadas las caracter\u00edsticas y peculiaridades de las zonas comunes<\/strong> que diferencian a la susodicha urbanizaci\u00f3n de todas las dem\u00e1s.<br \/>\nAs\u00ed, en la fotograf\u00eda de urbanizaciones es muy importante tomar im\u00e1genes de la pista de tenis o de p\u00e1del, parque infantil, de la piscina, de la sala para actos sociales como fiestas o reuniones de comunidad, cafeter\u00eda&#8230; <strong>El precio final de cada vivienda depende de todas estas particularidades<\/strong> de las que van a poder disfrutar los compradores, por lo que resulta fundamental que el profesional de la fotograf\u00eda documente cada rinc\u00f3n y todos los<a href=\"https:\/\/www.fotografo-profesional.net\/diario\/2019\/04\/23\/fotografia-de-instalaciones\/\"><em><span style=\"color: #33cccc;\"> servicios e instalaciones<\/span><\/em><\/a> de los que se va a poder disponer si finalmente se decide a formar parte de ella.<\/p>\n<p>Lo anterior no quita que igualmente haya que buscar el mejor punto de vista de todas ellas, como ocurre al fotografiar el interior de cada vivienda; la mejor hora del d\u00eda para que la luz natural a\u00f1ada valor a las fotograf\u00edas \u2013aunque esto es algo, sobre todo en exteriores, que algunas veces no puede decidir el fot\u00f3grafo al cien por cien- y todas las otras consideraciones a tener en cuenta en la <a href=\"https:\/\/www.fotografo-profesional.net\/diario\/2018\/09\/26\/fotografia-para-publicidad-ii\/\"><span style=\"color: #33cccc;\"><em>fotograf\u00eda publicitaria<\/em><\/span><\/a> en general.<br \/>\nLa imagen que encabeza el art\u00edculo es una buena muestra de lo que estaba refiriendo anteriormente en relaci\u00f3n a la fotograf\u00eda de urbanizaciones. En este caso, para la promotora, adem\u00e1s de destacar las cualidades de las viviendas de cada bloque, era muy importante tener una imagen en la que se vieran claramente las piscinas (una peque\u00f1a para ni\u00f1os y la grande para j\u00f3venes y adultos) y, sobre todo, la caseta del portero. Esto \u00faltimo era algo que distingu\u00eda a esta urbanizaci\u00f3n de las dem\u00e1s de la zona: e<strong>l acceso a la propiedad comunera estaba controlado por un portero que lo vigilaba<\/strong>. Esta circunstancia daba un valor a\u00f1adido al inmueble.<\/p>\n","protected":false},"excerpt":{"rendered":"<p>La fotograf\u00eda de urbanizaciones tiene peculiaridades en las que un fot\u00f3grafo inmobiliario debe incidir para remarcar ciertos aspectos que le interesen destacar al vendedor de la promoci\u00f3n. Y es que, adem\u00e1s de fotografiar los interiores de cada inmueble destacando la distribuci\u00f3n, la luminosidad, las cualidades de las habitaciones, la calidad de los materiales&#8230;, es fundamental [&hellip;]<\/p>\n","protected":false},"author":2,"featured_media":807,"comment_status":"closed","ping_status":"open","sticky":false,"template":"","format":"standard","meta":[],"categories":[256,297,19,45,189,172,207],"tags":[298,238,117,299,59,300,119,120],"yoast_head":"<!-- This site is optimized with the Yoast SEO plugin v20.8 - https:\/\/yoast.com\/wordpress\/plugins\/seo\/ -->\n<title>Fotograf\u00eda de urbanizaciones - Luis Miguel del Campo<\/title>\n<meta name=\"description\" content=\"La fotograf\u00eda de urbanizaciones ha de reflejar las caracter\u00edsticas distintivas que a\u00f1aden valor a los inmuebles de cada cliente.\" \/>\n<meta name=\"robots\" content=\"index, follow, max-snippet:-1, max-image-preview:large, max-video-preview:-1\" \/>\n<link rel=\"canonical\" href=\"https:\/\/www.fotografo-profesional.net\/diario\/2019\/09\/19\/fotografia-de-urbanizaciones\/\" \/>\n<meta property=\"og:locale\" content=\"es_ES\" \/>\n<meta property=\"og:type\" content=\"article\" \/>\n<meta property=\"og:title\" content=\"Fotograf\u00eda de urbanizaciones - Luis Miguel del Campo\" \/>\n<meta property=\"og:description\" content=\"La fotograf\u00eda de urbanizaciones ha de reflejar las caracter\u00edsticas distintivas que a\u00f1aden valor a los inmuebles de cada cliente.\" \/>\n<meta property=\"og:url\" content=\"https:\/\/www.fotografo-profesional.net\/diario\/2019\/09\/19\/fotografia-de-urbanizaciones\/\" \/>\n<meta property=\"og:site_name\" content=\"Luis Miguel del Campo\" \/>\n<meta property=\"article:published_time\" content=\"2019-09-19T14:43:43+00:00\" \/>\n<meta property=\"article:modified_time\" content=\"2019-09-19T14:43:45+00:00\" \/>\n<meta property=\"og:image\" content=\"https:\/\/www.fotografo-profesional.net\/diario\/wp-content\/uploads\/2019\/09\/Fot\u00f3grafo-profesional-en-Madrid-LMC-0029.jpg\" \/>\n\t<meta property=\"og:image:width\" content=\"600\" \/>\n\t<meta property=\"og:image:height\" content=\"450\" \/>\n\t<meta property=\"og:image:type\" content=\"image\/jpeg\" \/>\n<meta name=\"author\" content=\"Luis Miguel del Campo\" \/>\n<meta name=\"twitter:card\" content=\"summary_large_image\" \/>\n<meta name=\"twitter:label1\" content=\"Escrito por\" \/>\n\t<meta name=\"twitter:data1\" content=\"Luis Miguel del Campo\" \/>\n\t<meta name=\"twitter:label2\" content=\"Tiempo de lectura\" \/>\n\t<meta name=\"twitter:data2\" content=\"2 minutos\" \/>\n<script type=\"application\/ld+json\" class=\"yoast-schema-graph\">{\"@context\":\"https:\/\/schema.org\",\"@graph\":[{\"@type\":\"WebPage\",\"@id\":\"https:\/\/www.fotografo-profesional.net\/diario\/2019\/09\/19\/fotografia-de-urbanizaciones\/\",\"url\":\"https:\/\/www.fotografo-profesional.net\/diario\/2019\/09\/19\/fotografia-de-urbanizaciones\/\",\"name\":\"Fotograf\u00eda de urbanizaciones - Luis Miguel del Campo\",\"isPartOf\":{\"@id\":\"https:\/\/www.fotografo-profesional.net\/diario\/#website\"},\"datePublished\":\"2019-09-19T14:43:43+00:00\",\"dateModified\":\"2019-09-19T14:43:45+00:00\",\"author\":{\"@id\":\"https:\/\/www.fotografo-profesional.net\/diario\/#\/schema\/person\/220504871d765b4c30a0af1d2fe93533\"},\"description\":\"La fotograf\u00eda de urbanizaciones ha de reflejar las caracter\u00edsticas distintivas que a\u00f1aden valor a los inmuebles de cada cliente.\",\"breadcrumb\":{\"@id\":\"https:\/\/www.fotografo-profesional.net\/diario\/2019\/09\/19\/fotografia-de-urbanizaciones\/#breadcrumb\"},\"inLanguage\":\"es\",\"potentialAction\":[{\"@type\":\"ReadAction\",\"target\":[\"https:\/\/www.fotografo-profesional.net\/diario\/2019\/09\/19\/fotografia-de-urbanizaciones\/\"]}]},{\"@type\":\"BreadcrumbList\",\"@id\":\"https:\/\/www.fotografo-profesional.net\/diario\/2019\/09\/19\/fotografia-de-urbanizaciones\/#breadcrumb\",\"itemListElement\":[{\"@type\":\"ListItem\",\"position\":1,\"name\":\"Inicio\",\"item\":\"https:\/\/www.fotografo-profesional.net\/diario\/\"},{\"@type\":\"ListItem\",\"position\":2,\"name\":\"Fotograf\u00eda de urbanizaciones\"}]},{\"@type\":\"WebSite\",\"@id\":\"https:\/\/www.fotografo-profesional.net\/diario\/#website\",\"url\":\"https:\/\/www.fotografo-profesional.net\/diario\/\",\"name\":\"Luis Miguel del Campo\",\"description\":\"Blog de un fot\u00f3grafo profesional\",\"potentialAction\":[{\"@type\":\"SearchAction\",\"target\":{\"@type\":\"EntryPoint\",\"urlTemplate\":\"https:\/\/www.fotografo-profesional.net\/diario\/?s={search_term_string}\"},\"query-input\":\"required name=search_term_string\"}],\"inLanguage\":\"es\"},{\"@type\":\"Person\",\"@id\":\"https:\/\/www.fotografo-profesional.net\/diario\/#\/schema\/person\/220504871d765b4c30a0af1d2fe93533\",\"name\":\"Luis Miguel del Campo\",\"image\":{\"@type\":\"ImageObject\",\"inLanguage\":\"es\",\"@id\":\"https:\/\/www.fotografo-profesional.net\/diario\/#\/schema\/person\/image\/\",\"url\":\"https:\/\/secure.gravatar.com\/avatar\/84bb1120095136de86f122a882a42d61?s=96&d=mm&r=g\",\"contentUrl\":\"https:\/\/secure.gravatar.com\/avatar\/84bb1120095136de86f122a882a42d61?s=96&d=mm&r=g\",\"caption\":\"Luis Miguel del Campo\"},\"url\":\"https:\/\/www.fotografo-profesional.net\/diario\/author\/admin_lmdc\/\"}]}<\/script>\n<!-- \/ Yoast SEO plugin. -->","yoast_head_json":{"title":"Fotograf\u00eda de urbanizaciones - Luis Miguel del Campo","description":"La fotograf\u00eda de urbanizaciones ha de reflejar las caracter\u00edsticas distintivas que a\u00f1aden valor a los inmuebles de cada cliente.","robots":{"index":"index","follow":"follow","max-snippet":"max-snippet:-1","max-image-preview":"max-image-preview:large","max-video-preview":"max-video-preview:-1"},"canonical":"https:\/\/www.fotografo-profesional.net\/diario\/2019\/09\/19\/fotografia-de-urbanizaciones\/","og_locale":"es_ES","og_type":"article","og_title":"Fotograf\u00eda de urbanizaciones - Luis Miguel del Campo","og_description":"La fotograf\u00eda de urbanizaciones ha de reflejar las caracter\u00edsticas distintivas que a\u00f1aden valor a los inmuebles de cada cliente.","og_url":"https:\/\/www.fotografo-profesional.net\/diario\/2019\/09\/19\/fotografia-de-urbanizaciones\/","og_site_name":"Luis Miguel del Campo","article_published_time":"2019-09-19T14:43:43+00:00","article_modified_time":"2019-09-19T14:43:45+00:00","og_image":[{"width":600,"height":450,"url":"https:\/\/www.fotografo-profesional.net\/diario\/wp-content\/uploads\/2019\/09\/Fot\u00f3grafo-profesional-en-Madrid-LMC-0029.jpg","type":"image\/jpeg"}],"author":"Luis Miguel del Campo","twitter_card":"summary_large_image","twitter_misc":{"Escrito por":"Luis Miguel del Campo","Tiempo de lectura":"2 minutos"},"schema":{"@context":"https:\/\/schema.org","@graph":[{"@type":"WebPage","@id":"https:\/\/www.fotografo-profesional.net\/diario\/2019\/09\/19\/fotografia-de-urbanizaciones\/","url":"https:\/\/www.fotografo-profesional.net\/diario\/2019\/09\/19\/fotografia-de-urbanizaciones\/","name":"Fotograf\u00eda de urbanizaciones - Luis Miguel del Campo","isPartOf":{"@id":"https:\/\/www.fotografo-profesional.net\/diario\/#website"},"datePublished":"2019-09-19T14:43:43+00:00","dateModified":"2019-09-19T14:43:45+00:00","author":{"@id":"https:\/\/www.fotografo-profesional.net\/diario\/#\/schema\/person\/220504871d765b4c30a0af1d2fe93533"},"description":"La fotograf\u00eda de urbanizaciones ha de reflejar las caracter\u00edsticas distintivas que a\u00f1aden valor a los inmuebles de cada cliente.","breadcrumb":{"@id":"https:\/\/www.fotografo-profesional.net\/diario\/2019\/09\/19\/fotografia-de-urbanizaciones\/#breadcrumb"},"inLanguage":"es","potentialAction":[{"@type":"ReadAction","target":["https:\/\/www.fotografo-profesional.net\/diario\/2019\/09\/19\/fotografia-de-urbanizaciones\/"]}]},{"@type":"BreadcrumbList","@id":"https:\/\/www.fotografo-profesional.net\/diario\/2019\/09\/19\/fotografia-de-urbanizaciones\/#breadcrumb","itemListElement":[{"@type":"ListItem","position":1,"name":"Inicio","item":"https:\/\/www.fotografo-profesional.net\/diario\/"},{"@type":"ListItem","position":2,"name":"Fotograf\u00eda de urbanizaciones"}]},{"@type":"WebSite","@id":"https:\/\/www.fotografo-profesional.net\/diario\/#website","url":"https:\/\/www.fotografo-profesional.net\/diario\/","name":"Luis Miguel del Campo","description":"Blog de un fot\u00f3grafo profesional","potentialAction":[{"@type":"SearchAction","target":{"@type":"EntryPoint","urlTemplate":"https:\/\/www.fotografo-profesional.net\/diario\/?s={search_term_string}"},"query-input":"required name=search_term_string"}],"inLanguage":"es"},{"@type":"Person","@id":"https:\/\/www.fotografo-profesional.net\/diario\/#\/schema\/person\/220504871d765b4c30a0af1d2fe93533","name":"Luis Miguel del Campo","image":{"@type":"ImageObject","inLanguage":"es","@id":"https:\/\/www.fotografo-profesional.net\/diario\/#\/schema\/person\/image\/","url":"https:\/\/secure.gravatar.com\/avatar\/84bb1120095136de86f122a882a42d61?s=96&d=mm&r=g","contentUrl":"https:\/\/secure.gravatar.com\/avatar\/84bb1120095136de86f122a882a42d61?s=96&d=mm&r=g","caption":"Luis Miguel del Campo"},"url":"https:\/\/www.fotografo-profesional.net\/diario\/author\/admin_lmdc\/"}]}},"_links":{"self":[{"href":"https:\/\/www.fotografo-profesional.net\/diario\/wp-json\/wp\/v2\/posts\/801"}],"collection":[{"href":"https:\/\/www.fotografo-profesional.net\/diario\/wp-json\/wp\/v2\/posts"}],"about":[{"href":"https:\/\/www.fotografo-profesional.net\/diario\/wp-json\/wp\/v2\/types\/post"}],"author":[{"embeddable":true,"href":"https:\/\/www.fotografo-profesional.net\/diario\/wp-json\/wp\/v2\/users\/2"}],"replies":[{"embeddable":true,"href":"https:\/\/www.fotografo-profesional.net\/diario\/wp-json\/wp\/v2\/comments?post=801"}],"version-history":[{"count":2,"href":"https:\/\/www.fotografo-profesional.net\/diario\/wp-json\/wp\/v2\/posts\/801\/revisions"}],"predecessor-version":[{"id":808,"href":"https:\/\/www.fotografo-profesional.net\/diario\/wp-json\/wp\/v2\/posts\/801\/revisions\/808"}],"wp:featuredmedia":[{"embeddable":true,"href":"https:\/\/www.fotografo-profesional.net\/diario\/wp-json\/wp\/v2\/media\/807"}],"wp:attachment":[{"href":"https:\/\/www.fotografo-profesional.net\/diario\/wp-json\/wp\/v2\/media?parent=801"}],"wp:term":[{"taxonomy":"category","embeddable":true,"href":"https:\/\/www.fotografo-profesional.net\/diario\/wp-json\/wp\/v2\/categories?post=801"},{"taxonomy":"post_tag","embeddable":true,"href":"https:\/\/www.fotografo-profesional.net\/diario\/wp-json\/wp\/v2\/tags?post=801"}],"curies":[{"name":"wp","href":"https:\/\/api.w.org\/{rel}","templated":true}]}}