{"id":815,"date":"2019-10-02T18:09:14","date_gmt":"2019-10-02T16:09:14","guid":{"rendered":"https:\/\/www.fotografo-profesional.net\/diario\/?p=815"},"modified":"2019-10-02T18:09:16","modified_gmt":"2019-10-02T16:09:16","slug":"el-minusvalorado-oficio-de-fotografo","status":"publish","type":"post","link":"https:\/\/www.fotografo-profesional.net\/diario\/2019\/10\/02\/el-minusvalorado-oficio-de-fotografo\/","title":{"rendered":"El minusvalorado oficio de fot\u00f3grafo"},"content":{"rendered":"<p><img decoding=\"async\" class=\"alignnone size-full wp-image-821\" src=\"https:\/\/www.fotografo-profesional.net\/diario\/wp-content\/uploads\/2019\/10\/Fot\u00f3grafo-profesional-en-Madrid-LMC-0032.jpg\" alt=\"el minusvalorado oficio de fot\u00f3grafo\" width=\"600\" height=\"400\" srcset=\"https:\/\/www.fotografo-profesional.net\/diario\/wp-content\/uploads\/2019\/10\/Fot\u00f3grafo-profesional-en-Madrid-LMC-0032.jpg 600w, https:\/\/www.fotografo-profesional.net\/diario\/wp-content\/uploads\/2019\/10\/Fot\u00f3grafo-profesional-en-Madrid-LMC-0032-300x200.jpg 300w\" sizes=\"(max-width: 600px) 100vw, 600px\" \/><\/p>\n<p>El hecho de que hoy en d\u00eda todo el mundo tome fotograf\u00edas y sepa manejar, mejor o peor, programas de edici\u00f3n, ha hecho que se banalice mayoritariamente la apreciaci\u00f3n del trabajo, y que se minusvalore <strong>el oficio de fot\u00f3grafo<\/strong>.<br \/>\nTanto es as\u00ed, que en lo relativo a trabajos que toda la vida ha realizado un <a href=\"https:\/\/www.fotografo-profesional.net\/diario\/2019\/09\/04\/reproduccion-de-cuadros-para-catalogos\/\"><span style=\"color: #00ffff;\"><em>fot\u00f3grafo profesional<\/em><\/span><\/a> hoy en d\u00eda cualquiera se siente capacitado para desempe\u00f1arlo. Y ocurren desprop\u00f3sitos como la tristemente c\u00e9lebre restauraci\u00f3n del Ecce Homo de Borja. Que no dej\u00f3 de ser algo pat\u00e9tico, aunque produjera muchas risas.<br \/>\nAl igual que el intrusismo profesional en la restauraci\u00f3n de pinturas \u2013como el ejemplo citado-, m\u00e1s frecuentes son los que se producen en el mundo de la fotograf\u00eda, donde <strong>cualquiera que sabe manejar una c\u00e1mara compacta ya piensa que conoce el oficio de fot\u00f3grafo<\/strong> y se siente capacitado para llevar a cabo labores propias de \u00e9stos sin tener una m\u00ednima formaci\u00f3n. Algo que resulta, cuando menos, audaz.<br \/>\nLo peor de todo no es eso, sino que organismos oficiales den por buenos trabajos de calidad \u00ednfima, que sonrojan a cualquier persona con sentido com\u00fan y un m\u00ednimo de conocimientos b\u00e1sicos y buen gusto.<br \/>\nY, no solo eso, sino que una vez comprobada la deficiente resoluci\u00f3n con la que se han ejecutado no los retiren y busquen a otra persona cualificada que rehaga el trabajo, en vez de mantener la chapuza un a\u00f1o tras otro.<br \/>\nPara tener reflejado los ganadores de los cert\u00e1menes siempre se contrataba a una persona que ejerciera el oficio de fot\u00f3grafo, para tomar <a href=\"https:\/\/www.fotografo-profesional.net\/diario\/2019\/03\/28\/sesiones-de-estudio-con-maquillaje\/\"><span style=\"color: #00ffff;\"><em>im\u00e1genes de los galardonados en estudio<\/em><\/span><\/a> o durante la entrega del premio. De forma que dicha fotograf\u00eda se pudiera utilizar dignamente despu\u00e9s para promocionar el certamen.<br \/>\nLo que <strong>no resulta aceptable es promocionarlas con fotograf\u00edas desenfocadas o en cuya ampliaci\u00f3n quede p\u00edxelado el rostro<\/strong>. Y exponerlas p\u00fablicamente un a\u00f1o tras otro.<br \/>\nSi por la circunstancia que fuere no se ha podido fotografiar al galardonado y se ha tenido que utilizar una fotograf\u00eda de peque\u00f1o tama\u00f1o facilitada por la familia, un profesional sabr\u00eda resolver el problema para que lo anterior no sucediera.<br \/>\nAs\u00ed que, para una buena ejecuci\u00f3n de la tarea que se necesita, es conveniente encomend\u00e1rsela a una persona que conozca el oficio de fot\u00f3grafo.<\/p>\n","protected":false},"excerpt":{"rendered":"<p>El hecho de que hoy en d\u00eda todo el mundo tome fotograf\u00edas y sepa manejar, mejor o peor, programas de edici\u00f3n, ha hecho que se banalice mayoritariamente la apreciaci\u00f3n del trabajo, y que se minusvalore el oficio de fot\u00f3grafo. Tanto es as\u00ed, que en lo relativo a trabajos que toda la vida ha realizado un [&hellip;]<\/p>\n","protected":false},"author":2,"featured_media":821,"comment_status":"closed","ping_status":"open","sticky":false,"template":"","format":"standard","meta":[],"categories":[45,252,189,172,207],"tags":[117,59,119,120],"yoast_head":"<!-- This site is optimized with the Yoast SEO plugin v20.8 - https:\/\/yoast.com\/wordpress\/plugins\/seo\/ -->\n<title>El minusvalorado oficio de fot\u00f3grafo - Luis Miguel del Campo<\/title>\n<meta name=\"description\" content=\"Las labores propias de los profesionales se han de encomendar a quienes desmpe\u00f1en el oficio de fot\u00f3grafo si uno no quiere llevarse sorpresas.\" \/>\n<meta name=\"robots\" content=\"index, follow, max-snippet:-1, max-image-preview:large, max-video-preview:-1\" \/>\n<link rel=\"canonical\" href=\"https:\/\/www.fotografo-profesional.net\/diario\/2019\/10\/02\/el-minusvalorado-oficio-de-fotografo\/\" \/>\n<meta property=\"og:locale\" content=\"es_ES\" \/>\n<meta property=\"og:type\" content=\"article\" \/>\n<meta property=\"og:title\" content=\"El minusvalorado oficio de fot\u00f3grafo - Luis Miguel del Campo\" \/>\n<meta property=\"og:description\" content=\"Las labores propias de los profesionales se han de encomendar a quienes desmpe\u00f1en el oficio de fot\u00f3grafo si uno no quiere llevarse sorpresas.\" \/>\n<meta property=\"og:url\" content=\"https:\/\/www.fotografo-profesional.net\/diario\/2019\/10\/02\/el-minusvalorado-oficio-de-fotografo\/\" \/>\n<meta property=\"og:site_name\" content=\"Luis Miguel del Campo\" \/>\n<meta property=\"article:published_time\" content=\"2019-10-02T16:09:14+00:00\" \/>\n<meta property=\"article:modified_time\" content=\"2019-10-02T16:09:16+00:00\" \/>\n<meta property=\"og:image\" content=\"https:\/\/www.fotografo-profesional.net\/diario\/wp-content\/uploads\/2019\/10\/Fot\u00f3grafo-profesional-en-Madrid-LMC-0032.jpg\" \/>\n\t<meta property=\"og:image:width\" content=\"600\" \/>\n\t<meta property=\"og:image:height\" content=\"400\" \/>\n\t<meta property=\"og:image:type\" content=\"image\/jpeg\" \/>\n<meta name=\"author\" content=\"Luis Miguel del Campo\" \/>\n<meta name=\"twitter:card\" content=\"summary_large_image\" \/>\n<meta name=\"twitter:label1\" content=\"Escrito por\" \/>\n\t<meta name=\"twitter:data1\" content=\"Luis Miguel del Campo\" \/>\n\t<meta name=\"twitter:label2\" content=\"Tiempo de lectura\" \/>\n\t<meta name=\"twitter:data2\" content=\"2 minutos\" \/>\n<script type=\"application\/ld+json\" class=\"yoast-schema-graph\">{\"@context\":\"https:\/\/schema.org\",\"@graph\":[{\"@type\":\"WebPage\",\"@id\":\"https:\/\/www.fotografo-profesional.net\/diario\/2019\/10\/02\/el-minusvalorado-oficio-de-fotografo\/\",\"url\":\"https:\/\/www.fotografo-profesional.net\/diario\/2019\/10\/02\/el-minusvalorado-oficio-de-fotografo\/\",\"name\":\"El minusvalorado oficio de fot\u00f3grafo - Luis Miguel del Campo\",\"isPartOf\":{\"@id\":\"https:\/\/www.fotografo-profesional.net\/diario\/#website\"},\"datePublished\":\"2019-10-02T16:09:14+00:00\",\"dateModified\":\"2019-10-02T16:09:16+00:00\",\"author\":{\"@id\":\"https:\/\/www.fotografo-profesional.net\/diario\/#\/schema\/person\/220504871d765b4c30a0af1d2fe93533\"},\"description\":\"Las labores propias de los profesionales se han de encomendar a quienes desmpe\u00f1en el oficio de fot\u00f3grafo si uno no quiere llevarse sorpresas.\",\"breadcrumb\":{\"@id\":\"https:\/\/www.fotografo-profesional.net\/diario\/2019\/10\/02\/el-minusvalorado-oficio-de-fotografo\/#breadcrumb\"},\"inLanguage\":\"es\",\"potentialAction\":[{\"@type\":\"ReadAction\",\"target\":[\"https:\/\/www.fotografo-profesional.net\/diario\/2019\/10\/02\/el-minusvalorado-oficio-de-fotografo\/\"]}]},{\"@type\":\"BreadcrumbList\",\"@id\":\"https:\/\/www.fotografo-profesional.net\/diario\/2019\/10\/02\/el-minusvalorado-oficio-de-fotografo\/#breadcrumb\",\"itemListElement\":[{\"@type\":\"ListItem\",\"position\":1,\"name\":\"Inicio\",\"item\":\"https:\/\/www.fotografo-profesional.net\/diario\/\"},{\"@type\":\"ListItem\",\"position\":2,\"name\":\"El minusvalorado oficio de fot\u00f3grafo\"}]},{\"@type\":\"WebSite\",\"@id\":\"https:\/\/www.fotografo-profesional.net\/diario\/#website\",\"url\":\"https:\/\/www.fotografo-profesional.net\/diario\/\",\"name\":\"Luis Miguel del Campo\",\"description\":\"Blog de un fot\u00f3grafo profesional\",\"potentialAction\":[{\"@type\":\"SearchAction\",\"target\":{\"@type\":\"EntryPoint\",\"urlTemplate\":\"https:\/\/www.fotografo-profesional.net\/diario\/?s={search_term_string}\"},\"query-input\":\"required name=search_term_string\"}],\"inLanguage\":\"es\"},{\"@type\":\"Person\",\"@id\":\"https:\/\/www.fotografo-profesional.net\/diario\/#\/schema\/person\/220504871d765b4c30a0af1d2fe93533\",\"name\":\"Luis Miguel del Campo\",\"image\":{\"@type\":\"ImageObject\",\"inLanguage\":\"es\",\"@id\":\"https:\/\/www.fotografo-profesional.net\/diario\/#\/schema\/person\/image\/\",\"url\":\"https:\/\/secure.gravatar.com\/avatar\/84bb1120095136de86f122a882a42d61?s=96&d=mm&r=g\",\"contentUrl\":\"https:\/\/secure.gravatar.com\/avatar\/84bb1120095136de86f122a882a42d61?s=96&d=mm&r=g\",\"caption\":\"Luis Miguel del Campo\"},\"url\":\"https:\/\/www.fotografo-profesional.net\/diario\/author\/admin_lmdc\/\"}]}<\/script>\n<!-- \/ Yoast SEO plugin. -->","yoast_head_json":{"title":"El minusvalorado oficio de fot\u00f3grafo - Luis Miguel del Campo","description":"Las labores propias de los profesionales se han de encomendar a quienes desmpe\u00f1en el oficio de fot\u00f3grafo si uno no quiere llevarse sorpresas.","robots":{"index":"index","follow":"follow","max-snippet":"max-snippet:-1","max-image-preview":"max-image-preview:large","max-video-preview":"max-video-preview:-1"},"canonical":"https:\/\/www.fotografo-profesional.net\/diario\/2019\/10\/02\/el-minusvalorado-oficio-de-fotografo\/","og_locale":"es_ES","og_type":"article","og_title":"El minusvalorado oficio de fot\u00f3grafo - Luis Miguel del Campo","og_description":"Las labores propias de los profesionales se han de encomendar a quienes desmpe\u00f1en el oficio de fot\u00f3grafo si uno no quiere llevarse sorpresas.","og_url":"https:\/\/www.fotografo-profesional.net\/diario\/2019\/10\/02\/el-minusvalorado-oficio-de-fotografo\/","og_site_name":"Luis Miguel del Campo","article_published_time":"2019-10-02T16:09:14+00:00","article_modified_time":"2019-10-02T16:09:16+00:00","og_image":[{"width":600,"height":400,"url":"https:\/\/www.fotografo-profesional.net\/diario\/wp-content\/uploads\/2019\/10\/Fot\u00f3grafo-profesional-en-Madrid-LMC-0032.jpg","type":"image\/jpeg"}],"author":"Luis Miguel del Campo","twitter_card":"summary_large_image","twitter_misc":{"Escrito por":"Luis Miguel del Campo","Tiempo de lectura":"2 minutos"},"schema":{"@context":"https:\/\/schema.org","@graph":[{"@type":"WebPage","@id":"https:\/\/www.fotografo-profesional.net\/diario\/2019\/10\/02\/el-minusvalorado-oficio-de-fotografo\/","url":"https:\/\/www.fotografo-profesional.net\/diario\/2019\/10\/02\/el-minusvalorado-oficio-de-fotografo\/","name":"El minusvalorado oficio de fot\u00f3grafo - Luis Miguel del Campo","isPartOf":{"@id":"https:\/\/www.fotografo-profesional.net\/diario\/#website"},"datePublished":"2019-10-02T16:09:14+00:00","dateModified":"2019-10-02T16:09:16+00:00","author":{"@id":"https:\/\/www.fotografo-profesional.net\/diario\/#\/schema\/person\/220504871d765b4c30a0af1d2fe93533"},"description":"Las labores propias de los profesionales se han de encomendar a quienes desmpe\u00f1en el oficio de fot\u00f3grafo si uno no quiere llevarse sorpresas.","breadcrumb":{"@id":"https:\/\/www.fotografo-profesional.net\/diario\/2019\/10\/02\/el-minusvalorado-oficio-de-fotografo\/#breadcrumb"},"inLanguage":"es","potentialAction":[{"@type":"ReadAction","target":["https:\/\/www.fotografo-profesional.net\/diario\/2019\/10\/02\/el-minusvalorado-oficio-de-fotografo\/"]}]},{"@type":"BreadcrumbList","@id":"https:\/\/www.fotografo-profesional.net\/diario\/2019\/10\/02\/el-minusvalorado-oficio-de-fotografo\/#breadcrumb","itemListElement":[{"@type":"ListItem","position":1,"name":"Inicio","item":"https:\/\/www.fotografo-profesional.net\/diario\/"},{"@type":"ListItem","position":2,"name":"El minusvalorado oficio de fot\u00f3grafo"}]},{"@type":"WebSite","@id":"https:\/\/www.fotografo-profesional.net\/diario\/#website","url":"https:\/\/www.fotografo-profesional.net\/diario\/","name":"Luis Miguel del Campo","description":"Blog de un fot\u00f3grafo profesional","potentialAction":[{"@type":"SearchAction","target":{"@type":"EntryPoint","urlTemplate":"https:\/\/www.fotografo-profesional.net\/diario\/?s={search_term_string}"},"query-input":"required name=search_term_string"}],"inLanguage":"es"},{"@type":"Person","@id":"https:\/\/www.fotografo-profesional.net\/diario\/#\/schema\/person\/220504871d765b4c30a0af1d2fe93533","name":"Luis Miguel del Campo","image":{"@type":"ImageObject","inLanguage":"es","@id":"https:\/\/www.fotografo-profesional.net\/diario\/#\/schema\/person\/image\/","url":"https:\/\/secure.gravatar.com\/avatar\/84bb1120095136de86f122a882a42d61?s=96&d=mm&r=g","contentUrl":"https:\/\/secure.gravatar.com\/avatar\/84bb1120095136de86f122a882a42d61?s=96&d=mm&r=g","caption":"Luis Miguel del Campo"},"url":"https:\/\/www.fotografo-profesional.net\/diario\/author\/admin_lmdc\/"}]}},"_links":{"self":[{"href":"https:\/\/www.fotografo-profesional.net\/diario\/wp-json\/wp\/v2\/posts\/815"}],"collection":[{"href":"https:\/\/www.fotografo-profesional.net\/diario\/wp-json\/wp\/v2\/posts"}],"about":[{"href":"https:\/\/www.fotografo-profesional.net\/diario\/wp-json\/wp\/v2\/types\/post"}],"author":[{"embeddable":true,"href":"https:\/\/www.fotografo-profesional.net\/diario\/wp-json\/wp\/v2\/users\/2"}],"replies":[{"embeddable":true,"href":"https:\/\/www.fotografo-profesional.net\/diario\/wp-json\/wp\/v2\/comments?post=815"}],"version-history":[{"count":2,"href":"https:\/\/www.fotografo-profesional.net\/diario\/wp-json\/wp\/v2\/posts\/815\/revisions"}],"predecessor-version":[{"id":822,"href":"https:\/\/www.fotografo-profesional.net\/diario\/wp-json\/wp\/v2\/posts\/815\/revisions\/822"}],"wp:featuredmedia":[{"embeddable":true,"href":"https:\/\/www.fotografo-profesional.net\/diario\/wp-json\/wp\/v2\/media\/821"}],"wp:attachment":[{"href":"https:\/\/www.fotografo-profesional.net\/diario\/wp-json\/wp\/v2\/media?parent=815"}],"wp:term":[{"taxonomy":"category","embeddable":true,"href":"https:\/\/www.fotografo-profesional.net\/diario\/wp-json\/wp\/v2\/categories?post=815"},{"taxonomy":"post_tag","embeddable":true,"href":"https:\/\/www.fotografo-profesional.net\/diario\/wp-json\/wp\/v2\/tags?post=815"}],"curies":[{"name":"wp","href":"https:\/\/api.w.org\/{rel}","templated":true}]}}