{"id":824,"date":"2019-10-09T15:48:56","date_gmt":"2019-10-09T13:48:56","guid":{"rendered":"https:\/\/www.fotografo-profesional.net\/diario\/?p=824"},"modified":"2020-02-27T16:43:53","modified_gmt":"2020-02-27T15:43:53","slug":"fotografo-de-eventos-sociales","status":"publish","type":"post","link":"https:\/\/www.fotografo-profesional.net\/diario\/2019\/10\/09\/fotografo-de-eventos-sociales\/","title":{"rendered":"Fot\u00f3grafo de eventos sociales"},"content":{"rendered":"<p><img decoding=\"async\" class=\"size-full wp-image-829 aligncenter\" src=\"https:\/\/www.fotografo-profesional.net\/diario\/wp-content\/uploads\/2019\/10\/Fot\u00f3grafo-profesional-en-Madrid-LMC-0034.jpg\" alt=\"Fot\u00f3grafo de eventos sociales\" width=\"600\" height=\"450\" srcset=\"https:\/\/www.fotografo-profesional.net\/diario\/wp-content\/uploads\/2019\/10\/Fot\u00f3grafo-profesional-en-Madrid-LMC-0034.jpg 600w, https:\/\/www.fotografo-profesional.net\/diario\/wp-content\/uploads\/2019\/10\/Fot\u00f3grafo-profesional-en-Madrid-LMC-0034-300x225.jpg 300w\" sizes=\"(max-width: 600px) 100vw, 600px\" \/><\/p>\n<p>Hay innumerables ocasiones en las que se necesita contratar a un <strong>fot\u00f3grafo de eventos sociales<\/strong>; me refiero adem\u00e1s de en <a href=\"https:\/\/www.fotografo-profesional.net\/diario\/2019\/09\/28\/extras-dentro-de-las-celebraciones-de-boda\/\"><span style=\"color: #33cccc;\"><em>bodas<\/em><\/span><\/a>, bautizos y comuniones (BBC como se les suele denominar popularmente). Y es que el ser humano es un animal social.<br>Las asociaciones culturales organizan peri\u00f3dicamente actividades que desean que queden fielmente reflejadas en im\u00e1genes para tener constancia de ellas, poder justificar sus ayudas y, por supuesto, para que los asociados dispongan de recuerdos de esas actividades.<br>En la ocasi\u00f3n que refleja la fotograf\u00eda forma parte del <a href=\"\/servicios\/\" data-wplink-edit=\"true\"><span style=\"color: #33cccc;\"><em>reportaje fotogr\u00e1fico<\/em><\/span><\/a> de una feria intercultural en la que distintas asociaciones mostraban y ofrec\u00edan informaci\u00f3n de su cultura, de sus costumbres, de su gastronom\u00eda&#8230; como forma de conocimiento y fomento de la interculturalidad entre la poblaci\u00f3n.<br><strong>La Casa Argentina de Alcal\u00e1 y el Corredor del Henares necesitaba un fot\u00f3grafo de eventos sociales que capturara las actividades que iban a organizar en su caseta<\/strong>, por lo que se pusieron en contacto conmigo.<br>Adem\u00e1s de degustaci\u00f3n de mate y otros productos argentinos tambi\u00e9n hicieron una exhibici\u00f3n de parejas bailando tango en el escenario com\u00fan de la feria. Dicha muestra de baile la organizaron dos profesores de baile pertenecientes a la asociaci\u00f3n y varios alumnos suyos.<\/p>\n<p>Es muy frecuente que un fot\u00f3grafo de eventos sociales mientras realiza un <a href=\"https:\/\/www.fotografo-profesional.net\/diario\/2019\/05\/26\/reportaje-de-congreso-en-madrid\/\"><span style=\"color: #33cccc;\"><em>reportaje de congreso<\/em><\/span><\/a>, de una conferencia o de una feria como esta se encuentre con que tambi\u00e9n tiene que demostrar habilidades como fot\u00f3grafo de otras disciplinas, como puede ser el reportaje de danza o baile. Ha de estar preparado para todo. Al fin y al cabo, no deja de ser fotograf\u00eda de acci\u00f3n.<br>Aparte de capturar momentos con pasos vistosos del baile <strong>ha de cuidarse de emplear una velocidad de obturaci\u00f3n lo suficientemente alta para que las im\u00e1genes no resulten trepidadas<\/strong>, a la vez que disparar con una apertura de diafragma con la que las reacciones del p\u00fablico est\u00e9n tambi\u00e9n enfocadas. Algo, por otro lado, para lo que un fot\u00f3grafo de eventos sociales est\u00e1 acostumbrado y perfectamente preparado.<\/p>\n\n\n<p><\/p>\n","protected":false},"excerpt":{"rendered":"<p>Hay innumerables ocasiones en las que se necesita contratar a un fot\u00f3grafo de eventos sociales; me refiero adem\u00e1s de en bodas, bautizos y comuniones (BBC como se les suele denominar popularmente). Y es que el ser humano es un animal social.Las asociaciones culturales organizan peri\u00f3dicamente actividades que desean que queden fielmente reflejadas en im\u00e1genes para [&hellip;]<\/p>\n","protected":false},"author":2,"featured_media":829,"comment_status":"closed","ping_status":"open","sticky":false,"template":"","format":"standard","meta":[],"categories":[161,188,189,172,207,116],"tags":[165,117,59,119,120],"yoast_head":"<!-- This site is optimized with the Yoast SEO plugin v20.8 - https:\/\/yoast.com\/wordpress\/plugins\/seo\/ -->\n<title>Fot\u00f3grafo de eventos sociales - Luis Miguel del Campo<\/title>\n<meta name=\"description\" content=\"En cualquier reportaje se pueden dar situaciones en las que un fot\u00f3grafo de eventos sociales tenga que utilizar sus habilidades como fot\u00f3grafo de acci\u00f3n.\" \/>\n<meta name=\"robots\" content=\"index, follow, max-snippet:-1, max-image-preview:large, max-video-preview:-1\" \/>\n<link rel=\"canonical\" href=\"https:\/\/www.fotografo-profesional.net\/diario\/2019\/10\/09\/fotografo-de-eventos-sociales\/\" \/>\n<meta property=\"og:locale\" content=\"es_ES\" \/>\n<meta property=\"og:type\" content=\"article\" \/>\n<meta property=\"og:title\" content=\"Fot\u00f3grafo de eventos sociales - Luis Miguel del Campo\" \/>\n<meta property=\"og:description\" content=\"En cualquier reportaje se pueden dar situaciones en las que un fot\u00f3grafo de eventos sociales tenga que utilizar sus habilidades como fot\u00f3grafo de acci\u00f3n.\" \/>\n<meta property=\"og:url\" content=\"https:\/\/www.fotografo-profesional.net\/diario\/2019\/10\/09\/fotografo-de-eventos-sociales\/\" \/>\n<meta property=\"og:site_name\" content=\"Luis Miguel del Campo\" \/>\n<meta property=\"article:published_time\" content=\"2019-10-09T13:48:56+00:00\" \/>\n<meta property=\"article:modified_time\" content=\"2020-02-27T15:43:53+00:00\" \/>\n<meta property=\"og:image\" content=\"https:\/\/www.fotografo-profesional.net\/diario\/wp-content\/uploads\/2019\/10\/Fot\u00f3grafo-profesional-en-Madrid-LMC-0034.jpg\" \/>\n\t<meta property=\"og:image:width\" content=\"600\" \/>\n\t<meta property=\"og:image:height\" content=\"450\" \/>\n\t<meta property=\"og:image:type\" content=\"image\/jpeg\" \/>\n<meta name=\"author\" content=\"Luis Miguel del Campo\" \/>\n<meta name=\"twitter:card\" content=\"summary_large_image\" \/>\n<meta name=\"twitter:label1\" content=\"Escrito por\" \/>\n\t<meta name=\"twitter:data1\" content=\"Luis Miguel del Campo\" \/>\n\t<meta name=\"twitter:label2\" content=\"Tiempo de lectura\" \/>\n\t<meta name=\"twitter:data2\" content=\"2 minutos\" \/>\n<script type=\"application\/ld+json\" class=\"yoast-schema-graph\">{\"@context\":\"https:\/\/schema.org\",\"@graph\":[{\"@type\":\"WebPage\",\"@id\":\"https:\/\/www.fotografo-profesional.net\/diario\/2019\/10\/09\/fotografo-de-eventos-sociales\/\",\"url\":\"https:\/\/www.fotografo-profesional.net\/diario\/2019\/10\/09\/fotografo-de-eventos-sociales\/\",\"name\":\"Fot\u00f3grafo de eventos sociales - Luis Miguel del Campo\",\"isPartOf\":{\"@id\":\"https:\/\/www.fotografo-profesional.net\/diario\/#website\"},\"datePublished\":\"2019-10-09T13:48:56+00:00\",\"dateModified\":\"2020-02-27T15:43:53+00:00\",\"author\":{\"@id\":\"https:\/\/www.fotografo-profesional.net\/diario\/#\/schema\/person\/220504871d765b4c30a0af1d2fe93533\"},\"description\":\"En cualquier reportaje se pueden dar situaciones en las que un fot\u00f3grafo de eventos sociales tenga que utilizar sus habilidades como fot\u00f3grafo de acci\u00f3n.\",\"breadcrumb\":{\"@id\":\"https:\/\/www.fotografo-profesional.net\/diario\/2019\/10\/09\/fotografo-de-eventos-sociales\/#breadcrumb\"},\"inLanguage\":\"es\",\"potentialAction\":[{\"@type\":\"ReadAction\",\"target\":[\"https:\/\/www.fotografo-profesional.net\/diario\/2019\/10\/09\/fotografo-de-eventos-sociales\/\"]}]},{\"@type\":\"BreadcrumbList\",\"@id\":\"https:\/\/www.fotografo-profesional.net\/diario\/2019\/10\/09\/fotografo-de-eventos-sociales\/#breadcrumb\",\"itemListElement\":[{\"@type\":\"ListItem\",\"position\":1,\"name\":\"Inicio\",\"item\":\"https:\/\/www.fotografo-profesional.net\/diario\/\"},{\"@type\":\"ListItem\",\"position\":2,\"name\":\"Fot\u00f3grafo de eventos sociales\"}]},{\"@type\":\"WebSite\",\"@id\":\"https:\/\/www.fotografo-profesional.net\/diario\/#website\",\"url\":\"https:\/\/www.fotografo-profesional.net\/diario\/\",\"name\":\"Luis Miguel del Campo\",\"description\":\"Blog de un fot\u00f3grafo profesional\",\"potentialAction\":[{\"@type\":\"SearchAction\",\"target\":{\"@type\":\"EntryPoint\",\"urlTemplate\":\"https:\/\/www.fotografo-profesional.net\/diario\/?s={search_term_string}\"},\"query-input\":\"required name=search_term_string\"}],\"inLanguage\":\"es\"},{\"@type\":\"Person\",\"@id\":\"https:\/\/www.fotografo-profesional.net\/diario\/#\/schema\/person\/220504871d765b4c30a0af1d2fe93533\",\"name\":\"Luis Miguel del Campo\",\"image\":{\"@type\":\"ImageObject\",\"inLanguage\":\"es\",\"@id\":\"https:\/\/www.fotografo-profesional.net\/diario\/#\/schema\/person\/image\/\",\"url\":\"https:\/\/secure.gravatar.com\/avatar\/84bb1120095136de86f122a882a42d61?s=96&d=mm&r=g\",\"contentUrl\":\"https:\/\/secure.gravatar.com\/avatar\/84bb1120095136de86f122a882a42d61?s=96&d=mm&r=g\",\"caption\":\"Luis Miguel del Campo\"},\"url\":\"https:\/\/www.fotografo-profesional.net\/diario\/author\/admin_lmdc\/\"}]}<\/script>\n<!-- \/ Yoast SEO plugin. -->","yoast_head_json":{"title":"Fot\u00f3grafo de eventos sociales - Luis Miguel del Campo","description":"En cualquier reportaje se pueden dar situaciones en las que un fot\u00f3grafo de eventos sociales tenga que utilizar sus habilidades como fot\u00f3grafo de acci\u00f3n.","robots":{"index":"index","follow":"follow","max-snippet":"max-snippet:-1","max-image-preview":"max-image-preview:large","max-video-preview":"max-video-preview:-1"},"canonical":"https:\/\/www.fotografo-profesional.net\/diario\/2019\/10\/09\/fotografo-de-eventos-sociales\/","og_locale":"es_ES","og_type":"article","og_title":"Fot\u00f3grafo de eventos sociales - Luis Miguel del Campo","og_description":"En cualquier reportaje se pueden dar situaciones en las que un fot\u00f3grafo de eventos sociales tenga que utilizar sus habilidades como fot\u00f3grafo de acci\u00f3n.","og_url":"https:\/\/www.fotografo-profesional.net\/diario\/2019\/10\/09\/fotografo-de-eventos-sociales\/","og_site_name":"Luis Miguel del Campo","article_published_time":"2019-10-09T13:48:56+00:00","article_modified_time":"2020-02-27T15:43:53+00:00","og_image":[{"width":600,"height":450,"url":"https:\/\/www.fotografo-profesional.net\/diario\/wp-content\/uploads\/2019\/10\/Fot\u00f3grafo-profesional-en-Madrid-LMC-0034.jpg","type":"image\/jpeg"}],"author":"Luis Miguel del Campo","twitter_card":"summary_large_image","twitter_misc":{"Escrito por":"Luis Miguel del Campo","Tiempo de lectura":"2 minutos"},"schema":{"@context":"https:\/\/schema.org","@graph":[{"@type":"WebPage","@id":"https:\/\/www.fotografo-profesional.net\/diario\/2019\/10\/09\/fotografo-de-eventos-sociales\/","url":"https:\/\/www.fotografo-profesional.net\/diario\/2019\/10\/09\/fotografo-de-eventos-sociales\/","name":"Fot\u00f3grafo de eventos sociales - Luis Miguel del Campo","isPartOf":{"@id":"https:\/\/www.fotografo-profesional.net\/diario\/#website"},"datePublished":"2019-10-09T13:48:56+00:00","dateModified":"2020-02-27T15:43:53+00:00","author":{"@id":"https:\/\/www.fotografo-profesional.net\/diario\/#\/schema\/person\/220504871d765b4c30a0af1d2fe93533"},"description":"En cualquier reportaje se pueden dar situaciones en las que un fot\u00f3grafo de eventos sociales tenga que utilizar sus habilidades como fot\u00f3grafo de acci\u00f3n.","breadcrumb":{"@id":"https:\/\/www.fotografo-profesional.net\/diario\/2019\/10\/09\/fotografo-de-eventos-sociales\/#breadcrumb"},"inLanguage":"es","potentialAction":[{"@type":"ReadAction","target":["https:\/\/www.fotografo-profesional.net\/diario\/2019\/10\/09\/fotografo-de-eventos-sociales\/"]}]},{"@type":"BreadcrumbList","@id":"https:\/\/www.fotografo-profesional.net\/diario\/2019\/10\/09\/fotografo-de-eventos-sociales\/#breadcrumb","itemListElement":[{"@type":"ListItem","position":1,"name":"Inicio","item":"https:\/\/www.fotografo-profesional.net\/diario\/"},{"@type":"ListItem","position":2,"name":"Fot\u00f3grafo de eventos sociales"}]},{"@type":"WebSite","@id":"https:\/\/www.fotografo-profesional.net\/diario\/#website","url":"https:\/\/www.fotografo-profesional.net\/diario\/","name":"Luis Miguel del Campo","description":"Blog de un fot\u00f3grafo profesional","potentialAction":[{"@type":"SearchAction","target":{"@type":"EntryPoint","urlTemplate":"https:\/\/www.fotografo-profesional.net\/diario\/?s={search_term_string}"},"query-input":"required name=search_term_string"}],"inLanguage":"es"},{"@type":"Person","@id":"https:\/\/www.fotografo-profesional.net\/diario\/#\/schema\/person\/220504871d765b4c30a0af1d2fe93533","name":"Luis Miguel del Campo","image":{"@type":"ImageObject","inLanguage":"es","@id":"https:\/\/www.fotografo-profesional.net\/diario\/#\/schema\/person\/image\/","url":"https:\/\/secure.gravatar.com\/avatar\/84bb1120095136de86f122a882a42d61?s=96&d=mm&r=g","contentUrl":"https:\/\/secure.gravatar.com\/avatar\/84bb1120095136de86f122a882a42d61?s=96&d=mm&r=g","caption":"Luis Miguel del Campo"},"url":"https:\/\/www.fotografo-profesional.net\/diario\/author\/admin_lmdc\/"}]}},"_links":{"self":[{"href":"https:\/\/www.fotografo-profesional.net\/diario\/wp-json\/wp\/v2\/posts\/824"}],"collection":[{"href":"https:\/\/www.fotografo-profesional.net\/diario\/wp-json\/wp\/v2\/posts"}],"about":[{"href":"https:\/\/www.fotografo-profesional.net\/diario\/wp-json\/wp\/v2\/types\/post"}],"author":[{"embeddable":true,"href":"https:\/\/www.fotografo-profesional.net\/diario\/wp-json\/wp\/v2\/users\/2"}],"replies":[{"embeddable":true,"href":"https:\/\/www.fotografo-profesional.net\/diario\/wp-json\/wp\/v2\/comments?post=824"}],"version-history":[{"count":4,"href":"https:\/\/www.fotografo-profesional.net\/diario\/wp-json\/wp\/v2\/posts\/824\/revisions"}],"predecessor-version":[{"id":1050,"href":"https:\/\/www.fotografo-profesional.net\/diario\/wp-json\/wp\/v2\/posts\/824\/revisions\/1050"}],"wp:featuredmedia":[{"embeddable":true,"href":"https:\/\/www.fotografo-profesional.net\/diario\/wp-json\/wp\/v2\/media\/829"}],"wp:attachment":[{"href":"https:\/\/www.fotografo-profesional.net\/diario\/wp-json\/wp\/v2\/media?parent=824"}],"wp:term":[{"taxonomy":"category","embeddable":true,"href":"https:\/\/www.fotografo-profesional.net\/diario\/wp-json\/wp\/v2\/categories?post=824"},{"taxonomy":"post_tag","embeddable":true,"href":"https:\/\/www.fotografo-profesional.net\/diario\/wp-json\/wp\/v2\/tags?post=824"}],"curies":[{"name":"wp","href":"https:\/\/api.w.org\/{rel}","templated":true}]}}