{"id":828,"date":"2019-10-12T13:27:30","date_gmt":"2019-10-12T11:27:30","guid":{"rendered":"https:\/\/www.fotografo-profesional.net\/diario\/?p=828"},"modified":"2019-10-12T13:27:33","modified_gmt":"2019-10-12T11:27:33","slug":"fotografo-de-bodas-en-pueblos","status":"publish","type":"post","link":"https:\/\/www.fotografo-profesional.net\/diario\/2019\/10\/12\/fotografo-de-bodas-en-pueblos\/","title":{"rendered":"Fot\u00f3grafo de bodas en pueblos"},"content":{"rendered":"<p><img decoding=\"async\" class=\"alignnone size-full wp-image-834\" src=\"https:\/\/www.fotografo-profesional.net\/diario\/wp-content\/uploads\/2019\/10\/Fot\u00f3grafo-profesional-en-Madrid-LMC-0035.jpg\" alt=\"Fot\u00f3grafo de bodas en pueblos\" width=\"600\" height=\"450\" srcset=\"https:\/\/www.fotografo-profesional.net\/diario\/wp-content\/uploads\/2019\/10\/Fot\u00f3grafo-profesional-en-Madrid-LMC-0035.jpg 600w, https:\/\/www.fotografo-profesional.net\/diario\/wp-content\/uploads\/2019\/10\/Fot\u00f3grafo-profesional-en-Madrid-LMC-0035-300x225.jpg 300w\" sizes=\"(max-width: 600px) 100vw, 600px\" \/><\/p>\n<p>La mayor\u00eda de las veces asocian las bodas a las ciudades, pero se tambi\u00e9n hay casamientos en pueblos; y no por ello las parejas buscan un<strong> fot\u00f3grafo de bodas<\/strong> en pueblos. Para un <a href=\"https:\/\/www.fotografo-profesional.net\/diario\/2018\/02\/24\/consejos-para-reportajes-de-boda-i\/\"><span style=\"color: #33cccc;\"><em>fot\u00f3grafo profesional de bodas<\/em><\/span><\/a> la circunstancia del tama\u00f1o de la poblaci\u00f3n en la que se vaya a celebrar la ceremonia de boda var\u00eda poco su forma de trabajar. Tanto si es una <span style=\"color: #000000;\">ceremonia religiosa<\/span> como si se trata de una boda civil.<br \/>\nEl <a href=\"https:\/\/www.fotografo-profesional.net\/diario\/2019\/04\/19\/proceso-de-trabajo-en-bodas\/\"><span style=\"color: #33cccc;\"><em>proceso de trabajo durante el reportaje de boda<\/em><\/span><\/a> es similar. Las ceremonias son iguales, las costumbres al acabar, tambi\u00e9n.<br \/>\n<strong>Lo que s\u00ed hace un fot\u00f3grafo de bodas en pueblos es no desperdiciar el marco que se le ofrece,<\/strong> que de alguna forma es lo que distingue a esa boda de cualquier otra.<br \/>\nSiempre es bueno situar los acontecimientos, sin obsesionarte con ello pero dejando reflejada la ubicaci\u00f3n dentro de lo posible. Hacer fotograf\u00edas en las que aparezcan de fondo antiguas casas bajas, edificios caracter\u00edsticos de la poblaci\u00f3n o las casas de los novios si es el caso. En este caso no se daba esa circunstancia, pero al llegar al ayuntamiento vi la forma de ubicar a cualquier persona que viera el reportaje, ya que en la fachada estaba el nombre de la localidad. As\u00ed que llev\u00e9 a ese punto a los reci\u00e9n casados para tomar una de las fotograf\u00edas nada m\u00e1s acabar la ceremonia.<br \/>\nHay m\u00e1s recursos de este tipo que puede utilizar un fot\u00f3grafo de bodas en pueblos.<br \/>\nDe hecho, algunas de las t\u00edpicas fotograf\u00edas de grupo en las que los reci\u00e9n casados quieren posar con familiares del novio primero, con los amigos despu\u00e9s, con los familiares de la novia m\u00e1s tarde, las fui tomando sobre distintos<a href=\"https:\/\/www.fotografo-profesional.net\/diario\/2018\/12\/27\/fotografias-de-boda-con-encanto\/\"><span style=\"color: #33cccc;\"><em> fondos con las t\u00edpicas casas bajas alcarre\u00f1as<\/em><\/span><\/a>. Tambi\u00e9n en la plaza del ayuntamiento, desde la que se ve\u00eda la iglesia del pueblo. En fin, siempre variando ligeramente el emplazamiento para que hubiera diversidad de una fotograf\u00eda a otra y le resultaran aburridas a las personas que no estuvieron en el enlace y las vieran posteriormente.<br \/>\nEsos y otros trucos puede usar un fot\u00f3grafo de bodas en pueblos para que su reportaje se distinga del que ha hecho en cualquier otra ciudad. Es algo que los novios saben apreciar, y agradecen.<br \/>\n<strong>Si el pueblo adem\u00e1s tiene inter\u00e9s hist\u00f3rico art\u00edstico, el hacer un reportaje original y con fondos bellos es mucho m\u00e1s sencillo<\/strong>. Si no es el caso, siempre se pueden utilizar trucos como los anteriores.<\/p>\n","protected":false},"excerpt":{"rendered":"<p>La mayor\u00eda de las veces asocian las bodas a las ciudades, pero se tambi\u00e9n hay casamientos en pueblos; y no por ello las parejas buscan un fot\u00f3grafo de bodas en pueblos. Para un fot\u00f3grafo profesional de bodas la circunstancia del tama\u00f1o de la poblaci\u00f3n en la que se vaya a celebrar la ceremonia de boda [&hellip;]<\/p>\n","protected":false},"author":2,"featured_media":834,"comment_status":"closed","ping_status":"open","sticky":false,"template":"","format":"standard","meta":[],"categories":[254,255,45,189,174,172,207],"tags":[290,291,303,117,59,119,120],"yoast_head":"<!-- This site is optimized with the Yoast SEO plugin v20.8 - https:\/\/yoast.com\/wordpress\/plugins\/seo\/ -->\n<title>Fot\u00f3grafo de bodas en pueblos - Luis Miguel del Campo<\/title>\n<meta name=\"description\" content=\"Un fot\u00f3grafo de bodas en pueblos tiene formas de potenciar las im\u00e1genes para que tengan un toque distintivo respecto a las que se toman en ciudades.\" \/>\n<meta name=\"robots\" content=\"index, follow, max-snippet:-1, max-image-preview:large, max-video-preview:-1\" \/>\n<link rel=\"canonical\" href=\"https:\/\/www.fotografo-profesional.net\/diario\/2019\/10\/12\/fotografo-de-bodas-en-pueblos\/\" \/>\n<meta property=\"og:locale\" content=\"es_ES\" \/>\n<meta property=\"og:type\" content=\"article\" \/>\n<meta property=\"og:title\" content=\"Fot\u00f3grafo de bodas en pueblos - Luis Miguel del Campo\" \/>\n<meta property=\"og:description\" content=\"Un fot\u00f3grafo de bodas en pueblos tiene formas de potenciar las im\u00e1genes para que tengan un toque distintivo respecto a las que se toman en ciudades.\" \/>\n<meta property=\"og:url\" content=\"https:\/\/www.fotografo-profesional.net\/diario\/2019\/10\/12\/fotografo-de-bodas-en-pueblos\/\" \/>\n<meta property=\"og:site_name\" content=\"Luis Miguel del Campo\" \/>\n<meta property=\"article:published_time\" content=\"2019-10-12T11:27:30+00:00\" \/>\n<meta property=\"article:modified_time\" content=\"2019-10-12T11:27:33+00:00\" \/>\n<meta property=\"og:image\" content=\"https:\/\/www.fotografo-profesional.net\/diario\/wp-content\/uploads\/2019\/10\/Fot\u00f3grafo-profesional-en-Madrid-LMC-0035.jpg\" \/>\n\t<meta property=\"og:image:width\" content=\"600\" \/>\n\t<meta property=\"og:image:height\" content=\"450\" \/>\n\t<meta property=\"og:image:type\" content=\"image\/jpeg\" \/>\n<meta name=\"author\" content=\"Luis Miguel del Campo\" \/>\n<meta name=\"twitter:card\" content=\"summary_large_image\" \/>\n<meta name=\"twitter:label1\" content=\"Escrito por\" \/>\n\t<meta name=\"twitter:data1\" content=\"Luis Miguel del Campo\" \/>\n\t<meta name=\"twitter:label2\" content=\"Tiempo de lectura\" \/>\n\t<meta name=\"twitter:data2\" content=\"2 minutos\" \/>\n<script type=\"application\/ld+json\" class=\"yoast-schema-graph\">{\"@context\":\"https:\/\/schema.org\",\"@graph\":[{\"@type\":\"WebPage\",\"@id\":\"https:\/\/www.fotografo-profesional.net\/diario\/2019\/10\/12\/fotografo-de-bodas-en-pueblos\/\",\"url\":\"https:\/\/www.fotografo-profesional.net\/diario\/2019\/10\/12\/fotografo-de-bodas-en-pueblos\/\",\"name\":\"Fot\u00f3grafo de bodas en pueblos - Luis Miguel del Campo\",\"isPartOf\":{\"@id\":\"https:\/\/www.fotografo-profesional.net\/diario\/#website\"},\"datePublished\":\"2019-10-12T11:27:30+00:00\",\"dateModified\":\"2019-10-12T11:27:33+00:00\",\"author\":{\"@id\":\"https:\/\/www.fotografo-profesional.net\/diario\/#\/schema\/person\/220504871d765b4c30a0af1d2fe93533\"},\"description\":\"Un fot\u00f3grafo de bodas en pueblos tiene formas de potenciar las im\u00e1genes para que tengan un toque distintivo respecto a las que se toman en ciudades.\",\"breadcrumb\":{\"@id\":\"https:\/\/www.fotografo-profesional.net\/diario\/2019\/10\/12\/fotografo-de-bodas-en-pueblos\/#breadcrumb\"},\"inLanguage\":\"es\",\"potentialAction\":[{\"@type\":\"ReadAction\",\"target\":[\"https:\/\/www.fotografo-profesional.net\/diario\/2019\/10\/12\/fotografo-de-bodas-en-pueblos\/\"]}]},{\"@type\":\"BreadcrumbList\",\"@id\":\"https:\/\/www.fotografo-profesional.net\/diario\/2019\/10\/12\/fotografo-de-bodas-en-pueblos\/#breadcrumb\",\"itemListElement\":[{\"@type\":\"ListItem\",\"position\":1,\"name\":\"Inicio\",\"item\":\"https:\/\/www.fotografo-profesional.net\/diario\/\"},{\"@type\":\"ListItem\",\"position\":2,\"name\":\"Fot\u00f3grafo de bodas en pueblos\"}]},{\"@type\":\"WebSite\",\"@id\":\"https:\/\/www.fotografo-profesional.net\/diario\/#website\",\"url\":\"https:\/\/www.fotografo-profesional.net\/diario\/\",\"name\":\"Luis Miguel del Campo\",\"description\":\"Blog de un fot\u00f3grafo profesional\",\"potentialAction\":[{\"@type\":\"SearchAction\",\"target\":{\"@type\":\"EntryPoint\",\"urlTemplate\":\"https:\/\/www.fotografo-profesional.net\/diario\/?s={search_term_string}\"},\"query-input\":\"required name=search_term_string\"}],\"inLanguage\":\"es\"},{\"@type\":\"Person\",\"@id\":\"https:\/\/www.fotografo-profesional.net\/diario\/#\/schema\/person\/220504871d765b4c30a0af1d2fe93533\",\"name\":\"Luis Miguel del Campo\",\"image\":{\"@type\":\"ImageObject\",\"inLanguage\":\"es\",\"@id\":\"https:\/\/www.fotografo-profesional.net\/diario\/#\/schema\/person\/image\/\",\"url\":\"https:\/\/secure.gravatar.com\/avatar\/84bb1120095136de86f122a882a42d61?s=96&d=mm&r=g\",\"contentUrl\":\"https:\/\/secure.gravatar.com\/avatar\/84bb1120095136de86f122a882a42d61?s=96&d=mm&r=g\",\"caption\":\"Luis Miguel del Campo\"},\"url\":\"https:\/\/www.fotografo-profesional.net\/diario\/author\/admin_lmdc\/\"}]}<\/script>\n<!-- \/ Yoast SEO plugin. -->","yoast_head_json":{"title":"Fot\u00f3grafo de bodas en pueblos - Luis Miguel del Campo","description":"Un fot\u00f3grafo de bodas en pueblos tiene formas de potenciar las im\u00e1genes para que tengan un toque distintivo respecto a las que se toman en ciudades.","robots":{"index":"index","follow":"follow","max-snippet":"max-snippet:-1","max-image-preview":"max-image-preview:large","max-video-preview":"max-video-preview:-1"},"canonical":"https:\/\/www.fotografo-profesional.net\/diario\/2019\/10\/12\/fotografo-de-bodas-en-pueblos\/","og_locale":"es_ES","og_type":"article","og_title":"Fot\u00f3grafo de bodas en pueblos - Luis Miguel del Campo","og_description":"Un fot\u00f3grafo de bodas en pueblos tiene formas de potenciar las im\u00e1genes para que tengan un toque distintivo respecto a las que se toman en ciudades.","og_url":"https:\/\/www.fotografo-profesional.net\/diario\/2019\/10\/12\/fotografo-de-bodas-en-pueblos\/","og_site_name":"Luis Miguel del Campo","article_published_time":"2019-10-12T11:27:30+00:00","article_modified_time":"2019-10-12T11:27:33+00:00","og_image":[{"width":600,"height":450,"url":"https:\/\/www.fotografo-profesional.net\/diario\/wp-content\/uploads\/2019\/10\/Fot\u00f3grafo-profesional-en-Madrid-LMC-0035.jpg","type":"image\/jpeg"}],"author":"Luis Miguel del Campo","twitter_card":"summary_large_image","twitter_misc":{"Escrito por":"Luis Miguel del Campo","Tiempo de lectura":"2 minutos"},"schema":{"@context":"https:\/\/schema.org","@graph":[{"@type":"WebPage","@id":"https:\/\/www.fotografo-profesional.net\/diario\/2019\/10\/12\/fotografo-de-bodas-en-pueblos\/","url":"https:\/\/www.fotografo-profesional.net\/diario\/2019\/10\/12\/fotografo-de-bodas-en-pueblos\/","name":"Fot\u00f3grafo de bodas en pueblos - Luis Miguel del Campo","isPartOf":{"@id":"https:\/\/www.fotografo-profesional.net\/diario\/#website"},"datePublished":"2019-10-12T11:27:30+00:00","dateModified":"2019-10-12T11:27:33+00:00","author":{"@id":"https:\/\/www.fotografo-profesional.net\/diario\/#\/schema\/person\/220504871d765b4c30a0af1d2fe93533"},"description":"Un fot\u00f3grafo de bodas en pueblos tiene formas de potenciar las im\u00e1genes para que tengan un toque distintivo respecto a las que se toman en ciudades.","breadcrumb":{"@id":"https:\/\/www.fotografo-profesional.net\/diario\/2019\/10\/12\/fotografo-de-bodas-en-pueblos\/#breadcrumb"},"inLanguage":"es","potentialAction":[{"@type":"ReadAction","target":["https:\/\/www.fotografo-profesional.net\/diario\/2019\/10\/12\/fotografo-de-bodas-en-pueblos\/"]}]},{"@type":"BreadcrumbList","@id":"https:\/\/www.fotografo-profesional.net\/diario\/2019\/10\/12\/fotografo-de-bodas-en-pueblos\/#breadcrumb","itemListElement":[{"@type":"ListItem","position":1,"name":"Inicio","item":"https:\/\/www.fotografo-profesional.net\/diario\/"},{"@type":"ListItem","position":2,"name":"Fot\u00f3grafo de bodas en pueblos"}]},{"@type":"WebSite","@id":"https:\/\/www.fotografo-profesional.net\/diario\/#website","url":"https:\/\/www.fotografo-profesional.net\/diario\/","name":"Luis Miguel del Campo","description":"Blog de un fot\u00f3grafo profesional","potentialAction":[{"@type":"SearchAction","target":{"@type":"EntryPoint","urlTemplate":"https:\/\/www.fotografo-profesional.net\/diario\/?s={search_term_string}"},"query-input":"required name=search_term_string"}],"inLanguage":"es"},{"@type":"Person","@id":"https:\/\/www.fotografo-profesional.net\/diario\/#\/schema\/person\/220504871d765b4c30a0af1d2fe93533","name":"Luis Miguel del Campo","image":{"@type":"ImageObject","inLanguage":"es","@id":"https:\/\/www.fotografo-profesional.net\/diario\/#\/schema\/person\/image\/","url":"https:\/\/secure.gravatar.com\/avatar\/84bb1120095136de86f122a882a42d61?s=96&d=mm&r=g","contentUrl":"https:\/\/secure.gravatar.com\/avatar\/84bb1120095136de86f122a882a42d61?s=96&d=mm&r=g","caption":"Luis Miguel del Campo"},"url":"https:\/\/www.fotografo-profesional.net\/diario\/author\/admin_lmdc\/"}]}},"_links":{"self":[{"href":"https:\/\/www.fotografo-profesional.net\/diario\/wp-json\/wp\/v2\/posts\/828"}],"collection":[{"href":"https:\/\/www.fotografo-profesional.net\/diario\/wp-json\/wp\/v2\/posts"}],"about":[{"href":"https:\/\/www.fotografo-profesional.net\/diario\/wp-json\/wp\/v2\/types\/post"}],"author":[{"embeddable":true,"href":"https:\/\/www.fotografo-profesional.net\/diario\/wp-json\/wp\/v2\/users\/2"}],"replies":[{"embeddable":true,"href":"https:\/\/www.fotografo-profesional.net\/diario\/wp-json\/wp\/v2\/comments?post=828"}],"version-history":[{"count":3,"href":"https:\/\/www.fotografo-profesional.net\/diario\/wp-json\/wp\/v2\/posts\/828\/revisions"}],"predecessor-version":[{"id":836,"href":"https:\/\/www.fotografo-profesional.net\/diario\/wp-json\/wp\/v2\/posts\/828\/revisions\/836"}],"wp:featuredmedia":[{"embeddable":true,"href":"https:\/\/www.fotografo-profesional.net\/diario\/wp-json\/wp\/v2\/media\/834"}],"wp:attachment":[{"href":"https:\/\/www.fotografo-profesional.net\/diario\/wp-json\/wp\/v2\/media?parent=828"}],"wp:term":[{"taxonomy":"category","embeddable":true,"href":"https:\/\/www.fotografo-profesional.net\/diario\/wp-json\/wp\/v2\/categories?post=828"},{"taxonomy":"post_tag","embeddable":true,"href":"https:\/\/www.fotografo-profesional.net\/diario\/wp-json\/wp\/v2\/tags?post=828"}],"curies":[{"name":"wp","href":"https:\/\/api.w.org\/{rel}","templated":true}]}}