{"id":886,"date":"2019-11-19T18:10:14","date_gmt":"2019-11-19T17:10:14","guid":{"rendered":"https:\/\/www.fotografo-profesional.net\/diario\/?p=886"},"modified":"2019-11-19T18:10:16","modified_gmt":"2019-11-19T17:10:16","slug":"fotografia-de-eventos-empresariales","status":"publish","type":"post","link":"https:\/\/www.fotografo-profesional.net\/diario\/2019\/11\/19\/fotografia-de-eventos-empresariales\/","title":{"rendered":"Fotograf\u00eda de eventos empresariales"},"content":{"rendered":"<p><img decoding=\"async\" class=\"alignnone size-full wp-image-891\" src=\"https:\/\/www.fotografo-profesional.net\/diario\/wp-content\/uploads\/2019\/11\/Fot\u00f3grafo-profesional-en-Madrid-LMC-0045.jpg\" alt=\"Fotograf\u00eda de eventos empresariales\" width=\"600\" height=\"450\" srcset=\"https:\/\/www.fotografo-profesional.net\/diario\/wp-content\/uploads\/2019\/11\/Fot\u00f3grafo-profesional-en-Madrid-LMC-0045.jpg 600w, https:\/\/www.fotografo-profesional.net\/diario\/wp-content\/uploads\/2019\/11\/Fot\u00f3grafo-profesional-en-Madrid-LMC-0045-300x225.jpg 300w\" sizes=\"(max-width: 600px) 100vw, 600px\" \/><\/p>\n<p>La fotograf\u00eda de eventos empresariales es una disciplina que est\u00e1 muy relacionada con la fotograf\u00eda de cualquier otro evento pero tiene sus particularidades que un fot\u00f3grafo profesional que se haya dedicado a ella conoce y sabe resolver, ya que incluso hay notables diferencias dependiendo del tipo de evento empresarial del que se trate:<br \/>\n&#8211; <a href=\"https:\/\/www.fotografo-profesional.net\/diario\/2019\/05\/26\/reportaje-de-congreso-en-madrid\/\"><em><span style=\"color: #33cccc;\">congreso<\/span><\/em><\/a><br \/>\n&#8211; conferencia<br \/>\n&#8211; comida de empresa<br \/>\n&#8211; <a href=\"https:\/\/www.fotografo-profesional.net\/diario\/2019\/05\/30\/fotografias-de-imagen-corporativa\/\"><span style=\"color: #33cccc;\"><em>imagen corporativa<\/em><\/span><\/a><br \/>\n&#8211; presentaci\u00f3n de productos<br \/>\n&#8211; firma de fusi\u00f3n empresarial\u2026<\/p>\n<p>El denominador com\u00fan para llevar a cabo un reportaje de fotograf\u00eda de eventos empresariales, sea cual fuere el tipo de evento del que se trate (cualquiera de los anteriores o alg\u00fan otro) es <strong>la eficacia profesional<\/strong>. Es decir: rapidez, tanto a la hora de tomar las fotograf\u00edas como del plazo de entrega al cliente \u2013unida a calidad profesional-; discreci\u00f3n, educaci\u00f3n y respeto en la forma de comportarse durante el evento y con las personas que asisten a \u00e9l \u2013tanto con integrantes de la empresa que ha contratado a los fot\u00f3grafos profesionales como con cualquier participante en \u00e9l-; calidad del trabajo entregado, consistente no solo en buenas fotograf\u00edas sino que adem\u00e1s <strong>se ajusten a lo que el cliente demandaba y con criterio que refleje las virtudes del evento tanto por la luminosidad, colorido como por la sensaci\u00f3n que transmitan<\/strong>, ya que estas im\u00e1genes \u2013en la mayor\u00eda de los casos- se van a enviar a la prensa con el fin de conseguir la mayor repercusi\u00f3n posible del evento; y otro aspecto muy importante y que a menudo no se trata cuando se habla de fotograf\u00eda de eventos empresariales es <a href=\"https:\/\/www.fotografo-profesional.net\/diario\/2018\/09\/14\/lo-mas-importante-en-los-eventos\/\"><em><span style=\"color: #33cccc;\">lo que nunca debe hacer un fot\u00f3grafo<\/span><\/em><\/a>, aunque no se lo hayan dicho expresamente\u2026<br \/>\nLa fotograf\u00eda que encabeza el art\u00edculo corresponde al instante final de una firma de fusi\u00f3n de varias empresas c\u00e1rnicas. Este tipo de fotograf\u00eda de eventos empresariales requiere en grado sumo la paciencia del fot\u00f3grafo, algo que tambi\u00e9n se le exige en cualquier otro acontecimiento empresarial pero que aqu\u00ed tiene un valor primordial.<br \/>\nComo en cualquier otro caso el profesional ha de llegar con tiempo al lugar donde se va a llevar a efecto la firma y esperar. Sin prisa, pues la delegaci\u00f3n de directivos de las empresas firmantes sigue tratando los t\u00e9rminos de la fusi\u00f3n a la hora en que le han citado, y seguir\u00e1n haci\u00e9ndolo hasta que todo est\u00e9 claro y todos est\u00e9n conformes.<br \/>\nEn ese momento, y no antes, es cuando le van a dejar entrar a hacer las fotograf\u00edas. Eso s\u00ed, <strong>el fot\u00f3grafo ha de ser r\u00e1pido, imaginativo y efectivo a partir de ese momento<\/strong>.<br \/>\nEs la particularidad de este tipo de fotograf\u00eda de eventos empresariales, que se paga tanto el tiempo de trabajo (generalmente menor) como el que se espera.<\/p>\n","protected":false},"excerpt":{"rendered":"<p>La fotograf\u00eda de eventos empresariales es una disciplina que est\u00e1 muy relacionada con la fotograf\u00eda de cualquier otro evento pero tiene sus particularidades que un fot\u00f3grafo profesional que se haya dedicado a ella conoce y sabe resolver, ya que incluso hay notables diferencias dependiendo del tipo de evento empresarial del que se trate: &#8211; congreso [&hellip;]<\/p>\n","protected":false},"author":2,"featured_media":891,"comment_status":"closed","ping_status":"open","sticky":false,"template":"","format":"standard","meta":[],"categories":[115,328,31,319,45,189,172,207],"tags":[124,326,327,99,59,119,120,307],"yoast_head":"<!-- This site is optimized with the Yoast SEO plugin v20.8 - https:\/\/yoast.com\/wordpress\/plugins\/seo\/ -->\n<title>Fotograf\u00eda de eventos empresariales - Luis Miguel del Campo<\/title>\n<meta name=\"description\" content=\"La eficacia y la rapidez son las cualidades principales que necesita tener un fot\u00f3grafo que se dedique a la fotograf\u00eda de eventos empresariales.\" \/>\n<meta name=\"robots\" content=\"index, follow, max-snippet:-1, max-image-preview:large, max-video-preview:-1\" \/>\n<link rel=\"canonical\" href=\"https:\/\/www.fotografo-profesional.net\/diario\/2019\/11\/19\/fotografia-de-eventos-empresariales\/\" \/>\n<meta property=\"og:locale\" content=\"es_ES\" \/>\n<meta property=\"og:type\" content=\"article\" \/>\n<meta property=\"og:title\" content=\"Fotograf\u00eda de eventos empresariales - Luis Miguel del Campo\" \/>\n<meta property=\"og:description\" content=\"La eficacia y la rapidez son las cualidades principales que necesita tener un fot\u00f3grafo que se dedique a la fotograf\u00eda de eventos empresariales.\" \/>\n<meta property=\"og:url\" content=\"https:\/\/www.fotografo-profesional.net\/diario\/2019\/11\/19\/fotografia-de-eventos-empresariales\/\" \/>\n<meta property=\"og:site_name\" content=\"Luis Miguel del Campo\" \/>\n<meta property=\"article:published_time\" content=\"2019-11-19T17:10:14+00:00\" \/>\n<meta property=\"article:modified_time\" content=\"2019-11-19T17:10:16+00:00\" \/>\n<meta property=\"og:image\" content=\"https:\/\/www.fotografo-profesional.net\/diario\/wp-content\/uploads\/2019\/11\/Fot\u00f3grafo-profesional-en-Madrid-LMC-0045.jpg\" \/>\n\t<meta property=\"og:image:width\" content=\"600\" \/>\n\t<meta property=\"og:image:height\" content=\"450\" \/>\n\t<meta property=\"og:image:type\" content=\"image\/jpeg\" \/>\n<meta name=\"author\" content=\"Luis Miguel del Campo\" \/>\n<meta name=\"twitter:card\" content=\"summary_large_image\" \/>\n<meta name=\"twitter:label1\" content=\"Escrito por\" \/>\n\t<meta name=\"twitter:data1\" content=\"Luis Miguel del Campo\" \/>\n\t<meta name=\"twitter:label2\" content=\"Tiempo de lectura\" \/>\n\t<meta name=\"twitter:data2\" content=\"2 minutos\" \/>\n<script type=\"application\/ld+json\" class=\"yoast-schema-graph\">{\"@context\":\"https:\/\/schema.org\",\"@graph\":[{\"@type\":\"WebPage\",\"@id\":\"https:\/\/www.fotografo-profesional.net\/diario\/2019\/11\/19\/fotografia-de-eventos-empresariales\/\",\"url\":\"https:\/\/www.fotografo-profesional.net\/diario\/2019\/11\/19\/fotografia-de-eventos-empresariales\/\",\"name\":\"Fotograf\u00eda de eventos empresariales - Luis Miguel del Campo\",\"isPartOf\":{\"@id\":\"https:\/\/www.fotografo-profesional.net\/diario\/#website\"},\"datePublished\":\"2019-11-19T17:10:14+00:00\",\"dateModified\":\"2019-11-19T17:10:16+00:00\",\"author\":{\"@id\":\"https:\/\/www.fotografo-profesional.net\/diario\/#\/schema\/person\/220504871d765b4c30a0af1d2fe93533\"},\"description\":\"La eficacia y la rapidez son las cualidades principales que necesita tener un fot\u00f3grafo que se dedique a la fotograf\u00eda de eventos empresariales.\",\"breadcrumb\":{\"@id\":\"https:\/\/www.fotografo-profesional.net\/diario\/2019\/11\/19\/fotografia-de-eventos-empresariales\/#breadcrumb\"},\"inLanguage\":\"es\",\"potentialAction\":[{\"@type\":\"ReadAction\",\"target\":[\"https:\/\/www.fotografo-profesional.net\/diario\/2019\/11\/19\/fotografia-de-eventos-empresariales\/\"]}]},{\"@type\":\"BreadcrumbList\",\"@id\":\"https:\/\/www.fotografo-profesional.net\/diario\/2019\/11\/19\/fotografia-de-eventos-empresariales\/#breadcrumb\",\"itemListElement\":[{\"@type\":\"ListItem\",\"position\":1,\"name\":\"Inicio\",\"item\":\"https:\/\/www.fotografo-profesional.net\/diario\/\"},{\"@type\":\"ListItem\",\"position\":2,\"name\":\"Fotograf\u00eda de eventos empresariales\"}]},{\"@type\":\"WebSite\",\"@id\":\"https:\/\/www.fotografo-profesional.net\/diario\/#website\",\"url\":\"https:\/\/www.fotografo-profesional.net\/diario\/\",\"name\":\"Luis Miguel del Campo\",\"description\":\"Blog de un fot\u00f3grafo profesional\",\"potentialAction\":[{\"@type\":\"SearchAction\",\"target\":{\"@type\":\"EntryPoint\",\"urlTemplate\":\"https:\/\/www.fotografo-profesional.net\/diario\/?s={search_term_string}\"},\"query-input\":\"required name=search_term_string\"}],\"inLanguage\":\"es\"},{\"@type\":\"Person\",\"@id\":\"https:\/\/www.fotografo-profesional.net\/diario\/#\/schema\/person\/220504871d765b4c30a0af1d2fe93533\",\"name\":\"Luis Miguel del Campo\",\"image\":{\"@type\":\"ImageObject\",\"inLanguage\":\"es\",\"@id\":\"https:\/\/www.fotografo-profesional.net\/diario\/#\/schema\/person\/image\/\",\"url\":\"https:\/\/secure.gravatar.com\/avatar\/84bb1120095136de86f122a882a42d61?s=96&d=mm&r=g\",\"contentUrl\":\"https:\/\/secure.gravatar.com\/avatar\/84bb1120095136de86f122a882a42d61?s=96&d=mm&r=g\",\"caption\":\"Luis Miguel del Campo\"},\"url\":\"https:\/\/www.fotografo-profesional.net\/diario\/author\/admin_lmdc\/\"}]}<\/script>\n<!-- \/ Yoast SEO plugin. -->","yoast_head_json":{"title":"Fotograf\u00eda de eventos empresariales - Luis Miguel del Campo","description":"La eficacia y la rapidez son las cualidades principales que necesita tener un fot\u00f3grafo que se dedique a la fotograf\u00eda de eventos empresariales.","robots":{"index":"index","follow":"follow","max-snippet":"max-snippet:-1","max-image-preview":"max-image-preview:large","max-video-preview":"max-video-preview:-1"},"canonical":"https:\/\/www.fotografo-profesional.net\/diario\/2019\/11\/19\/fotografia-de-eventos-empresariales\/","og_locale":"es_ES","og_type":"article","og_title":"Fotograf\u00eda de eventos empresariales - Luis Miguel del Campo","og_description":"La eficacia y la rapidez son las cualidades principales que necesita tener un fot\u00f3grafo que se dedique a la fotograf\u00eda de eventos empresariales.","og_url":"https:\/\/www.fotografo-profesional.net\/diario\/2019\/11\/19\/fotografia-de-eventos-empresariales\/","og_site_name":"Luis Miguel del Campo","article_published_time":"2019-11-19T17:10:14+00:00","article_modified_time":"2019-11-19T17:10:16+00:00","og_image":[{"width":600,"height":450,"url":"https:\/\/www.fotografo-profesional.net\/diario\/wp-content\/uploads\/2019\/11\/Fot\u00f3grafo-profesional-en-Madrid-LMC-0045.jpg","type":"image\/jpeg"}],"author":"Luis Miguel del Campo","twitter_card":"summary_large_image","twitter_misc":{"Escrito por":"Luis Miguel del Campo","Tiempo de lectura":"2 minutos"},"schema":{"@context":"https:\/\/schema.org","@graph":[{"@type":"WebPage","@id":"https:\/\/www.fotografo-profesional.net\/diario\/2019\/11\/19\/fotografia-de-eventos-empresariales\/","url":"https:\/\/www.fotografo-profesional.net\/diario\/2019\/11\/19\/fotografia-de-eventos-empresariales\/","name":"Fotograf\u00eda de eventos empresariales - Luis Miguel del Campo","isPartOf":{"@id":"https:\/\/www.fotografo-profesional.net\/diario\/#website"},"datePublished":"2019-11-19T17:10:14+00:00","dateModified":"2019-11-19T17:10:16+00:00","author":{"@id":"https:\/\/www.fotografo-profesional.net\/diario\/#\/schema\/person\/220504871d765b4c30a0af1d2fe93533"},"description":"La eficacia y la rapidez son las cualidades principales que necesita tener un fot\u00f3grafo que se dedique a la fotograf\u00eda de eventos empresariales.","breadcrumb":{"@id":"https:\/\/www.fotografo-profesional.net\/diario\/2019\/11\/19\/fotografia-de-eventos-empresariales\/#breadcrumb"},"inLanguage":"es","potentialAction":[{"@type":"ReadAction","target":["https:\/\/www.fotografo-profesional.net\/diario\/2019\/11\/19\/fotografia-de-eventos-empresariales\/"]}]},{"@type":"BreadcrumbList","@id":"https:\/\/www.fotografo-profesional.net\/diario\/2019\/11\/19\/fotografia-de-eventos-empresariales\/#breadcrumb","itemListElement":[{"@type":"ListItem","position":1,"name":"Inicio","item":"https:\/\/www.fotografo-profesional.net\/diario\/"},{"@type":"ListItem","position":2,"name":"Fotograf\u00eda de eventos empresariales"}]},{"@type":"WebSite","@id":"https:\/\/www.fotografo-profesional.net\/diario\/#website","url":"https:\/\/www.fotografo-profesional.net\/diario\/","name":"Luis Miguel del Campo","description":"Blog de un fot\u00f3grafo profesional","potentialAction":[{"@type":"SearchAction","target":{"@type":"EntryPoint","urlTemplate":"https:\/\/www.fotografo-profesional.net\/diario\/?s={search_term_string}"},"query-input":"required name=search_term_string"}],"inLanguage":"es"},{"@type":"Person","@id":"https:\/\/www.fotografo-profesional.net\/diario\/#\/schema\/person\/220504871d765b4c30a0af1d2fe93533","name":"Luis Miguel del Campo","image":{"@type":"ImageObject","inLanguage":"es","@id":"https:\/\/www.fotografo-profesional.net\/diario\/#\/schema\/person\/image\/","url":"https:\/\/secure.gravatar.com\/avatar\/84bb1120095136de86f122a882a42d61?s=96&d=mm&r=g","contentUrl":"https:\/\/secure.gravatar.com\/avatar\/84bb1120095136de86f122a882a42d61?s=96&d=mm&r=g","caption":"Luis Miguel del Campo"},"url":"https:\/\/www.fotografo-profesional.net\/diario\/author\/admin_lmdc\/"}]}},"_links":{"self":[{"href":"https:\/\/www.fotografo-profesional.net\/diario\/wp-json\/wp\/v2\/posts\/886"}],"collection":[{"href":"https:\/\/www.fotografo-profesional.net\/diario\/wp-json\/wp\/v2\/posts"}],"about":[{"href":"https:\/\/www.fotografo-profesional.net\/diario\/wp-json\/wp\/v2\/types\/post"}],"author":[{"embeddable":true,"href":"https:\/\/www.fotografo-profesional.net\/diario\/wp-json\/wp\/v2\/users\/2"}],"replies":[{"embeddable":true,"href":"https:\/\/www.fotografo-profesional.net\/diario\/wp-json\/wp\/v2\/comments?post=886"}],"version-history":[{"count":2,"href":"https:\/\/www.fotografo-profesional.net\/diario\/wp-json\/wp\/v2\/posts\/886\/revisions"}],"predecessor-version":[{"id":892,"href":"https:\/\/www.fotografo-profesional.net\/diario\/wp-json\/wp\/v2\/posts\/886\/revisions\/892"}],"wp:featuredmedia":[{"embeddable":true,"href":"https:\/\/www.fotografo-profesional.net\/diario\/wp-json\/wp\/v2\/media\/891"}],"wp:attachment":[{"href":"https:\/\/www.fotografo-profesional.net\/diario\/wp-json\/wp\/v2\/media?parent=886"}],"wp:term":[{"taxonomy":"category","embeddable":true,"href":"https:\/\/www.fotografo-profesional.net\/diario\/wp-json\/wp\/v2\/categories?post=886"},{"taxonomy":"post_tag","embeddable":true,"href":"https:\/\/www.fotografo-profesional.net\/diario\/wp-json\/wp\/v2\/tags?post=886"}],"curies":[{"name":"wp","href":"https:\/\/api.w.org\/{rel}","templated":true}]}}