{"id":923,"date":"2019-12-13T13:26:12","date_gmt":"2019-12-13T12:26:12","guid":{"rendered":"https:\/\/www.fotografo-profesional.net\/diario\/?p=923"},"modified":"2021-05-15T16:51:06","modified_gmt":"2021-05-15T14:51:06","slug":"fotografo-de-bodas-a-buen-precio","status":"publish","type":"post","link":"https:\/\/www.fotografo-profesional.net\/diario\/2019\/12\/13\/fotografo-de-bodas-a-buen-precio\/","title":{"rendered":"Fot\u00f3grafo de bodas a buen precio"},"content":{"rendered":"<p><img decoding=\"async\" class=\"size-full wp-image-934 aligncenter\" src=\"https:\/\/www.fotografo-profesional.net\/diario\/wp-content\/uploads\/2019\/12\/Fot\u00f3grafo-profesional-en-Madrid-LMC-0051-1.jpg\" alt=\"Fot\u00f3grafo de bodas a buen precio\" width=\"600\" height=\"400\" srcset=\"https:\/\/www.fotografo-profesional.net\/diario\/wp-content\/uploads\/2019\/12\/Fot\u00f3grafo-profesional-en-Madrid-LMC-0051-1.jpg 600w, https:\/\/www.fotografo-profesional.net\/diario\/wp-content\/uploads\/2019\/12\/Fot\u00f3grafo-profesional-en-Madrid-LMC-0051-1-300x200.jpg 300w\" sizes=\"(max-width: 600px) 100vw, 600px\" \/><\/p>\r\n<p>Soy un fot\u00f3grafo profesional de bodas que trabaja a buen precio. \u00bfPor qu\u00e9? Porque me gusta mi trabajo y disfruto haciendo<a href=\"https:\/\/www.fotografo-profesional.net\/portfolio\/fotografia-de-bodas\/\"><span style=\"color: #33cccc;\"><em> reportajes <\/em><\/span><span style=\"color: #33cccc;\"><em>de <\/em><\/span><span style=\"color: #33cccc;\"><em>boda<\/em><\/span><\/a>.<\/p>\r\n<p>Tengo claro que no soy el mejor fot\u00f3grafo de bodas de Madrid, por lo que <a href=\"https:\/\/www.fotografo-profesional.net\/diario\/2018\/12\/06\/reportajes-de-boda-a-buen-precio\/\"><span style=\"color: #33cccc;\"><em>no puedo pedir tarifas disparatadas<\/em><\/span><\/a> por hacer reportajes de enlaces matrimoniales como hacen los grandes nombres de la fotograf\u00eda de boda; pero tambi\u00e9n s\u00e9 que podr\u00eda incrementar ligeramente mi tarifa y seguir\u00eda teniendo parejas que me contrataran. No lo hago, porque <strong>prefiero hacer muchos reportajes de boda a buen precio que pocos bien pagados.<\/strong><\/p>\r\n<p>Por mi forma de entender el reportaje de boda me puedo permitir ser un fot\u00f3grafo de bodas a buen precio, ya que suelo ser pr\u00e1ctico en la edici\u00f3n y no busco impactar a los novios con acabados \u201cpreciosistas\u201d. Mi estilo es realista. <strong>Se podr\u00eda decir que soy un fot\u00f3grafo documental de bodas<\/strong>.<\/p>\r\n<p>Me encuentro muy a gusto haciendo fotograf\u00edas en lugares modestos, sin alardes. Aquellos en los que se casa la mayor\u00eda de la gente. No aspiro a deslumbrar al espectador en cada fotograf\u00eda con recargadas l\u00e1mparas de cristal y salones de decoraciones barrocas. Si las hay, las reflejo en mis im\u00e1genes con la menor ostentaci\u00f3n posible.<\/p>\r\n<p>Tampoco pretendo epatar con inveros\u00edmiles contrapicados de la pareja o con poses nada naturales. <strong>Prefiero dedicarme a los <a href=\"https:\/\/www.fotografo-profesional.net\/diario\/2019\/02\/01\/momentos-inesperados-de-una-boda\/\"><span style=\"color: #0000ff;\">detalles humanos<\/span><\/a><\/strong>, tanto de la pareja como de los invitados, sin forzar el punto de vista. Como si no hubiera fot\u00f3grafo y la imagen hubiera sido hecha autom\u00e1ticamente por una c\u00e1mara que casualmente estaba all\u00ed. Por una c\u00e1mara de vigilancia. Lo que se denomina de \u201cfot\u00f3grafo ausente\u201d.<\/p>\r\n<p>Eso s\u00ed, si hay alg\u00fan rinc\u00f3n que merezca ser aprovechado como fondo por su belleza<br \/>o singularidad no dudo en aprovecharlo. Un fot\u00f3grafo de bodas a buen precio tambi\u00e9n se esmera en que cada fotograf\u00eda que toma sea lo m\u00e1s elaborada y atractiva posible. Pero de forma que se note lo menos posible la elaboraci\u00f3n y resulte natural.<br \/>Es el caso de la imagen que ilustra este art\u00edculo. Est\u00e1 pr\u00e1cticamente igual que el resultado de la toma. En la edici\u00f3n tan solo baj\u00e9 ligeramente el nivel de las luces. El color de las hojas de los \u00e1rboles es el que ten\u00edan.<\/p>\r\n<p>Mi trabajo consisti\u00f3 fundamentalmente en elegir el lugar adecuado, darle indicaciones a la pareja para que\u00a0 su postura resultase natural, componer el encuadre, ajustar la profundidad de campo y conseguir el equilibrio de masas. Ah, y en aguardar pacientemente hasta el instante en que no hubiera nadie junto a ellos \u2013algo complicado en el parque del Retiro de Madrid en una ma\u00f1ana soleada del mes de noviembre. La experiencia como <span style=\"color: #000000;\">fot\u00f3grafo profesional <\/span>siempre ayuda.<\/p>\r\n<p>El no tener que emplear demasiado tiempo en editar las fotograf\u00edas me permite ser un fot\u00f3grafo de bodas a buen precio.<\/p>\r\n\r\n<p>&nbsp;<\/p>\r\n","protected":false},"excerpt":{"rendered":"<p>Soy un fot\u00f3grafo profesional de bodas que trabaja a buen precio. \u00bfPor qu\u00e9? Porque me gusta mi trabajo y disfruto haciendo reportajes de boda. Tengo claro que no soy el mejor fot\u00f3grafo de bodas de Madrid, por lo que no puedo pedir tarifas disparatadas por hacer reportajes de enlaces matrimoniales como hacen los grandes nombres [&hellip;]<\/p>\n","protected":false},"author":2,"featured_media":930,"comment_status":"closed","ping_status":"open","sticky":false,"template":"","format":"standard","meta":[],"categories":[175,254,171,255,45,188,406,172,207],"tags":[450,505,290,313,291,339,134,99,348,284,338,340],"yoast_head":"<!-- This site is optimized with the Yoast SEO plugin v20.8 - https:\/\/yoast.com\/wordpress\/plugins\/seo\/ -->\n<title>Fot\u00f3grafo de bodas a buen precio - Luis Miguel del Campo<\/title>\n<meta name=\"description\" content=\"Se puede ser un fot\u00f3grafo de bodas a buen precio y entregar un trabajo de calidad sin morir en el intento. \u00bfC\u00f3mo? Orientando tu forma de trabajar.\" \/>\n<meta name=\"robots\" content=\"index, follow, max-snippet:-1, max-image-preview:large, max-video-preview:-1\" \/>\n<link rel=\"canonical\" href=\"https:\/\/www.fotografo-profesional.net\/diario\/2019\/12\/13\/fotografo-de-bodas-a-buen-precio\/\" \/>\n<meta property=\"og:locale\" content=\"es_ES\" \/>\n<meta property=\"og:type\" content=\"article\" \/>\n<meta property=\"og:title\" content=\"Fot\u00f3grafo de bodas a buen precio - Luis Miguel del Campo\" \/>\n<meta property=\"og:description\" content=\"Se puede ser un fot\u00f3grafo de bodas a buen precio y entregar un trabajo de calidad sin morir en el intento. \u00bfC\u00f3mo? Orientando tu forma de trabajar.\" \/>\n<meta property=\"og:url\" content=\"https:\/\/www.fotografo-profesional.net\/diario\/2019\/12\/13\/fotografo-de-bodas-a-buen-precio\/\" \/>\n<meta property=\"og:site_name\" content=\"Luis Miguel del Campo\" \/>\n<meta property=\"article:published_time\" content=\"2019-12-13T12:26:12+00:00\" \/>\n<meta property=\"article:modified_time\" content=\"2021-05-15T14:51:06+00:00\" \/>\n<meta property=\"og:image\" content=\"https:\/\/www.fotografo-profesional.net\/diario\/wp-content\/uploads\/2019\/12\/Fot\u00f3grafo-profesional-en-Madrid-LMC-0051.jpg\" \/>\n\t<meta property=\"og:image:width\" content=\"600\" \/>\n\t<meta property=\"og:image:height\" content=\"400\" \/>\n\t<meta property=\"og:image:type\" content=\"image\/jpeg\" \/>\n<meta name=\"author\" content=\"Luis Miguel del Campo\" \/>\n<meta name=\"twitter:card\" content=\"summary_large_image\" \/>\n<meta name=\"twitter:label1\" content=\"Escrito por\" \/>\n\t<meta name=\"twitter:data1\" content=\"Luis Miguel del Campo\" \/>\n\t<meta name=\"twitter:label2\" content=\"Tiempo de lectura\" \/>\n\t<meta name=\"twitter:data2\" content=\"3 minutos\" \/>\n<script type=\"application\/ld+json\" class=\"yoast-schema-graph\">{\"@context\":\"https:\/\/schema.org\",\"@graph\":[{\"@type\":\"WebPage\",\"@id\":\"https:\/\/www.fotografo-profesional.net\/diario\/2019\/12\/13\/fotografo-de-bodas-a-buen-precio\/\",\"url\":\"https:\/\/www.fotografo-profesional.net\/diario\/2019\/12\/13\/fotografo-de-bodas-a-buen-precio\/\",\"name\":\"Fot\u00f3grafo de bodas a buen precio - Luis Miguel del Campo\",\"isPartOf\":{\"@id\":\"https:\/\/www.fotografo-profesional.net\/diario\/#website\"},\"datePublished\":\"2019-12-13T12:26:12+00:00\",\"dateModified\":\"2021-05-15T14:51:06+00:00\",\"author\":{\"@id\":\"https:\/\/www.fotografo-profesional.net\/diario\/#\/schema\/person\/220504871d765b4c30a0af1d2fe93533\"},\"description\":\"Se puede ser un fot\u00f3grafo de bodas a buen precio y entregar un trabajo de calidad sin morir en el intento. \u00bfC\u00f3mo? Orientando tu forma de trabajar.\",\"breadcrumb\":{\"@id\":\"https:\/\/www.fotografo-profesional.net\/diario\/2019\/12\/13\/fotografo-de-bodas-a-buen-precio\/#breadcrumb\"},\"inLanguage\":\"es\",\"potentialAction\":[{\"@type\":\"ReadAction\",\"target\":[\"https:\/\/www.fotografo-profesional.net\/diario\/2019\/12\/13\/fotografo-de-bodas-a-buen-precio\/\"]}]},{\"@type\":\"BreadcrumbList\",\"@id\":\"https:\/\/www.fotografo-profesional.net\/diario\/2019\/12\/13\/fotografo-de-bodas-a-buen-precio\/#breadcrumb\",\"itemListElement\":[{\"@type\":\"ListItem\",\"position\":1,\"name\":\"Inicio\",\"item\":\"https:\/\/www.fotografo-profesional.net\/diario\/\"},{\"@type\":\"ListItem\",\"position\":2,\"name\":\"Fot\u00f3grafo de bodas a buen precio\"}]},{\"@type\":\"WebSite\",\"@id\":\"https:\/\/www.fotografo-profesional.net\/diario\/#website\",\"url\":\"https:\/\/www.fotografo-profesional.net\/diario\/\",\"name\":\"Luis Miguel del Campo\",\"description\":\"Blog de un fot\u00f3grafo profesional\",\"potentialAction\":[{\"@type\":\"SearchAction\",\"target\":{\"@type\":\"EntryPoint\",\"urlTemplate\":\"https:\/\/www.fotografo-profesional.net\/diario\/?s={search_term_string}\"},\"query-input\":\"required name=search_term_string\"}],\"inLanguage\":\"es\"},{\"@type\":\"Person\",\"@id\":\"https:\/\/www.fotografo-profesional.net\/diario\/#\/schema\/person\/220504871d765b4c30a0af1d2fe93533\",\"name\":\"Luis Miguel del Campo\",\"image\":{\"@type\":\"ImageObject\",\"inLanguage\":\"es\",\"@id\":\"https:\/\/www.fotografo-profesional.net\/diario\/#\/schema\/person\/image\/\",\"url\":\"https:\/\/secure.gravatar.com\/avatar\/84bb1120095136de86f122a882a42d61?s=96&d=mm&r=g\",\"contentUrl\":\"https:\/\/secure.gravatar.com\/avatar\/84bb1120095136de86f122a882a42d61?s=96&d=mm&r=g\",\"caption\":\"Luis Miguel del Campo\"},\"url\":\"https:\/\/www.fotografo-profesional.net\/diario\/author\/admin_lmdc\/\"}]}<\/script>\n<!-- \/ Yoast SEO plugin. -->","yoast_head_json":{"title":"Fot\u00f3grafo de bodas a buen precio - Luis Miguel del Campo","description":"Se puede ser un fot\u00f3grafo de bodas a buen precio y entregar un trabajo de calidad sin morir en el intento. \u00bfC\u00f3mo? Orientando tu forma de trabajar.","robots":{"index":"index","follow":"follow","max-snippet":"max-snippet:-1","max-image-preview":"max-image-preview:large","max-video-preview":"max-video-preview:-1"},"canonical":"https:\/\/www.fotografo-profesional.net\/diario\/2019\/12\/13\/fotografo-de-bodas-a-buen-precio\/","og_locale":"es_ES","og_type":"article","og_title":"Fot\u00f3grafo de bodas a buen precio - Luis Miguel del Campo","og_description":"Se puede ser un fot\u00f3grafo de bodas a buen precio y entregar un trabajo de calidad sin morir en el intento. \u00bfC\u00f3mo? Orientando tu forma de trabajar.","og_url":"https:\/\/www.fotografo-profesional.net\/diario\/2019\/12\/13\/fotografo-de-bodas-a-buen-precio\/","og_site_name":"Luis Miguel del Campo","article_published_time":"2019-12-13T12:26:12+00:00","article_modified_time":"2021-05-15T14:51:06+00:00","og_image":[{"width":600,"height":400,"url":"https:\/\/www.fotografo-profesional.net\/diario\/wp-content\/uploads\/2019\/12\/Fot\u00f3grafo-profesional-en-Madrid-LMC-0051.jpg","type":"image\/jpeg"}],"author":"Luis Miguel del Campo","twitter_card":"summary_large_image","twitter_misc":{"Escrito por":"Luis Miguel del Campo","Tiempo de lectura":"3 minutos"},"schema":{"@context":"https:\/\/schema.org","@graph":[{"@type":"WebPage","@id":"https:\/\/www.fotografo-profesional.net\/diario\/2019\/12\/13\/fotografo-de-bodas-a-buen-precio\/","url":"https:\/\/www.fotografo-profesional.net\/diario\/2019\/12\/13\/fotografo-de-bodas-a-buen-precio\/","name":"Fot\u00f3grafo de bodas a buen precio - Luis Miguel del Campo","isPartOf":{"@id":"https:\/\/www.fotografo-profesional.net\/diario\/#website"},"datePublished":"2019-12-13T12:26:12+00:00","dateModified":"2021-05-15T14:51:06+00:00","author":{"@id":"https:\/\/www.fotografo-profesional.net\/diario\/#\/schema\/person\/220504871d765b4c30a0af1d2fe93533"},"description":"Se puede ser un fot\u00f3grafo de bodas a buen precio y entregar un trabajo de calidad sin morir en el intento. \u00bfC\u00f3mo? Orientando tu forma de trabajar.","breadcrumb":{"@id":"https:\/\/www.fotografo-profesional.net\/diario\/2019\/12\/13\/fotografo-de-bodas-a-buen-precio\/#breadcrumb"},"inLanguage":"es","potentialAction":[{"@type":"ReadAction","target":["https:\/\/www.fotografo-profesional.net\/diario\/2019\/12\/13\/fotografo-de-bodas-a-buen-precio\/"]}]},{"@type":"BreadcrumbList","@id":"https:\/\/www.fotografo-profesional.net\/diario\/2019\/12\/13\/fotografo-de-bodas-a-buen-precio\/#breadcrumb","itemListElement":[{"@type":"ListItem","position":1,"name":"Inicio","item":"https:\/\/www.fotografo-profesional.net\/diario\/"},{"@type":"ListItem","position":2,"name":"Fot\u00f3grafo de bodas a buen precio"}]},{"@type":"WebSite","@id":"https:\/\/www.fotografo-profesional.net\/diario\/#website","url":"https:\/\/www.fotografo-profesional.net\/diario\/","name":"Luis Miguel del Campo","description":"Blog de un fot\u00f3grafo profesional","potentialAction":[{"@type":"SearchAction","target":{"@type":"EntryPoint","urlTemplate":"https:\/\/www.fotografo-profesional.net\/diario\/?s={search_term_string}"},"query-input":"required name=search_term_string"}],"inLanguage":"es"},{"@type":"Person","@id":"https:\/\/www.fotografo-profesional.net\/diario\/#\/schema\/person\/220504871d765b4c30a0af1d2fe93533","name":"Luis Miguel del Campo","image":{"@type":"ImageObject","inLanguage":"es","@id":"https:\/\/www.fotografo-profesional.net\/diario\/#\/schema\/person\/image\/","url":"https:\/\/secure.gravatar.com\/avatar\/84bb1120095136de86f122a882a42d61?s=96&d=mm&r=g","contentUrl":"https:\/\/secure.gravatar.com\/avatar\/84bb1120095136de86f122a882a42d61?s=96&d=mm&r=g","caption":"Luis Miguel del Campo"},"url":"https:\/\/www.fotografo-profesional.net\/diario\/author\/admin_lmdc\/"}]}},"_links":{"self":[{"href":"https:\/\/www.fotografo-profesional.net\/diario\/wp-json\/wp\/v2\/posts\/923"}],"collection":[{"href":"https:\/\/www.fotografo-profesional.net\/diario\/wp-json\/wp\/v2\/posts"}],"about":[{"href":"https:\/\/www.fotografo-profesional.net\/diario\/wp-json\/wp\/v2\/types\/post"}],"author":[{"embeddable":true,"href":"https:\/\/www.fotografo-profesional.net\/diario\/wp-json\/wp\/v2\/users\/2"}],"replies":[{"embeddable":true,"href":"https:\/\/www.fotografo-profesional.net\/diario\/wp-json\/wp\/v2\/comments?post=923"}],"version-history":[{"count":11,"href":"https:\/\/www.fotografo-profesional.net\/diario\/wp-json\/wp\/v2\/posts\/923\/revisions"}],"predecessor-version":[{"id":2748,"href":"https:\/\/www.fotografo-profesional.net\/diario\/wp-json\/wp\/v2\/posts\/923\/revisions\/2748"}],"wp:featuredmedia":[{"embeddable":true,"href":"https:\/\/www.fotografo-profesional.net\/diario\/wp-json\/wp\/v2\/media\/930"}],"wp:attachment":[{"href":"https:\/\/www.fotografo-profesional.net\/diario\/wp-json\/wp\/v2\/media?parent=923"}],"wp:term":[{"taxonomy":"category","embeddable":true,"href":"https:\/\/www.fotografo-profesional.net\/diario\/wp-json\/wp\/v2\/categories?post=923"},{"taxonomy":"post_tag","embeddable":true,"href":"https:\/\/www.fotografo-profesional.net\/diario\/wp-json\/wp\/v2\/tags?post=923"}],"curies":[{"name":"wp","href":"https:\/\/api.w.org\/{rel}","templated":true}]}}